{"id":300135,"date":"2023-12-04T15:51:40","date_gmt":"2023-12-04T14:51:40","guid":{"rendered":"https:\/\/www.carmelitaniscalzi.com\/?p=300135"},"modified":"2023-12-12T15:52:09","modified_gmt":"2023-12-12T14:52:09","slug":"philippinen-feier-zum-100-jaehrigen-bestehen-des-karmel","status":"publish","type":"post","link":"https:\/\/www.carmelitaniscalzi.com\/de\/2023\/12\/04\/philippinen-feier-zum-100-jaehrigen-bestehen-des-karmel\/","title":{"rendered":"Philippinen: Feier zum 100-j\u00e4hrigen Bestehen des Karmel"},"content":{"rendered":"<p>Die Gemeinschaften unseres Ordens auf den Philippinen danken dem Herrn f\u00fcr 100 Jahre Treue und Liebe. Alles begann in Jaro im November 1923, als Bischof James Paul McCloskey die Karmelitinnen von Vietnam bat, in der Di\u00f6zese Jaro einen Karmel zu gr\u00fcnden, um f\u00fcr den Klerus und die Gl\u00e4ubigen zu beten.<\/p>\n<p>Um die Gnaden dieser Hundertjahrfeier zu teilen, organisierten die Priester und Seminaristen der Erzdi\u00f6zese zusammen mit unseren Schwestern und dem OCDS den <em>Carmel@: Carmel Cares<\/em>, ein Gesundheitssolidarit\u00e4tsprogramm in zwei benachbarten D\u00f6rfern. Am 7. November haben Priester, Ordensleute, Seminaristen und verschiedene Chorgruppen der Erzdi\u00f6zese <em>Carmel@100<\/em> mit Konzert und Gebet vorgestellt in Anwesenheit unseres Ordensgenerals, P. Miguel Marquez Calle OCD, des Generaldefinitors f\u00fcr Ostasien-Ozeanien, P. Christianus Surinono OCD und Mitgliedern der Versammlung zur Feier des 100j\u00e4hrigen Jubil\u00e4ums unserer F\u00f6deration, sowie von Freunden und Wohlt\u00e4tern des Karmel.<\/p>\n<p>Am 9. November 2023 begann die Feier mit dem Gottesdienst unter dem Vorsitz des Apostolischen Nuntius, Erzbischof Charles John Brown, D.D. Unter den Konzelebranten waren der Erzbischof Jose Romeo Lazo, D.D. von Jaro, unser Ordensgeneral, sowie Pater Chris und mehrere Pr\u00e4laten, darunter unser Erzbischof Rolando Tria-Tirona OCD, Pater Provinzial Rey Sotelo und alle Br\u00fcder der Provinz, der Klerus der Erzdi\u00f6zese und mehrere Priester, die zu Besuch gekommen waren.<\/p>\n<p>Unz\u00e4hlige Freunde des Karmel, fromme Gottesdienstbesucher und Pilger haben die Kathedrale bis auf den letzten Platz gef\u00fcllt.<\/p>\n<p>&nbsp;<\/p>\n<div class=\"wpmf-gallerys wpmf-gallerys-life \" ><div id=\"gallery-1\"\n data-gutter-width=\"5\"\n  data-wpmfcolumns=\"5\" class=\"wpmf-gallery gallery-link-file gallery_life gallery-masonry gallery-columns-5 gallery-size-thumbnail wpmf-gallery-bottomspace-default wpmf-gallery-clear wpmf-has-border-radius-0 wpmf-gutterwidth-5\"><div class=\"wpmf-gallery-item\n     wpmf-gallery-item-position-0 wpmf-gallery-item-attachment-299864\" data-index=\"0\"><div class=\"wpmf-gallery-icon\"><a class=\" not_video noLightbox\" data-lightbox=\"1\" data-href=\"https:\/\/www.carmelitaniscalzi.com\/wp-content\/uploads\/2023\/12\/Filipine-2-717x1024.jpg\" title=\"Filipine 2\" target=\"_self\" data-index=\"0\"><img decoding=\"async\" class=\"wpmf_img\" alt=\"Filipine 2\" src=\"https:\/\/www.carmelitaniscalzi.com\/wp-content\/uploads\/2023\/12\/Filipine-2-150x150.jpg\" data-type=\"wpmfgalleryimg\" data-lazy-src=\"https:\/\/www.carmelitaniscalzi.com\/wp-content\/uploads\/2023\/12\/Filipine-2-150x150.jpg\"><\/a><\/div><\/div><div class=\"wpmf-gallery-item\n     wpmf-gallery-item-position-1 wpmf-gallery-item-attachment-299870\" data-index=\"1\"><div class=\"wpmf-gallery-icon\"><a class=\" not_video noLightbox\" data-lightbox=\"1\" data-href=\"https:\/\/www.carmelitaniscalzi.com\/wp-content\/uploads\/2023\/12\/Filipine-3-1024x795.jpg\" title=\"Filipine 3\" target=\"_self\" data-index=\"1\"><img decoding=\"async\" class=\"wpmf_img\" alt=\"Filipine 3\" src=\"https:\/\/www.carmelitaniscalzi.com\/wp-content\/uploads\/2023\/12\/Filipine-3-150x150.jpg\" data-type=\"wpmfgalleryimg\" data-lazy-src=\"https:\/\/www.carmelitaniscalzi.com\/wp-content\/uploads\/2023\/12\/Filipine-3-150x150.jpg\"><\/a><\/div><\/div><div class=\"wpmf-gallery-item\n     wpmf-gallery-item-position-2 wpmf-gallery-item-attachment-299876\" data-index=\"2\"><div class=\"wpmf-gallery-icon\"><a class=\" not_video noLightbox\" data-lightbox=\"1\" data-href=\"https:\/\/www.carmelitaniscalzi.com\/wp-content\/uploads\/2023\/12\/Filipine-4.jpg\" title=\"Filipine 4\" target=\"_self\" data-index=\"2\"><img decoding=\"async\" class=\"wpmf_img\" alt=\"Filipine 4\" src=\"https:\/\/www.carmelitaniscalzi.com\/wp-content\/uploads\/2023\/12\/Filipine-4-150x150.jpg\" data-type=\"wpmfgalleryimg\" data-lazy-src=\"https:\/\/www.carmelitaniscalzi.com\/wp-content\/uploads\/2023\/12\/Filipine-4-150x150.jpg\"><\/a><\/div><\/div><div class=\"wpmf-gallery-item\n     wpmf-gallery-item-position-3 wpmf-gallery-item-attachment-299882\" data-index=\"3\"><div class=\"wpmf-gallery-icon\"><a class=\" not_video noLightbox\" data-lightbox=\"1\" data-href=\"https:\/\/www.carmelitaniscalzi.com\/wp-content\/uploads\/2023\/12\/Filipine-5-1024x768.jpg\" title=\"Filipine 5\" target=\"_self\" data-index=\"3\"><img decoding=\"async\" class=\"wpmf_img\" alt=\"Filipine 5\" src=\"https:\/\/www.carmelitaniscalzi.com\/wp-content\/uploads\/2023\/12\/Filipine-5-150x150.jpg\" data-type=\"wpmfgalleryimg\" data-lazy-src=\"https:\/\/www.carmelitaniscalzi.com\/wp-content\/uploads\/2023\/12\/Filipine-5-150x150.jpg\"><\/a><\/div><\/div><div class=\"wpmf-gallery-item\n     wpmf-gallery-item-position-4 wpmf-gallery-item-attachment-299888\" data-index=\"4\"><div class=\"wpmf-gallery-icon\"><a class=\" not_video noLightbox\" data-lightbox=\"1\" data-href=\"https:\/\/www.carmelitaniscalzi.com\/wp-content\/uploads\/2023\/12\/Filipine-6-1024x768.jpg\" title=\"Filipine 6\" target=\"_self\" data-index=\"4\"><img decoding=\"async\" class=\"wpmf_img\" alt=\"Filipine 6\" src=\"https:\/\/www.carmelitaniscalzi.com\/wp-content\/uploads\/2023\/12\/Filipine-6-150x150.jpg\" data-type=\"wpmfgalleryimg\" data-lazy-src=\"https:\/\/www.carmelitaniscalzi.com\/wp-content\/uploads\/2023\/12\/Filipine-6-150x150.jpg\"><\/a><\/div><\/div><\/div><\/div>\n\n","protected":false},"excerpt":{"rendered":"<p>Die Gemeinschaften unseres Ordens auf den Philippinen danken dem Herrn f\u00fcr 100 Jahre Treue und Liebe. Alles begann in Jaro im November 1923, als Bischof James Paul McCloskey die Karmelitinnen von Vietnam bat, in der Di\u00f6zese Jaro einen Karmel zu gr\u00fcnden, um f\u00fcr den Klerus und die Gl\u00e4ubigen zu beten. Um die Gnaden dieser Hundertjahrfeier [&hellip;]<\/p>\n","protected":false},"author":7,"featured_media":299852,"comment_status":"closed","ping_status":"open","sticky":false,"template":"","format":"standard","meta":{"_acf_changed":false,"footnotes":""},"categories":[213,214,218,371],"tags":[],"class_list":["post-300135","post","type-post","status-publish","format-standard","has-post-thumbnail","hentry","category-nachrichten-von-p-general","category-nachrichten-ueber-schwestern","category-nachrichten-ueber-brueder","category-nachrichten"],"acf":[],"yoast_head":"<!-- This site is optimized with the Yoast SEO plugin v26.3 - https:\/\/yoast.com\/wordpress\/plugins\/seo\/ -->\n<title>Philippinen: Feier zum 100-j\u00e4hrigen Bestehen des Karmel - UNBESCHUHTE KARMELITEN<\/title>\n<meta name=\"robots\" content=\"index, follow, max-snippet:-1, max-image-preview:large, max-video-preview:-1\" \/>\n<link rel=\"canonical\" href=\"https:\/\/www.carmelitaniscalzi.com\/de\/2023\/12\/04\/philippinen-feier-zum-100-jaehrigen-bestehen-des-karmel\/\" \/>\n<meta property=\"og:locale\" content=\"de_DE\" \/>\n<meta property=\"og:type\" content=\"article\" \/>\n<meta property=\"og:title\" content=\"Philippinen: Feier zum 100-j\u00e4hrigen Bestehen des Karmel - UNBESCHUHTE KARMELITEN\" \/>\n<meta property=\"og:description\" content=\"Die Gemeinschaften unseres Ordens auf den Philippinen danken dem Herrn f\u00fcr 100 Jahre Treue und Liebe. Alles begann in Jaro im November 1923, als Bischof James Paul McCloskey die Karmelitinnen von Vietnam bat, in der Di\u00f6zese Jaro einen Karmel zu gr\u00fcnden, um f\u00fcr den Klerus und die Gl\u00e4ubigen zu beten. Um die Gnaden dieser Hundertjahrfeier [&hellip;]\" \/>\n<meta property=\"og:url\" content=\"https:\/\/www.carmelitaniscalzi.com\/de\/2023\/12\/04\/philippinen-feier-zum-100-jaehrigen-bestehen-des-karmel\/\" \/>\n<meta property=\"og:site_name\" content=\"UNBESCHUHTE KARMELITEN\" \/>\n<meta property=\"article:publisher\" content=\"https:\/\/www.facebook.com\/Curia-Generalizia-Carmelitani-Scalzi-658766940887784\/\" \/>\n<meta property=\"article:published_time\" content=\"2023-12-04T14:51:40+00:00\" \/>\n<meta property=\"article:modified_time\" content=\"2023-12-12T14:52:09+00:00\" \/>\n<meta property=\"og:image\" content=\"https:\/\/www.carmelitaniscalzi.com\/wp-content\/uploads\/2023\/12\/cover_filippine_12.2023.jpg\" \/>\n\t<meta property=\"og:image:width\" content=\"1200\" \/>\n\t<meta property=\"og:image:height\" content=\"800\" \/>\n\t<meta property=\"og:image:type\" content=\"image\/jpeg\" \/>\n<meta name=\"author\" content=\"ocd web master\" \/>\n<meta name=\"twitter:card\" content=\"summary_large_image\" \/>\n<meta name=\"twitter:creator\" content=\"@ocdcuria\" \/>\n<meta name=\"twitter:site\" content=\"@ocdcuria\" \/>\n<meta name=\"twitter:label1\" content=\"Verfasst von\" \/>\n\t<meta name=\"twitter:data1\" content=\"ocd web master\" \/>\n\t<meta name=\"twitter:label2\" content=\"Gesch\u00e4tzte Lesezeit\" \/>\n\t<meta name=\"twitter:data2\" content=\"1\u00a0Minute\" \/>\n<script type=\"application\/ld+json\" class=\"yoast-schema-graph\">{\"@context\":\"https:\/\/schema.org\",\"@graph\":[{\"@type\":\"Article\",\"@id\":\"https:\/\/www.carmelitaniscalzi.com\/de\/2023\/12\/04\/philippinen-feier-zum-100-jaehrigen-bestehen-des-karmel\/#article\",\"isPartOf\":{\"@id\":\"https:\/\/www.carmelitaniscalzi.com\/de\/2023\/12\/04\/philippinen-feier-zum-100-jaehrigen-bestehen-des-karmel\/\"},\"author\":{\"name\":\"ocd web master\",\"@id\":\"https:\/\/www.carmelitaniscalzi.com\/#\/schema\/person\/6d1c0d9bea7b6625c437246a5d6da409\"},\"headline\":\"Philippinen: Feier zum 100-j\u00e4hrigen Bestehen des Karmel\",\"datePublished\":\"2023-12-04T14:51:40+00:00\",\"dateModified\":\"2023-12-12T14:52:09+00:00\",\"mainEntityOfPage\":{\"@id\":\"https:\/\/www.carmelitaniscalzi.com\/de\/2023\/12\/04\/philippinen-feier-zum-100-jaehrigen-bestehen-des-karmel\/\"},\"wordCount\":254,\"publisher\":{\"@id\":\"https:\/\/www.carmelitaniscalzi.com\/#organization\"},\"image\":{\"@id\":\"https:\/\/www.carmelitaniscalzi.com\/de\/2023\/12\/04\/philippinen-feier-zum-100-jaehrigen-bestehen-des-karmel\/#primaryimage\"},\"thumbnailUrl\":\"https:\/\/www.carmelitaniscalzi.com\/wp-content\/uploads\/2023\/12\/cover_filippine_12.2023.jpg\",\"articleSection\":[\"Nachrichten von P. General\",\"Nachrichten \u00fcber Schwestern\",\"Nachrichten \u00fcber Br\u00fcder\",\"Nachrichten\"],\"inLanguage\":\"de\"},{\"@type\":\"WebPage\",\"@id\":\"https:\/\/www.carmelitaniscalzi.com\/de\/2023\/12\/04\/philippinen-feier-zum-100-jaehrigen-bestehen-des-karmel\/\",\"url\":\"https:\/\/www.carmelitaniscalzi.com\/de\/2023\/12\/04\/philippinen-feier-zum-100-jaehrigen-bestehen-des-karmel\/\",\"name\":\"Philippinen: Feier zum 100-j\u00e4hrigen Bestehen des Karmel - UNBESCHUHTE KARMELITEN\",\"isPartOf\":{\"@id\":\"https:\/\/www.carmelitaniscalzi.com\/#website\"},\"primaryImageOfPage\":{\"@id\":\"https:\/\/www.carmelitaniscalzi.com\/de\/2023\/12\/04\/philippinen-feier-zum-100-jaehrigen-bestehen-des-karmel\/#primaryimage\"},\"image\":{\"@id\":\"https:\/\/www.carmelitaniscalzi.com\/de\/2023\/12\/04\/philippinen-feier-zum-100-jaehrigen-bestehen-des-karmel\/#primaryimage\"},\"thumbnailUrl\":\"https:\/\/www.carmelitaniscalzi.com\/wp-content\/uploads\/2023\/12\/cover_filippine_12.2023.jpg\",\"datePublished\":\"2023-12-04T14:51:40+00:00\",\"dateModified\":\"2023-12-12T14:52:09+00:00\",\"breadcrumb\":{\"@id\":\"https:\/\/www.carmelitaniscalzi.com\/de\/2023\/12\/04\/philippinen-feier-zum-100-jaehrigen-bestehen-des-karmel\/#breadcrumb\"},\"inLanguage\":\"de\",\"potentialAction\":[{\"@type\":\"ReadAction\",\"target\":[\"https:\/\/www.carmelitaniscalzi.com\/de\/2023\/12\/04\/philippinen-feier-zum-100-jaehrigen-bestehen-des-karmel\/\"]}]},{\"@type\":\"ImageObject\",\"inLanguage\":\"de\",\"@id\":\"https:\/\/www.carmelitaniscalzi.com\/de\/2023\/12\/04\/philippinen-feier-zum-100-jaehrigen-bestehen-des-karmel\/#primaryimage\",\"url\":\"https:\/\/www.carmelitaniscalzi.com\/wp-content\/uploads\/2023\/12\/cover_filippine_12.2023.jpg\",\"contentUrl\":\"https:\/\/www.carmelitaniscalzi.com\/wp-content\/uploads\/2023\/12\/cover_filippine_12.2023.jpg\",\"width\":1200,\"height\":800},{\"@type\":\"BreadcrumbList\",\"@id\":\"https:\/\/www.carmelitaniscalzi.com\/de\/2023\/12\/04\/philippinen-feier-zum-100-jaehrigen-bestehen-des-karmel\/#breadcrumb\",\"itemListElement\":[{\"@type\":\"ListItem\",\"position\":1,\"name\":\"Home\",\"item\":\"https:\/\/www.carmelitaniscalzi.com\/de\/\"},{\"@type\":\"ListItem\",\"position\":2,\"name\":\"Philippinen: Feier zum 100-j\u00e4hrigen Bestehen des Karmel\"}]},{\"@type\":\"WebSite\",\"@id\":\"https:\/\/www.carmelitaniscalzi.com\/#website\",\"url\":\"https:\/\/www.carmelitaniscalzi.com\/\",\"name\":\"CARMELITANI SCALZI - Curia Generale del Carmelo Teresiano\",\"description\":\"Generalkurie des Teresianischen Karmel\",\"publisher\":{\"@id\":\"https:\/\/www.carmelitaniscalzi.com\/#organization\"},\"alternateName\":\"CARMELITANI SCALZI\",\"potentialAction\":[{\"@type\":\"SearchAction\",\"target\":{\"@type\":\"EntryPoint\",\"urlTemplate\":\"https:\/\/www.carmelitaniscalzi.com\/?s={search_term_string}\"},\"query-input\":{\"@type\":\"PropertyValueSpecification\",\"valueRequired\":true,\"valueName\":\"search_term_string\"}}],\"inLanguage\":\"de\"},{\"@type\":\"Organization\",\"@id\":\"https:\/\/www.carmelitaniscalzi.com\/#organization\",\"name\":\"CARMELITANI SCALZI - Curia Generale del Carmelo Teresiano\",\"url\":\"https:\/\/www.carmelitaniscalzi.com\/\",\"logo\":{\"@type\":\"ImageObject\",\"inLanguage\":\"de\",\"@id\":\"https:\/\/www.carmelitaniscalzi.com\/#\/schema\/logo\/image\/\",\"url\":\"https:\/\/www.carmelitaniscalzi.com\/wp-content\/uploads\/2025\/11\/login-logo.png\",\"contentUrl\":\"https:\/\/www.carmelitaniscalzi.com\/wp-content\/uploads\/2025\/11\/login-logo.png\",\"width\":256,\"height\":256,\"caption\":\"CARMELITANI SCALZI - Curia Generale del Carmelo Teresiano\"},\"image\":{\"@id\":\"https:\/\/www.carmelitaniscalzi.com\/#\/schema\/logo\/image\/\"},\"sameAs\":[\"https:\/\/www.facebook.com\/Curia-Generalizia-Carmelitani-Scalzi-658766940887784\/\",\"https:\/\/x.com\/ocdcuria\",\"https:\/\/www.youtube.com\/channel\/UC2J5ZL0ycOY0qBSTCLX_NGQ\/videos\",\"https:\/\/www.instagram.com\/ocdinform\/\"]},{\"@type\":\"Person\",\"@id\":\"https:\/\/www.carmelitaniscalzi.com\/#\/schema\/person\/6d1c0d9bea7b6625c437246a5d6da409\",\"name\":\"ocd web master\",\"image\":{\"@type\":\"ImageObject\",\"inLanguage\":\"de\",\"@id\":\"https:\/\/www.carmelitaniscalzi.com\/#\/schema\/person\/image\/\",\"url\":\"https:\/\/secure.gravatar.com\/avatar\/41fbc5f82bad909fbaf2984c43fa50d8519ac5853e25b454d022b6868f80d0e7?s=96&d=mm&r=g\",\"contentUrl\":\"https:\/\/secure.gravatar.com\/avatar\/41fbc5f82bad909fbaf2984c43fa50d8519ac5853e25b454d022b6868f80d0e7?s=96&d=mm&r=g\",\"caption\":\"ocd web master\"},\"url\":\"https:\/\/www.carmelitaniscalzi.com\/de\/author\/ocdwebmaster\/\"}]}<\/script>\n<!-- \/ Yoast SEO plugin. -->","yoast_head_json":{"title":"Philippinen: Feier zum 100-j\u00e4hrigen Bestehen des Karmel - UNBESCHUHTE KARMELITEN","robots":{"index":"index","follow":"follow","max-snippet":"max-snippet:-1","max-image-preview":"max-image-preview:large","max-video-preview":"max-video-preview:-1"},"canonical":"https:\/\/www.carmelitaniscalzi.com\/de\/2023\/12\/04\/philippinen-feier-zum-100-jaehrigen-bestehen-des-karmel\/","og_locale":"de_DE","og_type":"article","og_title":"Philippinen: Feier zum 100-j\u00e4hrigen Bestehen des Karmel - UNBESCHUHTE KARMELITEN","og_description":"Die Gemeinschaften unseres Ordens auf den Philippinen danken dem Herrn f\u00fcr 100 Jahre Treue und Liebe. Alles begann in Jaro im November 1923, als Bischof James Paul McCloskey die Karmelitinnen von Vietnam bat, in der Di\u00f6zese Jaro einen Karmel zu gr\u00fcnden, um f\u00fcr den Klerus und die Gl\u00e4ubigen zu beten. Um die Gnaden dieser Hundertjahrfeier [&hellip;]","og_url":"https:\/\/www.carmelitaniscalzi.com\/de\/2023\/12\/04\/philippinen-feier-zum-100-jaehrigen-bestehen-des-karmel\/","og_site_name":"UNBESCHUHTE KARMELITEN","article_publisher":"https:\/\/www.facebook.com\/Curia-Generalizia-Carmelitani-Scalzi-658766940887784\/","article_published_time":"2023-12-04T14:51:40+00:00","article_modified_time":"2023-12-12T14:52:09+00:00","og_image":[{"width":1200,"height":800,"url":"https:\/\/www.carmelitaniscalzi.com\/wp-content\/uploads\/2023\/12\/cover_filippine_12.2023.jpg","type":"image\/jpeg"}],"author":"ocd web master","twitter_card":"summary_large_image","twitter_creator":"@ocdcuria","twitter_site":"@ocdcuria","twitter_misc":{"Verfasst von":"ocd web master","Gesch\u00e4tzte Lesezeit":"1\u00a0Minute"},"schema":{"@context":"https:\/\/schema.org","@graph":[{"@type":"Article","@id":"https:\/\/www.carmelitaniscalzi.com\/de\/2023\/12\/04\/philippinen-feier-zum-100-jaehrigen-bestehen-des-karmel\/#article","isPartOf":{"@id":"https:\/\/www.carmelitaniscalzi.com\/de\/2023\/12\/04\/philippinen-feier-zum-100-jaehrigen-bestehen-des-karmel\/"},"author":{"name":"ocd web master","@id":"https:\/\/www.carmelitaniscalzi.com\/#\/schema\/person\/6d1c0d9bea7b6625c437246a5d6da409"},"headline":"Philippinen: Feier zum 100-j\u00e4hrigen Bestehen des Karmel","datePublished":"2023-12-04T14:51:40+00:00","dateModified":"2023-12-12T14:52:09+00:00","mainEntityOfPage":{"@id":"https:\/\/www.carmelitaniscalzi.com\/de\/2023\/12\/04\/philippinen-feier-zum-100-jaehrigen-bestehen-des-karmel\/"},"wordCount":254,"publisher":{"@id":"https:\/\/www.carmelitaniscalzi.com\/#organization"},"image":{"@id":"https:\/\/www.carmelitaniscalzi.com\/de\/2023\/12\/04\/philippinen-feier-zum-100-jaehrigen-bestehen-des-karmel\/#primaryimage"},"thumbnailUrl":"https:\/\/www.carmelitaniscalzi.com\/wp-content\/uploads\/2023\/12\/cover_filippine_12.2023.jpg","articleSection":["Nachrichten von P. General","Nachrichten \u00fcber Schwestern","Nachrichten \u00fcber Br\u00fcder","Nachrichten"],"inLanguage":"de"},{"@type":"WebPage","@id":"https:\/\/www.carmelitaniscalzi.com\/de\/2023\/12\/04\/philippinen-feier-zum-100-jaehrigen-bestehen-des-karmel\/","url":"https:\/\/www.carmelitaniscalzi.com\/de\/2023\/12\/04\/philippinen-feier-zum-100-jaehrigen-bestehen-des-karmel\/","name":"Philippinen: Feier zum 100-j\u00e4hrigen Bestehen des Karmel - UNBESCHUHTE KARMELITEN","isPartOf":{"@id":"https:\/\/www.carmelitaniscalzi.com\/#website"},"primaryImageOfPage":{"@id":"https:\/\/www.carmelitaniscalzi.com\/de\/2023\/12\/04\/philippinen-feier-zum-100-jaehrigen-bestehen-des-karmel\/#primaryimage"},"image":{"@id":"https:\/\/www.carmelitaniscalzi.com\/de\/2023\/12\/04\/philippinen-feier-zum-100-jaehrigen-bestehen-des-karmel\/#primaryimage"},"thumbnailUrl":"https:\/\/www.carmelitaniscalzi.com\/wp-content\/uploads\/2023\/12\/cover_filippine_12.2023.jpg","datePublished":"2023-12-04T14:51:40+00:00","dateModified":"2023-12-12T14:52:09+00:00","breadcrumb":{"@id":"https:\/\/www.carmelitaniscalzi.com\/de\/2023\/12\/04\/philippinen-feier-zum-100-jaehrigen-bestehen-des-karmel\/#breadcrumb"},"inLanguage":"de","potentialAction":[{"@type":"ReadAction","target":["https:\/\/www.carmelitaniscalzi.com\/de\/2023\/12\/04\/philippinen-feier-zum-100-jaehrigen-bestehen-des-karmel\/"]}]},{"@type":"ImageObject","inLanguage":"de","@id":"https:\/\/www.carmelitaniscalzi.com\/de\/2023\/12\/04\/philippinen-feier-zum-100-jaehrigen-bestehen-des-karmel\/#primaryimage","url":"https:\/\/www.carmelitaniscalzi.com\/wp-content\/uploads\/2023\/12\/cover_filippine_12.2023.jpg","contentUrl":"https:\/\/www.carmelitaniscalzi.com\/wp-content\/uploads\/2023\/12\/cover_filippine_12.2023.jpg","width":1200,"height":800},{"@type":"BreadcrumbList","@id":"https:\/\/www.carmelitaniscalzi.com\/de\/2023\/12\/04\/philippinen-feier-zum-100-jaehrigen-bestehen-des-karmel\/#breadcrumb","itemListElement":[{"@type":"ListItem","position":1,"name":"Home","item":"https:\/\/www.carmelitaniscalzi.com\/de\/"},{"@type":"ListItem","position":2,"name":"Philippinen: Feier zum 100-j\u00e4hrigen Bestehen des Karmel"}]},{"@type":"WebSite","@id":"https:\/\/www.carmelitaniscalzi.com\/#website","url":"https:\/\/www.carmelitaniscalzi.com\/","name":"CARMELITANI SCALZI - Curia Generale del Carmelo Teresiano","description":"Generalkurie des Teresianischen Karmel","publisher":{"@id":"https:\/\/www.carmelitaniscalzi.com\/#organization"},"alternateName":"CARMELITANI SCALZI","potentialAction":[{"@type":"SearchAction","target":{"@type":"EntryPoint","urlTemplate":"https:\/\/www.carmelitaniscalzi.com\/?s={search_term_string}"},"query-input":{"@type":"PropertyValueSpecification","valueRequired":true,"valueName":"search_term_string"}}],"inLanguage":"de"},{"@type":"Organization","@id":"https:\/\/www.carmelitaniscalzi.com\/#organization","name":"CARMELITANI SCALZI - Curia Generale del Carmelo Teresiano","url":"https:\/\/www.carmelitaniscalzi.com\/","logo":{"@type":"ImageObject","inLanguage":"de","@id":"https:\/\/www.carmelitaniscalzi.com\/#\/schema\/logo\/image\/","url":"https:\/\/www.carmelitaniscalzi.com\/wp-content\/uploads\/2025\/11\/login-logo.png","contentUrl":"https:\/\/www.carmelitaniscalzi.com\/wp-content\/uploads\/2025\/11\/login-logo.png","width":256,"height":256,"caption":"CARMELITANI SCALZI - Curia Generale del Carmelo Teresiano"},"image":{"@id":"https:\/\/www.carmelitaniscalzi.com\/#\/schema\/logo\/image\/"},"sameAs":["https:\/\/www.facebook.com\/Curia-Generalizia-Carmelitani-Scalzi-658766940887784\/","https:\/\/x.com\/ocdcuria","https:\/\/www.youtube.com\/channel\/UC2J5ZL0ycOY0qBSTCLX_NGQ\/videos","https:\/\/www.instagram.com\/ocdinform\/"]},{"@type":"Person","@id":"https:\/\/www.carmelitaniscalzi.com\/#\/schema\/person\/6d1c0d9bea7b6625c437246a5d6da409","name":"ocd web master","image":{"@type":"ImageObject","inLanguage":"de","@id":"https:\/\/www.carmelitaniscalzi.com\/#\/schema\/person\/image\/","url":"https:\/\/secure.gravatar.com\/avatar\/41fbc5f82bad909fbaf2984c43fa50d8519ac5853e25b454d022b6868f80d0e7?s=96&d=mm&r=g","contentUrl":"https:\/\/secure.gravatar.com\/avatar\/41fbc5f82bad909fbaf2984c43fa50d8519ac5853e25b454d022b6868f80d0e7?s=96&d=mm&r=g","caption":"ocd web master"},"url":"https:\/\/www.carmelitaniscalzi.com\/de\/author\/ocdwebmaster\/"}]}},"_links":{"self":[{"href":"https:\/\/www.carmelitaniscalzi.com\/de\/wp-json\/wp\/v2\/posts\/300135","targetHints":{"allow":["GET"]}}],"collection":[{"href":"https:\/\/www.carmelitaniscalzi.com\/de\/wp-json\/wp\/v2\/posts"}],"about":[{"href":"https:\/\/www.carmelitaniscalzi.com\/de\/wp-json\/wp\/v2\/types\/post"}],"author":[{"embeddable":true,"href":"https:\/\/www.carmelitaniscalzi.com\/de\/wp-json\/wp\/v2\/users\/7"}],"replies":[{"embeddable":true,"href":"https:\/\/www.carmelitaniscalzi.com\/de\/wp-json\/wp\/v2\/comments?post=300135"}],"version-history":[{"count":1,"href":"https:\/\/www.carmelitaniscalzi.com\/de\/wp-json\/wp\/v2\/posts\/300135\/revisions"}],"predecessor-version":[{"id":300136,"href":"https:\/\/www.carmelitaniscalzi.com\/de\/wp-json\/wp\/v2\/posts\/300135\/revisions\/300136"}],"wp:featuredmedia":[{"embeddable":true,"href":"https:\/\/www.carmelitaniscalzi.com\/de\/wp-json\/wp\/v2\/media\/299852"}],"wp:attachment":[{"href":"https:\/\/www.carmelitaniscalzi.com\/de\/wp-json\/wp\/v2\/media?parent=300135"}],"wp:term":[{"taxonomy":"category","embeddable":true,"href":"https:\/\/www.carmelitaniscalzi.com\/de\/wp-json\/wp\/v2\/categories?post=300135"},{"taxonomy":"post_tag","embeddable":true,"href":"https:\/\/www.carmelitaniscalzi.com\/de\/wp-json\/wp\/v2\/tags?post=300135"}],"curies":[{"name":"wp","href":"https:\/\/api.w.org\/{rel}","templated":true}]}}