{"id":290291,"date":"2023-11-08T01:06:51","date_gmt":"2023-11-08T00:06:51","guid":{"rendered":"https:\/\/www.carmelitaniscalzi.com\/?p=290291"},"modified":"2023-11-08T01:07:19","modified_gmt":"2023-11-08T00:07:19","slug":"spanien-abschluss-des-jubilaeumsjahres-in-der-dioezese-avila","status":"publish","type":"post","link":"https:\/\/www.carmelitaniscalzi.com\/de\/2023\/11\/08\/spanien-abschluss-des-jubilaeumsjahres-in-der-dioezese-avila\/","title":{"rendered":"Spanien: Abschluss des Jubil\u00e4umsjahres in der Di\u00f6zese \u00c1vila"},"content":{"rendered":"<p>Am sp\u00e4ten Nachmittag des 14. Oktober 2023, dem Vorabend des Hochfestes der heiligen Teresa von Jesus, ging das Teresianische Jubil\u00e4umsjahr in der Di\u00f6zese \u00c1vila zu Ende, und die Heilige Pforte wurde geschlossen. Auf diese Weise gingen anderthalb Jahre des Jubil\u00e4ums zu Ende, da die Vierhundertjahrfeier der Heiligsprechung der heiligen Teresa mit dem Jubil\u00e4umsjahr zusammenfiel, das der Di\u00f6zese \u00c1vila jedes Mal gew\u00e4hrt wird, wenn das Fest ihrer Schutzpatronin auf einen Sonntag f\u00e4llt, wie es im Jahr 2023 der Fall war.<\/p>\n<p>Der liturgische Akt wurde vom Bischof von \u00c1vila, Jes\u00fas Rico, in Anwesenheit des Oberen der Iberischen Provinz, Pater Francisco S\u00e1nchez Oreja, des Konvents unseres Ordens in der Heimatstadt der hl. Teresa und des emeritierten Bischofs von Salamanca, Carlos L\u00f3pez, zelebriert.<\/p>\n<p>Die Heilige Pforte des Teresa-Jubil\u00e4ums befindet sich am Eingang der Kirche des Karmelitenklosters von \u00c1vila, das an der Geburtsst\u00e4tte der heiligen Teresa von Jesus errichtet wurde.<\/p>\n<p>Nach der Schlie\u00dfung der Heiligen Pforte wurde die feierliche Vesper zu Ehren der hl. Teresa gesungen.\u00a0 Anschlie\u00dfend wurde die Statue der heiligen Teresa in einer Prozession von der Basilika in die Kathedrale von \u00c1vila gebracht.<\/p>\n<p>&nbsp;<\/p>\n<div class=\"wpmf-gallerys wpmf-gallerys-life \" ><div id=\"gallery-1\"\n data-gutter-width=\"5\"\n  data-wpmfcolumns=\"5\" class=\"wpmf-gallery gallery-link-file gallery_life gallery-masonry gallery-columns-5 gallery-size-thumbnail wpmf-gallery-bottomspace-default wpmf-gallery-clear wpmf-has-border-radius-0 wpmf-gutterwidth-5\"><div class=\"wpmf-gallery-item\n     wpmf-gallery-item-position-0 wpmf-gallery-item-attachment-290050\" data-index=\"0\"><div class=\"wpmf-gallery-icon\"><a class=\" not_video noLightbox\" data-lightbox=\"1\" data-href=\"https:\/\/www.carmelitaniscalzi.com\/wp-content\/uploads\/2023\/11\/Espana-1.png\" title=\"Espana 1\" target=\"_self\" data-index=\"0\"><img decoding=\"async\" class=\"wpmf_img\" alt=\"Espana 1\" src=\"https:\/\/www.carmelitaniscalzi.com\/wp-content\/uploads\/2023\/11\/Espana-1-150x150.png\" data-type=\"wpmfgalleryimg\" data-lazy-src=\"https:\/\/www.carmelitaniscalzi.com\/wp-content\/uploads\/2023\/11\/Espana-1-150x150.png\"><\/a><\/div><\/div><div class=\"wpmf-gallery-item\n     wpmf-gallery-item-position-1 wpmf-gallery-item-attachment-290056\" data-index=\"1\"><div class=\"wpmf-gallery-icon\"><a class=\" not_video noLightbox\" data-lightbox=\"1\" data-href=\"https:\/\/www.carmelitaniscalzi.com\/wp-content\/uploads\/2023\/11\/Espana-2.png\" title=\"Espana 2\" target=\"_self\" data-index=\"1\"><img decoding=\"async\" class=\"wpmf_img\" alt=\"Espana 2\" src=\"https:\/\/www.carmelitaniscalzi.com\/wp-content\/uploads\/2023\/11\/Espana-2-150x150.png\" data-type=\"wpmfgalleryimg\" data-lazy-src=\"https:\/\/www.carmelitaniscalzi.com\/wp-content\/uploads\/2023\/11\/Espana-2-150x150.png\"><\/a><\/div><\/div><div class=\"wpmf-gallery-item\n     wpmf-gallery-item-position-2 wpmf-gallery-item-attachment-290062\" data-index=\"2\"><div class=\"wpmf-gallery-icon\"><a class=\" not_video noLightbox\" data-lightbox=\"1\" data-href=\"https:\/\/www.carmelitaniscalzi.com\/wp-content\/uploads\/2023\/11\/Espana-3.png\" title=\"Espana 3\" target=\"_self\" data-index=\"2\"><img decoding=\"async\" class=\"wpmf_img\" alt=\"Espana 3\" src=\"https:\/\/www.carmelitaniscalzi.com\/wp-content\/uploads\/2023\/11\/Espana-3-150x150.png\" data-type=\"wpmfgalleryimg\" data-lazy-src=\"https:\/\/www.carmelitaniscalzi.com\/wp-content\/uploads\/2023\/11\/Espana-3-150x150.png\"><\/a><\/div><\/div><div class=\"wpmf-gallery-item\n     wpmf-gallery-item-position-3 wpmf-gallery-item-attachment-290068\" data-index=\"3\"><div class=\"wpmf-gallery-icon\"><a class=\" not_video noLightbox\" data-lightbox=\"1\" data-href=\"https:\/\/www.carmelitaniscalzi.com\/wp-content\/uploads\/2023\/11\/Espana-4.png\" title=\"Espana 4\" target=\"_self\" data-index=\"3\"><img decoding=\"async\" class=\"wpmf_img\" alt=\"Espana 4\" src=\"https:\/\/www.carmelitaniscalzi.com\/wp-content\/uploads\/2023\/11\/Espana-4-150x150.png\" data-type=\"wpmfgalleryimg\" data-lazy-src=\"https:\/\/www.carmelitaniscalzi.com\/wp-content\/uploads\/2023\/11\/Espana-4-150x150.png\"><\/a><\/div><\/div><div class=\"wpmf-gallery-item\n     wpmf-gallery-item-position-4 wpmf-gallery-item-attachment-290074\" data-index=\"4\"><div class=\"wpmf-gallery-icon\"><a class=\" not_video noLightbox\" data-lightbox=\"1\" data-href=\"https:\/\/www.carmelitaniscalzi.com\/wp-content\/uploads\/2023\/11\/Espana-5-1024x574.jpg\" title=\"Espana 5\" target=\"_self\" data-index=\"4\"><img decoding=\"async\" class=\"wpmf_img\" alt=\"Espana 5\" src=\"https:\/\/www.carmelitaniscalzi.com\/wp-content\/uploads\/2023\/11\/Espana-5-150x150.jpg\" data-type=\"wpmfgalleryimg\" data-lazy-src=\"https:\/\/www.carmelitaniscalzi.com\/wp-content\/uploads\/2023\/11\/Espana-5-150x150.jpg\"><\/a><\/div><\/div><\/div><\/div>\n\n","protected":false},"excerpt":{"rendered":"<p>Am sp\u00e4ten Nachmittag des 14. Oktober 2023, dem Vorabend des Hochfestes der heiligen Teresa von Jesus, ging das Teresianische Jubil\u00e4umsjahr in der Di\u00f6zese \u00c1vila zu Ende, und die Heilige Pforte wurde geschlossen. Auf diese Weise gingen anderthalb Jahre des Jubil\u00e4ums zu Ende, da die Vierhundertjahrfeier der Heiligsprechung der heiligen Teresa mit dem Jubil\u00e4umsjahr zusammenfiel, das [&hellip;]<\/p>\n","protected":false},"author":7,"featured_media":290044,"comment_status":"closed","ping_status":"open","sticky":false,"template":"","format":"standard","meta":{"_acf_changed":false,"footnotes":""},"categories":[218,371],"tags":[],"class_list":["post-290291","post","type-post","status-publish","format-standard","has-post-thumbnail","hentry","category-nachrichten-ueber-brueder","category-nachrichten"],"acf":[],"yoast_head":"<!-- This site is optimized with the Yoast SEO plugin v26.3 - https:\/\/yoast.com\/wordpress\/plugins\/seo\/ -->\n<title>Spanien: Abschluss des Jubil\u00e4umsjahres in der Di\u00f6zese \u00c1vila - UNBESCHUHTE KARMELITEN<\/title>\n<meta name=\"robots\" content=\"index, follow, max-snippet:-1, max-image-preview:large, max-video-preview:-1\" \/>\n<link rel=\"canonical\" href=\"https:\/\/www.carmelitaniscalzi.com\/de\/2023\/11\/08\/spanien-abschluss-des-jubilaeumsjahres-in-der-dioezese-avila\/\" \/>\n<meta property=\"og:locale\" content=\"de_DE\" \/>\n<meta property=\"og:type\" content=\"article\" \/>\n<meta property=\"og:title\" content=\"Spanien: Abschluss des Jubil\u00e4umsjahres in der Di\u00f6zese \u00c1vila - UNBESCHUHTE KARMELITEN\" \/>\n<meta property=\"og:description\" content=\"Am sp\u00e4ten Nachmittag des 14. Oktober 2023, dem Vorabend des Hochfestes der heiligen Teresa von Jesus, ging das Teresianische Jubil\u00e4umsjahr in der Di\u00f6zese \u00c1vila zu Ende, und die Heilige Pforte wurde geschlossen. Auf diese Weise gingen anderthalb Jahre des Jubil\u00e4ums zu Ende, da die Vierhundertjahrfeier der Heiligsprechung der heiligen Teresa mit dem Jubil\u00e4umsjahr zusammenfiel, das [&hellip;]\" \/>\n<meta property=\"og:url\" content=\"https:\/\/www.carmelitaniscalzi.com\/de\/2023\/11\/08\/spanien-abschluss-des-jubilaeumsjahres-in-der-dioezese-avila\/\" \/>\n<meta property=\"og:site_name\" content=\"UNBESCHUHTE KARMELITEN\" \/>\n<meta property=\"article:publisher\" content=\"https:\/\/www.facebook.com\/Curia-Generalizia-Carmelitani-Scalzi-658766940887784\/\" \/>\n<meta property=\"article:published_time\" content=\"2023-11-08T00:06:51+00:00\" \/>\n<meta property=\"article:modified_time\" content=\"2023-11-08T00:07:19+00:00\" \/>\n<meta property=\"og:image\" content=\"https:\/\/www.carmelitaniscalzi.com\/wp-content\/uploads\/2023\/11\/cover_espana_10.2023.jpg\" \/>\n\t<meta property=\"og:image:width\" content=\"1200\" \/>\n\t<meta property=\"og:image:height\" content=\"800\" \/>\n\t<meta property=\"og:image:type\" content=\"image\/jpeg\" \/>\n<meta name=\"author\" content=\"ocd web master\" \/>\n<meta name=\"twitter:card\" content=\"summary_large_image\" \/>\n<meta name=\"twitter:creator\" content=\"@ocdcuria\" \/>\n<meta name=\"twitter:site\" content=\"@ocdcuria\" \/>\n<meta name=\"twitter:label1\" content=\"Verfasst von\" \/>\n\t<meta name=\"twitter:data1\" content=\"ocd web master\" \/>\n\t<meta name=\"twitter:label2\" content=\"Gesch\u00e4tzte Lesezeit\" \/>\n\t<meta name=\"twitter:data2\" content=\"1\u00a0Minute\" \/>\n<script type=\"application\/ld+json\" class=\"yoast-schema-graph\">{\"@context\":\"https:\/\/schema.org\",\"@graph\":[{\"@type\":\"Article\",\"@id\":\"https:\/\/www.carmelitaniscalzi.com\/de\/2023\/11\/08\/spanien-abschluss-des-jubilaeumsjahres-in-der-dioezese-avila\/#article\",\"isPartOf\":{\"@id\":\"https:\/\/www.carmelitaniscalzi.com\/de\/2023\/11\/08\/spanien-abschluss-des-jubilaeumsjahres-in-der-dioezese-avila\/\"},\"author\":{\"name\":\"ocd web master\",\"@id\":\"https:\/\/www.carmelitaniscalzi.com\/#\/schema\/person\/6d1c0d9bea7b6625c437246a5d6da409\"},\"headline\":\"Spanien: Abschluss des Jubil\u00e4umsjahres in der Di\u00f6zese \u00c1vila\",\"datePublished\":\"2023-11-08T00:06:51+00:00\",\"dateModified\":\"2023-11-08T00:07:19+00:00\",\"mainEntityOfPage\":{\"@id\":\"https:\/\/www.carmelitaniscalzi.com\/de\/2023\/11\/08\/spanien-abschluss-des-jubilaeumsjahres-in-der-dioezese-avila\/\"},\"wordCount\":213,\"publisher\":{\"@id\":\"https:\/\/www.carmelitaniscalzi.com\/#organization\"},\"image\":{\"@id\":\"https:\/\/www.carmelitaniscalzi.com\/de\/2023\/11\/08\/spanien-abschluss-des-jubilaeumsjahres-in-der-dioezese-avila\/#primaryimage\"},\"thumbnailUrl\":\"https:\/\/www.carmelitaniscalzi.com\/wp-content\/uploads\/2023\/11\/cover_espana_10.2023.jpg\",\"articleSection\":[\"Nachrichten \u00fcber Br\u00fcder\",\"Nachrichten\"],\"inLanguage\":\"de\"},{\"@type\":\"WebPage\",\"@id\":\"https:\/\/www.carmelitaniscalzi.com\/de\/2023\/11\/08\/spanien-abschluss-des-jubilaeumsjahres-in-der-dioezese-avila\/\",\"url\":\"https:\/\/www.carmelitaniscalzi.com\/de\/2023\/11\/08\/spanien-abschluss-des-jubilaeumsjahres-in-der-dioezese-avila\/\",\"name\":\"Spanien: Abschluss des Jubil\u00e4umsjahres in der Di\u00f6zese \u00c1vila - UNBESCHUHTE KARMELITEN\",\"isPartOf\":{\"@id\":\"https:\/\/www.carmelitaniscalzi.com\/#website\"},\"primaryImageOfPage\":{\"@id\":\"https:\/\/www.carmelitaniscalzi.com\/de\/2023\/11\/08\/spanien-abschluss-des-jubilaeumsjahres-in-der-dioezese-avila\/#primaryimage\"},\"image\":{\"@id\":\"https:\/\/www.carmelitaniscalzi.com\/de\/2023\/11\/08\/spanien-abschluss-des-jubilaeumsjahres-in-der-dioezese-avila\/#primaryimage\"},\"thumbnailUrl\":\"https:\/\/www.carmelitaniscalzi.com\/wp-content\/uploads\/2023\/11\/cover_espana_10.2023.jpg\",\"datePublished\":\"2023-11-08T00:06:51+00:00\",\"dateModified\":\"2023-11-08T00:07:19+00:00\",\"breadcrumb\":{\"@id\":\"https:\/\/www.carmelitaniscalzi.com\/de\/2023\/11\/08\/spanien-abschluss-des-jubilaeumsjahres-in-der-dioezese-avila\/#breadcrumb\"},\"inLanguage\":\"de\",\"potentialAction\":[{\"@type\":\"ReadAction\",\"target\":[\"https:\/\/www.carmelitaniscalzi.com\/de\/2023\/11\/08\/spanien-abschluss-des-jubilaeumsjahres-in-der-dioezese-avila\/\"]}]},{\"@type\":\"ImageObject\",\"inLanguage\":\"de\",\"@id\":\"https:\/\/www.carmelitaniscalzi.com\/de\/2023\/11\/08\/spanien-abschluss-des-jubilaeumsjahres-in-der-dioezese-avila\/#primaryimage\",\"url\":\"https:\/\/www.carmelitaniscalzi.com\/wp-content\/uploads\/2023\/11\/cover_espana_10.2023.jpg\",\"contentUrl\":\"https:\/\/www.carmelitaniscalzi.com\/wp-content\/uploads\/2023\/11\/cover_espana_10.2023.jpg\",\"width\":1200,\"height\":800},{\"@type\":\"BreadcrumbList\",\"@id\":\"https:\/\/www.carmelitaniscalzi.com\/de\/2023\/11\/08\/spanien-abschluss-des-jubilaeumsjahres-in-der-dioezese-avila\/#breadcrumb\",\"itemListElement\":[{\"@type\":\"ListItem\",\"position\":1,\"name\":\"Home\",\"item\":\"https:\/\/www.carmelitaniscalzi.com\/de\/\"},{\"@type\":\"ListItem\",\"position\":2,\"name\":\"Spanien: Abschluss des Jubil\u00e4umsjahres in der Di\u00f6zese \u00c1vila\"}]},{\"@type\":\"WebSite\",\"@id\":\"https:\/\/www.carmelitaniscalzi.com\/#website\",\"url\":\"https:\/\/www.carmelitaniscalzi.com\/\",\"name\":\"CARMELITANI SCALZI - Curia Generale del Carmelo Teresiano\",\"description\":\"Generalkurie des Teresianischen Karmel\",\"publisher\":{\"@id\":\"https:\/\/www.carmelitaniscalzi.com\/#organization\"},\"alternateName\":\"CARMELITANI SCALZI\",\"potentialAction\":[{\"@type\":\"SearchAction\",\"target\":{\"@type\":\"EntryPoint\",\"urlTemplate\":\"https:\/\/www.carmelitaniscalzi.com\/?s={search_term_string}\"},\"query-input\":{\"@type\":\"PropertyValueSpecification\",\"valueRequired\":true,\"valueName\":\"search_term_string\"}}],\"inLanguage\":\"de\"},{\"@type\":\"Organization\",\"@id\":\"https:\/\/www.carmelitaniscalzi.com\/#organization\",\"name\":\"CARMELITANI SCALZI - Curia Generale del Carmelo Teresiano\",\"url\":\"https:\/\/www.carmelitaniscalzi.com\/\",\"logo\":{\"@type\":\"ImageObject\",\"inLanguage\":\"de\",\"@id\":\"https:\/\/www.carmelitaniscalzi.com\/#\/schema\/logo\/image\/\",\"url\":\"https:\/\/www.carmelitaniscalzi.com\/wp-content\/uploads\/2025\/11\/login-logo.png\",\"contentUrl\":\"https:\/\/www.carmelitaniscalzi.com\/wp-content\/uploads\/2025\/11\/login-logo.png\",\"width\":256,\"height\":256,\"caption\":\"CARMELITANI SCALZI - Curia Generale del Carmelo Teresiano\"},\"image\":{\"@id\":\"https:\/\/www.carmelitaniscalzi.com\/#\/schema\/logo\/image\/\"},\"sameAs\":[\"https:\/\/www.facebook.com\/Curia-Generalizia-Carmelitani-Scalzi-658766940887784\/\",\"https:\/\/x.com\/ocdcuria\",\"https:\/\/www.youtube.com\/channel\/UC2J5ZL0ycOY0qBSTCLX_NGQ\/videos\",\"https:\/\/www.instagram.com\/ocdinform\/\"]},{\"@type\":\"Person\",\"@id\":\"https:\/\/www.carmelitaniscalzi.com\/#\/schema\/person\/6d1c0d9bea7b6625c437246a5d6da409\",\"name\":\"ocd web master\",\"image\":{\"@type\":\"ImageObject\",\"inLanguage\":\"de\",\"@id\":\"https:\/\/www.carmelitaniscalzi.com\/#\/schema\/person\/image\/\",\"url\":\"https:\/\/secure.gravatar.com\/avatar\/41fbc5f82bad909fbaf2984c43fa50d8519ac5853e25b454d022b6868f80d0e7?s=96&d=mm&r=g\",\"contentUrl\":\"https:\/\/secure.gravatar.com\/avatar\/41fbc5f82bad909fbaf2984c43fa50d8519ac5853e25b454d022b6868f80d0e7?s=96&d=mm&r=g\",\"caption\":\"ocd web master\"},\"url\":\"https:\/\/www.carmelitaniscalzi.com\/de\/author\/ocdwebmaster\/\"}]}<\/script>\n<!-- \/ Yoast SEO plugin. -->","yoast_head_json":{"title":"Spanien: Abschluss des Jubil\u00e4umsjahres in der Di\u00f6zese \u00c1vila - UNBESCHUHTE KARMELITEN","robots":{"index":"index","follow":"follow","max-snippet":"max-snippet:-1","max-image-preview":"max-image-preview:large","max-video-preview":"max-video-preview:-1"},"canonical":"https:\/\/www.carmelitaniscalzi.com\/de\/2023\/11\/08\/spanien-abschluss-des-jubilaeumsjahres-in-der-dioezese-avila\/","og_locale":"de_DE","og_type":"article","og_title":"Spanien: Abschluss des Jubil\u00e4umsjahres in der Di\u00f6zese \u00c1vila - UNBESCHUHTE KARMELITEN","og_description":"Am sp\u00e4ten Nachmittag des 14. Oktober 2023, dem Vorabend des Hochfestes der heiligen Teresa von Jesus, ging das Teresianische Jubil\u00e4umsjahr in der Di\u00f6zese \u00c1vila zu Ende, und die Heilige Pforte wurde geschlossen. Auf diese Weise gingen anderthalb Jahre des Jubil\u00e4ums zu Ende, da die Vierhundertjahrfeier der Heiligsprechung der heiligen Teresa mit dem Jubil\u00e4umsjahr zusammenfiel, das [&hellip;]","og_url":"https:\/\/www.carmelitaniscalzi.com\/de\/2023\/11\/08\/spanien-abschluss-des-jubilaeumsjahres-in-der-dioezese-avila\/","og_site_name":"UNBESCHUHTE KARMELITEN","article_publisher":"https:\/\/www.facebook.com\/Curia-Generalizia-Carmelitani-Scalzi-658766940887784\/","article_published_time":"2023-11-08T00:06:51+00:00","article_modified_time":"2023-11-08T00:07:19+00:00","og_image":[{"width":1200,"height":800,"url":"https:\/\/www.carmelitaniscalzi.com\/wp-content\/uploads\/2023\/11\/cover_espana_10.2023.jpg","type":"image\/jpeg"}],"author":"ocd web master","twitter_card":"summary_large_image","twitter_creator":"@ocdcuria","twitter_site":"@ocdcuria","twitter_misc":{"Verfasst von":"ocd web master","Gesch\u00e4tzte Lesezeit":"1\u00a0Minute"},"schema":{"@context":"https:\/\/schema.org","@graph":[{"@type":"Article","@id":"https:\/\/www.carmelitaniscalzi.com\/de\/2023\/11\/08\/spanien-abschluss-des-jubilaeumsjahres-in-der-dioezese-avila\/#article","isPartOf":{"@id":"https:\/\/www.carmelitaniscalzi.com\/de\/2023\/11\/08\/spanien-abschluss-des-jubilaeumsjahres-in-der-dioezese-avila\/"},"author":{"name":"ocd web master","@id":"https:\/\/www.carmelitaniscalzi.com\/#\/schema\/person\/6d1c0d9bea7b6625c437246a5d6da409"},"headline":"Spanien: Abschluss des Jubil\u00e4umsjahres in der Di\u00f6zese \u00c1vila","datePublished":"2023-11-08T00:06:51+00:00","dateModified":"2023-11-08T00:07:19+00:00","mainEntityOfPage":{"@id":"https:\/\/www.carmelitaniscalzi.com\/de\/2023\/11\/08\/spanien-abschluss-des-jubilaeumsjahres-in-der-dioezese-avila\/"},"wordCount":213,"publisher":{"@id":"https:\/\/www.carmelitaniscalzi.com\/#organization"},"image":{"@id":"https:\/\/www.carmelitaniscalzi.com\/de\/2023\/11\/08\/spanien-abschluss-des-jubilaeumsjahres-in-der-dioezese-avila\/#primaryimage"},"thumbnailUrl":"https:\/\/www.carmelitaniscalzi.com\/wp-content\/uploads\/2023\/11\/cover_espana_10.2023.jpg","articleSection":["Nachrichten \u00fcber Br\u00fcder","Nachrichten"],"inLanguage":"de"},{"@type":"WebPage","@id":"https:\/\/www.carmelitaniscalzi.com\/de\/2023\/11\/08\/spanien-abschluss-des-jubilaeumsjahres-in-der-dioezese-avila\/","url":"https:\/\/www.carmelitaniscalzi.com\/de\/2023\/11\/08\/spanien-abschluss-des-jubilaeumsjahres-in-der-dioezese-avila\/","name":"Spanien: Abschluss des Jubil\u00e4umsjahres in der Di\u00f6zese \u00c1vila - UNBESCHUHTE KARMELITEN","isPartOf":{"@id":"https:\/\/www.carmelitaniscalzi.com\/#website"},"primaryImageOfPage":{"@id":"https:\/\/www.carmelitaniscalzi.com\/de\/2023\/11\/08\/spanien-abschluss-des-jubilaeumsjahres-in-der-dioezese-avila\/#primaryimage"},"image":{"@id":"https:\/\/www.carmelitaniscalzi.com\/de\/2023\/11\/08\/spanien-abschluss-des-jubilaeumsjahres-in-der-dioezese-avila\/#primaryimage"},"thumbnailUrl":"https:\/\/www.carmelitaniscalzi.com\/wp-content\/uploads\/2023\/11\/cover_espana_10.2023.jpg","datePublished":"2023-11-08T00:06:51+00:00","dateModified":"2023-11-08T00:07:19+00:00","breadcrumb":{"@id":"https:\/\/www.carmelitaniscalzi.com\/de\/2023\/11\/08\/spanien-abschluss-des-jubilaeumsjahres-in-der-dioezese-avila\/#breadcrumb"},"inLanguage":"de","potentialAction":[{"@type":"ReadAction","target":["https:\/\/www.carmelitaniscalzi.com\/de\/2023\/11\/08\/spanien-abschluss-des-jubilaeumsjahres-in-der-dioezese-avila\/"]}]},{"@type":"ImageObject","inLanguage":"de","@id":"https:\/\/www.carmelitaniscalzi.com\/de\/2023\/11\/08\/spanien-abschluss-des-jubilaeumsjahres-in-der-dioezese-avila\/#primaryimage","url":"https:\/\/www.carmelitaniscalzi.com\/wp-content\/uploads\/2023\/11\/cover_espana_10.2023.jpg","contentUrl":"https:\/\/www.carmelitaniscalzi.com\/wp-content\/uploads\/2023\/11\/cover_espana_10.2023.jpg","width":1200,"height":800},{"@type":"BreadcrumbList","@id":"https:\/\/www.carmelitaniscalzi.com\/de\/2023\/11\/08\/spanien-abschluss-des-jubilaeumsjahres-in-der-dioezese-avila\/#breadcrumb","itemListElement":[{"@type":"ListItem","position":1,"name":"Home","item":"https:\/\/www.carmelitaniscalzi.com\/de\/"},{"@type":"ListItem","position":2,"name":"Spanien: Abschluss des Jubil\u00e4umsjahres in der Di\u00f6zese \u00c1vila"}]},{"@type":"WebSite","@id":"https:\/\/www.carmelitaniscalzi.com\/#website","url":"https:\/\/www.carmelitaniscalzi.com\/","name":"CARMELITANI SCALZI - Curia Generale del Carmelo Teresiano","description":"Generalkurie des Teresianischen Karmel","publisher":{"@id":"https:\/\/www.carmelitaniscalzi.com\/#organization"},"alternateName":"CARMELITANI SCALZI","potentialAction":[{"@type":"SearchAction","target":{"@type":"EntryPoint","urlTemplate":"https:\/\/www.carmelitaniscalzi.com\/?s={search_term_string}"},"query-input":{"@type":"PropertyValueSpecification","valueRequired":true,"valueName":"search_term_string"}}],"inLanguage":"de"},{"@type":"Organization","@id":"https:\/\/www.carmelitaniscalzi.com\/#organization","name":"CARMELITANI SCALZI - Curia Generale del Carmelo Teresiano","url":"https:\/\/www.carmelitaniscalzi.com\/","logo":{"@type":"ImageObject","inLanguage":"de","@id":"https:\/\/www.carmelitaniscalzi.com\/#\/schema\/logo\/image\/","url":"https:\/\/www.carmelitaniscalzi.com\/wp-content\/uploads\/2025\/11\/login-logo.png","contentUrl":"https:\/\/www.carmelitaniscalzi.com\/wp-content\/uploads\/2025\/11\/login-logo.png","width":256,"height":256,"caption":"CARMELITANI SCALZI - Curia Generale del Carmelo Teresiano"},"image":{"@id":"https:\/\/www.carmelitaniscalzi.com\/#\/schema\/logo\/image\/"},"sameAs":["https:\/\/www.facebook.com\/Curia-Generalizia-Carmelitani-Scalzi-658766940887784\/","https:\/\/x.com\/ocdcuria","https:\/\/www.youtube.com\/channel\/UC2J5ZL0ycOY0qBSTCLX_NGQ\/videos","https:\/\/www.instagram.com\/ocdinform\/"]},{"@type":"Person","@id":"https:\/\/www.carmelitaniscalzi.com\/#\/schema\/person\/6d1c0d9bea7b6625c437246a5d6da409","name":"ocd web master","image":{"@type":"ImageObject","inLanguage":"de","@id":"https:\/\/www.carmelitaniscalzi.com\/#\/schema\/person\/image\/","url":"https:\/\/secure.gravatar.com\/avatar\/41fbc5f82bad909fbaf2984c43fa50d8519ac5853e25b454d022b6868f80d0e7?s=96&d=mm&r=g","contentUrl":"https:\/\/secure.gravatar.com\/avatar\/41fbc5f82bad909fbaf2984c43fa50d8519ac5853e25b454d022b6868f80d0e7?s=96&d=mm&r=g","caption":"ocd web master"},"url":"https:\/\/www.carmelitaniscalzi.com\/de\/author\/ocdwebmaster\/"}]}},"_links":{"self":[{"href":"https:\/\/www.carmelitaniscalzi.com\/de\/wp-json\/wp\/v2\/posts\/290291","targetHints":{"allow":["GET"]}}],"collection":[{"href":"https:\/\/www.carmelitaniscalzi.com\/de\/wp-json\/wp\/v2\/posts"}],"about":[{"href":"https:\/\/www.carmelitaniscalzi.com\/de\/wp-json\/wp\/v2\/types\/post"}],"author":[{"embeddable":true,"href":"https:\/\/www.carmelitaniscalzi.com\/de\/wp-json\/wp\/v2\/users\/7"}],"replies":[{"embeddable":true,"href":"https:\/\/www.carmelitaniscalzi.com\/de\/wp-json\/wp\/v2\/comments?post=290291"}],"version-history":[{"count":2,"href":"https:\/\/www.carmelitaniscalzi.com\/de\/wp-json\/wp\/v2\/posts\/290291\/revisions"}],"predecessor-version":[{"id":290293,"href":"https:\/\/www.carmelitaniscalzi.com\/de\/wp-json\/wp\/v2\/posts\/290291\/revisions\/290293"}],"wp:featuredmedia":[{"embeddable":true,"href":"https:\/\/www.carmelitaniscalzi.com\/de\/wp-json\/wp\/v2\/media\/290044"}],"wp:attachment":[{"href":"https:\/\/www.carmelitaniscalzi.com\/de\/wp-json\/wp\/v2\/media?parent=290291"}],"wp:term":[{"taxonomy":"category","embeddable":true,"href":"https:\/\/www.carmelitaniscalzi.com\/de\/wp-json\/wp\/v2\/categories?post=290291"},{"taxonomy":"post_tag","embeddable":true,"href":"https:\/\/www.carmelitaniscalzi.com\/de\/wp-json\/wp\/v2\/tags?post=290291"}],"curies":[{"name":"wp","href":"https:\/\/api.w.org\/{rel}","templated":true}]}}