{"id":251083,"date":"2023-06-08T03:00:11","date_gmt":"2023-06-08T01:00:11","guid":{"rendered":"https:\/\/www.carmelitaniscalzi.com\/?p=251083"},"modified":"2023-06-03T03:30:44","modified_gmt":"2023-06-03T01:30:44","slug":"mexiko-treffen-des-ocds-mit-den-bruderschaften-unserer-lieben-frau-vom-berge-karmel","status":"publish","type":"post","link":"https:\/\/www.carmelitaniscalzi.com\/de\/2023\/06\/08\/mexiko-treffen-des-ocds-mit-den-bruderschaften-unserer-lieben-frau-vom-berge-karmel\/","title":{"rendered":"Mexiko: Treffen des OCDS mit den Bruderschaften Unserer Lieben Frau vom Berge Karmel"},"content":{"rendered":"<p>Im April trafen sich der OCDS und die Bruderschaften Unserer Lieben Frau vom Berge Karmel in der Pfarrei La Sabatina in Mexiko-Stadt. Nach einer feierlichen Eucharistie konnten sich die Teilnehmer in einer Atmosph\u00e4re der Geschisterlichkeit \u00fcber die Sch\u00f6nheit ihrer Berufung im Karmel austauschen.<\/p>\n<p>Der OCDS hat vor kurzem seinen Provinzrat gew\u00e4hlt, der sich in Gemeinschaft mit allen Gemeinden um die F\u00f6rderung von Einheit und Dialog bem\u00fcht. Die Bruderschaften Unserer Lieben Frau vom Berge Karmel haben ihrerseits ihre Treue zur Verehrung und zum Dienst der Jungfrau bewiesen. In Mexiko gibt es eine gro\u00dfe Anzahl von Bruderschaften Unserer Lieben Frau vom Berge Karmel, von denen einige sehr alt sind und ihre eigenen Statuten haben. Es besteht eine enge Zusammenarbeit zwischen dem S\u00e4kularorden und diesen Bruderschaften. Jeder erkennt die einzigartige und besondere Berufung des anderen an. Alle f\u00fchlen sich als Br\u00fcder und Schwestern, als Mitglieder des Karmels, die unter dem Schutz der Jungfrau Maria stehen und sehr stolz darauf sind, in ihrem Dienst zu stehen.<\/p>\n<p>Das Treffen war gepr\u00e4gt von Momenten des Austauschs und der Reflexion. Es wurde \u00fcber die Identit\u00e4t, die Zugeh\u00f6rigkeit zum Orden der Unbeschuhten Karmeliten, die aktuelle Lage und die Herausforderungen der Gemeinden gesprochen. Die Notwendigkeit, Berufungen und Synodalit\u00e4t zu f\u00f6rdern, wurde hervorgehoben.<\/p>\n<p>&nbsp;<\/p>\n<div class=\"wpmf-gallerys wpmf-gallerys-life \" ><div id=\"gallery-1\"\n data-gutter-width=\"5\"\n  data-wpmfcolumns=\"5\" class=\"wpmf-gallery gallery-link-file gallery_life gallery-masonry gallery-columns-5 gallery-size-thumbnail wpmf-gallery-bottomspace-default wpmf-gallery-clear wpmf-has-border-radius-0 wpmf-gutterwidth-5\"><div class=\"wpmf-gallery-item\n     wpmf-gallery-item-position-0 wpmf-gallery-item-attachment-250911\" data-index=\"0\"><div class=\"wpmf-gallery-icon\"><a class=\" not_video noLightbox\" data-lightbox=\"1\" data-href=\"https:\/\/www.carmelitaniscalzi.com\/wp-content\/uploads\/2023\/06\/MEXICO-1-1014x1024.jpeg\" title=\"MEXICO 1\" target=\"_self\" data-index=\"0\"><img decoding=\"async\" class=\"wpmf_img\" alt=\"MEXICO 1\" src=\"https:\/\/www.carmelitaniscalzi.com\/wp-content\/uploads\/2023\/06\/MEXICO-1-150x150.jpeg\" data-type=\"wpmfgalleryimg\" data-lazy-src=\"https:\/\/www.carmelitaniscalzi.com\/wp-content\/uploads\/2023\/06\/MEXICO-1-150x150.jpeg\"><\/a><\/div><\/div><div class=\"wpmf-gallery-item\n     wpmf-gallery-item-position-1 wpmf-gallery-item-attachment-250935\" data-index=\"1\"><div class=\"wpmf-gallery-icon\"><a class=\" not_video noLightbox\" data-lightbox=\"1\" data-href=\"https:\/\/www.carmelitaniscalzi.com\/wp-content\/uploads\/2023\/06\/MEXICO-5-1024x392.jpeg\" title=\"MEXICO 5\" target=\"_self\" data-index=\"1\"><img decoding=\"async\" class=\"wpmf_img\" alt=\"MEXICO 5\" src=\"https:\/\/www.carmelitaniscalzi.com\/wp-content\/uploads\/2023\/06\/MEXICO-5-150x150.jpeg\" data-type=\"wpmfgalleryimg\" data-lazy-src=\"https:\/\/www.carmelitaniscalzi.com\/wp-content\/uploads\/2023\/06\/MEXICO-5-150x150.jpeg\"><\/a><\/div><\/div><div class=\"wpmf-gallery-item\n     wpmf-gallery-item-position-2 wpmf-gallery-item-attachment-250929\" data-index=\"2\"><div class=\"wpmf-gallery-icon\"><a class=\" not_video noLightbox\" data-lightbox=\"1\" data-href=\"https:\/\/www.carmelitaniscalzi.com\/wp-content\/uploads\/2023\/06\/MEXICO-4.jpg\" title=\"MEXICO 4\" target=\"_self\" data-index=\"2\"><img decoding=\"async\" class=\"wpmf_img\" alt=\"MEXICO 4\" src=\"https:\/\/www.carmelitaniscalzi.com\/wp-content\/uploads\/2023\/06\/MEXICO-4-150x150.jpg\" data-type=\"wpmfgalleryimg\" data-lazy-src=\"https:\/\/www.carmelitaniscalzi.com\/wp-content\/uploads\/2023\/06\/MEXICO-4-150x150.jpg\"><\/a><\/div><\/div><div class=\"wpmf-gallery-item\n     wpmf-gallery-item-position-3 wpmf-gallery-item-attachment-250923\" data-index=\"3\"><div class=\"wpmf-gallery-icon\"><a class=\" not_video noLightbox\" data-lightbox=\"1\" data-href=\"https:\/\/www.carmelitaniscalzi.com\/wp-content\/uploads\/2023\/06\/MEXICO-3-1024x630.jpg\" title=\"MEXICO 3\" target=\"_self\" data-index=\"3\"><img decoding=\"async\" class=\"wpmf_img\" alt=\"MEXICO 3\" src=\"https:\/\/www.carmelitaniscalzi.com\/wp-content\/uploads\/2023\/06\/MEXICO-3-150x150.jpg\" data-type=\"wpmfgalleryimg\" data-lazy-src=\"https:\/\/www.carmelitaniscalzi.com\/wp-content\/uploads\/2023\/06\/MEXICO-3-150x150.jpg\"><\/a><\/div><\/div><div class=\"wpmf-gallery-item\n     wpmf-gallery-item-position-4 wpmf-gallery-item-attachment-250917\" data-index=\"4\"><div class=\"wpmf-gallery-icon\"><a class=\" not_video noLightbox\" data-lightbox=\"1\" data-href=\"https:\/\/www.carmelitaniscalzi.com\/wp-content\/uploads\/2023\/06\/MEXICO-2-1024x768.jpg\" title=\"MEXICO 2\" target=\"_self\" data-index=\"4\"><img decoding=\"async\" class=\"wpmf_img\" alt=\"MEXICO 2\" src=\"https:\/\/www.carmelitaniscalzi.com\/wp-content\/uploads\/2023\/06\/MEXICO-2-150x150.jpg\" data-type=\"wpmfgalleryimg\" data-lazy-src=\"https:\/\/www.carmelitaniscalzi.com\/wp-content\/uploads\/2023\/06\/MEXICO-2-150x150.jpg\"><\/a><\/div><\/div><\/div><\/div>\n\n","protected":false},"excerpt":{"rendered":"<p>Im April trafen sich der OCDS und die Bruderschaften Unserer Lieben Frau vom Berge Karmel in der Pfarrei La Sabatina in Mexiko-Stadt. Nach einer feierlichen Eucharistie konnten sich die Teilnehmer in einer Atmosph\u00e4re der Geschisterlichkeit \u00fcber die Sch\u00f6nheit ihrer Berufung im Karmel austauschen. Der OCDS hat vor kurzem seinen Provinzrat gew\u00e4hlt, der sich in Gemeinschaft [&hellip;]<\/p>\n","protected":false},"author":7,"featured_media":250905,"comment_status":"closed","ping_status":"open","sticky":false,"template":"","format":"standard","meta":{"_acf_changed":false,"footnotes":""},"categories":[262,371],"tags":[],"class_list":["post-251083","post","type-post","status-publish","format-standard","has-post-thumbnail","hentry","category-nachrichten-ocds","category-nachrichten"],"acf":[],"yoast_head":"<!-- This site is optimized with the Yoast SEO plugin v26.3 - https:\/\/yoast.com\/wordpress\/plugins\/seo\/ -->\n<title>Mexiko: Treffen des OCDS mit den Bruderschaften Unserer Lieben Frau vom Berge Karmel - UNBESCHUHTE KARMELITEN<\/title>\n<meta name=\"robots\" content=\"index, follow, max-snippet:-1, max-image-preview:large, max-video-preview:-1\" \/>\n<link rel=\"canonical\" href=\"https:\/\/www.carmelitaniscalzi.com\/de\/2023\/06\/08\/mexiko-treffen-des-ocds-mit-den-bruderschaften-unserer-lieben-frau-vom-berge-karmel\/\" \/>\n<meta property=\"og:locale\" content=\"de_DE\" \/>\n<meta property=\"og:type\" content=\"article\" \/>\n<meta property=\"og:title\" content=\"Mexiko: Treffen des OCDS mit den Bruderschaften Unserer Lieben Frau vom Berge Karmel - UNBESCHUHTE KARMELITEN\" \/>\n<meta property=\"og:description\" content=\"Im April trafen sich der OCDS und die Bruderschaften Unserer Lieben Frau vom Berge Karmel in der Pfarrei La Sabatina in Mexiko-Stadt. Nach einer feierlichen Eucharistie konnten sich die Teilnehmer in einer Atmosph\u00e4re der Geschisterlichkeit \u00fcber die Sch\u00f6nheit ihrer Berufung im Karmel austauschen. Der OCDS hat vor kurzem seinen Provinzrat gew\u00e4hlt, der sich in Gemeinschaft [&hellip;]\" \/>\n<meta property=\"og:url\" content=\"https:\/\/www.carmelitaniscalzi.com\/de\/2023\/06\/08\/mexiko-treffen-des-ocds-mit-den-bruderschaften-unserer-lieben-frau-vom-berge-karmel\/\" \/>\n<meta property=\"og:site_name\" content=\"UNBESCHUHTE KARMELITEN\" \/>\n<meta property=\"article:publisher\" content=\"https:\/\/www.facebook.com\/Curia-Generalizia-Carmelitani-Scalzi-658766940887784\/\" \/>\n<meta property=\"article:published_time\" content=\"2023-06-08T01:00:11+00:00\" \/>\n<meta property=\"og:image\" content=\"https:\/\/www.carmelitaniscalzi.com\/wp-content\/uploads\/2023\/06\/Cover_Mexico_05.2023.jpg\" \/>\n\t<meta property=\"og:image:width\" content=\"1200\" \/>\n\t<meta property=\"og:image:height\" content=\"800\" \/>\n\t<meta property=\"og:image:type\" content=\"image\/jpeg\" \/>\n<meta name=\"author\" content=\"ocd web master\" \/>\n<meta name=\"twitter:card\" content=\"summary_large_image\" \/>\n<meta name=\"twitter:creator\" content=\"@ocdcuria\" \/>\n<meta name=\"twitter:site\" content=\"@ocdcuria\" \/>\n<meta name=\"twitter:label1\" content=\"Verfasst von\" \/>\n\t<meta name=\"twitter:data1\" content=\"ocd web master\" \/>\n\t<meta name=\"twitter:label2\" content=\"Gesch\u00e4tzte Lesezeit\" \/>\n\t<meta name=\"twitter:data2\" content=\"1\u00a0Minute\" \/>\n<script type=\"application\/ld+json\" class=\"yoast-schema-graph\">{\"@context\":\"https:\/\/schema.org\",\"@graph\":[{\"@type\":\"Article\",\"@id\":\"https:\/\/www.carmelitaniscalzi.com\/de\/2023\/06\/08\/mexiko-treffen-des-ocds-mit-den-bruderschaften-unserer-lieben-frau-vom-berge-karmel\/#article\",\"isPartOf\":{\"@id\":\"https:\/\/www.carmelitaniscalzi.com\/de\/2023\/06\/08\/mexiko-treffen-des-ocds-mit-den-bruderschaften-unserer-lieben-frau-vom-berge-karmel\/\"},\"author\":{\"name\":\"ocd web master\",\"@id\":\"https:\/\/www.carmelitaniscalzi.com\/#\/schema\/person\/6d1c0d9bea7b6625c437246a5d6da409\"},\"headline\":\"Mexiko: Treffen des OCDS mit den Bruderschaften Unserer Lieben Frau vom Berge Karmel\",\"datePublished\":\"2023-06-08T01:00:11+00:00\",\"mainEntityOfPage\":{\"@id\":\"https:\/\/www.carmelitaniscalzi.com\/de\/2023\/06\/08\/mexiko-treffen-des-ocds-mit-den-bruderschaften-unserer-lieben-frau-vom-berge-karmel\/\"},\"wordCount\":241,\"publisher\":{\"@id\":\"https:\/\/www.carmelitaniscalzi.com\/#organization\"},\"image\":{\"@id\":\"https:\/\/www.carmelitaniscalzi.com\/de\/2023\/06\/08\/mexiko-treffen-des-ocds-mit-den-bruderschaften-unserer-lieben-frau-vom-berge-karmel\/#primaryimage\"},\"thumbnailUrl\":\"https:\/\/www.carmelitaniscalzi.com\/wp-content\/uploads\/2023\/06\/Cover_Mexico_05.2023.jpg\",\"articleSection\":[\"Nachrichten OCDS\",\"Nachrichten\"],\"inLanguage\":\"de\"},{\"@type\":\"WebPage\",\"@id\":\"https:\/\/www.carmelitaniscalzi.com\/de\/2023\/06\/08\/mexiko-treffen-des-ocds-mit-den-bruderschaften-unserer-lieben-frau-vom-berge-karmel\/\",\"url\":\"https:\/\/www.carmelitaniscalzi.com\/de\/2023\/06\/08\/mexiko-treffen-des-ocds-mit-den-bruderschaften-unserer-lieben-frau-vom-berge-karmel\/\",\"name\":\"Mexiko: Treffen des OCDS mit den Bruderschaften Unserer Lieben Frau vom Berge Karmel - UNBESCHUHTE KARMELITEN\",\"isPartOf\":{\"@id\":\"https:\/\/www.carmelitaniscalzi.com\/#website\"},\"primaryImageOfPage\":{\"@id\":\"https:\/\/www.carmelitaniscalzi.com\/de\/2023\/06\/08\/mexiko-treffen-des-ocds-mit-den-bruderschaften-unserer-lieben-frau-vom-berge-karmel\/#primaryimage\"},\"image\":{\"@id\":\"https:\/\/www.carmelitaniscalzi.com\/de\/2023\/06\/08\/mexiko-treffen-des-ocds-mit-den-bruderschaften-unserer-lieben-frau-vom-berge-karmel\/#primaryimage\"},\"thumbnailUrl\":\"https:\/\/www.carmelitaniscalzi.com\/wp-content\/uploads\/2023\/06\/Cover_Mexico_05.2023.jpg\",\"datePublished\":\"2023-06-08T01:00:11+00:00\",\"breadcrumb\":{\"@id\":\"https:\/\/www.carmelitaniscalzi.com\/de\/2023\/06\/08\/mexiko-treffen-des-ocds-mit-den-bruderschaften-unserer-lieben-frau-vom-berge-karmel\/#breadcrumb\"},\"inLanguage\":\"de\",\"potentialAction\":[{\"@type\":\"ReadAction\",\"target\":[\"https:\/\/www.carmelitaniscalzi.com\/de\/2023\/06\/08\/mexiko-treffen-des-ocds-mit-den-bruderschaften-unserer-lieben-frau-vom-berge-karmel\/\"]}]},{\"@type\":\"ImageObject\",\"inLanguage\":\"de\",\"@id\":\"https:\/\/www.carmelitaniscalzi.com\/de\/2023\/06\/08\/mexiko-treffen-des-ocds-mit-den-bruderschaften-unserer-lieben-frau-vom-berge-karmel\/#primaryimage\",\"url\":\"https:\/\/www.carmelitaniscalzi.com\/wp-content\/uploads\/2023\/06\/Cover_Mexico_05.2023.jpg\",\"contentUrl\":\"https:\/\/www.carmelitaniscalzi.com\/wp-content\/uploads\/2023\/06\/Cover_Mexico_05.2023.jpg\",\"width\":1200,\"height\":800},{\"@type\":\"BreadcrumbList\",\"@id\":\"https:\/\/www.carmelitaniscalzi.com\/de\/2023\/06\/08\/mexiko-treffen-des-ocds-mit-den-bruderschaften-unserer-lieben-frau-vom-berge-karmel\/#breadcrumb\",\"itemListElement\":[{\"@type\":\"ListItem\",\"position\":1,\"name\":\"Home\",\"item\":\"https:\/\/www.carmelitaniscalzi.com\/de\/\"},{\"@type\":\"ListItem\",\"position\":2,\"name\":\"Mexiko: Treffen des OCDS mit den Bruderschaften Unserer Lieben Frau vom Berge Karmel\"}]},{\"@type\":\"WebSite\",\"@id\":\"https:\/\/www.carmelitaniscalzi.com\/#website\",\"url\":\"https:\/\/www.carmelitaniscalzi.com\/\",\"name\":\"CARMELITANI SCALZI - Curia Generale del Carmelo Teresiano\",\"description\":\"Generalkurie des Teresianischen Karmel\",\"publisher\":{\"@id\":\"https:\/\/www.carmelitaniscalzi.com\/#organization\"},\"alternateName\":\"CARMELITANI SCALZI\",\"potentialAction\":[{\"@type\":\"SearchAction\",\"target\":{\"@type\":\"EntryPoint\",\"urlTemplate\":\"https:\/\/www.carmelitaniscalzi.com\/?s={search_term_string}\"},\"query-input\":{\"@type\":\"PropertyValueSpecification\",\"valueRequired\":true,\"valueName\":\"search_term_string\"}}],\"inLanguage\":\"de\"},{\"@type\":\"Organization\",\"@id\":\"https:\/\/www.carmelitaniscalzi.com\/#organization\",\"name\":\"CARMELITANI SCALZI - Curia Generale del Carmelo Teresiano\",\"url\":\"https:\/\/www.carmelitaniscalzi.com\/\",\"logo\":{\"@type\":\"ImageObject\",\"inLanguage\":\"de\",\"@id\":\"https:\/\/www.carmelitaniscalzi.com\/#\/schema\/logo\/image\/\",\"url\":\"https:\/\/www.carmelitaniscalzi.com\/wp-content\/uploads\/2025\/11\/login-logo.png\",\"contentUrl\":\"https:\/\/www.carmelitaniscalzi.com\/wp-content\/uploads\/2025\/11\/login-logo.png\",\"width\":256,\"height\":256,\"caption\":\"CARMELITANI SCALZI - Curia Generale del Carmelo Teresiano\"},\"image\":{\"@id\":\"https:\/\/www.carmelitaniscalzi.com\/#\/schema\/logo\/image\/\"},\"sameAs\":[\"https:\/\/www.facebook.com\/Curia-Generalizia-Carmelitani-Scalzi-658766940887784\/\",\"https:\/\/x.com\/ocdcuria\",\"https:\/\/www.youtube.com\/channel\/UC2J5ZL0ycOY0qBSTCLX_NGQ\/videos\",\"https:\/\/www.instagram.com\/ocdinform\/\"]},{\"@type\":\"Person\",\"@id\":\"https:\/\/www.carmelitaniscalzi.com\/#\/schema\/person\/6d1c0d9bea7b6625c437246a5d6da409\",\"name\":\"ocd web master\",\"image\":{\"@type\":\"ImageObject\",\"inLanguage\":\"de\",\"@id\":\"https:\/\/www.carmelitaniscalzi.com\/#\/schema\/person\/image\/\",\"url\":\"https:\/\/secure.gravatar.com\/avatar\/41fbc5f82bad909fbaf2984c43fa50d8519ac5853e25b454d022b6868f80d0e7?s=96&d=mm&r=g\",\"contentUrl\":\"https:\/\/secure.gravatar.com\/avatar\/41fbc5f82bad909fbaf2984c43fa50d8519ac5853e25b454d022b6868f80d0e7?s=96&d=mm&r=g\",\"caption\":\"ocd web master\"},\"url\":\"https:\/\/www.carmelitaniscalzi.com\/de\/author\/ocdwebmaster\/\"}]}<\/script>\n<!-- \/ Yoast SEO plugin. -->","yoast_head_json":{"title":"Mexiko: Treffen des OCDS mit den Bruderschaften Unserer Lieben Frau vom Berge Karmel - UNBESCHUHTE KARMELITEN","robots":{"index":"index","follow":"follow","max-snippet":"max-snippet:-1","max-image-preview":"max-image-preview:large","max-video-preview":"max-video-preview:-1"},"canonical":"https:\/\/www.carmelitaniscalzi.com\/de\/2023\/06\/08\/mexiko-treffen-des-ocds-mit-den-bruderschaften-unserer-lieben-frau-vom-berge-karmel\/","og_locale":"de_DE","og_type":"article","og_title":"Mexiko: Treffen des OCDS mit den Bruderschaften Unserer Lieben Frau vom Berge Karmel - UNBESCHUHTE KARMELITEN","og_description":"Im April trafen sich der OCDS und die Bruderschaften Unserer Lieben Frau vom Berge Karmel in der Pfarrei La Sabatina in Mexiko-Stadt. Nach einer feierlichen Eucharistie konnten sich die Teilnehmer in einer Atmosph\u00e4re der Geschisterlichkeit \u00fcber die Sch\u00f6nheit ihrer Berufung im Karmel austauschen. Der OCDS hat vor kurzem seinen Provinzrat gew\u00e4hlt, der sich in Gemeinschaft [&hellip;]","og_url":"https:\/\/www.carmelitaniscalzi.com\/de\/2023\/06\/08\/mexiko-treffen-des-ocds-mit-den-bruderschaften-unserer-lieben-frau-vom-berge-karmel\/","og_site_name":"UNBESCHUHTE KARMELITEN","article_publisher":"https:\/\/www.facebook.com\/Curia-Generalizia-Carmelitani-Scalzi-658766940887784\/","article_published_time":"2023-06-08T01:00:11+00:00","og_image":[{"width":1200,"height":800,"url":"https:\/\/www.carmelitaniscalzi.com\/wp-content\/uploads\/2023\/06\/Cover_Mexico_05.2023.jpg","type":"image\/jpeg"}],"author":"ocd web master","twitter_card":"summary_large_image","twitter_creator":"@ocdcuria","twitter_site":"@ocdcuria","twitter_misc":{"Verfasst von":"ocd web master","Gesch\u00e4tzte Lesezeit":"1\u00a0Minute"},"schema":{"@context":"https:\/\/schema.org","@graph":[{"@type":"Article","@id":"https:\/\/www.carmelitaniscalzi.com\/de\/2023\/06\/08\/mexiko-treffen-des-ocds-mit-den-bruderschaften-unserer-lieben-frau-vom-berge-karmel\/#article","isPartOf":{"@id":"https:\/\/www.carmelitaniscalzi.com\/de\/2023\/06\/08\/mexiko-treffen-des-ocds-mit-den-bruderschaften-unserer-lieben-frau-vom-berge-karmel\/"},"author":{"name":"ocd web master","@id":"https:\/\/www.carmelitaniscalzi.com\/#\/schema\/person\/6d1c0d9bea7b6625c437246a5d6da409"},"headline":"Mexiko: Treffen des OCDS mit den Bruderschaften Unserer Lieben Frau vom Berge Karmel","datePublished":"2023-06-08T01:00:11+00:00","mainEntityOfPage":{"@id":"https:\/\/www.carmelitaniscalzi.com\/de\/2023\/06\/08\/mexiko-treffen-des-ocds-mit-den-bruderschaften-unserer-lieben-frau-vom-berge-karmel\/"},"wordCount":241,"publisher":{"@id":"https:\/\/www.carmelitaniscalzi.com\/#organization"},"image":{"@id":"https:\/\/www.carmelitaniscalzi.com\/de\/2023\/06\/08\/mexiko-treffen-des-ocds-mit-den-bruderschaften-unserer-lieben-frau-vom-berge-karmel\/#primaryimage"},"thumbnailUrl":"https:\/\/www.carmelitaniscalzi.com\/wp-content\/uploads\/2023\/06\/Cover_Mexico_05.2023.jpg","articleSection":["Nachrichten OCDS","Nachrichten"],"inLanguage":"de"},{"@type":"WebPage","@id":"https:\/\/www.carmelitaniscalzi.com\/de\/2023\/06\/08\/mexiko-treffen-des-ocds-mit-den-bruderschaften-unserer-lieben-frau-vom-berge-karmel\/","url":"https:\/\/www.carmelitaniscalzi.com\/de\/2023\/06\/08\/mexiko-treffen-des-ocds-mit-den-bruderschaften-unserer-lieben-frau-vom-berge-karmel\/","name":"Mexiko: Treffen des OCDS mit den Bruderschaften Unserer Lieben Frau vom Berge Karmel - UNBESCHUHTE KARMELITEN","isPartOf":{"@id":"https:\/\/www.carmelitaniscalzi.com\/#website"},"primaryImageOfPage":{"@id":"https:\/\/www.carmelitaniscalzi.com\/de\/2023\/06\/08\/mexiko-treffen-des-ocds-mit-den-bruderschaften-unserer-lieben-frau-vom-berge-karmel\/#primaryimage"},"image":{"@id":"https:\/\/www.carmelitaniscalzi.com\/de\/2023\/06\/08\/mexiko-treffen-des-ocds-mit-den-bruderschaften-unserer-lieben-frau-vom-berge-karmel\/#primaryimage"},"thumbnailUrl":"https:\/\/www.carmelitaniscalzi.com\/wp-content\/uploads\/2023\/06\/Cover_Mexico_05.2023.jpg","datePublished":"2023-06-08T01:00:11+00:00","breadcrumb":{"@id":"https:\/\/www.carmelitaniscalzi.com\/de\/2023\/06\/08\/mexiko-treffen-des-ocds-mit-den-bruderschaften-unserer-lieben-frau-vom-berge-karmel\/#breadcrumb"},"inLanguage":"de","potentialAction":[{"@type":"ReadAction","target":["https:\/\/www.carmelitaniscalzi.com\/de\/2023\/06\/08\/mexiko-treffen-des-ocds-mit-den-bruderschaften-unserer-lieben-frau-vom-berge-karmel\/"]}]},{"@type":"ImageObject","inLanguage":"de","@id":"https:\/\/www.carmelitaniscalzi.com\/de\/2023\/06\/08\/mexiko-treffen-des-ocds-mit-den-bruderschaften-unserer-lieben-frau-vom-berge-karmel\/#primaryimage","url":"https:\/\/www.carmelitaniscalzi.com\/wp-content\/uploads\/2023\/06\/Cover_Mexico_05.2023.jpg","contentUrl":"https:\/\/www.carmelitaniscalzi.com\/wp-content\/uploads\/2023\/06\/Cover_Mexico_05.2023.jpg","width":1200,"height":800},{"@type":"BreadcrumbList","@id":"https:\/\/www.carmelitaniscalzi.com\/de\/2023\/06\/08\/mexiko-treffen-des-ocds-mit-den-bruderschaften-unserer-lieben-frau-vom-berge-karmel\/#breadcrumb","itemListElement":[{"@type":"ListItem","position":1,"name":"Home","item":"https:\/\/www.carmelitaniscalzi.com\/de\/"},{"@type":"ListItem","position":2,"name":"Mexiko: Treffen des OCDS mit den Bruderschaften Unserer Lieben Frau vom Berge Karmel"}]},{"@type":"WebSite","@id":"https:\/\/www.carmelitaniscalzi.com\/#website","url":"https:\/\/www.carmelitaniscalzi.com\/","name":"CARMELITANI SCALZI - Curia Generale del Carmelo Teresiano","description":"Generalkurie des Teresianischen Karmel","publisher":{"@id":"https:\/\/www.carmelitaniscalzi.com\/#organization"},"alternateName":"CARMELITANI SCALZI","potentialAction":[{"@type":"SearchAction","target":{"@type":"EntryPoint","urlTemplate":"https:\/\/www.carmelitaniscalzi.com\/?s={search_term_string}"},"query-input":{"@type":"PropertyValueSpecification","valueRequired":true,"valueName":"search_term_string"}}],"inLanguage":"de"},{"@type":"Organization","@id":"https:\/\/www.carmelitaniscalzi.com\/#organization","name":"CARMELITANI SCALZI - Curia Generale del Carmelo Teresiano","url":"https:\/\/www.carmelitaniscalzi.com\/","logo":{"@type":"ImageObject","inLanguage":"de","@id":"https:\/\/www.carmelitaniscalzi.com\/#\/schema\/logo\/image\/","url":"https:\/\/www.carmelitaniscalzi.com\/wp-content\/uploads\/2025\/11\/login-logo.png","contentUrl":"https:\/\/www.carmelitaniscalzi.com\/wp-content\/uploads\/2025\/11\/login-logo.png","width":256,"height":256,"caption":"CARMELITANI SCALZI - Curia Generale del Carmelo Teresiano"},"image":{"@id":"https:\/\/www.carmelitaniscalzi.com\/#\/schema\/logo\/image\/"},"sameAs":["https:\/\/www.facebook.com\/Curia-Generalizia-Carmelitani-Scalzi-658766940887784\/","https:\/\/x.com\/ocdcuria","https:\/\/www.youtube.com\/channel\/UC2J5ZL0ycOY0qBSTCLX_NGQ\/videos","https:\/\/www.instagram.com\/ocdinform\/"]},{"@type":"Person","@id":"https:\/\/www.carmelitaniscalzi.com\/#\/schema\/person\/6d1c0d9bea7b6625c437246a5d6da409","name":"ocd web master","image":{"@type":"ImageObject","inLanguage":"de","@id":"https:\/\/www.carmelitaniscalzi.com\/#\/schema\/person\/image\/","url":"https:\/\/secure.gravatar.com\/avatar\/41fbc5f82bad909fbaf2984c43fa50d8519ac5853e25b454d022b6868f80d0e7?s=96&d=mm&r=g","contentUrl":"https:\/\/secure.gravatar.com\/avatar\/41fbc5f82bad909fbaf2984c43fa50d8519ac5853e25b454d022b6868f80d0e7?s=96&d=mm&r=g","caption":"ocd web master"},"url":"https:\/\/www.carmelitaniscalzi.com\/de\/author\/ocdwebmaster\/"}]}},"_links":{"self":[{"href":"https:\/\/www.carmelitaniscalzi.com\/de\/wp-json\/wp\/v2\/posts\/251083","targetHints":{"allow":["GET"]}}],"collection":[{"href":"https:\/\/www.carmelitaniscalzi.com\/de\/wp-json\/wp\/v2\/posts"}],"about":[{"href":"https:\/\/www.carmelitaniscalzi.com\/de\/wp-json\/wp\/v2\/types\/post"}],"author":[{"embeddable":true,"href":"https:\/\/www.carmelitaniscalzi.com\/de\/wp-json\/wp\/v2\/users\/7"}],"replies":[{"embeddable":true,"href":"https:\/\/www.carmelitaniscalzi.com\/de\/wp-json\/wp\/v2\/comments?post=251083"}],"version-history":[{"count":1,"href":"https:\/\/www.carmelitaniscalzi.com\/de\/wp-json\/wp\/v2\/posts\/251083\/revisions"}],"predecessor-version":[{"id":251084,"href":"https:\/\/www.carmelitaniscalzi.com\/de\/wp-json\/wp\/v2\/posts\/251083\/revisions\/251084"}],"wp:featuredmedia":[{"embeddable":true,"href":"https:\/\/www.carmelitaniscalzi.com\/de\/wp-json\/wp\/v2\/media\/250905"}],"wp:attachment":[{"href":"https:\/\/www.carmelitaniscalzi.com\/de\/wp-json\/wp\/v2\/media?parent=251083"}],"wp:term":[{"taxonomy":"category","embeddable":true,"href":"https:\/\/www.carmelitaniscalzi.com\/de\/wp-json\/wp\/v2\/categories?post=251083"},{"taxonomy":"post_tag","embeddable":true,"href":"https:\/\/www.carmelitaniscalzi.com\/de\/wp-json\/wp\/v2\/tags?post=251083"}],"curies":[{"name":"wp","href":"https:\/\/api.w.org\/{rel}","templated":true}]}}