{"id":20632,"date":"2018-05-03T14:57:47","date_gmt":"2018-05-03T12:57:47","guid":{"rendered":"https:\/\/www.carmelitaniscalzi.com\/de\/?p=20632"},"modified":"2018-05-03T14:57:47","modified_gmt":"2018-05-03T12:57:47","slug":"lehrstuhl-fuer-karmelitanische-studien-an-der-katholischen-universitaet-von-amerika","status":"publish","type":"post","link":"https:\/\/www.carmelitaniscalzi.com\/de\/2018\/05\/03\/lehrstuhl-fuer-karmelitanische-studien-an-der-katholischen-universitaet-von-amerika\/","title":{"rendered":"Lehrstuhl f\u00fcr karmelitanische Studien an der \u201eKatholischen Universit\u00e4t von Amerika\u201d"},"content":{"rendered":"<p>Im November 2017 \u00fcberreichten die Karmeliten O.Carm. der Provinz Purissimi Cordis Mariae in den USA der Katholischen Universit\u00e4t in Washington D. C. eine Schenkung von 5 Millionen US $ f\u00fcr die Errichtung eines Lehrstuhles und eines \u201eZentrums f\u00fcr karmelitanische Studien\u201c. Informationen dazu k\u00f6nnen unter folgendem Link eingesehen werden:<\/p>\n<p><a href=\"https:\/\/communications.catholic.edu\/news\/2017\/11\/carmelite-gift-to-catholic-university.html\">https:\/\/communications.catholic.edu\/news\/2017\/11\/carmelite-gift-to-catholic-university.html<\/a><\/p>\n<p>Vor kurzem hat diese Universit\u00e4t nun die Existenz eines solchen Lehrstuhls und des genannten Zentrum best\u00e4tigt, und alle, die f\u00fcr eine solche Aufgabe qualifiziert und daran interessiert sind, zur Mitarbeit eingeladen. Eine entsprechende Liste kann unter <a href=\"https:\/\/provost.cua.edu\/positions.cfm\">https:\/\/provost.cua.edu\/positions.cfm<\/a> eingesehen werden. Beten wir, dass diese Initiative, die f\u00fcr die F\u00f6rderung der Studien \u00fcber unseren Orden in der englischsprachigen Welt sehr wichtig sein kann, einen erfolgreichen Verlauf nehme.<\/p>\n<p><img loading=\"lazy\" decoding=\"async\" class=\"alignnone size-medium wp-image-20628\" src=\"https:\/\/www.carmelitaniscalzi.com\/wp-content\/uploads\/2018\/05\/07-300x174.png\" alt=\"\" width=\"300\" height=\"174\" srcset=\"https:\/\/www.carmelitaniscalzi.com\/wp-content\/uploads\/2018\/05\/07-300x174.png 300w, https:\/\/www.carmelitaniscalzi.com\/wp-content\/uploads\/2018\/05\/07-768x447.png 768w, https:\/\/www.carmelitaniscalzi.com\/wp-content\/uploads\/2018\/05\/07-95x55.png 95w, https:\/\/www.carmelitaniscalzi.com\/wp-content\/uploads\/2018\/05\/07-800x465.png 800w, https:\/\/www.carmelitaniscalzi.com\/wp-content\/uploads\/2018\/05\/07-580x337.png 580w, https:\/\/www.carmelitaniscalzi.com\/wp-content\/uploads\/2018\/05\/07.png 870w\" sizes=\"auto, (max-width: 300px) 100vw, 300px\" \/> <img loading=\"lazy\" decoding=\"async\" class=\"alignnone size-medium wp-image-20627\" src=\"https:\/\/www.carmelitaniscalzi.com\/wp-content\/uploads\/2018\/05\/06-300x186.png\" alt=\"\" width=\"300\" height=\"186\" srcset=\"https:\/\/www.carmelitaniscalzi.com\/wp-content\/uploads\/2018\/05\/06-300x186.png 300w, https:\/\/www.carmelitaniscalzi.com\/wp-content\/uploads\/2018\/05\/06-768x477.png 768w, https:\/\/www.carmelitaniscalzi.com\/wp-content\/uploads\/2018\/05\/06-89x55.png 89w, https:\/\/www.carmelitaniscalzi.com\/wp-content\/uploads\/2018\/05\/06-800x497.png 800w, https:\/\/www.carmelitaniscalzi.com\/wp-content\/uploads\/2018\/05\/06-580x360.png 580w, https:\/\/www.carmelitaniscalzi.com\/wp-content\/uploads\/2018\/05\/06.png 813w\" sizes=\"auto, (max-width: 300px) 100vw, 300px\" \/> <img loading=\"lazy\" decoding=\"async\" class=\"alignnone size-medium wp-image-20626\" src=\"https:\/\/www.carmelitaniscalzi.com\/wp-content\/uploads\/2018\/05\/05-300x174.png\" alt=\"\" width=\"300\" height=\"174\" srcset=\"https:\/\/www.carmelitaniscalzi.com\/wp-content\/uploads\/2018\/05\/05-300x174.png 300w, https:\/\/www.carmelitaniscalzi.com\/wp-content\/uploads\/2018\/05\/05-95x55.png 95w, https:\/\/www.carmelitaniscalzi.com\/wp-content\/uploads\/2018\/05\/05-580x337.png 580w, https:\/\/www.carmelitaniscalzi.com\/wp-content\/uploads\/2018\/05\/05.png 599w\" sizes=\"auto, (max-width: 300px) 100vw, 300px\" \/> <img loading=\"lazy\" decoding=\"async\" class=\"alignnone size-medium wp-image-20625\" src=\"https:\/\/www.carmelitaniscalzi.com\/wp-content\/uploads\/2018\/05\/04-300x182.png\" alt=\"\" width=\"300\" height=\"182\" srcset=\"https:\/\/www.carmelitaniscalzi.com\/wp-content\/uploads\/2018\/05\/04-300x182.png 300w, https:\/\/www.carmelitaniscalzi.com\/wp-content\/uploads\/2018\/05\/04-768x466.png 768w, https:\/\/www.carmelitaniscalzi.com\/wp-content\/uploads\/2018\/05\/04-91x55.png 91w, https:\/\/www.carmelitaniscalzi.com\/wp-content\/uploads\/2018\/05\/04-800x486.png 800w, https:\/\/www.carmelitaniscalzi.com\/wp-content\/uploads\/2018\/05\/04-580x352.png 580w, https:\/\/www.carmelitaniscalzi.com\/wp-content\/uploads\/2018\/05\/04-840x512.png 840w, https:\/\/www.carmelitaniscalzi.com\/wp-content\/uploads\/2018\/05\/04.png 843w\" sizes=\"auto, (max-width: 300px) 100vw, 300px\" \/> <img loading=\"lazy\" decoding=\"async\" class=\"alignnone size-medium wp-image-20624\" src=\"https:\/\/www.carmelitaniscalzi.com\/wp-content\/uploads\/2018\/05\/03-300x164.png\" alt=\"\" width=\"300\" height=\"164\" srcset=\"https:\/\/www.carmelitaniscalzi.com\/wp-content\/uploads\/2018\/05\/03-300x164.png 300w, https:\/\/www.carmelitaniscalzi.com\/wp-content\/uploads\/2018\/05\/03-768x420.png 768w, https:\/\/www.carmelitaniscalzi.com\/wp-content\/uploads\/2018\/05\/03-101x55.png 101w, https:\/\/www.carmelitaniscalzi.com\/wp-content\/uploads\/2018\/05\/03-800x437.png 800w, https:\/\/www.carmelitaniscalzi.com\/wp-content\/uploads\/2018\/05\/03-580x317.png 580w, https:\/\/www.carmelitaniscalzi.com\/wp-content\/uploads\/2018\/05\/03.png 887w\" sizes=\"auto, (max-width: 300px) 100vw, 300px\" \/> <img loading=\"lazy\" decoding=\"async\" class=\"alignnone size-medium wp-image-20623\" src=\"https:\/\/www.carmelitaniscalzi.com\/wp-content\/uploads\/2018\/05\/02-300x170.png\" alt=\"\" width=\"300\" height=\"170\" srcset=\"https:\/\/www.carmelitaniscalzi.com\/wp-content\/uploads\/2018\/05\/02-300x170.png 300w, https:\/\/www.carmelitaniscalzi.com\/wp-content\/uploads\/2018\/05\/02-768x435.png 768w, https:\/\/www.carmelitaniscalzi.com\/wp-content\/uploads\/2018\/05\/02-97x55.png 97w, https:\/\/www.carmelitaniscalzi.com\/wp-content\/uploads\/2018\/05\/02-800x453.png 800w, https:\/\/www.carmelitaniscalzi.com\/wp-content\/uploads\/2018\/05\/02-270x152.png 270w, https:\/\/www.carmelitaniscalzi.com\/wp-content\/uploads\/2018\/05\/02-580x328.png 580w, https:\/\/www.carmelitaniscalzi.com\/wp-content\/uploads\/2018\/05\/02.png 894w\" sizes=\"auto, (max-width: 300px) 100vw, 300px\" \/><\/p>\n","protected":false},"excerpt":{"rendered":"<p>Im November 2017 \u00fcberreichten die Karmeliten O.Carm. der Provinz Purissimi Cordis Mariae in den USA der Katholischen Universit\u00e4t in Washington D. C. eine Schenkung von 5 Millionen US $ f\u00fcr die Errichtung eines Lehrstuhles und eines \u201eZentrums f\u00fcr karmelitanische Studien\u201c. Informationen dazu k\u00f6nnen unter folgendem Link eingesehen werden: https:\/\/communications.catholic.edu\/news\/2017\/11\/carmelite-gift-to-catholic-university.html Vor kurzem hat diese Universit\u00e4t nun [&hellip;]<\/p>\n","protected":false},"author":7,"featured_media":20622,"comment_status":"closed","ping_status":"closed","sticky":false,"template":"","format":"standard","meta":{"_acf_changed":false,"footnotes":""},"categories":[371,217],"tags":[],"class_list":["post-20632","post","type-post","status-publish","format-standard","has-post-thumbnail","hentry","category-nachrichten","category-nachrichten-aus-den-missionen"],"acf":[],"yoast_head":"<!-- This site is optimized with the Yoast SEO plugin v26.3 - https:\/\/yoast.com\/wordpress\/plugins\/seo\/ -->\n<title>Lehrstuhl f\u00fcr karmelitanische Studien an der \u201eKatholischen Universit\u00e4t von Amerika\u201d - UNBESCHUHTE KARMELITEN<\/title>\n<meta name=\"robots\" content=\"index, follow, max-snippet:-1, max-image-preview:large, max-video-preview:-1\" \/>\n<link rel=\"canonical\" href=\"https:\/\/www.carmelitaniscalzi.com\/de\/2018\/05\/03\/lehrstuhl-fuer-karmelitanische-studien-an-der-katholischen-universitaet-von-amerika\/\" \/>\n<meta property=\"og:locale\" content=\"de_DE\" \/>\n<meta property=\"og:type\" content=\"article\" \/>\n<meta property=\"og:title\" content=\"Lehrstuhl f\u00fcr karmelitanische Studien an der \u201eKatholischen Universit\u00e4t von Amerika\u201d - UNBESCHUHTE KARMELITEN\" \/>\n<meta property=\"og:description\" content=\"Im November 2017 \u00fcberreichten die Karmeliten O.Carm. der Provinz Purissimi Cordis Mariae in den USA der Katholischen Universit\u00e4t in Washington D. C. eine Schenkung von 5 Millionen US $ f\u00fcr die Errichtung eines Lehrstuhles und eines \u201eZentrums f\u00fcr karmelitanische Studien\u201c. Informationen dazu k\u00f6nnen unter folgendem Link eingesehen werden: https:\/\/communications.catholic.edu\/news\/2017\/11\/carmelite-gift-to-catholic-university.html Vor kurzem hat diese Universit\u00e4t nun [&hellip;]\" \/>\n<meta property=\"og:url\" content=\"https:\/\/www.carmelitaniscalzi.com\/de\/2018\/05\/03\/lehrstuhl-fuer-karmelitanische-studien-an-der-katholischen-universitaet-von-amerika\/\" \/>\n<meta property=\"og:site_name\" content=\"UNBESCHUHTE KARMELITEN\" \/>\n<meta property=\"article:publisher\" content=\"https:\/\/www.facebook.com\/Curia-Generalizia-Carmelitani-Scalzi-658766940887784\/\" \/>\n<meta property=\"article:published_time\" content=\"2018-05-03T12:57:47+00:00\" \/>\n<meta property=\"og:image\" content=\"https:\/\/www.carmelitaniscalzi.com\/wp-content\/uploads\/2018\/05\/01.png\" \/>\n\t<meta property=\"og:image:width\" content=\"713\" \/>\n\t<meta property=\"og:image:height\" content=\"512\" \/>\n\t<meta property=\"og:image:type\" content=\"image\/png\" \/>\n<meta name=\"author\" content=\"ocd web master\" \/>\n<meta name=\"twitter:card\" content=\"summary_large_image\" \/>\n<meta name=\"twitter:creator\" content=\"@ocdcuria\" \/>\n<meta name=\"twitter:site\" content=\"@ocdcuria\" \/>\n<meta name=\"twitter:label1\" content=\"Verfasst von\" \/>\n\t<meta name=\"twitter:data1\" content=\"ocd web master\" \/>\n\t<meta name=\"twitter:label2\" content=\"Gesch\u00e4tzte Lesezeit\" \/>\n\t<meta name=\"twitter:data2\" content=\"1\u00a0Minute\" \/>\n<script type=\"application\/ld+json\" class=\"yoast-schema-graph\">{\"@context\":\"https:\/\/schema.org\",\"@graph\":[{\"@type\":\"Article\",\"@id\":\"https:\/\/www.carmelitaniscalzi.com\/de\/2018\/05\/03\/lehrstuhl-fuer-karmelitanische-studien-an-der-katholischen-universitaet-von-amerika\/#article\",\"isPartOf\":{\"@id\":\"https:\/\/www.carmelitaniscalzi.com\/de\/2018\/05\/03\/lehrstuhl-fuer-karmelitanische-studien-an-der-katholischen-universitaet-von-amerika\/\"},\"author\":{\"name\":\"ocd web master\",\"@id\":\"https:\/\/www.carmelitaniscalzi.com\/#\/schema\/person\/6d1c0d9bea7b6625c437246a5d6da409\"},\"headline\":\"Lehrstuhl f\u00fcr karmelitanische Studien an der \u201eKatholischen Universit\u00e4t von Amerika\u201d\",\"datePublished\":\"2018-05-03T12:57:47+00:00\",\"mainEntityOfPage\":{\"@id\":\"https:\/\/www.carmelitaniscalzi.com\/de\/2018\/05\/03\/lehrstuhl-fuer-karmelitanische-studien-an-der-katholischen-universitaet-von-amerika\/\"},\"wordCount\":144,\"publisher\":{\"@id\":\"https:\/\/www.carmelitaniscalzi.com\/#organization\"},\"image\":{\"@id\":\"https:\/\/www.carmelitaniscalzi.com\/de\/2018\/05\/03\/lehrstuhl-fuer-karmelitanische-studien-an-der-katholischen-universitaet-von-amerika\/#primaryimage\"},\"thumbnailUrl\":\"https:\/\/www.carmelitaniscalzi.com\/wp-content\/uploads\/2018\/05\/01.png\",\"articleSection\":[\"Nachrichten\",\"Nachrichten zur Ausbildung\"],\"inLanguage\":\"de\"},{\"@type\":\"WebPage\",\"@id\":\"https:\/\/www.carmelitaniscalzi.com\/de\/2018\/05\/03\/lehrstuhl-fuer-karmelitanische-studien-an-der-katholischen-universitaet-von-amerika\/\",\"url\":\"https:\/\/www.carmelitaniscalzi.com\/de\/2018\/05\/03\/lehrstuhl-fuer-karmelitanische-studien-an-der-katholischen-universitaet-von-amerika\/\",\"name\":\"Lehrstuhl f\u00fcr karmelitanische Studien an der \u201eKatholischen Universit\u00e4t von Amerika\u201d - UNBESCHUHTE KARMELITEN\",\"isPartOf\":{\"@id\":\"https:\/\/www.carmelitaniscalzi.com\/#website\"},\"primaryImageOfPage\":{\"@id\":\"https:\/\/www.carmelitaniscalzi.com\/de\/2018\/05\/03\/lehrstuhl-fuer-karmelitanische-studien-an-der-katholischen-universitaet-von-amerika\/#primaryimage\"},\"image\":{\"@id\":\"https:\/\/www.carmelitaniscalzi.com\/de\/2018\/05\/03\/lehrstuhl-fuer-karmelitanische-studien-an-der-katholischen-universitaet-von-amerika\/#primaryimage\"},\"thumbnailUrl\":\"https:\/\/www.carmelitaniscalzi.com\/wp-content\/uploads\/2018\/05\/01.png\",\"datePublished\":\"2018-05-03T12:57:47+00:00\",\"breadcrumb\":{\"@id\":\"https:\/\/www.carmelitaniscalzi.com\/de\/2018\/05\/03\/lehrstuhl-fuer-karmelitanische-studien-an-der-katholischen-universitaet-von-amerika\/#breadcrumb\"},\"inLanguage\":\"de\",\"potentialAction\":[{\"@type\":\"ReadAction\",\"target\":[\"https:\/\/www.carmelitaniscalzi.com\/de\/2018\/05\/03\/lehrstuhl-fuer-karmelitanische-studien-an-der-katholischen-universitaet-von-amerika\/\"]}]},{\"@type\":\"ImageObject\",\"inLanguage\":\"de\",\"@id\":\"https:\/\/www.carmelitaniscalzi.com\/de\/2018\/05\/03\/lehrstuhl-fuer-karmelitanische-studien-an-der-katholischen-universitaet-von-amerika\/#primaryimage\",\"url\":\"https:\/\/www.carmelitaniscalzi.com\/wp-content\/uploads\/2018\/05\/01.png\",\"contentUrl\":\"https:\/\/www.carmelitaniscalzi.com\/wp-content\/uploads\/2018\/05\/01.png\",\"width\":713,\"height\":512},{\"@type\":\"BreadcrumbList\",\"@id\":\"https:\/\/www.carmelitaniscalzi.com\/de\/2018\/05\/03\/lehrstuhl-fuer-karmelitanische-studien-an-der-katholischen-universitaet-von-amerika\/#breadcrumb\",\"itemListElement\":[{\"@type\":\"ListItem\",\"position\":1,\"name\":\"Home\",\"item\":\"https:\/\/www.carmelitaniscalzi.com\/de\/\"},{\"@type\":\"ListItem\",\"position\":2,\"name\":\"Lehrstuhl f\u00fcr karmelitanische Studien an der \u201eKatholischen Universit\u00e4t von Amerika\u201d\"}]},{\"@type\":\"WebSite\",\"@id\":\"https:\/\/www.carmelitaniscalzi.com\/#website\",\"url\":\"https:\/\/www.carmelitaniscalzi.com\/\",\"name\":\"CARMELITANI SCALZI - Curia Generale del Carmelo Teresiano\",\"description\":\"Generalkurie des Teresianischen Karmel\",\"publisher\":{\"@id\":\"https:\/\/www.carmelitaniscalzi.com\/#organization\"},\"alternateName\":\"CARMELITANI SCALZI\",\"potentialAction\":[{\"@type\":\"SearchAction\",\"target\":{\"@type\":\"EntryPoint\",\"urlTemplate\":\"https:\/\/www.carmelitaniscalzi.com\/?s={search_term_string}\"},\"query-input\":{\"@type\":\"PropertyValueSpecification\",\"valueRequired\":true,\"valueName\":\"search_term_string\"}}],\"inLanguage\":\"de\"},{\"@type\":\"Organization\",\"@id\":\"https:\/\/www.carmelitaniscalzi.com\/#organization\",\"name\":\"CARMELITANI SCALZI - Curia Generale del Carmelo Teresiano\",\"url\":\"https:\/\/www.carmelitaniscalzi.com\/\",\"logo\":{\"@type\":\"ImageObject\",\"inLanguage\":\"de\",\"@id\":\"https:\/\/www.carmelitaniscalzi.com\/#\/schema\/logo\/image\/\",\"url\":\"https:\/\/www.carmelitaniscalzi.com\/wp-content\/uploads\/2025\/11\/login-logo.png\",\"contentUrl\":\"https:\/\/www.carmelitaniscalzi.com\/wp-content\/uploads\/2025\/11\/login-logo.png\",\"width\":256,\"height\":256,\"caption\":\"CARMELITANI SCALZI - Curia Generale del Carmelo Teresiano\"},\"image\":{\"@id\":\"https:\/\/www.carmelitaniscalzi.com\/#\/schema\/logo\/image\/\"},\"sameAs\":[\"https:\/\/www.facebook.com\/Curia-Generalizia-Carmelitani-Scalzi-658766940887784\/\",\"https:\/\/x.com\/ocdcuria\",\"https:\/\/www.youtube.com\/channel\/UC2J5ZL0ycOY0qBSTCLX_NGQ\/videos\",\"https:\/\/www.instagram.com\/ocdinform\/\"]},{\"@type\":\"Person\",\"@id\":\"https:\/\/www.carmelitaniscalzi.com\/#\/schema\/person\/6d1c0d9bea7b6625c437246a5d6da409\",\"name\":\"ocd web master\",\"image\":{\"@type\":\"ImageObject\",\"inLanguage\":\"de\",\"@id\":\"https:\/\/www.carmelitaniscalzi.com\/#\/schema\/person\/image\/\",\"url\":\"https:\/\/secure.gravatar.com\/avatar\/41fbc5f82bad909fbaf2984c43fa50d8519ac5853e25b454d022b6868f80d0e7?s=96&d=mm&r=g\",\"contentUrl\":\"https:\/\/secure.gravatar.com\/avatar\/41fbc5f82bad909fbaf2984c43fa50d8519ac5853e25b454d022b6868f80d0e7?s=96&d=mm&r=g\",\"caption\":\"ocd web master\"},\"url\":\"https:\/\/www.carmelitaniscalzi.com\/de\/author\/ocdwebmaster\/\"}]}<\/script>\n<!-- \/ Yoast SEO plugin. -->","yoast_head_json":{"title":"Lehrstuhl f\u00fcr karmelitanische Studien an der \u201eKatholischen Universit\u00e4t von Amerika\u201d - UNBESCHUHTE KARMELITEN","robots":{"index":"index","follow":"follow","max-snippet":"max-snippet:-1","max-image-preview":"max-image-preview:large","max-video-preview":"max-video-preview:-1"},"canonical":"https:\/\/www.carmelitaniscalzi.com\/de\/2018\/05\/03\/lehrstuhl-fuer-karmelitanische-studien-an-der-katholischen-universitaet-von-amerika\/","og_locale":"de_DE","og_type":"article","og_title":"Lehrstuhl f\u00fcr karmelitanische Studien an der \u201eKatholischen Universit\u00e4t von Amerika\u201d - UNBESCHUHTE KARMELITEN","og_description":"Im November 2017 \u00fcberreichten die Karmeliten O.Carm. der Provinz Purissimi Cordis Mariae in den USA der Katholischen Universit\u00e4t in Washington D. C. eine Schenkung von 5 Millionen US $ f\u00fcr die Errichtung eines Lehrstuhles und eines \u201eZentrums f\u00fcr karmelitanische Studien\u201c. Informationen dazu k\u00f6nnen unter folgendem Link eingesehen werden: https:\/\/communications.catholic.edu\/news\/2017\/11\/carmelite-gift-to-catholic-university.html Vor kurzem hat diese Universit\u00e4t nun [&hellip;]","og_url":"https:\/\/www.carmelitaniscalzi.com\/de\/2018\/05\/03\/lehrstuhl-fuer-karmelitanische-studien-an-der-katholischen-universitaet-von-amerika\/","og_site_name":"UNBESCHUHTE KARMELITEN","article_publisher":"https:\/\/www.facebook.com\/Curia-Generalizia-Carmelitani-Scalzi-658766940887784\/","article_published_time":"2018-05-03T12:57:47+00:00","og_image":[{"width":713,"height":512,"url":"https:\/\/www.carmelitaniscalzi.com\/wp-content\/uploads\/2018\/05\/01.png","type":"image\/png"}],"author":"ocd web master","twitter_card":"summary_large_image","twitter_creator":"@ocdcuria","twitter_site":"@ocdcuria","twitter_misc":{"Verfasst von":"ocd web master","Gesch\u00e4tzte Lesezeit":"1\u00a0Minute"},"schema":{"@context":"https:\/\/schema.org","@graph":[{"@type":"Article","@id":"https:\/\/www.carmelitaniscalzi.com\/de\/2018\/05\/03\/lehrstuhl-fuer-karmelitanische-studien-an-der-katholischen-universitaet-von-amerika\/#article","isPartOf":{"@id":"https:\/\/www.carmelitaniscalzi.com\/de\/2018\/05\/03\/lehrstuhl-fuer-karmelitanische-studien-an-der-katholischen-universitaet-von-amerika\/"},"author":{"name":"ocd web master","@id":"https:\/\/www.carmelitaniscalzi.com\/#\/schema\/person\/6d1c0d9bea7b6625c437246a5d6da409"},"headline":"Lehrstuhl f\u00fcr karmelitanische Studien an der \u201eKatholischen Universit\u00e4t von Amerika\u201d","datePublished":"2018-05-03T12:57:47+00:00","mainEntityOfPage":{"@id":"https:\/\/www.carmelitaniscalzi.com\/de\/2018\/05\/03\/lehrstuhl-fuer-karmelitanische-studien-an-der-katholischen-universitaet-von-amerika\/"},"wordCount":144,"publisher":{"@id":"https:\/\/www.carmelitaniscalzi.com\/#organization"},"image":{"@id":"https:\/\/www.carmelitaniscalzi.com\/de\/2018\/05\/03\/lehrstuhl-fuer-karmelitanische-studien-an-der-katholischen-universitaet-von-amerika\/#primaryimage"},"thumbnailUrl":"https:\/\/www.carmelitaniscalzi.com\/wp-content\/uploads\/2018\/05\/01.png","articleSection":["Nachrichten","Nachrichten zur Ausbildung"],"inLanguage":"de"},{"@type":"WebPage","@id":"https:\/\/www.carmelitaniscalzi.com\/de\/2018\/05\/03\/lehrstuhl-fuer-karmelitanische-studien-an-der-katholischen-universitaet-von-amerika\/","url":"https:\/\/www.carmelitaniscalzi.com\/de\/2018\/05\/03\/lehrstuhl-fuer-karmelitanische-studien-an-der-katholischen-universitaet-von-amerika\/","name":"Lehrstuhl f\u00fcr karmelitanische Studien an der \u201eKatholischen Universit\u00e4t von Amerika\u201d - UNBESCHUHTE KARMELITEN","isPartOf":{"@id":"https:\/\/www.carmelitaniscalzi.com\/#website"},"primaryImageOfPage":{"@id":"https:\/\/www.carmelitaniscalzi.com\/de\/2018\/05\/03\/lehrstuhl-fuer-karmelitanische-studien-an-der-katholischen-universitaet-von-amerika\/#primaryimage"},"image":{"@id":"https:\/\/www.carmelitaniscalzi.com\/de\/2018\/05\/03\/lehrstuhl-fuer-karmelitanische-studien-an-der-katholischen-universitaet-von-amerika\/#primaryimage"},"thumbnailUrl":"https:\/\/www.carmelitaniscalzi.com\/wp-content\/uploads\/2018\/05\/01.png","datePublished":"2018-05-03T12:57:47+00:00","breadcrumb":{"@id":"https:\/\/www.carmelitaniscalzi.com\/de\/2018\/05\/03\/lehrstuhl-fuer-karmelitanische-studien-an-der-katholischen-universitaet-von-amerika\/#breadcrumb"},"inLanguage":"de","potentialAction":[{"@type":"ReadAction","target":["https:\/\/www.carmelitaniscalzi.com\/de\/2018\/05\/03\/lehrstuhl-fuer-karmelitanische-studien-an-der-katholischen-universitaet-von-amerika\/"]}]},{"@type":"ImageObject","inLanguage":"de","@id":"https:\/\/www.carmelitaniscalzi.com\/de\/2018\/05\/03\/lehrstuhl-fuer-karmelitanische-studien-an-der-katholischen-universitaet-von-amerika\/#primaryimage","url":"https:\/\/www.carmelitaniscalzi.com\/wp-content\/uploads\/2018\/05\/01.png","contentUrl":"https:\/\/www.carmelitaniscalzi.com\/wp-content\/uploads\/2018\/05\/01.png","width":713,"height":512},{"@type":"BreadcrumbList","@id":"https:\/\/www.carmelitaniscalzi.com\/de\/2018\/05\/03\/lehrstuhl-fuer-karmelitanische-studien-an-der-katholischen-universitaet-von-amerika\/#breadcrumb","itemListElement":[{"@type":"ListItem","position":1,"name":"Home","item":"https:\/\/www.carmelitaniscalzi.com\/de\/"},{"@type":"ListItem","position":2,"name":"Lehrstuhl f\u00fcr karmelitanische Studien an der \u201eKatholischen Universit\u00e4t von Amerika\u201d"}]},{"@type":"WebSite","@id":"https:\/\/www.carmelitaniscalzi.com\/#website","url":"https:\/\/www.carmelitaniscalzi.com\/","name":"CARMELITANI SCALZI - Curia Generale del Carmelo Teresiano","description":"Generalkurie des Teresianischen Karmel","publisher":{"@id":"https:\/\/www.carmelitaniscalzi.com\/#organization"},"alternateName":"CARMELITANI SCALZI","potentialAction":[{"@type":"SearchAction","target":{"@type":"EntryPoint","urlTemplate":"https:\/\/www.carmelitaniscalzi.com\/?s={search_term_string}"},"query-input":{"@type":"PropertyValueSpecification","valueRequired":true,"valueName":"search_term_string"}}],"inLanguage":"de"},{"@type":"Organization","@id":"https:\/\/www.carmelitaniscalzi.com\/#organization","name":"CARMELITANI SCALZI - Curia Generale del Carmelo Teresiano","url":"https:\/\/www.carmelitaniscalzi.com\/","logo":{"@type":"ImageObject","inLanguage":"de","@id":"https:\/\/www.carmelitaniscalzi.com\/#\/schema\/logo\/image\/","url":"https:\/\/www.carmelitaniscalzi.com\/wp-content\/uploads\/2025\/11\/login-logo.png","contentUrl":"https:\/\/www.carmelitaniscalzi.com\/wp-content\/uploads\/2025\/11\/login-logo.png","width":256,"height":256,"caption":"CARMELITANI SCALZI - Curia Generale del Carmelo Teresiano"},"image":{"@id":"https:\/\/www.carmelitaniscalzi.com\/#\/schema\/logo\/image\/"},"sameAs":["https:\/\/www.facebook.com\/Curia-Generalizia-Carmelitani-Scalzi-658766940887784\/","https:\/\/x.com\/ocdcuria","https:\/\/www.youtube.com\/channel\/UC2J5ZL0ycOY0qBSTCLX_NGQ\/videos","https:\/\/www.instagram.com\/ocdinform\/"]},{"@type":"Person","@id":"https:\/\/www.carmelitaniscalzi.com\/#\/schema\/person\/6d1c0d9bea7b6625c437246a5d6da409","name":"ocd web master","image":{"@type":"ImageObject","inLanguage":"de","@id":"https:\/\/www.carmelitaniscalzi.com\/#\/schema\/person\/image\/","url":"https:\/\/secure.gravatar.com\/avatar\/41fbc5f82bad909fbaf2984c43fa50d8519ac5853e25b454d022b6868f80d0e7?s=96&d=mm&r=g","contentUrl":"https:\/\/secure.gravatar.com\/avatar\/41fbc5f82bad909fbaf2984c43fa50d8519ac5853e25b454d022b6868f80d0e7?s=96&d=mm&r=g","caption":"ocd web master"},"url":"https:\/\/www.carmelitaniscalzi.com\/de\/author\/ocdwebmaster\/"}]}},"_links":{"self":[{"href":"https:\/\/www.carmelitaniscalzi.com\/de\/wp-json\/wp\/v2\/posts\/20632","targetHints":{"allow":["GET"]}}],"collection":[{"href":"https:\/\/www.carmelitaniscalzi.com\/de\/wp-json\/wp\/v2\/posts"}],"about":[{"href":"https:\/\/www.carmelitaniscalzi.com\/de\/wp-json\/wp\/v2\/types\/post"}],"author":[{"embeddable":true,"href":"https:\/\/www.carmelitaniscalzi.com\/de\/wp-json\/wp\/v2\/users\/7"}],"replies":[{"embeddable":true,"href":"https:\/\/www.carmelitaniscalzi.com\/de\/wp-json\/wp\/v2\/comments?post=20632"}],"version-history":[{"count":0,"href":"https:\/\/www.carmelitaniscalzi.com\/de\/wp-json\/wp\/v2\/posts\/20632\/revisions"}],"wp:featuredmedia":[{"embeddable":true,"href":"https:\/\/www.carmelitaniscalzi.com\/de\/wp-json\/wp\/v2\/media\/20622"}],"wp:attachment":[{"href":"https:\/\/www.carmelitaniscalzi.com\/de\/wp-json\/wp\/v2\/media?parent=20632"}],"wp:term":[{"taxonomy":"category","embeddable":true,"href":"https:\/\/www.carmelitaniscalzi.com\/de\/wp-json\/wp\/v2\/categories?post=20632"},{"taxonomy":"post_tag","embeddable":true,"href":"https:\/\/www.carmelitaniscalzi.com\/de\/wp-json\/wp\/v2\/tags?post=20632"}],"curies":[{"name":"wp","href":"https:\/\/api.w.org\/{rel}","templated":true}]}}