{"id":205719,"date":"2023-01-10T02:00:03","date_gmt":"2023-01-10T01:00:03","guid":{"rendered":"https:\/\/www.carmelitaniscalzi.com\/?p=205719"},"modified":"2023-01-16T02:54:31","modified_gmt":"2023-01-16T01:54:31","slug":"italien-ocds-der-provinz-venetien-trifft-den-generaloberen","status":"publish","type":"post","link":"https:\/\/www.carmelitaniscalzi.com\/de\/2023\/01\/10\/italien-ocds-der-provinz-venetien-trifft-den-generaloberen\/","title":{"rendered":"Italien: OCDS der Provinz Venetien trifft den Generaloberen"},"content":{"rendered":"<p>Am Samstag, den 3. Dezember, erlebten die OCDS-Gemeinschaften der Provinz Venedig im Karmelitenkloster zu Verona einen Nachmittag fr\u00f6hlicher Br\u00fcderlichkeit mit Pater Miguel M\u00e1rquez Calle, Pater Roberto Pirastu, Generaldefinitor, Pater Fabio Silvestri, Provinzial der Provinz Venedig, und Pater Aldo Formentin, Provinzdelegierter f\u00fcr den OCDS.<\/p>\n<p>Nach der Pr\u00e4sentation des Provinzpr\u00e4sidenten, der die Situation der Provinz erl\u00e4uterte und dabei auf Sorgen, aber auch auf M\u00f6glichkeiten f\u00fcr die Zukunft hinwies, erl\u00e4uterte der Pr\u00e4sident der interprovinziellen Zusammenarbeit die Anwesenden die Verpflichtung, die n\u00e4chste OCDS-Nationalkongress vom 12. bis 15. Juli 2023 zu organisieren, und schlie\u00dflich erkl\u00e4rte der nationale Ausbildungsverantwortliche, wie die Ausbildung in den Provinzen bei Verwendung des neuen nationalen Ausbildungsverfahrens geschehen soll.<\/p>\n<p>Pater Miguel erz\u00e4hlte uns von einigen pers\u00f6nlichen Erlebnissen, in denen es um die Lehre ging, die er von seinen Eltern erhielt, um seine ersten Momente der Angst nach seiner Wahl zum General und um sein anschlie\u00dfendes Vertrauen auf Gott. In seiner eindrucksvollen Rede zeigte er einige Schl\u00fcsselbegriffe und Herausforderungen auf, \u00fcber die wir nachdenken sollten, um unser Leben im Geist des Karmel zu gestalten.<\/p>\n<p>Das Treffen endete mit einer Feier und einem br\u00fcderlichen Austausch und dem unverzischtbaren Gruppenfoto als Erinnerung an diese sch\u00f6ne Erfahrung.<\/p>\n","protected":false},"excerpt":{"rendered":"<p>Am Samstag, den 3. Dezember, erlebten die OCDS-Gemeinschaften der Provinz Venedig im Karmelitenkloster zu Verona einen Nachmittag fr\u00f6hlicher Br\u00fcderlichkeit mit Pater Miguel M\u00e1rquez Calle, Pater Roberto Pirastu, Generaldefinitor, Pater Fabio Silvestri, Provinzial der Provinz Venedig, und Pater Aldo Formentin, Provinzdelegierter f\u00fcr den OCDS. Nach der Pr\u00e4sentation des Provinzpr\u00e4sidenten, der die Situation der Provinz erl\u00e4uterte und [&hellip;]<\/p>\n","protected":false},"author":7,"featured_media":205670,"comment_status":"closed","ping_status":"open","sticky":false,"template":"","format":"standard","meta":{"_acf_changed":false,"footnotes":""},"categories":[213,262,371],"tags":[],"class_list":["post-205719","post","type-post","status-publish","format-standard","has-post-thumbnail","hentry","category-nachrichten-von-p-general","category-nachrichten-ocds","category-nachrichten"],"acf":[],"yoast_head":"<!-- This site is optimized with the Yoast SEO plugin v26.3 - https:\/\/yoast.com\/wordpress\/plugins\/seo\/ -->\n<title>Italien: OCDS der Provinz Venetien trifft den Generaloberen - UNBESCHUHTE KARMELITEN<\/title>\n<meta name=\"robots\" content=\"index, follow, max-snippet:-1, max-image-preview:large, max-video-preview:-1\" \/>\n<link rel=\"canonical\" href=\"https:\/\/www.carmelitaniscalzi.com\/de\/2023\/01\/10\/italien-ocds-der-provinz-venetien-trifft-den-generaloberen\/\" \/>\n<meta property=\"og:locale\" content=\"de_DE\" \/>\n<meta property=\"og:type\" content=\"article\" \/>\n<meta property=\"og:title\" content=\"Italien: OCDS der Provinz Venetien trifft den Generaloberen - UNBESCHUHTE KARMELITEN\" \/>\n<meta property=\"og:description\" content=\"Am Samstag, den 3. Dezember, erlebten die OCDS-Gemeinschaften der Provinz Venedig im Karmelitenkloster zu Verona einen Nachmittag fr\u00f6hlicher Br\u00fcderlichkeit mit Pater Miguel M\u00e1rquez Calle, Pater Roberto Pirastu, Generaldefinitor, Pater Fabio Silvestri, Provinzial der Provinz Venedig, und Pater Aldo Formentin, Provinzdelegierter f\u00fcr den OCDS. Nach der Pr\u00e4sentation des Provinzpr\u00e4sidenten, der die Situation der Provinz erl\u00e4uterte und [&hellip;]\" \/>\n<meta property=\"og:url\" content=\"https:\/\/www.carmelitaniscalzi.com\/de\/2023\/01\/10\/italien-ocds-der-provinz-venetien-trifft-den-generaloberen\/\" \/>\n<meta property=\"og:site_name\" content=\"UNBESCHUHTE KARMELITEN\" \/>\n<meta property=\"article:publisher\" content=\"https:\/\/www.facebook.com\/Curia-Generalizia-Carmelitani-Scalzi-658766940887784\/\" \/>\n<meta property=\"article:published_time\" content=\"2023-01-10T01:00:03+00:00\" \/>\n<meta property=\"article:modified_time\" content=\"2023-01-16T01:54:31+00:00\" \/>\n<meta property=\"og:image\" content=\"https:\/\/www.carmelitaniscalzi.com\/wp-content\/uploads\/2023\/01\/Cover_italia_12.2022.jpg\" \/>\n\t<meta property=\"og:image:width\" content=\"1200\" \/>\n\t<meta property=\"og:image:height\" content=\"800\" \/>\n\t<meta property=\"og:image:type\" content=\"image\/jpeg\" \/>\n<meta name=\"author\" content=\"ocd web master\" \/>\n<meta name=\"twitter:card\" content=\"summary_large_image\" \/>\n<meta name=\"twitter:creator\" content=\"@ocdcuria\" \/>\n<meta name=\"twitter:site\" content=\"@ocdcuria\" \/>\n<meta name=\"twitter:label1\" content=\"Verfasst von\" \/>\n\t<meta name=\"twitter:data1\" content=\"ocd web master\" \/>\n\t<meta name=\"twitter:label2\" content=\"Gesch\u00e4tzte Lesezeit\" \/>\n\t<meta name=\"twitter:data2\" content=\"1\u00a0Minute\" \/>\n<script type=\"application\/ld+json\" class=\"yoast-schema-graph\">{\"@context\":\"https:\/\/schema.org\",\"@graph\":[{\"@type\":\"Article\",\"@id\":\"https:\/\/www.carmelitaniscalzi.com\/de\/2023\/01\/10\/italien-ocds-der-provinz-venetien-trifft-den-generaloberen\/#article\",\"isPartOf\":{\"@id\":\"https:\/\/www.carmelitaniscalzi.com\/de\/2023\/01\/10\/italien-ocds-der-provinz-venetien-trifft-den-generaloberen\/\"},\"author\":{\"name\":\"ocd web master\",\"@id\":\"https:\/\/www.carmelitaniscalzi.com\/#\/schema\/person\/6d1c0d9bea7b6625c437246a5d6da409\"},\"headline\":\"Italien: OCDS der Provinz Venetien trifft den Generaloberen\",\"datePublished\":\"2023-01-10T01:00:03+00:00\",\"dateModified\":\"2023-01-16T01:54:31+00:00\",\"mainEntityOfPage\":{\"@id\":\"https:\/\/www.carmelitaniscalzi.com\/de\/2023\/01\/10\/italien-ocds-der-provinz-venetien-trifft-den-generaloberen\/\"},\"wordCount\":215,\"publisher\":{\"@id\":\"https:\/\/www.carmelitaniscalzi.com\/#organization\"},\"image\":{\"@id\":\"https:\/\/www.carmelitaniscalzi.com\/de\/2023\/01\/10\/italien-ocds-der-provinz-venetien-trifft-den-generaloberen\/#primaryimage\"},\"thumbnailUrl\":\"https:\/\/www.carmelitaniscalzi.com\/wp-content\/uploads\/2023\/01\/Cover_italia_12.2022.jpg\",\"articleSection\":[\"Nachrichten von P. General\",\"Nachrichten OCDS\",\"Nachrichten\"],\"inLanguage\":\"de\"},{\"@type\":\"WebPage\",\"@id\":\"https:\/\/www.carmelitaniscalzi.com\/de\/2023\/01\/10\/italien-ocds-der-provinz-venetien-trifft-den-generaloberen\/\",\"url\":\"https:\/\/www.carmelitaniscalzi.com\/de\/2023\/01\/10\/italien-ocds-der-provinz-venetien-trifft-den-generaloberen\/\",\"name\":\"Italien: OCDS der Provinz Venetien trifft den Generaloberen - UNBESCHUHTE KARMELITEN\",\"isPartOf\":{\"@id\":\"https:\/\/www.carmelitaniscalzi.com\/#website\"},\"primaryImageOfPage\":{\"@id\":\"https:\/\/www.carmelitaniscalzi.com\/de\/2023\/01\/10\/italien-ocds-der-provinz-venetien-trifft-den-generaloberen\/#primaryimage\"},\"image\":{\"@id\":\"https:\/\/www.carmelitaniscalzi.com\/de\/2023\/01\/10\/italien-ocds-der-provinz-venetien-trifft-den-generaloberen\/#primaryimage\"},\"thumbnailUrl\":\"https:\/\/www.carmelitaniscalzi.com\/wp-content\/uploads\/2023\/01\/Cover_italia_12.2022.jpg\",\"datePublished\":\"2023-01-10T01:00:03+00:00\",\"dateModified\":\"2023-01-16T01:54:31+00:00\",\"breadcrumb\":{\"@id\":\"https:\/\/www.carmelitaniscalzi.com\/de\/2023\/01\/10\/italien-ocds-der-provinz-venetien-trifft-den-generaloberen\/#breadcrumb\"},\"inLanguage\":\"de\",\"potentialAction\":[{\"@type\":\"ReadAction\",\"target\":[\"https:\/\/www.carmelitaniscalzi.com\/de\/2023\/01\/10\/italien-ocds-der-provinz-venetien-trifft-den-generaloberen\/\"]}]},{\"@type\":\"ImageObject\",\"inLanguage\":\"de\",\"@id\":\"https:\/\/www.carmelitaniscalzi.com\/de\/2023\/01\/10\/italien-ocds-der-provinz-venetien-trifft-den-generaloberen\/#primaryimage\",\"url\":\"https:\/\/www.carmelitaniscalzi.com\/wp-content\/uploads\/2023\/01\/Cover_italia_12.2022.jpg\",\"contentUrl\":\"https:\/\/www.carmelitaniscalzi.com\/wp-content\/uploads\/2023\/01\/Cover_italia_12.2022.jpg\",\"width\":1200,\"height\":800},{\"@type\":\"BreadcrumbList\",\"@id\":\"https:\/\/www.carmelitaniscalzi.com\/de\/2023\/01\/10\/italien-ocds-der-provinz-venetien-trifft-den-generaloberen\/#breadcrumb\",\"itemListElement\":[{\"@type\":\"ListItem\",\"position\":1,\"name\":\"Home\",\"item\":\"https:\/\/www.carmelitaniscalzi.com\/de\/\"},{\"@type\":\"ListItem\",\"position\":2,\"name\":\"Italien: OCDS der Provinz Venetien trifft den Generaloberen\"}]},{\"@type\":\"WebSite\",\"@id\":\"https:\/\/www.carmelitaniscalzi.com\/#website\",\"url\":\"https:\/\/www.carmelitaniscalzi.com\/\",\"name\":\"CARMELITANI SCALZI - Curia Generale del Carmelo Teresiano\",\"description\":\"Generalkurie des Teresianischen Karmel\",\"publisher\":{\"@id\":\"https:\/\/www.carmelitaniscalzi.com\/#organization\"},\"alternateName\":\"CARMELITANI SCALZI\",\"potentialAction\":[{\"@type\":\"SearchAction\",\"target\":{\"@type\":\"EntryPoint\",\"urlTemplate\":\"https:\/\/www.carmelitaniscalzi.com\/?s={search_term_string}\"},\"query-input\":{\"@type\":\"PropertyValueSpecification\",\"valueRequired\":true,\"valueName\":\"search_term_string\"}}],\"inLanguage\":\"de\"},{\"@type\":\"Organization\",\"@id\":\"https:\/\/www.carmelitaniscalzi.com\/#organization\",\"name\":\"CARMELITANI SCALZI - Curia Generale del Carmelo Teresiano\",\"url\":\"https:\/\/www.carmelitaniscalzi.com\/\",\"logo\":{\"@type\":\"ImageObject\",\"inLanguage\":\"de\",\"@id\":\"https:\/\/www.carmelitaniscalzi.com\/#\/schema\/logo\/image\/\",\"url\":\"https:\/\/www.carmelitaniscalzi.com\/wp-content\/uploads\/2025\/11\/login-logo.png\",\"contentUrl\":\"https:\/\/www.carmelitaniscalzi.com\/wp-content\/uploads\/2025\/11\/login-logo.png\",\"width\":256,\"height\":256,\"caption\":\"CARMELITANI SCALZI - Curia Generale del Carmelo Teresiano\"},\"image\":{\"@id\":\"https:\/\/www.carmelitaniscalzi.com\/#\/schema\/logo\/image\/\"},\"sameAs\":[\"https:\/\/www.facebook.com\/Curia-Generalizia-Carmelitani-Scalzi-658766940887784\/\",\"https:\/\/x.com\/ocdcuria\",\"https:\/\/www.youtube.com\/channel\/UC2J5ZL0ycOY0qBSTCLX_NGQ\/videos\",\"https:\/\/www.instagram.com\/ocdinform\/\"]},{\"@type\":\"Person\",\"@id\":\"https:\/\/www.carmelitaniscalzi.com\/#\/schema\/person\/6d1c0d9bea7b6625c437246a5d6da409\",\"name\":\"ocd web master\",\"image\":{\"@type\":\"ImageObject\",\"inLanguage\":\"de\",\"@id\":\"https:\/\/www.carmelitaniscalzi.com\/#\/schema\/person\/image\/\",\"url\":\"https:\/\/secure.gravatar.com\/avatar\/41fbc5f82bad909fbaf2984c43fa50d8519ac5853e25b454d022b6868f80d0e7?s=96&d=mm&r=g\",\"contentUrl\":\"https:\/\/secure.gravatar.com\/avatar\/41fbc5f82bad909fbaf2984c43fa50d8519ac5853e25b454d022b6868f80d0e7?s=96&d=mm&r=g\",\"caption\":\"ocd web master\"},\"url\":\"https:\/\/www.carmelitaniscalzi.com\/de\/author\/ocdwebmaster\/\"}]}<\/script>\n<!-- \/ Yoast SEO plugin. -->","yoast_head_json":{"title":"Italien: OCDS der Provinz Venetien trifft den Generaloberen - UNBESCHUHTE KARMELITEN","robots":{"index":"index","follow":"follow","max-snippet":"max-snippet:-1","max-image-preview":"max-image-preview:large","max-video-preview":"max-video-preview:-1"},"canonical":"https:\/\/www.carmelitaniscalzi.com\/de\/2023\/01\/10\/italien-ocds-der-provinz-venetien-trifft-den-generaloberen\/","og_locale":"de_DE","og_type":"article","og_title":"Italien: OCDS der Provinz Venetien trifft den Generaloberen - UNBESCHUHTE KARMELITEN","og_description":"Am Samstag, den 3. Dezember, erlebten die OCDS-Gemeinschaften der Provinz Venedig im Karmelitenkloster zu Verona einen Nachmittag fr\u00f6hlicher Br\u00fcderlichkeit mit Pater Miguel M\u00e1rquez Calle, Pater Roberto Pirastu, Generaldefinitor, Pater Fabio Silvestri, Provinzial der Provinz Venedig, und Pater Aldo Formentin, Provinzdelegierter f\u00fcr den OCDS. Nach der Pr\u00e4sentation des Provinzpr\u00e4sidenten, der die Situation der Provinz erl\u00e4uterte und [&hellip;]","og_url":"https:\/\/www.carmelitaniscalzi.com\/de\/2023\/01\/10\/italien-ocds-der-provinz-venetien-trifft-den-generaloberen\/","og_site_name":"UNBESCHUHTE KARMELITEN","article_publisher":"https:\/\/www.facebook.com\/Curia-Generalizia-Carmelitani-Scalzi-658766940887784\/","article_published_time":"2023-01-10T01:00:03+00:00","article_modified_time":"2023-01-16T01:54:31+00:00","og_image":[{"width":1200,"height":800,"url":"https:\/\/www.carmelitaniscalzi.com\/wp-content\/uploads\/2023\/01\/Cover_italia_12.2022.jpg","type":"image\/jpeg"}],"author":"ocd web master","twitter_card":"summary_large_image","twitter_creator":"@ocdcuria","twitter_site":"@ocdcuria","twitter_misc":{"Verfasst von":"ocd web master","Gesch\u00e4tzte Lesezeit":"1\u00a0Minute"},"schema":{"@context":"https:\/\/schema.org","@graph":[{"@type":"Article","@id":"https:\/\/www.carmelitaniscalzi.com\/de\/2023\/01\/10\/italien-ocds-der-provinz-venetien-trifft-den-generaloberen\/#article","isPartOf":{"@id":"https:\/\/www.carmelitaniscalzi.com\/de\/2023\/01\/10\/italien-ocds-der-provinz-venetien-trifft-den-generaloberen\/"},"author":{"name":"ocd web master","@id":"https:\/\/www.carmelitaniscalzi.com\/#\/schema\/person\/6d1c0d9bea7b6625c437246a5d6da409"},"headline":"Italien: OCDS der Provinz Venetien trifft den Generaloberen","datePublished":"2023-01-10T01:00:03+00:00","dateModified":"2023-01-16T01:54:31+00:00","mainEntityOfPage":{"@id":"https:\/\/www.carmelitaniscalzi.com\/de\/2023\/01\/10\/italien-ocds-der-provinz-venetien-trifft-den-generaloberen\/"},"wordCount":215,"publisher":{"@id":"https:\/\/www.carmelitaniscalzi.com\/#organization"},"image":{"@id":"https:\/\/www.carmelitaniscalzi.com\/de\/2023\/01\/10\/italien-ocds-der-provinz-venetien-trifft-den-generaloberen\/#primaryimage"},"thumbnailUrl":"https:\/\/www.carmelitaniscalzi.com\/wp-content\/uploads\/2023\/01\/Cover_italia_12.2022.jpg","articleSection":["Nachrichten von P. General","Nachrichten OCDS","Nachrichten"],"inLanguage":"de"},{"@type":"WebPage","@id":"https:\/\/www.carmelitaniscalzi.com\/de\/2023\/01\/10\/italien-ocds-der-provinz-venetien-trifft-den-generaloberen\/","url":"https:\/\/www.carmelitaniscalzi.com\/de\/2023\/01\/10\/italien-ocds-der-provinz-venetien-trifft-den-generaloberen\/","name":"Italien: OCDS der Provinz Venetien trifft den Generaloberen - UNBESCHUHTE KARMELITEN","isPartOf":{"@id":"https:\/\/www.carmelitaniscalzi.com\/#website"},"primaryImageOfPage":{"@id":"https:\/\/www.carmelitaniscalzi.com\/de\/2023\/01\/10\/italien-ocds-der-provinz-venetien-trifft-den-generaloberen\/#primaryimage"},"image":{"@id":"https:\/\/www.carmelitaniscalzi.com\/de\/2023\/01\/10\/italien-ocds-der-provinz-venetien-trifft-den-generaloberen\/#primaryimage"},"thumbnailUrl":"https:\/\/www.carmelitaniscalzi.com\/wp-content\/uploads\/2023\/01\/Cover_italia_12.2022.jpg","datePublished":"2023-01-10T01:00:03+00:00","dateModified":"2023-01-16T01:54:31+00:00","breadcrumb":{"@id":"https:\/\/www.carmelitaniscalzi.com\/de\/2023\/01\/10\/italien-ocds-der-provinz-venetien-trifft-den-generaloberen\/#breadcrumb"},"inLanguage":"de","potentialAction":[{"@type":"ReadAction","target":["https:\/\/www.carmelitaniscalzi.com\/de\/2023\/01\/10\/italien-ocds-der-provinz-venetien-trifft-den-generaloberen\/"]}]},{"@type":"ImageObject","inLanguage":"de","@id":"https:\/\/www.carmelitaniscalzi.com\/de\/2023\/01\/10\/italien-ocds-der-provinz-venetien-trifft-den-generaloberen\/#primaryimage","url":"https:\/\/www.carmelitaniscalzi.com\/wp-content\/uploads\/2023\/01\/Cover_italia_12.2022.jpg","contentUrl":"https:\/\/www.carmelitaniscalzi.com\/wp-content\/uploads\/2023\/01\/Cover_italia_12.2022.jpg","width":1200,"height":800},{"@type":"BreadcrumbList","@id":"https:\/\/www.carmelitaniscalzi.com\/de\/2023\/01\/10\/italien-ocds-der-provinz-venetien-trifft-den-generaloberen\/#breadcrumb","itemListElement":[{"@type":"ListItem","position":1,"name":"Home","item":"https:\/\/www.carmelitaniscalzi.com\/de\/"},{"@type":"ListItem","position":2,"name":"Italien: OCDS der Provinz Venetien trifft den Generaloberen"}]},{"@type":"WebSite","@id":"https:\/\/www.carmelitaniscalzi.com\/#website","url":"https:\/\/www.carmelitaniscalzi.com\/","name":"CARMELITANI SCALZI - Curia Generale del Carmelo Teresiano","description":"Generalkurie des Teresianischen Karmel","publisher":{"@id":"https:\/\/www.carmelitaniscalzi.com\/#organization"},"alternateName":"CARMELITANI SCALZI","potentialAction":[{"@type":"SearchAction","target":{"@type":"EntryPoint","urlTemplate":"https:\/\/www.carmelitaniscalzi.com\/?s={search_term_string}"},"query-input":{"@type":"PropertyValueSpecification","valueRequired":true,"valueName":"search_term_string"}}],"inLanguage":"de"},{"@type":"Organization","@id":"https:\/\/www.carmelitaniscalzi.com\/#organization","name":"CARMELITANI SCALZI - Curia Generale del Carmelo Teresiano","url":"https:\/\/www.carmelitaniscalzi.com\/","logo":{"@type":"ImageObject","inLanguage":"de","@id":"https:\/\/www.carmelitaniscalzi.com\/#\/schema\/logo\/image\/","url":"https:\/\/www.carmelitaniscalzi.com\/wp-content\/uploads\/2025\/11\/login-logo.png","contentUrl":"https:\/\/www.carmelitaniscalzi.com\/wp-content\/uploads\/2025\/11\/login-logo.png","width":256,"height":256,"caption":"CARMELITANI SCALZI - Curia Generale del Carmelo Teresiano"},"image":{"@id":"https:\/\/www.carmelitaniscalzi.com\/#\/schema\/logo\/image\/"},"sameAs":["https:\/\/www.facebook.com\/Curia-Generalizia-Carmelitani-Scalzi-658766940887784\/","https:\/\/x.com\/ocdcuria","https:\/\/www.youtube.com\/channel\/UC2J5ZL0ycOY0qBSTCLX_NGQ\/videos","https:\/\/www.instagram.com\/ocdinform\/"]},{"@type":"Person","@id":"https:\/\/www.carmelitaniscalzi.com\/#\/schema\/person\/6d1c0d9bea7b6625c437246a5d6da409","name":"ocd web master","image":{"@type":"ImageObject","inLanguage":"de","@id":"https:\/\/www.carmelitaniscalzi.com\/#\/schema\/person\/image\/","url":"https:\/\/secure.gravatar.com\/avatar\/41fbc5f82bad909fbaf2984c43fa50d8519ac5853e25b454d022b6868f80d0e7?s=96&d=mm&r=g","contentUrl":"https:\/\/secure.gravatar.com\/avatar\/41fbc5f82bad909fbaf2984c43fa50d8519ac5853e25b454d022b6868f80d0e7?s=96&d=mm&r=g","caption":"ocd web master"},"url":"https:\/\/www.carmelitaniscalzi.com\/de\/author\/ocdwebmaster\/"}]}},"_links":{"self":[{"href":"https:\/\/www.carmelitaniscalzi.com\/de\/wp-json\/wp\/v2\/posts\/205719","targetHints":{"allow":["GET"]}}],"collection":[{"href":"https:\/\/www.carmelitaniscalzi.com\/de\/wp-json\/wp\/v2\/posts"}],"about":[{"href":"https:\/\/www.carmelitaniscalzi.com\/de\/wp-json\/wp\/v2\/types\/post"}],"author":[{"embeddable":true,"href":"https:\/\/www.carmelitaniscalzi.com\/de\/wp-json\/wp\/v2\/users\/7"}],"replies":[{"embeddable":true,"href":"https:\/\/www.carmelitaniscalzi.com\/de\/wp-json\/wp\/v2\/comments?post=205719"}],"version-history":[{"count":1,"href":"https:\/\/www.carmelitaniscalzi.com\/de\/wp-json\/wp\/v2\/posts\/205719\/revisions"}],"predecessor-version":[{"id":205720,"href":"https:\/\/www.carmelitaniscalzi.com\/de\/wp-json\/wp\/v2\/posts\/205719\/revisions\/205720"}],"wp:featuredmedia":[{"embeddable":true,"href":"https:\/\/www.carmelitaniscalzi.com\/de\/wp-json\/wp\/v2\/media\/205670"}],"wp:attachment":[{"href":"https:\/\/www.carmelitaniscalzi.com\/de\/wp-json\/wp\/v2\/media?parent=205719"}],"wp:term":[{"taxonomy":"category","embeddable":true,"href":"https:\/\/www.carmelitaniscalzi.com\/de\/wp-json\/wp\/v2\/categories?post=205719"},{"taxonomy":"post_tag","embeddable":true,"href":"https:\/\/www.carmelitaniscalzi.com\/de\/wp-json\/wp\/v2\/tags?post=205719"}],"curies":[{"name":"wp","href":"https:\/\/api.w.org\/{rel}","templated":true}]}}