{"id":20445,"date":"2018-04-17T11:03:11","date_gmt":"2018-04-17T09:03:11","guid":{"rendered":"https:\/\/www.carmelitaniscalzi.com\/de\/?p=20445"},"modified":"2018-04-17T11:03:11","modified_gmt":"2018-04-17T09:03:11","slug":"seligsprechung-von-chiquitunga","status":"publish","type":"post","link":"https:\/\/www.carmelitaniscalzi.com\/de\/2018\/04\/17\/seligsprechung-von-chiquitunga\/","title":{"rendered":"Seligsprechung von \u201cChiquitunga\u201d"},"content":{"rendered":"<p>Am 6. M\u00e4rz 2018 hat der Hl. Vater durch den Pr\u00e4fekten der Kongregation f\u00fcr die Causen\u00a0 der Seligen und Heiligen die Erlaubnis gegeben, das Dekret mit der Approbation des der Ehrw\u00fcrdigen Dienerin Gottes Mar\u00eda Felicia von Jesus im Sakrament zugeschriebenen Wunders zu promulgieren.<\/p>\n<p>Sp\u00e4ter hat Bischof Valenzuela von Asunci\u00f3n, Paraguay, das Datum f\u00fcr die Seligsprechung bekannt gegeben, 23. Juni 2018; sie soll im Fu\u00dfballstadion\u00a0 \u201eLa Nueva Olla\u201c stattfinden, damit m\u00f6glichst viele Menschen daran teilnehmen k\u00f6nnen.<\/p>\n<p>Zur Vorbereitung der Seligsprechungsfeier begab sich der Generalpostulator, P. Romano Gambalunga, nach Paraguay, wo er den Pr\u00e4sidenten Paraguays Horacio Cartes in Mburuvicha R\u00f3ga traf. In der anschlie\u00dfenden Pressekonferenz konnte unser Generalpostulator von der Arbeit berichten, die er zusammen mit unserem Mitbruder Restituto Palmero f\u00fcr diese Causa getan hat.<\/p>\n<p>Die Seligsprechung, sagte er, sei f\u00fcr alle Paraguayer ein Grund zur Freude und zur Hoffnung; dabei unterstrich er, dass die neue Selige, die erste dieses Landes, alle Paraguayer mehr zusammenbringe. \u201eIn den zwei Wochen, die ich in diesem Land verbracht habe, merkte ich,\u201c so der Generalpostulator, \u201edass die neue Selige von den Menschen sehr geliebt wird\u201c, und er merkte an, dass der Pr\u00e4sident seine Bereitschaft zugesichert habe, dass die Seligsprechung von Mar\u00eda Felicia von Jesus im Sakrament, genannt Chiquitunga, gut verlaufen und zu einem Fest f\u00fcr die Menschen werde. Der 23. Juni sei ein Tag von nationalem Interesse.<\/p>\n<div class=\"wpmf-gallerys wpmf-gallerys-life \" ><div id=\"gallery-1\" class=\"gallery gallery_life wpmf_gallery_default gallery_default  gallery-columns-5 gallery-size-thumbnail gallery-link-file wpmf-has-border-radius-0 wpmf-gutterwidth-5 no_ratio\"><figure class=\"wpmf-gallery-item\" data-index=\"0\"><div class=\"wpmf-gallery-icon\"><div class=\"square_thumbnail\"><div class=\"img_centered\"><a class=\" not_video noLightbox\" data-lightbox=\"1\" data-href=\"https:\/\/www.carmelitaniscalzi.com\/wp-content\/uploads\/2018\/04\/Chiquitunga-7-1024x768.jpeg\" title=\"Chiquitunga (7)\" target=\"_self\" data-index=\"0\"><img decoding=\"async\" class=\"wpmf_img\" alt=\"Chiquitunga (7)\" src=\"https:\/\/www.carmelitaniscalzi.com\/wp-content\/uploads\/2018\/04\/Chiquitunga-7-150x150.jpeg\" data-type=\"wpmfgalleryimg\" data-lazy-src=\"https:\/\/www.carmelitaniscalzi.com\/wp-content\/uploads\/2018\/04\/Chiquitunga-7-150x150.jpeg\"><\/a><\/div><\/div><\/div><\/figure><figure class=\"wpmf-gallery-item\" data-index=\"1\"><div class=\"wpmf-gallery-icon\"><div class=\"square_thumbnail\"><div class=\"img_centered\"><a class=\" not_video noLightbox\" data-lightbox=\"1\" data-href=\"https:\/\/www.carmelitaniscalzi.com\/wp-content\/uploads\/2018\/04\/Chiquitunga-20-1024x768.jpeg\" title=\"Chiquitunga (20)\" target=\"_self\" data-index=\"1\"><img decoding=\"async\" class=\"wpmf_img\" alt=\"Chiquitunga (20)\" src=\"https:\/\/www.carmelitaniscalzi.com\/wp-content\/uploads\/2018\/04\/Chiquitunga-20-150x150.jpeg\" data-type=\"wpmfgalleryimg\" data-lazy-src=\"https:\/\/www.carmelitaniscalzi.com\/wp-content\/uploads\/2018\/04\/Chiquitunga-20-150x150.jpeg\"><\/a><\/div><\/div><\/div><\/figure><figure class=\"wpmf-gallery-item\" data-index=\"2\"><div class=\"wpmf-gallery-icon\"><div class=\"square_thumbnail\"><div class=\"img_centered\"><a class=\" not_video noLightbox\" data-lightbox=\"1\" data-href=\"https:\/\/www.carmelitaniscalzi.com\/wp-content\/uploads\/2018\/04\/Chiquitunga-21-1024x750.jpeg\" title=\"Chiquitunga (21)\" target=\"_self\" data-index=\"2\"><img decoding=\"async\" class=\"wpmf_img\" alt=\"Chiquitunga (21)\" src=\"https:\/\/www.carmelitaniscalzi.com\/wp-content\/uploads\/2018\/04\/Chiquitunga-21-150x150.jpeg\" data-type=\"wpmfgalleryimg\" data-lazy-src=\"https:\/\/www.carmelitaniscalzi.com\/wp-content\/uploads\/2018\/04\/Chiquitunga-21-150x150.jpeg\"><\/a><\/div><\/div><\/div><\/figure><figure class=\"wpmf-gallery-item\" data-index=\"3\"><div class=\"wpmf-gallery-icon\"><div class=\"square_thumbnail\"><div class=\"img_centered\"><a class=\" not_video noLightbox\" data-lightbox=\"1\" data-href=\"https:\/\/www.carmelitaniscalzi.com\/wp-content\/uploads\/2018\/04\/Chiquitunga-22-1024x682.jpeg\" title=\"Chiquitunga (22)\" target=\"_self\" data-index=\"3\"><img decoding=\"async\" class=\"wpmf_img\" alt=\"Chiquitunga (22)\" src=\"https:\/\/www.carmelitaniscalzi.com\/wp-content\/uploads\/2018\/04\/Chiquitunga-22-150x150.jpeg\" data-type=\"wpmfgalleryimg\" data-lazy-src=\"https:\/\/www.carmelitaniscalzi.com\/wp-content\/uploads\/2018\/04\/Chiquitunga-22-150x150.jpeg\"><\/a><\/div><\/div><\/div><\/figure><figure class=\"wpmf-gallery-item\" data-index=\"4\"><div class=\"wpmf-gallery-icon\"><div class=\"square_thumbnail\"><div class=\"img_centered\"><a class=\" not_video noLightbox\" data-lightbox=\"1\" data-href=\"https:\/\/www.carmelitaniscalzi.com\/wp-content\/uploads\/2018\/04\/Chiquitunga-23-1024x761.jpeg\" title=\"Chiquitunga (23)\" target=\"_self\" data-index=\"4\"><img decoding=\"async\" class=\"wpmf_img\" alt=\"Chiquitunga (23)\" src=\"https:\/\/www.carmelitaniscalzi.com\/wp-content\/uploads\/2018\/04\/Chiquitunga-23-150x150.jpeg\" data-type=\"wpmfgalleryimg\" data-lazy-src=\"https:\/\/www.carmelitaniscalzi.com\/wp-content\/uploads\/2018\/04\/Chiquitunga-23-150x150.jpeg\"><\/a><\/div><\/div><\/div><\/figure><figure class=\"wpmf-gallery-item\" data-index=\"5\"><div class=\"wpmf-gallery-icon\"><div class=\"square_thumbnail\"><div class=\"img_centered\"><a class=\" not_video noLightbox\" data-lightbox=\"1\" data-href=\"https:\/\/www.carmelitaniscalzi.com\/wp-content\/uploads\/2018\/04\/Chiquitunga-24-1024x773.jpeg\" title=\"Chiquitunga (24)\" target=\"_self\" data-index=\"5\"><img decoding=\"async\" class=\"wpmf_img\" alt=\"Chiquitunga (24)\" src=\"https:\/\/www.carmelitaniscalzi.com\/wp-content\/uploads\/2018\/04\/Chiquitunga-24-150x150.jpeg\" data-type=\"wpmfgalleryimg\" data-lazy-src=\"https:\/\/www.carmelitaniscalzi.com\/wp-content\/uploads\/2018\/04\/Chiquitunga-24-150x150.jpeg\"><\/a><\/div><\/div><\/div><\/figure><figure class=\"wpmf-gallery-item\" data-index=\"6\"><div class=\"wpmf-gallery-icon\"><div class=\"square_thumbnail\"><div class=\"img_centered\"><a class=\" not_video noLightbox\" data-lightbox=\"1\" data-href=\"https:\/\/www.carmelitaniscalzi.com\/wp-content\/uploads\/2018\/04\/Chiquitunga-25-1024x930.jpeg\" title=\"Chiquitunga (25)\" target=\"_self\" data-index=\"6\"><img decoding=\"async\" class=\"wpmf_img\" alt=\"Chiquitunga (25)\" src=\"https:\/\/www.carmelitaniscalzi.com\/wp-content\/uploads\/2018\/04\/Chiquitunga-25-150x150.jpeg\" data-type=\"wpmfgalleryimg\" data-lazy-src=\"https:\/\/www.carmelitaniscalzi.com\/wp-content\/uploads\/2018\/04\/Chiquitunga-25-150x150.jpeg\"><\/a><\/div><\/div><\/div><\/figure><figure class=\"wpmf-gallery-item\" data-index=\"7\"><div class=\"wpmf-gallery-icon\"><div class=\"square_thumbnail\"><div class=\"img_centered\"><a class=\" not_video noLightbox\" data-lightbox=\"1\" data-href=\"https:\/\/www.carmelitaniscalzi.com\/wp-content\/uploads\/2018\/04\/Chiquitunga-26-1024x710.jpeg\" title=\"Chiquitunga (26)\" target=\"_self\" data-index=\"7\"><img decoding=\"async\" class=\"wpmf_img\" alt=\"Chiquitunga (26)\" src=\"https:\/\/www.carmelitaniscalzi.com\/wp-content\/uploads\/2018\/04\/Chiquitunga-26-150x150.jpeg\" data-type=\"wpmfgalleryimg\" data-lazy-src=\"https:\/\/www.carmelitaniscalzi.com\/wp-content\/uploads\/2018\/04\/Chiquitunga-26-150x150.jpeg\"><\/a><\/div><\/div><\/div><\/figure><figure class=\"wpmf-gallery-item\" data-index=\"8\"><div class=\"wpmf-gallery-icon\"><div class=\"square_thumbnail\"><div class=\"img_centered\"><a class=\" not_video noLightbox\" data-lightbox=\"1\" data-href=\"https:\/\/www.carmelitaniscalzi.com\/wp-content\/uploads\/2018\/04\/Chiquitunga-27-1024x732.jpeg\" title=\"Chiquitunga (27)\" target=\"_self\" data-index=\"8\"><img decoding=\"async\" class=\"wpmf_img\" alt=\"Chiquitunga (27)\" src=\"https:\/\/www.carmelitaniscalzi.com\/wp-content\/uploads\/2018\/04\/Chiquitunga-27-150x150.jpeg\" data-type=\"wpmfgalleryimg\" data-lazy-src=\"https:\/\/www.carmelitaniscalzi.com\/wp-content\/uploads\/2018\/04\/Chiquitunga-27-150x150.jpeg\"><\/a><\/div><\/div><\/div><\/figure><figure class=\"wpmf-gallery-item\" data-index=\"9\"><div class=\"wpmf-gallery-icon\"><div class=\"square_thumbnail\"><div class=\"img_centered\"><a class=\" not_video noLightbox\" data-lightbox=\"1\" data-href=\"https:\/\/www.carmelitaniscalzi.com\/wp-content\/uploads\/2018\/04\/Chiquitunga-28-1024x813.jpeg\" title=\"Chiquitunga (28)\" target=\"_self\" data-index=\"9\"><img decoding=\"async\" class=\"wpmf_img\" alt=\"Chiquitunga (28)\" src=\"https:\/\/www.carmelitaniscalzi.com\/wp-content\/uploads\/2018\/04\/Chiquitunga-28-150x150.jpeg\" data-type=\"wpmfgalleryimg\" data-lazy-src=\"https:\/\/www.carmelitaniscalzi.com\/wp-content\/uploads\/2018\/04\/Chiquitunga-28-150x150.jpeg\"><\/a><\/div><\/div><\/div><\/figure><figure class=\"wpmf-gallery-item\" data-index=\"10\"><div class=\"wpmf-gallery-icon\"><div class=\"square_thumbnail\"><div class=\"img_centered\"><a class=\" not_video noLightbox\" data-lightbox=\"1\" data-href=\"https:\/\/www.carmelitaniscalzi.com\/wp-content\/uploads\/2018\/04\/Chiquitunga-19-1024x716.jpeg\" title=\"Chiquitunga (19)\" target=\"_self\" data-index=\"10\"><img decoding=\"async\" class=\"wpmf_img\" alt=\"Chiquitunga (19)\" src=\"https:\/\/www.carmelitaniscalzi.com\/wp-content\/uploads\/2018\/04\/Chiquitunga-19-150x150.jpeg\" data-type=\"wpmfgalleryimg\" data-lazy-src=\"https:\/\/www.carmelitaniscalzi.com\/wp-content\/uploads\/2018\/04\/Chiquitunga-19-150x150.jpeg\"><\/a><\/div><\/div><\/div><\/figure><figure class=\"wpmf-gallery-item\" data-index=\"11\"><div class=\"wpmf-gallery-icon\"><div class=\"square_thumbnail\"><div class=\"img_centered\"><a class=\" not_video noLightbox\" data-lightbox=\"1\" data-href=\"https:\/\/www.carmelitaniscalzi.com\/wp-content\/uploads\/2018\/04\/Chiquitunga-18-1024x768.jpeg\" title=\"Chiquitunga (18)\" target=\"_self\" data-index=\"11\"><img decoding=\"async\" class=\"wpmf_img\" alt=\"Chiquitunga (18)\" src=\"https:\/\/www.carmelitaniscalzi.com\/wp-content\/uploads\/2018\/04\/Chiquitunga-18-150x150.jpeg\" data-type=\"wpmfgalleryimg\" data-lazy-src=\"https:\/\/www.carmelitaniscalzi.com\/wp-content\/uploads\/2018\/04\/Chiquitunga-18-150x150.jpeg\"><\/a><\/div><\/div><\/div><\/figure><figure class=\"wpmf-gallery-item\" data-index=\"12\"><div class=\"wpmf-gallery-icon\"><div class=\"square_thumbnail\"><div class=\"img_centered\"><a class=\" not_video noLightbox\" data-lightbox=\"1\" data-href=\"https:\/\/www.carmelitaniscalzi.com\/wp-content\/uploads\/2018\/04\/Chiquitunga-17-1024x768.jpeg\" title=\"Chiquitunga (17)\" target=\"_self\" data-index=\"12\"><img decoding=\"async\" class=\"wpmf_img\" alt=\"Chiquitunga (17)\" src=\"https:\/\/www.carmelitaniscalzi.com\/wp-content\/uploads\/2018\/04\/Chiquitunga-17-150x150.jpeg\" data-type=\"wpmfgalleryimg\" data-lazy-src=\"https:\/\/www.carmelitaniscalzi.com\/wp-content\/uploads\/2018\/04\/Chiquitunga-17-150x150.jpeg\"><\/a><\/div><\/div><\/div><\/figure><figure class=\"wpmf-gallery-item\" data-index=\"13\"><div class=\"wpmf-gallery-icon\"><div class=\"square_thumbnail\"><div class=\"img_centered\"><a class=\" not_video noLightbox\" data-lightbox=\"1\" data-href=\"https:\/\/www.carmelitaniscalzi.com\/wp-content\/uploads\/2018\/04\/Chiquitunga-8-1024x768.jpeg\" title=\"Chiquitunga (8)\" target=\"_self\" data-index=\"13\"><img decoding=\"async\" class=\"wpmf_img\" alt=\"Chiquitunga (8)\" src=\"https:\/\/www.carmelitaniscalzi.com\/wp-content\/uploads\/2018\/04\/Chiquitunga-8-150x150.jpeg\" data-type=\"wpmfgalleryimg\" data-lazy-src=\"https:\/\/www.carmelitaniscalzi.com\/wp-content\/uploads\/2018\/04\/Chiquitunga-8-150x150.jpeg\"><\/a><\/div><\/div><\/div><\/figure><figure class=\"wpmf-gallery-item\" data-index=\"14\"><div class=\"wpmf-gallery-icon\"><div class=\"square_thumbnail\"><div class=\"img_centered\"><a class=\" not_video noLightbox\" data-lightbox=\"1\" data-href=\"https:\/\/www.carmelitaniscalzi.com\/wp-content\/uploads\/2018\/04\/Chiquitunga-9-1024x768.jpeg\" title=\"Chiquitunga (9)\" target=\"_self\" data-index=\"14\"><img decoding=\"async\" class=\"wpmf_img\" alt=\"Chiquitunga (9)\" src=\"https:\/\/www.carmelitaniscalzi.com\/wp-content\/uploads\/2018\/04\/Chiquitunga-9-150x150.jpeg\" data-type=\"wpmfgalleryimg\" data-lazy-src=\"https:\/\/www.carmelitaniscalzi.com\/wp-content\/uploads\/2018\/04\/Chiquitunga-9-150x150.jpeg\"><\/a><\/div><\/div><\/div><\/figure><figure class=\"wpmf-gallery-item\" data-index=\"15\"><div class=\"wpmf-gallery-icon\"><div class=\"square_thumbnail\"><div class=\"img_centered\"><a class=\" not_video noLightbox\" data-lightbox=\"1\" data-href=\"https:\/\/www.carmelitaniscalzi.com\/wp-content\/uploads\/2018\/04\/Chiquitunga-10-1024x768.jpeg\" title=\"Chiquitunga (10)\" target=\"_self\" data-index=\"15\"><img decoding=\"async\" class=\"wpmf_img\" alt=\"Chiquitunga (10)\" src=\"https:\/\/www.carmelitaniscalzi.com\/wp-content\/uploads\/2018\/04\/Chiquitunga-10-150x150.jpeg\" data-type=\"wpmfgalleryimg\" data-lazy-src=\"https:\/\/www.carmelitaniscalzi.com\/wp-content\/uploads\/2018\/04\/Chiquitunga-10-150x150.jpeg\"><\/a><\/div><\/div><\/div><\/figure><figure class=\"wpmf-gallery-item\" data-index=\"16\"><div class=\"wpmf-gallery-icon\"><div class=\"square_thumbnail\"><div class=\"img_centered\"><a class=\" not_video noLightbox\" data-lightbox=\"1\" data-href=\"https:\/\/www.carmelitaniscalzi.com\/wp-content\/uploads\/2018\/04\/Chiquitunga-11-575x1024.jpeg\" title=\"Chiquitunga (11)\" target=\"_self\" data-index=\"16\"><img decoding=\"async\" class=\"wpmf_img\" alt=\"Chiquitunga (11)\" src=\"https:\/\/www.carmelitaniscalzi.com\/wp-content\/uploads\/2018\/04\/Chiquitunga-11-150x150.jpeg\" data-type=\"wpmfgalleryimg\" data-lazy-src=\"https:\/\/www.carmelitaniscalzi.com\/wp-content\/uploads\/2018\/04\/Chiquitunga-11-150x150.jpeg\"><\/a><\/div><\/div><\/div><\/figure><figure class=\"wpmf-gallery-item\" data-index=\"17\"><div class=\"wpmf-gallery-icon\"><div class=\"square_thumbnail\"><div class=\"img_centered\"><a class=\" not_video noLightbox\" data-lightbox=\"1\" data-href=\"https:\/\/www.carmelitaniscalzi.com\/wp-content\/uploads\/2018\/04\/Chiquitunga-12-1024x768.jpeg\" title=\"Chiquitunga (12)\" target=\"_self\" data-index=\"17\"><img decoding=\"async\" class=\"wpmf_img\" alt=\"Chiquitunga (12)\" src=\"https:\/\/www.carmelitaniscalzi.com\/wp-content\/uploads\/2018\/04\/Chiquitunga-12-150x150.jpeg\" data-type=\"wpmfgalleryimg\" data-lazy-src=\"https:\/\/www.carmelitaniscalzi.com\/wp-content\/uploads\/2018\/04\/Chiquitunga-12-150x150.jpeg\"><\/a><\/div><\/div><\/div><\/figure><figure class=\"wpmf-gallery-item\" data-index=\"18\"><div class=\"wpmf-gallery-icon\"><div class=\"square_thumbnail\"><div class=\"img_centered\"><a class=\" not_video noLightbox\" data-lightbox=\"1\" data-href=\"https:\/\/www.carmelitaniscalzi.com\/wp-content\/uploads\/2018\/04\/Chiquitunga-13-1024x768.jpeg\" title=\"Chiquitunga (13)\" target=\"_self\" data-index=\"18\"><img decoding=\"async\" class=\"wpmf_img\" alt=\"Chiquitunga (13)\" src=\"https:\/\/www.carmelitaniscalzi.com\/wp-content\/uploads\/2018\/04\/Chiquitunga-13-150x150.jpeg\" data-type=\"wpmfgalleryimg\" data-lazy-src=\"https:\/\/www.carmelitaniscalzi.com\/wp-content\/uploads\/2018\/04\/Chiquitunga-13-150x150.jpeg\"><\/a><\/div><\/div><\/div><\/figure><figure class=\"wpmf-gallery-item\" data-index=\"19\"><div class=\"wpmf-gallery-icon\"><div class=\"square_thumbnail\"><div class=\"img_centered\"><a class=\" not_video noLightbox\" data-lightbox=\"1\" data-href=\"https:\/\/www.carmelitaniscalzi.com\/wp-content\/uploads\/2018\/04\/Chiquitunga-14-1024x768.jpeg\" title=\"Chiquitunga (14)\" target=\"_self\" data-index=\"19\"><img decoding=\"async\" class=\"wpmf_img\" alt=\"Chiquitunga (14)\" src=\"https:\/\/www.carmelitaniscalzi.com\/wp-content\/uploads\/2018\/04\/Chiquitunga-14-150x150.jpeg\" data-type=\"wpmfgalleryimg\" data-lazy-src=\"https:\/\/www.carmelitaniscalzi.com\/wp-content\/uploads\/2018\/04\/Chiquitunga-14-150x150.jpeg\"><\/a><\/div><\/div><\/div><\/figure><figure class=\"wpmf-gallery-item\" data-index=\"20\"><div class=\"wpmf-gallery-icon\"><div class=\"square_thumbnail\"><div class=\"img_centered\"><a class=\" not_video noLightbox\" data-lightbox=\"1\" data-href=\"https:\/\/www.carmelitaniscalzi.com\/wp-content\/uploads\/2018\/04\/Chiquitunga-15-1024x768.jpeg\" title=\"Chiquitunga (15)\" target=\"_self\" data-index=\"20\"><img decoding=\"async\" class=\"wpmf_img\" alt=\"Chiquitunga (15)\" src=\"https:\/\/www.carmelitaniscalzi.com\/wp-content\/uploads\/2018\/04\/Chiquitunga-15-150x150.jpeg\" data-type=\"wpmfgalleryimg\" data-lazy-src=\"https:\/\/www.carmelitaniscalzi.com\/wp-content\/uploads\/2018\/04\/Chiquitunga-15-150x150.jpeg\"><\/a><\/div><\/div><\/div><\/figure><figure class=\"wpmf-gallery-item\" data-index=\"21\"><div class=\"wpmf-gallery-icon\"><div class=\"square_thumbnail\"><div class=\"img_centered\"><a class=\" not_video noLightbox\" data-lightbox=\"1\" data-href=\"https:\/\/www.carmelitaniscalzi.com\/wp-content\/uploads\/2018\/04\/Chiquitunga-16-1024x768.jpeg\" title=\"Chiquitunga (16)\" target=\"_self\" data-index=\"21\"><img decoding=\"async\" class=\"wpmf_img\" alt=\"Chiquitunga (16)\" src=\"https:\/\/www.carmelitaniscalzi.com\/wp-content\/uploads\/2018\/04\/Chiquitunga-16-150x150.jpeg\" data-type=\"wpmfgalleryimg\" data-lazy-src=\"https:\/\/www.carmelitaniscalzi.com\/wp-content\/uploads\/2018\/04\/Chiquitunga-16-150x150.jpeg\"><\/a><\/div><\/div><\/div><\/figure><figure class=\"wpmf-gallery-item\" data-index=\"22\"><div class=\"wpmf-gallery-icon\"><div class=\"square_thumbnail\"><div class=\"img_centered\"><a class=\" not_video noLightbox\" data-lightbox=\"1\" data-href=\"https:\/\/www.carmelitaniscalzi.com\/wp-content\/uploads\/2018\/04\/Chiquitunga-29-1024x643.jpeg\" title=\"Chiquitunga (29)\" target=\"_self\" data-index=\"22\"><img decoding=\"async\" class=\"wpmf_img\" alt=\"Chiquitunga (29)\" src=\"https:\/\/www.carmelitaniscalzi.com\/wp-content\/uploads\/2018\/04\/Chiquitunga-29-150x150.jpeg\" data-type=\"wpmfgalleryimg\" data-lazy-src=\"https:\/\/www.carmelitaniscalzi.com\/wp-content\/uploads\/2018\/04\/Chiquitunga-29-150x150.jpeg\"><\/a><\/div><\/div><\/div><\/figure><\/div><\/div>\n","protected":false},"excerpt":{"rendered":"<p>Am 6. M\u00e4rz 2018 hat der Hl. Vater durch den Pr\u00e4fekten der Kongregation f\u00fcr die Causen\u00a0 der Seligen und Heiligen die Erlaubnis gegeben, das Dekret mit der Approbation des der Ehrw\u00fcrdigen Dienerin Gottes Mar\u00eda Felicia von Jesus im Sakrament zugeschriebenen Wunders zu promulgieren. Sp\u00e4ter hat Bischof Valenzuela von Asunci\u00f3n, Paraguay, das Datum f\u00fcr die Seligsprechung [&hellip;]<\/p>\n","protected":false},"author":7,"featured_media":20418,"comment_status":"closed","ping_status":"closed","sticky":false,"template":"","format":"standard","meta":{"_acf_changed":false,"footnotes":""},"categories":[371,267],"tags":[],"class_list":["post-20445","post","type-post","status-publish","format-standard","has-post-thumbnail","hentry","category-nachrichten","category-nachrichten-generalpostulation"],"acf":[],"yoast_head":"<!-- This site is optimized with the Yoast SEO plugin v26.3 - https:\/\/yoast.com\/wordpress\/plugins\/seo\/ -->\n<title>Seligsprechung von \u201cChiquitunga\u201d - UNBESCHUHTE KARMELITEN<\/title>\n<meta name=\"robots\" content=\"index, follow, max-snippet:-1, max-image-preview:large, max-video-preview:-1\" \/>\n<link rel=\"canonical\" href=\"https:\/\/www.carmelitaniscalzi.com\/de\/2018\/04\/17\/seligsprechung-von-chiquitunga\/\" \/>\n<meta property=\"og:locale\" content=\"de_DE\" \/>\n<meta property=\"og:type\" content=\"article\" \/>\n<meta property=\"og:title\" content=\"Seligsprechung von \u201cChiquitunga\u201d - UNBESCHUHTE KARMELITEN\" \/>\n<meta property=\"og:description\" content=\"Am 6. M\u00e4rz 2018 hat der Hl. Vater durch den Pr\u00e4fekten der Kongregation f\u00fcr die Causen\u00a0 der Seligen und Heiligen die Erlaubnis gegeben, das Dekret mit der Approbation des der Ehrw\u00fcrdigen Dienerin Gottes Mar\u00eda Felicia von Jesus im Sakrament zugeschriebenen Wunders zu promulgieren. Sp\u00e4ter hat Bischof Valenzuela von Asunci\u00f3n, Paraguay, das Datum f\u00fcr die Seligsprechung [&hellip;]\" \/>\n<meta property=\"og:url\" content=\"https:\/\/www.carmelitaniscalzi.com\/de\/2018\/04\/17\/seligsprechung-von-chiquitunga\/\" \/>\n<meta property=\"og:site_name\" content=\"UNBESCHUHTE KARMELITEN\" \/>\n<meta property=\"article:publisher\" content=\"https:\/\/www.facebook.com\/Curia-Generalizia-Carmelitani-Scalzi-658766940887784\/\" \/>\n<meta property=\"article:published_time\" content=\"2018-04-17T09:03:11+00:00\" \/>\n<meta property=\"og:image\" content=\"https:\/\/www.carmelitaniscalzi.com\/wp-content\/uploads\/2018\/04\/Chiquitunga-6.jpeg\" \/>\n\t<meta property=\"og:image:width\" content=\"1280\" \/>\n\t<meta property=\"og:image:height\" content=\"1000\" \/>\n\t<meta property=\"og:image:type\" content=\"image\/jpeg\" \/>\n<meta name=\"author\" content=\"ocd web master\" \/>\n<meta name=\"twitter:card\" content=\"summary_large_image\" \/>\n<meta name=\"twitter:creator\" content=\"@ocdcuria\" \/>\n<meta name=\"twitter:site\" content=\"@ocdcuria\" \/>\n<meta name=\"twitter:label1\" content=\"Verfasst von\" \/>\n\t<meta name=\"twitter:data1\" content=\"ocd web master\" \/>\n\t<meta name=\"twitter:label2\" content=\"Gesch\u00e4tzte Lesezeit\" \/>\n\t<meta name=\"twitter:data2\" content=\"1\u00a0Minute\" \/>\n<script type=\"application\/ld+json\" class=\"yoast-schema-graph\">{\"@context\":\"https:\/\/schema.org\",\"@graph\":[{\"@type\":\"Article\",\"@id\":\"https:\/\/www.carmelitaniscalzi.com\/de\/2018\/04\/17\/seligsprechung-von-chiquitunga\/#article\",\"isPartOf\":{\"@id\":\"https:\/\/www.carmelitaniscalzi.com\/de\/2018\/04\/17\/seligsprechung-von-chiquitunga\/\"},\"author\":{\"name\":\"ocd web master\",\"@id\":\"https:\/\/www.carmelitaniscalzi.com\/#\/schema\/person\/6d1c0d9bea7b6625c437246a5d6da409\"},\"headline\":\"Seligsprechung von \u201cChiquitunga\u201d\",\"datePublished\":\"2018-04-17T09:03:11+00:00\",\"mainEntityOfPage\":{\"@id\":\"https:\/\/www.carmelitaniscalzi.com\/de\/2018\/04\/17\/seligsprechung-von-chiquitunga\/\"},\"wordCount\":246,\"publisher\":{\"@id\":\"https:\/\/www.carmelitaniscalzi.com\/#organization\"},\"image\":{\"@id\":\"https:\/\/www.carmelitaniscalzi.com\/de\/2018\/04\/17\/seligsprechung-von-chiquitunga\/#primaryimage\"},\"thumbnailUrl\":\"https:\/\/www.carmelitaniscalzi.com\/wp-content\/uploads\/2018\/04\/Chiquitunga-6.jpeg\",\"articleSection\":[\"Nachrichten\",\"Nachrichten Generalpostulation\"],\"inLanguage\":\"de\"},{\"@type\":\"WebPage\",\"@id\":\"https:\/\/www.carmelitaniscalzi.com\/de\/2018\/04\/17\/seligsprechung-von-chiquitunga\/\",\"url\":\"https:\/\/www.carmelitaniscalzi.com\/de\/2018\/04\/17\/seligsprechung-von-chiquitunga\/\",\"name\":\"Seligsprechung von \u201cChiquitunga\u201d - UNBESCHUHTE KARMELITEN\",\"isPartOf\":{\"@id\":\"https:\/\/www.carmelitaniscalzi.com\/#website\"},\"primaryImageOfPage\":{\"@id\":\"https:\/\/www.carmelitaniscalzi.com\/de\/2018\/04\/17\/seligsprechung-von-chiquitunga\/#primaryimage\"},\"image\":{\"@id\":\"https:\/\/www.carmelitaniscalzi.com\/de\/2018\/04\/17\/seligsprechung-von-chiquitunga\/#primaryimage\"},\"thumbnailUrl\":\"https:\/\/www.carmelitaniscalzi.com\/wp-content\/uploads\/2018\/04\/Chiquitunga-6.jpeg\",\"datePublished\":\"2018-04-17T09:03:11+00:00\",\"breadcrumb\":{\"@id\":\"https:\/\/www.carmelitaniscalzi.com\/de\/2018\/04\/17\/seligsprechung-von-chiquitunga\/#breadcrumb\"},\"inLanguage\":\"de\",\"potentialAction\":[{\"@type\":\"ReadAction\",\"target\":[\"https:\/\/www.carmelitaniscalzi.com\/de\/2018\/04\/17\/seligsprechung-von-chiquitunga\/\"]}]},{\"@type\":\"ImageObject\",\"inLanguage\":\"de\",\"@id\":\"https:\/\/www.carmelitaniscalzi.com\/de\/2018\/04\/17\/seligsprechung-von-chiquitunga\/#primaryimage\",\"url\":\"https:\/\/www.carmelitaniscalzi.com\/wp-content\/uploads\/2018\/04\/Chiquitunga-6.jpeg\",\"contentUrl\":\"https:\/\/www.carmelitaniscalzi.com\/wp-content\/uploads\/2018\/04\/Chiquitunga-6.jpeg\",\"width\":1280,\"height\":1000},{\"@type\":\"BreadcrumbList\",\"@id\":\"https:\/\/www.carmelitaniscalzi.com\/de\/2018\/04\/17\/seligsprechung-von-chiquitunga\/#breadcrumb\",\"itemListElement\":[{\"@type\":\"ListItem\",\"position\":1,\"name\":\"Home\",\"item\":\"https:\/\/www.carmelitaniscalzi.com\/de\/\"},{\"@type\":\"ListItem\",\"position\":2,\"name\":\"Seligsprechung von \u201cChiquitunga\u201d\"}]},{\"@type\":\"WebSite\",\"@id\":\"https:\/\/www.carmelitaniscalzi.com\/#website\",\"url\":\"https:\/\/www.carmelitaniscalzi.com\/\",\"name\":\"CARMELITANI SCALZI - Curia Generale del Carmelo Teresiano\",\"description\":\"Generalkurie des Teresianischen Karmel\",\"publisher\":{\"@id\":\"https:\/\/www.carmelitaniscalzi.com\/#organization\"},\"alternateName\":\"CARMELITANI SCALZI\",\"potentialAction\":[{\"@type\":\"SearchAction\",\"target\":{\"@type\":\"EntryPoint\",\"urlTemplate\":\"https:\/\/www.carmelitaniscalzi.com\/?s={search_term_string}\"},\"query-input\":{\"@type\":\"PropertyValueSpecification\",\"valueRequired\":true,\"valueName\":\"search_term_string\"}}],\"inLanguage\":\"de\"},{\"@type\":\"Organization\",\"@id\":\"https:\/\/www.carmelitaniscalzi.com\/#organization\",\"name\":\"CARMELITANI SCALZI - Curia Generale del Carmelo Teresiano\",\"url\":\"https:\/\/www.carmelitaniscalzi.com\/\",\"logo\":{\"@type\":\"ImageObject\",\"inLanguage\":\"de\",\"@id\":\"https:\/\/www.carmelitaniscalzi.com\/#\/schema\/logo\/image\/\",\"url\":\"https:\/\/www.carmelitaniscalzi.com\/wp-content\/uploads\/2025\/11\/login-logo.png\",\"contentUrl\":\"https:\/\/www.carmelitaniscalzi.com\/wp-content\/uploads\/2025\/11\/login-logo.png\",\"width\":256,\"height\":256,\"caption\":\"CARMELITANI SCALZI - Curia Generale del Carmelo Teresiano\"},\"image\":{\"@id\":\"https:\/\/www.carmelitaniscalzi.com\/#\/schema\/logo\/image\/\"},\"sameAs\":[\"https:\/\/www.facebook.com\/Curia-Generalizia-Carmelitani-Scalzi-658766940887784\/\",\"https:\/\/x.com\/ocdcuria\",\"https:\/\/www.youtube.com\/channel\/UC2J5ZL0ycOY0qBSTCLX_NGQ\/videos\",\"https:\/\/www.instagram.com\/ocdinform\/\"]},{\"@type\":\"Person\",\"@id\":\"https:\/\/www.carmelitaniscalzi.com\/#\/schema\/person\/6d1c0d9bea7b6625c437246a5d6da409\",\"name\":\"ocd web master\",\"image\":{\"@type\":\"ImageObject\",\"inLanguage\":\"de\",\"@id\":\"https:\/\/www.carmelitaniscalzi.com\/#\/schema\/person\/image\/\",\"url\":\"https:\/\/secure.gravatar.com\/avatar\/41fbc5f82bad909fbaf2984c43fa50d8519ac5853e25b454d022b6868f80d0e7?s=96&d=mm&r=g\",\"contentUrl\":\"https:\/\/secure.gravatar.com\/avatar\/41fbc5f82bad909fbaf2984c43fa50d8519ac5853e25b454d022b6868f80d0e7?s=96&d=mm&r=g\",\"caption\":\"ocd web master\"},\"url\":\"https:\/\/www.carmelitaniscalzi.com\/de\/author\/ocdwebmaster\/\"}]}<\/script>\n<!-- \/ Yoast SEO plugin. -->","yoast_head_json":{"title":"Seligsprechung von \u201cChiquitunga\u201d - UNBESCHUHTE KARMELITEN","robots":{"index":"index","follow":"follow","max-snippet":"max-snippet:-1","max-image-preview":"max-image-preview:large","max-video-preview":"max-video-preview:-1"},"canonical":"https:\/\/www.carmelitaniscalzi.com\/de\/2018\/04\/17\/seligsprechung-von-chiquitunga\/","og_locale":"de_DE","og_type":"article","og_title":"Seligsprechung von \u201cChiquitunga\u201d - UNBESCHUHTE KARMELITEN","og_description":"Am 6. M\u00e4rz 2018 hat der Hl. Vater durch den Pr\u00e4fekten der Kongregation f\u00fcr die Causen\u00a0 der Seligen und Heiligen die Erlaubnis gegeben, das Dekret mit der Approbation des der Ehrw\u00fcrdigen Dienerin Gottes Mar\u00eda Felicia von Jesus im Sakrament zugeschriebenen Wunders zu promulgieren. Sp\u00e4ter hat Bischof Valenzuela von Asunci\u00f3n, Paraguay, das Datum f\u00fcr die Seligsprechung [&hellip;]","og_url":"https:\/\/www.carmelitaniscalzi.com\/de\/2018\/04\/17\/seligsprechung-von-chiquitunga\/","og_site_name":"UNBESCHUHTE KARMELITEN","article_publisher":"https:\/\/www.facebook.com\/Curia-Generalizia-Carmelitani-Scalzi-658766940887784\/","article_published_time":"2018-04-17T09:03:11+00:00","og_image":[{"width":1280,"height":1000,"url":"https:\/\/www.carmelitaniscalzi.com\/wp-content\/uploads\/2018\/04\/Chiquitunga-6.jpeg","type":"image\/jpeg"}],"author":"ocd web master","twitter_card":"summary_large_image","twitter_creator":"@ocdcuria","twitter_site":"@ocdcuria","twitter_misc":{"Verfasst von":"ocd web master","Gesch\u00e4tzte Lesezeit":"1\u00a0Minute"},"schema":{"@context":"https:\/\/schema.org","@graph":[{"@type":"Article","@id":"https:\/\/www.carmelitaniscalzi.com\/de\/2018\/04\/17\/seligsprechung-von-chiquitunga\/#article","isPartOf":{"@id":"https:\/\/www.carmelitaniscalzi.com\/de\/2018\/04\/17\/seligsprechung-von-chiquitunga\/"},"author":{"name":"ocd web master","@id":"https:\/\/www.carmelitaniscalzi.com\/#\/schema\/person\/6d1c0d9bea7b6625c437246a5d6da409"},"headline":"Seligsprechung von \u201cChiquitunga\u201d","datePublished":"2018-04-17T09:03:11+00:00","mainEntityOfPage":{"@id":"https:\/\/www.carmelitaniscalzi.com\/de\/2018\/04\/17\/seligsprechung-von-chiquitunga\/"},"wordCount":246,"publisher":{"@id":"https:\/\/www.carmelitaniscalzi.com\/#organization"},"image":{"@id":"https:\/\/www.carmelitaniscalzi.com\/de\/2018\/04\/17\/seligsprechung-von-chiquitunga\/#primaryimage"},"thumbnailUrl":"https:\/\/www.carmelitaniscalzi.com\/wp-content\/uploads\/2018\/04\/Chiquitunga-6.jpeg","articleSection":["Nachrichten","Nachrichten Generalpostulation"],"inLanguage":"de"},{"@type":"WebPage","@id":"https:\/\/www.carmelitaniscalzi.com\/de\/2018\/04\/17\/seligsprechung-von-chiquitunga\/","url":"https:\/\/www.carmelitaniscalzi.com\/de\/2018\/04\/17\/seligsprechung-von-chiquitunga\/","name":"Seligsprechung von \u201cChiquitunga\u201d - UNBESCHUHTE KARMELITEN","isPartOf":{"@id":"https:\/\/www.carmelitaniscalzi.com\/#website"},"primaryImageOfPage":{"@id":"https:\/\/www.carmelitaniscalzi.com\/de\/2018\/04\/17\/seligsprechung-von-chiquitunga\/#primaryimage"},"image":{"@id":"https:\/\/www.carmelitaniscalzi.com\/de\/2018\/04\/17\/seligsprechung-von-chiquitunga\/#primaryimage"},"thumbnailUrl":"https:\/\/www.carmelitaniscalzi.com\/wp-content\/uploads\/2018\/04\/Chiquitunga-6.jpeg","datePublished":"2018-04-17T09:03:11+00:00","breadcrumb":{"@id":"https:\/\/www.carmelitaniscalzi.com\/de\/2018\/04\/17\/seligsprechung-von-chiquitunga\/#breadcrumb"},"inLanguage":"de","potentialAction":[{"@type":"ReadAction","target":["https:\/\/www.carmelitaniscalzi.com\/de\/2018\/04\/17\/seligsprechung-von-chiquitunga\/"]}]},{"@type":"ImageObject","inLanguage":"de","@id":"https:\/\/www.carmelitaniscalzi.com\/de\/2018\/04\/17\/seligsprechung-von-chiquitunga\/#primaryimage","url":"https:\/\/www.carmelitaniscalzi.com\/wp-content\/uploads\/2018\/04\/Chiquitunga-6.jpeg","contentUrl":"https:\/\/www.carmelitaniscalzi.com\/wp-content\/uploads\/2018\/04\/Chiquitunga-6.jpeg","width":1280,"height":1000},{"@type":"BreadcrumbList","@id":"https:\/\/www.carmelitaniscalzi.com\/de\/2018\/04\/17\/seligsprechung-von-chiquitunga\/#breadcrumb","itemListElement":[{"@type":"ListItem","position":1,"name":"Home","item":"https:\/\/www.carmelitaniscalzi.com\/de\/"},{"@type":"ListItem","position":2,"name":"Seligsprechung von \u201cChiquitunga\u201d"}]},{"@type":"WebSite","@id":"https:\/\/www.carmelitaniscalzi.com\/#website","url":"https:\/\/www.carmelitaniscalzi.com\/","name":"CARMELITANI SCALZI - Curia Generale del Carmelo Teresiano","description":"Generalkurie des Teresianischen Karmel","publisher":{"@id":"https:\/\/www.carmelitaniscalzi.com\/#organization"},"alternateName":"CARMELITANI SCALZI","potentialAction":[{"@type":"SearchAction","target":{"@type":"EntryPoint","urlTemplate":"https:\/\/www.carmelitaniscalzi.com\/?s={search_term_string}"},"query-input":{"@type":"PropertyValueSpecification","valueRequired":true,"valueName":"search_term_string"}}],"inLanguage":"de"},{"@type":"Organization","@id":"https:\/\/www.carmelitaniscalzi.com\/#organization","name":"CARMELITANI SCALZI - Curia Generale del Carmelo Teresiano","url":"https:\/\/www.carmelitaniscalzi.com\/","logo":{"@type":"ImageObject","inLanguage":"de","@id":"https:\/\/www.carmelitaniscalzi.com\/#\/schema\/logo\/image\/","url":"https:\/\/www.carmelitaniscalzi.com\/wp-content\/uploads\/2025\/11\/login-logo.png","contentUrl":"https:\/\/www.carmelitaniscalzi.com\/wp-content\/uploads\/2025\/11\/login-logo.png","width":256,"height":256,"caption":"CARMELITANI SCALZI - Curia Generale del Carmelo Teresiano"},"image":{"@id":"https:\/\/www.carmelitaniscalzi.com\/#\/schema\/logo\/image\/"},"sameAs":["https:\/\/www.facebook.com\/Curia-Generalizia-Carmelitani-Scalzi-658766940887784\/","https:\/\/x.com\/ocdcuria","https:\/\/www.youtube.com\/channel\/UC2J5ZL0ycOY0qBSTCLX_NGQ\/videos","https:\/\/www.instagram.com\/ocdinform\/"]},{"@type":"Person","@id":"https:\/\/www.carmelitaniscalzi.com\/#\/schema\/person\/6d1c0d9bea7b6625c437246a5d6da409","name":"ocd web master","image":{"@type":"ImageObject","inLanguage":"de","@id":"https:\/\/www.carmelitaniscalzi.com\/#\/schema\/person\/image\/","url":"https:\/\/secure.gravatar.com\/avatar\/41fbc5f82bad909fbaf2984c43fa50d8519ac5853e25b454d022b6868f80d0e7?s=96&d=mm&r=g","contentUrl":"https:\/\/secure.gravatar.com\/avatar\/41fbc5f82bad909fbaf2984c43fa50d8519ac5853e25b454d022b6868f80d0e7?s=96&d=mm&r=g","caption":"ocd web master"},"url":"https:\/\/www.carmelitaniscalzi.com\/de\/author\/ocdwebmaster\/"}]}},"_links":{"self":[{"href":"https:\/\/www.carmelitaniscalzi.com\/de\/wp-json\/wp\/v2\/posts\/20445","targetHints":{"allow":["GET"]}}],"collection":[{"href":"https:\/\/www.carmelitaniscalzi.com\/de\/wp-json\/wp\/v2\/posts"}],"about":[{"href":"https:\/\/www.carmelitaniscalzi.com\/de\/wp-json\/wp\/v2\/types\/post"}],"author":[{"embeddable":true,"href":"https:\/\/www.carmelitaniscalzi.com\/de\/wp-json\/wp\/v2\/users\/7"}],"replies":[{"embeddable":true,"href":"https:\/\/www.carmelitaniscalzi.com\/de\/wp-json\/wp\/v2\/comments?post=20445"}],"version-history":[{"count":0,"href":"https:\/\/www.carmelitaniscalzi.com\/de\/wp-json\/wp\/v2\/posts\/20445\/revisions"}],"wp:featuredmedia":[{"embeddable":true,"href":"https:\/\/www.carmelitaniscalzi.com\/de\/wp-json\/wp\/v2\/media\/20418"}],"wp:attachment":[{"href":"https:\/\/www.carmelitaniscalzi.com\/de\/wp-json\/wp\/v2\/media?parent=20445"}],"wp:term":[{"taxonomy":"category","embeddable":true,"href":"https:\/\/www.carmelitaniscalzi.com\/de\/wp-json\/wp\/v2\/categories?post=20445"},{"taxonomy":"post_tag","embeddable":true,"href":"https:\/\/www.carmelitaniscalzi.com\/de\/wp-json\/wp\/v2\/tags?post=20445"}],"curies":[{"name":"wp","href":"https:\/\/api.w.org\/{rel}","templated":true}]}}