{"id":20064,"date":"2018-03-19T13:29:49","date_gmt":"2018-03-19T12:29:49","guid":{"rendered":"https:\/\/www.carmelitaniscalzi.com\/de\/?p=20064"},"modified":"2018-03-19T13:29:49","modified_gmt":"2018-03-19T12:29:49","slug":"treffen-des-ocds-bari-und-maddaloni","status":"publish","type":"post","link":"https:\/\/www.carmelitaniscalzi.com\/de\/2018\/03\/19\/treffen-des-ocds-bari-und-maddaloni\/","title":{"rendered":"Treffen des OCDS in Bari und Maddaloni"},"content":{"rendered":"<p>Die Gemeinden des OCDS der Provinz Neapel trafen sich am 27.\/28. Januar und am 3.\/4. Februar in Bari bzw. Maddaloni, um \u00fcber ihre Konstitutionen zu sprechen, unter dem Titel: \u201eRuf Gottes, Lebensprojekt, beharrliche Treue und Charism.\u201c Leiter war P. Alzinir Debastiani, Generaldelegat f\u00fcr den OCDS. Nach dem Anh\u00f6ren aller Meinungen lud er den Provinzrat ein, bei der Redaktion des n\u00e4chsten Provinzstatuts alle Anmerkungen zu ber\u00fccksichtigen. Die Akten des Treffens sollen von der Provinzialsvorsitzenden Rossana Sabatiello ver\u00f6ffentlicht werden.<\/p>\n<p>Alzinir kam auf einige Punkte in den Konstitutionen zu sprechen, wie auf ihren rechtliche Bedeutung und ihre ihnen von Teresa zukommende inspirierende Kraft f\u00fcr das Leben als Laienkarmeliten. Dabei unterstrich er auch die entscheidende Rolle, die der Gemeinde f\u00fcr das Leben nach dem Ruf Gottes im S\u00e4kularkarmel Teresas zukommt.<\/p>\n<p>An den beiden Treffen nahmen au\u00dfer P. Alzinir der Provinzial von Neapel, P Luigi Borriello, P. Andrea l\u2019Afflitto und einige Beir\u00e4te aus den Gemeinden teil.<\/p>\n<p><img loading=\"lazy\" decoding=\"async\" class=\"alignnone size-full wp-image-20060\" src=\"https:\/\/www.carmelitaniscalzi.com\/wp-content\/uploads\/2018\/03\/01b.jpg\" alt=\"\" width=\"1440\" height=\"1080\" srcset=\"https:\/\/www.carmelitaniscalzi.com\/wp-content\/uploads\/2018\/03\/01b.jpg 1440w, https:\/\/www.carmelitaniscalzi.com\/wp-content\/uploads\/2018\/03\/01b-300x225.jpg 300w, https:\/\/www.carmelitaniscalzi.com\/wp-content\/uploads\/2018\/03\/01b-768x576.jpg 768w, https:\/\/www.carmelitaniscalzi.com\/wp-content\/uploads\/2018\/03\/01b-1024x768.jpg 1024w, https:\/\/www.carmelitaniscalzi.com\/wp-content\/uploads\/2018\/03\/01b-73x55.jpg 73w, https:\/\/www.carmelitaniscalzi.com\/wp-content\/uploads\/2018\/03\/01b-800x600.jpg 800w, https:\/\/www.carmelitaniscalzi.com\/wp-content\/uploads\/2018\/03\/01b-580x435.jpg 580w\" sizes=\"auto, (max-width: 1440px) 100vw, 1440px\" \/> <img loading=\"lazy\" decoding=\"async\" class=\"alignnone size-full wp-image-20059\" src=\"https:\/\/www.carmelitaniscalzi.com\/wp-content\/uploads\/2018\/03\/01-1.jpg\" alt=\"\" width=\"1080\" height=\"1440\" srcset=\"https:\/\/www.carmelitaniscalzi.com\/wp-content\/uploads\/2018\/03\/01-1.jpg 1080w, https:\/\/www.carmelitaniscalzi.com\/wp-content\/uploads\/2018\/03\/01-1-225x300.jpg 225w, https:\/\/www.carmelitaniscalzi.com\/wp-content\/uploads\/2018\/03\/01-1-768x1024.jpg 768w, https:\/\/www.carmelitaniscalzi.com\/wp-content\/uploads\/2018\/03\/01-1-41x55.jpg 41w, https:\/\/www.carmelitaniscalzi.com\/wp-content\/uploads\/2018\/03\/01-1-800x1067.jpg 800w, https:\/\/www.carmelitaniscalzi.com\/wp-content\/uploads\/2018\/03\/01-1-580x773.jpg 580w\" sizes=\"auto, (max-width: 1080px) 100vw, 1080px\" \/> <img loading=\"lazy\" decoding=\"async\" class=\"alignnone size-full wp-image-20058\" src=\"https:\/\/www.carmelitaniscalzi.com\/wp-content\/uploads\/2018\/03\/00a.jpg\" alt=\"\" width=\"780\" height=\"780\" srcset=\"https:\/\/www.carmelitaniscalzi.com\/wp-content\/uploads\/2018\/03\/00a.jpg 780w, https:\/\/www.carmelitaniscalzi.com\/wp-content\/uploads\/2018\/03\/00a-150x150.jpg 150w, https:\/\/www.carmelitaniscalzi.com\/wp-content\/uploads\/2018\/03\/00a-300x300.jpg 300w, https:\/\/www.carmelitaniscalzi.com\/wp-content\/uploads\/2018\/03\/00a-768x768.jpg 768w, https:\/\/www.carmelitaniscalzi.com\/wp-content\/uploads\/2018\/03\/00a-55x55.jpg 55w, https:\/\/www.carmelitaniscalzi.com\/wp-content\/uploads\/2018\/03\/00a-580x580.jpg 580w\" sizes=\"auto, (max-width: 780px) 100vw, 780px\" \/> <img loading=\"lazy\" decoding=\"async\" class=\"alignnone size-full wp-image-20056\" src=\"https:\/\/www.carmelitaniscalzi.com\/wp-content\/uploads\/2018\/03\/03a.jpg\" alt=\"\" width=\"1440\" height=\"1080\" srcset=\"https:\/\/www.carmelitaniscalzi.com\/wp-content\/uploads\/2018\/03\/03a.jpg 1440w, https:\/\/www.carmelitaniscalzi.com\/wp-content\/uploads\/2018\/03\/03a-300x225.jpg 300w, https:\/\/www.carmelitaniscalzi.com\/wp-content\/uploads\/2018\/03\/03a-768x576.jpg 768w, https:\/\/www.carmelitaniscalzi.com\/wp-content\/uploads\/2018\/03\/03a-1024x768.jpg 1024w, https:\/\/www.carmelitaniscalzi.com\/wp-content\/uploads\/2018\/03\/03a-73x55.jpg 73w, https:\/\/www.carmelitaniscalzi.com\/wp-content\/uploads\/2018\/03\/03a-800x600.jpg 800w, https:\/\/www.carmelitaniscalzi.com\/wp-content\/uploads\/2018\/03\/03a-580x435.jpg 580w\" sizes=\"auto, (max-width: 1440px) 100vw, 1440px\" \/> <img loading=\"lazy\" decoding=\"async\" class=\"alignnone size-full wp-image-20055\" src=\"https:\/\/www.carmelitaniscalzi.com\/wp-content\/uploads\/2018\/03\/03-2.jpg\" alt=\"\" width=\"1080\" height=\"1440\" srcset=\"https:\/\/www.carmelitaniscalzi.com\/wp-content\/uploads\/2018\/03\/03-2.jpg 1080w, https:\/\/www.carmelitaniscalzi.com\/wp-content\/uploads\/2018\/03\/03-2-225x300.jpg 225w, https:\/\/www.carmelitaniscalzi.com\/wp-content\/uploads\/2018\/03\/03-2-768x1024.jpg 768w, https:\/\/www.carmelitaniscalzi.com\/wp-content\/uploads\/2018\/03\/03-2-41x55.jpg 41w, https:\/\/www.carmelitaniscalzi.com\/wp-content\/uploads\/2018\/03\/03-2-800x1067.jpg 800w, https:\/\/www.carmelitaniscalzi.com\/wp-content\/uploads\/2018\/03\/03-2-580x773.jpg 580w\" sizes=\"auto, (max-width: 1080px) 100vw, 1080px\" \/> <img loading=\"lazy\" decoding=\"async\" class=\"alignnone size-full wp-image-20054\" src=\"https:\/\/www.carmelitaniscalzi.com\/wp-content\/uploads\/2018\/03\/02-2.jpg\" alt=\"\" width=\"1080\" height=\"1080\" srcset=\"https:\/\/www.carmelitaniscalzi.com\/wp-content\/uploads\/2018\/03\/02-2.jpg 1080w, https:\/\/www.carmelitaniscalzi.com\/wp-content\/uploads\/2018\/03\/02-2-150x150.jpg 150w, https:\/\/www.carmelitaniscalzi.com\/wp-content\/uploads\/2018\/03\/02-2-300x300.jpg 300w, https:\/\/www.carmelitaniscalzi.com\/wp-content\/uploads\/2018\/03\/02-2-768x768.jpg 768w, https:\/\/www.carmelitaniscalzi.com\/wp-content\/uploads\/2018\/03\/02-2-1024x1024.jpg 1024w, https:\/\/www.carmelitaniscalzi.com\/wp-content\/uploads\/2018\/03\/02-2-55x55.jpg 55w, https:\/\/www.carmelitaniscalzi.com\/wp-content\/uploads\/2018\/03\/02-2-800x800.jpg 800w, https:\/\/www.carmelitaniscalzi.com\/wp-content\/uploads\/2018\/03\/02-2-580x580.jpg 580w\" sizes=\"auto, (max-width: 1080px) 100vw, 1080px\" \/><\/p>\n","protected":false},"excerpt":{"rendered":"<p>Die Gemeinden des OCDS der Provinz Neapel trafen sich am 27.\/28. Januar und am 3.\/4. Februar in Bari bzw. Maddaloni, um \u00fcber ihre Konstitutionen zu sprechen, unter dem Titel: \u201eRuf Gottes, Lebensprojekt, beharrliche Treue und Charism.\u201c Leiter war P. Alzinir Debastiani, Generaldelegat f\u00fcr den OCDS. Nach dem Anh\u00f6ren aller Meinungen lud er den Provinzrat ein, [&hellip;]<\/p>\n","protected":false},"author":7,"featured_media":20057,"comment_status":"closed","ping_status":"closed","sticky":false,"template":"","format":"standard","meta":{"_acf_changed":false,"footnotes":""},"categories":[262,371],"tags":[],"class_list":["post-20064","post","type-post","status-publish","format-standard","has-post-thumbnail","hentry","category-nachrichten-ocds","category-nachrichten"],"acf":[],"yoast_head":"<!-- This site is optimized with the Yoast SEO plugin v26.3 - https:\/\/yoast.com\/wordpress\/plugins\/seo\/ -->\n<title>Treffen des OCDS in Bari und Maddaloni - UNBESCHUHTE KARMELITEN<\/title>\n<meta name=\"robots\" content=\"index, follow, max-snippet:-1, max-image-preview:large, max-video-preview:-1\" \/>\n<link rel=\"canonical\" href=\"https:\/\/www.carmelitaniscalzi.com\/de\/2018\/03\/19\/treffen-des-ocds-bari-und-maddaloni\/\" \/>\n<meta property=\"og:locale\" content=\"de_DE\" \/>\n<meta property=\"og:type\" content=\"article\" \/>\n<meta property=\"og:title\" content=\"Treffen des OCDS in Bari und Maddaloni - UNBESCHUHTE KARMELITEN\" \/>\n<meta property=\"og:description\" content=\"Die Gemeinden des OCDS der Provinz Neapel trafen sich am 27.\/28. Januar und am 3.\/4. Februar in Bari bzw. Maddaloni, um \u00fcber ihre Konstitutionen zu sprechen, unter dem Titel: \u201eRuf Gottes, Lebensprojekt, beharrliche Treue und Charism.\u201c Leiter war P. Alzinir Debastiani, Generaldelegat f\u00fcr den OCDS. Nach dem Anh\u00f6ren aller Meinungen lud er den Provinzrat ein, [&hellip;]\" \/>\n<meta property=\"og:url\" content=\"https:\/\/www.carmelitaniscalzi.com\/de\/2018\/03\/19\/treffen-des-ocds-bari-und-maddaloni\/\" \/>\n<meta property=\"og:site_name\" content=\"UNBESCHUHTE KARMELITEN\" \/>\n<meta property=\"article:publisher\" content=\"https:\/\/www.facebook.com\/Curia-Generalizia-Carmelitani-Scalzi-658766940887784\/\" \/>\n<meta property=\"article:published_time\" content=\"2018-03-19T12:29:49+00:00\" \/>\n<meta property=\"og:image\" content=\"https:\/\/www.carmelitaniscalzi.com\/wp-content\/uploads\/2018\/03\/00-2.jpg\" \/>\n\t<meta property=\"og:image:width\" content=\"1328\" \/>\n\t<meta property=\"og:image:height\" content=\"747\" \/>\n\t<meta property=\"og:image:type\" content=\"image\/jpeg\" \/>\n<meta name=\"author\" content=\"ocd web master\" \/>\n<meta name=\"twitter:card\" content=\"summary_large_image\" \/>\n<meta name=\"twitter:creator\" content=\"@ocdcuria\" \/>\n<meta name=\"twitter:site\" content=\"@ocdcuria\" \/>\n<meta name=\"twitter:label1\" content=\"Verfasst von\" \/>\n\t<meta name=\"twitter:data1\" content=\"ocd web master\" \/>\n\t<meta name=\"twitter:label2\" content=\"Gesch\u00e4tzte Lesezeit\" \/>\n\t<meta name=\"twitter:data2\" content=\"1\u00a0Minute\" \/>\n<script type=\"application\/ld+json\" class=\"yoast-schema-graph\">{\"@context\":\"https:\/\/schema.org\",\"@graph\":[{\"@type\":\"Article\",\"@id\":\"https:\/\/www.carmelitaniscalzi.com\/de\/2018\/03\/19\/treffen-des-ocds-bari-und-maddaloni\/#article\",\"isPartOf\":{\"@id\":\"https:\/\/www.carmelitaniscalzi.com\/de\/2018\/03\/19\/treffen-des-ocds-bari-und-maddaloni\/\"},\"author\":{\"name\":\"ocd web master\",\"@id\":\"https:\/\/www.carmelitaniscalzi.com\/#\/schema\/person\/6d1c0d9bea7b6625c437246a5d6da409\"},\"headline\":\"Treffen des OCDS in Bari und Maddaloni\",\"datePublished\":\"2018-03-19T12:29:49+00:00\",\"mainEntityOfPage\":{\"@id\":\"https:\/\/www.carmelitaniscalzi.com\/de\/2018\/03\/19\/treffen-des-ocds-bari-und-maddaloni\/\"},\"wordCount\":167,\"publisher\":{\"@id\":\"https:\/\/www.carmelitaniscalzi.com\/#organization\"},\"image\":{\"@id\":\"https:\/\/www.carmelitaniscalzi.com\/de\/2018\/03\/19\/treffen-des-ocds-bari-und-maddaloni\/#primaryimage\"},\"thumbnailUrl\":\"https:\/\/www.carmelitaniscalzi.com\/wp-content\/uploads\/2018\/03\/00-2.jpg\",\"articleSection\":[\"Nachrichten OCDS\",\"Nachrichten\"],\"inLanguage\":\"de\"},{\"@type\":\"WebPage\",\"@id\":\"https:\/\/www.carmelitaniscalzi.com\/de\/2018\/03\/19\/treffen-des-ocds-bari-und-maddaloni\/\",\"url\":\"https:\/\/www.carmelitaniscalzi.com\/de\/2018\/03\/19\/treffen-des-ocds-bari-und-maddaloni\/\",\"name\":\"Treffen des OCDS in Bari und Maddaloni - UNBESCHUHTE KARMELITEN\",\"isPartOf\":{\"@id\":\"https:\/\/www.carmelitaniscalzi.com\/#website\"},\"primaryImageOfPage\":{\"@id\":\"https:\/\/www.carmelitaniscalzi.com\/de\/2018\/03\/19\/treffen-des-ocds-bari-und-maddaloni\/#primaryimage\"},\"image\":{\"@id\":\"https:\/\/www.carmelitaniscalzi.com\/de\/2018\/03\/19\/treffen-des-ocds-bari-und-maddaloni\/#primaryimage\"},\"thumbnailUrl\":\"https:\/\/www.carmelitaniscalzi.com\/wp-content\/uploads\/2018\/03\/00-2.jpg\",\"datePublished\":\"2018-03-19T12:29:49+00:00\",\"breadcrumb\":{\"@id\":\"https:\/\/www.carmelitaniscalzi.com\/de\/2018\/03\/19\/treffen-des-ocds-bari-und-maddaloni\/#breadcrumb\"},\"inLanguage\":\"de\",\"potentialAction\":[{\"@type\":\"ReadAction\",\"target\":[\"https:\/\/www.carmelitaniscalzi.com\/de\/2018\/03\/19\/treffen-des-ocds-bari-und-maddaloni\/\"]}]},{\"@type\":\"ImageObject\",\"inLanguage\":\"de\",\"@id\":\"https:\/\/www.carmelitaniscalzi.com\/de\/2018\/03\/19\/treffen-des-ocds-bari-und-maddaloni\/#primaryimage\",\"url\":\"https:\/\/www.carmelitaniscalzi.com\/wp-content\/uploads\/2018\/03\/00-2.jpg\",\"contentUrl\":\"https:\/\/www.carmelitaniscalzi.com\/wp-content\/uploads\/2018\/03\/00-2.jpg\",\"width\":1328,\"height\":747},{\"@type\":\"BreadcrumbList\",\"@id\":\"https:\/\/www.carmelitaniscalzi.com\/de\/2018\/03\/19\/treffen-des-ocds-bari-und-maddaloni\/#breadcrumb\",\"itemListElement\":[{\"@type\":\"ListItem\",\"position\":1,\"name\":\"Home\",\"item\":\"https:\/\/www.carmelitaniscalzi.com\/de\/\"},{\"@type\":\"ListItem\",\"position\":2,\"name\":\"Treffen des OCDS in Bari und Maddaloni\"}]},{\"@type\":\"WebSite\",\"@id\":\"https:\/\/www.carmelitaniscalzi.com\/#website\",\"url\":\"https:\/\/www.carmelitaniscalzi.com\/\",\"name\":\"CARMELITANI SCALZI - Curia Generale del Carmelo Teresiano\",\"description\":\"Generalkurie des Teresianischen Karmel\",\"publisher\":{\"@id\":\"https:\/\/www.carmelitaniscalzi.com\/#organization\"},\"alternateName\":\"CARMELITANI SCALZI\",\"potentialAction\":[{\"@type\":\"SearchAction\",\"target\":{\"@type\":\"EntryPoint\",\"urlTemplate\":\"https:\/\/www.carmelitaniscalzi.com\/?s={search_term_string}\"},\"query-input\":{\"@type\":\"PropertyValueSpecification\",\"valueRequired\":true,\"valueName\":\"search_term_string\"}}],\"inLanguage\":\"de\"},{\"@type\":\"Organization\",\"@id\":\"https:\/\/www.carmelitaniscalzi.com\/#organization\",\"name\":\"CARMELITANI SCALZI - Curia Generale del Carmelo Teresiano\",\"url\":\"https:\/\/www.carmelitaniscalzi.com\/\",\"logo\":{\"@type\":\"ImageObject\",\"inLanguage\":\"de\",\"@id\":\"https:\/\/www.carmelitaniscalzi.com\/#\/schema\/logo\/image\/\",\"url\":\"https:\/\/www.carmelitaniscalzi.com\/wp-content\/uploads\/2025\/11\/login-logo.png\",\"contentUrl\":\"https:\/\/www.carmelitaniscalzi.com\/wp-content\/uploads\/2025\/11\/login-logo.png\",\"width\":256,\"height\":256,\"caption\":\"CARMELITANI SCALZI - Curia Generale del Carmelo Teresiano\"},\"image\":{\"@id\":\"https:\/\/www.carmelitaniscalzi.com\/#\/schema\/logo\/image\/\"},\"sameAs\":[\"https:\/\/www.facebook.com\/Curia-Generalizia-Carmelitani-Scalzi-658766940887784\/\",\"https:\/\/x.com\/ocdcuria\",\"https:\/\/www.youtube.com\/channel\/UC2J5ZL0ycOY0qBSTCLX_NGQ\/videos\",\"https:\/\/www.instagram.com\/ocdinform\/\"]},{\"@type\":\"Person\",\"@id\":\"https:\/\/www.carmelitaniscalzi.com\/#\/schema\/person\/6d1c0d9bea7b6625c437246a5d6da409\",\"name\":\"ocd web master\",\"image\":{\"@type\":\"ImageObject\",\"inLanguage\":\"de\",\"@id\":\"https:\/\/www.carmelitaniscalzi.com\/#\/schema\/person\/image\/\",\"url\":\"https:\/\/secure.gravatar.com\/avatar\/41fbc5f82bad909fbaf2984c43fa50d8519ac5853e25b454d022b6868f80d0e7?s=96&d=mm&r=g\",\"contentUrl\":\"https:\/\/secure.gravatar.com\/avatar\/41fbc5f82bad909fbaf2984c43fa50d8519ac5853e25b454d022b6868f80d0e7?s=96&d=mm&r=g\",\"caption\":\"ocd web master\"},\"url\":\"https:\/\/www.carmelitaniscalzi.com\/de\/author\/ocdwebmaster\/\"}]}<\/script>\n<!-- \/ Yoast SEO plugin. -->","yoast_head_json":{"title":"Treffen des OCDS in Bari und Maddaloni - UNBESCHUHTE KARMELITEN","robots":{"index":"index","follow":"follow","max-snippet":"max-snippet:-1","max-image-preview":"max-image-preview:large","max-video-preview":"max-video-preview:-1"},"canonical":"https:\/\/www.carmelitaniscalzi.com\/de\/2018\/03\/19\/treffen-des-ocds-bari-und-maddaloni\/","og_locale":"de_DE","og_type":"article","og_title":"Treffen des OCDS in Bari und Maddaloni - UNBESCHUHTE KARMELITEN","og_description":"Die Gemeinden des OCDS der Provinz Neapel trafen sich am 27.\/28. Januar und am 3.\/4. Februar in Bari bzw. Maddaloni, um \u00fcber ihre Konstitutionen zu sprechen, unter dem Titel: \u201eRuf Gottes, Lebensprojekt, beharrliche Treue und Charism.\u201c Leiter war P. Alzinir Debastiani, Generaldelegat f\u00fcr den OCDS. Nach dem Anh\u00f6ren aller Meinungen lud er den Provinzrat ein, [&hellip;]","og_url":"https:\/\/www.carmelitaniscalzi.com\/de\/2018\/03\/19\/treffen-des-ocds-bari-und-maddaloni\/","og_site_name":"UNBESCHUHTE KARMELITEN","article_publisher":"https:\/\/www.facebook.com\/Curia-Generalizia-Carmelitani-Scalzi-658766940887784\/","article_published_time":"2018-03-19T12:29:49+00:00","og_image":[{"width":1328,"height":747,"url":"https:\/\/www.carmelitaniscalzi.com\/wp-content\/uploads\/2018\/03\/00-2.jpg","type":"image\/jpeg"}],"author":"ocd web master","twitter_card":"summary_large_image","twitter_creator":"@ocdcuria","twitter_site":"@ocdcuria","twitter_misc":{"Verfasst von":"ocd web master","Gesch\u00e4tzte Lesezeit":"1\u00a0Minute"},"schema":{"@context":"https:\/\/schema.org","@graph":[{"@type":"Article","@id":"https:\/\/www.carmelitaniscalzi.com\/de\/2018\/03\/19\/treffen-des-ocds-bari-und-maddaloni\/#article","isPartOf":{"@id":"https:\/\/www.carmelitaniscalzi.com\/de\/2018\/03\/19\/treffen-des-ocds-bari-und-maddaloni\/"},"author":{"name":"ocd web master","@id":"https:\/\/www.carmelitaniscalzi.com\/#\/schema\/person\/6d1c0d9bea7b6625c437246a5d6da409"},"headline":"Treffen des OCDS in Bari und Maddaloni","datePublished":"2018-03-19T12:29:49+00:00","mainEntityOfPage":{"@id":"https:\/\/www.carmelitaniscalzi.com\/de\/2018\/03\/19\/treffen-des-ocds-bari-und-maddaloni\/"},"wordCount":167,"publisher":{"@id":"https:\/\/www.carmelitaniscalzi.com\/#organization"},"image":{"@id":"https:\/\/www.carmelitaniscalzi.com\/de\/2018\/03\/19\/treffen-des-ocds-bari-und-maddaloni\/#primaryimage"},"thumbnailUrl":"https:\/\/www.carmelitaniscalzi.com\/wp-content\/uploads\/2018\/03\/00-2.jpg","articleSection":["Nachrichten OCDS","Nachrichten"],"inLanguage":"de"},{"@type":"WebPage","@id":"https:\/\/www.carmelitaniscalzi.com\/de\/2018\/03\/19\/treffen-des-ocds-bari-und-maddaloni\/","url":"https:\/\/www.carmelitaniscalzi.com\/de\/2018\/03\/19\/treffen-des-ocds-bari-und-maddaloni\/","name":"Treffen des OCDS in Bari und Maddaloni - UNBESCHUHTE KARMELITEN","isPartOf":{"@id":"https:\/\/www.carmelitaniscalzi.com\/#website"},"primaryImageOfPage":{"@id":"https:\/\/www.carmelitaniscalzi.com\/de\/2018\/03\/19\/treffen-des-ocds-bari-und-maddaloni\/#primaryimage"},"image":{"@id":"https:\/\/www.carmelitaniscalzi.com\/de\/2018\/03\/19\/treffen-des-ocds-bari-und-maddaloni\/#primaryimage"},"thumbnailUrl":"https:\/\/www.carmelitaniscalzi.com\/wp-content\/uploads\/2018\/03\/00-2.jpg","datePublished":"2018-03-19T12:29:49+00:00","breadcrumb":{"@id":"https:\/\/www.carmelitaniscalzi.com\/de\/2018\/03\/19\/treffen-des-ocds-bari-und-maddaloni\/#breadcrumb"},"inLanguage":"de","potentialAction":[{"@type":"ReadAction","target":["https:\/\/www.carmelitaniscalzi.com\/de\/2018\/03\/19\/treffen-des-ocds-bari-und-maddaloni\/"]}]},{"@type":"ImageObject","inLanguage":"de","@id":"https:\/\/www.carmelitaniscalzi.com\/de\/2018\/03\/19\/treffen-des-ocds-bari-und-maddaloni\/#primaryimage","url":"https:\/\/www.carmelitaniscalzi.com\/wp-content\/uploads\/2018\/03\/00-2.jpg","contentUrl":"https:\/\/www.carmelitaniscalzi.com\/wp-content\/uploads\/2018\/03\/00-2.jpg","width":1328,"height":747},{"@type":"BreadcrumbList","@id":"https:\/\/www.carmelitaniscalzi.com\/de\/2018\/03\/19\/treffen-des-ocds-bari-und-maddaloni\/#breadcrumb","itemListElement":[{"@type":"ListItem","position":1,"name":"Home","item":"https:\/\/www.carmelitaniscalzi.com\/de\/"},{"@type":"ListItem","position":2,"name":"Treffen des OCDS in Bari und Maddaloni"}]},{"@type":"WebSite","@id":"https:\/\/www.carmelitaniscalzi.com\/#website","url":"https:\/\/www.carmelitaniscalzi.com\/","name":"CARMELITANI SCALZI - Curia Generale del Carmelo Teresiano","description":"Generalkurie des Teresianischen Karmel","publisher":{"@id":"https:\/\/www.carmelitaniscalzi.com\/#organization"},"alternateName":"CARMELITANI SCALZI","potentialAction":[{"@type":"SearchAction","target":{"@type":"EntryPoint","urlTemplate":"https:\/\/www.carmelitaniscalzi.com\/?s={search_term_string}"},"query-input":{"@type":"PropertyValueSpecification","valueRequired":true,"valueName":"search_term_string"}}],"inLanguage":"de"},{"@type":"Organization","@id":"https:\/\/www.carmelitaniscalzi.com\/#organization","name":"CARMELITANI SCALZI - Curia Generale del Carmelo Teresiano","url":"https:\/\/www.carmelitaniscalzi.com\/","logo":{"@type":"ImageObject","inLanguage":"de","@id":"https:\/\/www.carmelitaniscalzi.com\/#\/schema\/logo\/image\/","url":"https:\/\/www.carmelitaniscalzi.com\/wp-content\/uploads\/2025\/11\/login-logo.png","contentUrl":"https:\/\/www.carmelitaniscalzi.com\/wp-content\/uploads\/2025\/11\/login-logo.png","width":256,"height":256,"caption":"CARMELITANI SCALZI - Curia Generale del Carmelo Teresiano"},"image":{"@id":"https:\/\/www.carmelitaniscalzi.com\/#\/schema\/logo\/image\/"},"sameAs":["https:\/\/www.facebook.com\/Curia-Generalizia-Carmelitani-Scalzi-658766940887784\/","https:\/\/x.com\/ocdcuria","https:\/\/www.youtube.com\/channel\/UC2J5ZL0ycOY0qBSTCLX_NGQ\/videos","https:\/\/www.instagram.com\/ocdinform\/"]},{"@type":"Person","@id":"https:\/\/www.carmelitaniscalzi.com\/#\/schema\/person\/6d1c0d9bea7b6625c437246a5d6da409","name":"ocd web master","image":{"@type":"ImageObject","inLanguage":"de","@id":"https:\/\/www.carmelitaniscalzi.com\/#\/schema\/person\/image\/","url":"https:\/\/secure.gravatar.com\/avatar\/41fbc5f82bad909fbaf2984c43fa50d8519ac5853e25b454d022b6868f80d0e7?s=96&d=mm&r=g","contentUrl":"https:\/\/secure.gravatar.com\/avatar\/41fbc5f82bad909fbaf2984c43fa50d8519ac5853e25b454d022b6868f80d0e7?s=96&d=mm&r=g","caption":"ocd web master"},"url":"https:\/\/www.carmelitaniscalzi.com\/de\/author\/ocdwebmaster\/"}]}},"_links":{"self":[{"href":"https:\/\/www.carmelitaniscalzi.com\/de\/wp-json\/wp\/v2\/posts\/20064","targetHints":{"allow":["GET"]}}],"collection":[{"href":"https:\/\/www.carmelitaniscalzi.com\/de\/wp-json\/wp\/v2\/posts"}],"about":[{"href":"https:\/\/www.carmelitaniscalzi.com\/de\/wp-json\/wp\/v2\/types\/post"}],"author":[{"embeddable":true,"href":"https:\/\/www.carmelitaniscalzi.com\/de\/wp-json\/wp\/v2\/users\/7"}],"replies":[{"embeddable":true,"href":"https:\/\/www.carmelitaniscalzi.com\/de\/wp-json\/wp\/v2\/comments?post=20064"}],"version-history":[{"count":0,"href":"https:\/\/www.carmelitaniscalzi.com\/de\/wp-json\/wp\/v2\/posts\/20064\/revisions"}],"wp:featuredmedia":[{"embeddable":true,"href":"https:\/\/www.carmelitaniscalzi.com\/de\/wp-json\/wp\/v2\/media\/20057"}],"wp:attachment":[{"href":"https:\/\/www.carmelitaniscalzi.com\/de\/wp-json\/wp\/v2\/media?parent=20064"}],"wp:term":[{"taxonomy":"category","embeddable":true,"href":"https:\/\/www.carmelitaniscalzi.com\/de\/wp-json\/wp\/v2\/categories?post=20064"},{"taxonomy":"post_tag","embeddable":true,"href":"https:\/\/www.carmelitaniscalzi.com\/de\/wp-json\/wp\/v2\/tags?post=20064"}],"curies":[{"name":"wp","href":"https:\/\/api.w.org\/{rel}","templated":true}]}}