{"id":19476,"date":"2018-01-18T14:12:09","date_gmt":"2018-01-18T13:12:09","guid":{"rendered":"https:\/\/www.carmelitaniscalzi.com\/de\/?p=19476"},"modified":"2018-01-18T14:12:09","modified_gmt":"2018-01-18T13:12:09","slug":"die-karmelitinnen-von-tolentino","status":"publish","type":"post","link":"https:\/\/www.carmelitaniscalzi.com\/de\/2018\/01\/18\/die-karmelitinnen-von-tolentino\/","title":{"rendered":"Die Karmelitinnen von Tolentino"},"content":{"rendered":"<p>Oft erreichen uns Fragen nach der Situation der Karmelitinnen von Tolentino, die, wie wir berichtet haben, am 3. November 2016 ihr Kloster verlassen mussten, nachdem das Erdbeben vom 30 Oktober 2016 es teilweise zerst\u00f6rt hatte. Es passierte gerade, als der damalige Provinzial von Mittelitalien, P. Gabriele Morra, mit der Feier der Eucharistie begonnen hatte.<\/p>\n<p>Noch am gleichen Tag fanden sie damals Zuflucht bei den Karmelitinnen von Fano, doch begannen sie sofort, sich nach einer besseren L\u00f6sung umzuschauen, weil es trotz allen guten Willens und gro\u00dfer Bereitschaft f\u00fcr die Kommunit\u00e4t in Fano eine zu gro\u00dfe Belastung war, zus\u00e4tzlich noch 19 Schwestern unterzubringen. Zugleich erlaubte eine andere L\u00f6sung der Kommunit\u00e4t von Tolentino, ihren eigenen Rhythmus zu leben.<\/p>\n<p>Am 22. Juli 2017 konnten die Schwestern dank der Vermittlung der Augustinerpatres und der gro\u00dfen Bereitschaft der Augustinerinnen der hl. Rita von Cascia sich in deren G\u00e4stehaus in der N\u00e4he dieser Stadt umziehen. Dort leben sie bis jetzt und hoffen, ihr Kloster bald m\u00f6glichst wieder bezugsfertig machen zu k\u00f6nnen. Es bleibt noch viel zu tun, doch gibt es bereits einige solidarische Aktionen, \u00fcber die wir ins unserem sozialen Netzwerk auch berichtet haben. Die Kommunit\u00e4t lebt nach dem schrecklichen Erdbeben vom 30. Oktober 2016 in gro\u00dfer Hoffnung und Ergebenheit in Gotts Willen.<\/p>\n<p>Durch diesen Link kann eine von den Schwestern in Italienisch verfasste Chronik der Ereignisse eingesehen werden: <a href=\"http:\/\/www.sannicoladatolentino.it\/files\/Bollettino-luglio-settembre-2017--DEF.pdf\">http:\/\/www.sannicoladatolentino.it\/files\/Bollettino-luglio-settembre-2017&#8211;DEF.pdf<\/a><\/p>\n<p><img loading=\"lazy\" decoding=\"async\" class=\"alignnone size-full wp-image-19469\" src=\"https:\/\/www.carmelitaniscalzi.com\/wp-content\/uploads\/2018\/01\/02-2.png\" alt=\"\" width=\"297\" height=\"411\" srcset=\"https:\/\/www.carmelitaniscalzi.com\/wp-content\/uploads\/2018\/01\/02-2.png 297w, https:\/\/www.carmelitaniscalzi.com\/wp-content\/uploads\/2018\/01\/02-2-217x300.png 217w, https:\/\/www.carmelitaniscalzi.com\/wp-content\/uploads\/2018\/01\/02-2-40x55.png 40w\" sizes=\"auto, (max-width: 297px) 100vw, 297px\" \/> <img loading=\"lazy\" decoding=\"async\" class=\"alignnone size-full wp-image-19468\" src=\"https:\/\/www.carmelitaniscalzi.com\/wp-content\/uploads\/2018\/01\/01-2.png\" alt=\"\" width=\"603\" height=\"259\" srcset=\"https:\/\/www.carmelitaniscalzi.com\/wp-content\/uploads\/2018\/01\/01-2.png 603w, https:\/\/www.carmelitaniscalzi.com\/wp-content\/uploads\/2018\/01\/01-2-300x129.png 300w, https:\/\/www.carmelitaniscalzi.com\/wp-content\/uploads\/2018\/01\/01-2-128x55.png 128w, https:\/\/www.carmelitaniscalzi.com\/wp-content\/uploads\/2018\/01\/01-2-580x249.png 580w\" sizes=\"auto, (max-width: 603px) 100vw, 603px\" \/><\/p>\n","protected":false},"excerpt":{"rendered":"<p>Oft erreichen uns Fragen nach der Situation der Karmelitinnen von Tolentino, die, wie wir berichtet haben, am 3. November 2016 ihr Kloster verlassen mussten, nachdem das Erdbeben vom 30 Oktober 2016 es teilweise zerst\u00f6rt hatte. Es passierte gerade, als der damalige Provinzial von Mittelitalien, P. Gabriele Morra, mit der Feier der Eucharistie begonnen hatte. Noch [&hellip;]<\/p>\n","protected":false},"author":7,"featured_media":19467,"comment_status":"closed","ping_status":"closed","sticky":false,"template":"","format":"standard","meta":{"_acf_changed":false,"footnotes":""},"categories":[214,371],"tags":[],"class_list":["post-19476","post","type-post","status-publish","format-standard","has-post-thumbnail","hentry","category-nachrichten-ueber-schwestern","category-nachrichten"],"acf":[],"yoast_head":"<!-- This site is optimized with the Yoast SEO plugin v26.3 - https:\/\/yoast.com\/wordpress\/plugins\/seo\/ -->\n<title>Die Karmelitinnen von Tolentino - UNBESCHUHTE KARMELITEN<\/title>\n<meta name=\"robots\" content=\"index, follow, max-snippet:-1, max-image-preview:large, max-video-preview:-1\" \/>\n<link rel=\"canonical\" href=\"https:\/\/www.carmelitaniscalzi.com\/de\/2018\/01\/18\/die-karmelitinnen-von-tolentino\/\" \/>\n<meta property=\"og:locale\" content=\"de_DE\" \/>\n<meta property=\"og:type\" content=\"article\" \/>\n<meta property=\"og:title\" content=\"Die Karmelitinnen von Tolentino - UNBESCHUHTE KARMELITEN\" \/>\n<meta property=\"og:description\" content=\"Oft erreichen uns Fragen nach der Situation der Karmelitinnen von Tolentino, die, wie wir berichtet haben, am 3. November 2016 ihr Kloster verlassen mussten, nachdem das Erdbeben vom 30 Oktober 2016 es teilweise zerst\u00f6rt hatte. Es passierte gerade, als der damalige Provinzial von Mittelitalien, P. Gabriele Morra, mit der Feier der Eucharistie begonnen hatte. Noch [&hellip;]\" \/>\n<meta property=\"og:url\" content=\"https:\/\/www.carmelitaniscalzi.com\/de\/2018\/01\/18\/die-karmelitinnen-von-tolentino\/\" \/>\n<meta property=\"og:site_name\" content=\"UNBESCHUHTE KARMELITEN\" \/>\n<meta property=\"article:publisher\" content=\"https:\/\/www.facebook.com\/Curia-Generalizia-Carmelitani-Scalzi-658766940887784\/\" \/>\n<meta property=\"article:published_time\" content=\"2018-01-18T13:12:09+00:00\" \/>\n<meta property=\"og:image\" content=\"https:\/\/www.carmelitaniscalzi.com\/wp-content\/uploads\/2018\/01\/00-2.png\" \/>\n\t<meta property=\"og:image:width\" content=\"640\" \/>\n\t<meta property=\"og:image:height\" content=\"366\" \/>\n\t<meta property=\"og:image:type\" content=\"image\/png\" \/>\n<meta name=\"author\" content=\"ocd web master\" \/>\n<meta name=\"twitter:card\" content=\"summary_large_image\" \/>\n<meta name=\"twitter:creator\" content=\"@ocdcuria\" \/>\n<meta name=\"twitter:site\" content=\"@ocdcuria\" \/>\n<meta name=\"twitter:label1\" content=\"Verfasst von\" \/>\n\t<meta name=\"twitter:data1\" content=\"ocd web master\" \/>\n\t<meta name=\"twitter:label2\" content=\"Gesch\u00e4tzte Lesezeit\" \/>\n\t<meta name=\"twitter:data2\" content=\"1\u00a0Minute\" \/>\n<script type=\"application\/ld+json\" class=\"yoast-schema-graph\">{\"@context\":\"https:\/\/schema.org\",\"@graph\":[{\"@type\":\"Article\",\"@id\":\"https:\/\/www.carmelitaniscalzi.com\/de\/2018\/01\/18\/die-karmelitinnen-von-tolentino\/#article\",\"isPartOf\":{\"@id\":\"https:\/\/www.carmelitaniscalzi.com\/de\/2018\/01\/18\/die-karmelitinnen-von-tolentino\/\"},\"author\":{\"name\":\"ocd web master\",\"@id\":\"https:\/\/www.carmelitaniscalzi.com\/#\/schema\/person\/6d1c0d9bea7b6625c437246a5d6da409\"},\"headline\":\"Die Karmelitinnen von Tolentino\",\"datePublished\":\"2018-01-18T13:12:09+00:00\",\"mainEntityOfPage\":{\"@id\":\"https:\/\/www.carmelitaniscalzi.com\/de\/2018\/01\/18\/die-karmelitinnen-von-tolentino\/\"},\"wordCount\":241,\"publisher\":{\"@id\":\"https:\/\/www.carmelitaniscalzi.com\/#organization\"},\"image\":{\"@id\":\"https:\/\/www.carmelitaniscalzi.com\/de\/2018\/01\/18\/die-karmelitinnen-von-tolentino\/#primaryimage\"},\"thumbnailUrl\":\"https:\/\/www.carmelitaniscalzi.com\/wp-content\/uploads\/2018\/01\/00-2.png\",\"articleSection\":[\"Nachrichten \u00fcber Schwestern\",\"Nachrichten\"],\"inLanguage\":\"de\"},{\"@type\":\"WebPage\",\"@id\":\"https:\/\/www.carmelitaniscalzi.com\/de\/2018\/01\/18\/die-karmelitinnen-von-tolentino\/\",\"url\":\"https:\/\/www.carmelitaniscalzi.com\/de\/2018\/01\/18\/die-karmelitinnen-von-tolentino\/\",\"name\":\"Die Karmelitinnen von Tolentino - UNBESCHUHTE KARMELITEN\",\"isPartOf\":{\"@id\":\"https:\/\/www.carmelitaniscalzi.com\/#website\"},\"primaryImageOfPage\":{\"@id\":\"https:\/\/www.carmelitaniscalzi.com\/de\/2018\/01\/18\/die-karmelitinnen-von-tolentino\/#primaryimage\"},\"image\":{\"@id\":\"https:\/\/www.carmelitaniscalzi.com\/de\/2018\/01\/18\/die-karmelitinnen-von-tolentino\/#primaryimage\"},\"thumbnailUrl\":\"https:\/\/www.carmelitaniscalzi.com\/wp-content\/uploads\/2018\/01\/00-2.png\",\"datePublished\":\"2018-01-18T13:12:09+00:00\",\"breadcrumb\":{\"@id\":\"https:\/\/www.carmelitaniscalzi.com\/de\/2018\/01\/18\/die-karmelitinnen-von-tolentino\/#breadcrumb\"},\"inLanguage\":\"de\",\"potentialAction\":[{\"@type\":\"ReadAction\",\"target\":[\"https:\/\/www.carmelitaniscalzi.com\/de\/2018\/01\/18\/die-karmelitinnen-von-tolentino\/\"]}]},{\"@type\":\"ImageObject\",\"inLanguage\":\"de\",\"@id\":\"https:\/\/www.carmelitaniscalzi.com\/de\/2018\/01\/18\/die-karmelitinnen-von-tolentino\/#primaryimage\",\"url\":\"https:\/\/www.carmelitaniscalzi.com\/wp-content\/uploads\/2018\/01\/00-2.png\",\"contentUrl\":\"https:\/\/www.carmelitaniscalzi.com\/wp-content\/uploads\/2018\/01\/00-2.png\",\"width\":640,\"height\":366},{\"@type\":\"BreadcrumbList\",\"@id\":\"https:\/\/www.carmelitaniscalzi.com\/de\/2018\/01\/18\/die-karmelitinnen-von-tolentino\/#breadcrumb\",\"itemListElement\":[{\"@type\":\"ListItem\",\"position\":1,\"name\":\"Home\",\"item\":\"https:\/\/www.carmelitaniscalzi.com\/de\/\"},{\"@type\":\"ListItem\",\"position\":2,\"name\":\"Die Karmelitinnen von Tolentino\"}]},{\"@type\":\"WebSite\",\"@id\":\"https:\/\/www.carmelitaniscalzi.com\/#website\",\"url\":\"https:\/\/www.carmelitaniscalzi.com\/\",\"name\":\"CARMELITANI SCALZI - Curia Generale del Carmelo Teresiano\",\"description\":\"Generalkurie des Teresianischen Karmel\",\"publisher\":{\"@id\":\"https:\/\/www.carmelitaniscalzi.com\/#organization\"},\"alternateName\":\"CARMELITANI SCALZI\",\"potentialAction\":[{\"@type\":\"SearchAction\",\"target\":{\"@type\":\"EntryPoint\",\"urlTemplate\":\"https:\/\/www.carmelitaniscalzi.com\/?s={search_term_string}\"},\"query-input\":{\"@type\":\"PropertyValueSpecification\",\"valueRequired\":true,\"valueName\":\"search_term_string\"}}],\"inLanguage\":\"de\"},{\"@type\":\"Organization\",\"@id\":\"https:\/\/www.carmelitaniscalzi.com\/#organization\",\"name\":\"CARMELITANI SCALZI - Curia Generale del Carmelo Teresiano\",\"url\":\"https:\/\/www.carmelitaniscalzi.com\/\",\"logo\":{\"@type\":\"ImageObject\",\"inLanguage\":\"de\",\"@id\":\"https:\/\/www.carmelitaniscalzi.com\/#\/schema\/logo\/image\/\",\"url\":\"https:\/\/www.carmelitaniscalzi.com\/wp-content\/uploads\/2025\/11\/login-logo.png\",\"contentUrl\":\"https:\/\/www.carmelitaniscalzi.com\/wp-content\/uploads\/2025\/11\/login-logo.png\",\"width\":256,\"height\":256,\"caption\":\"CARMELITANI SCALZI - Curia Generale del Carmelo Teresiano\"},\"image\":{\"@id\":\"https:\/\/www.carmelitaniscalzi.com\/#\/schema\/logo\/image\/\"},\"sameAs\":[\"https:\/\/www.facebook.com\/Curia-Generalizia-Carmelitani-Scalzi-658766940887784\/\",\"https:\/\/x.com\/ocdcuria\",\"https:\/\/www.youtube.com\/channel\/UC2J5ZL0ycOY0qBSTCLX_NGQ\/videos\",\"https:\/\/www.instagram.com\/ocdinform\/\"]},{\"@type\":\"Person\",\"@id\":\"https:\/\/www.carmelitaniscalzi.com\/#\/schema\/person\/6d1c0d9bea7b6625c437246a5d6da409\",\"name\":\"ocd web master\",\"image\":{\"@type\":\"ImageObject\",\"inLanguage\":\"de\",\"@id\":\"https:\/\/www.carmelitaniscalzi.com\/#\/schema\/person\/image\/\",\"url\":\"https:\/\/secure.gravatar.com\/avatar\/41fbc5f82bad909fbaf2984c43fa50d8519ac5853e25b454d022b6868f80d0e7?s=96&d=mm&r=g\",\"contentUrl\":\"https:\/\/secure.gravatar.com\/avatar\/41fbc5f82bad909fbaf2984c43fa50d8519ac5853e25b454d022b6868f80d0e7?s=96&d=mm&r=g\",\"caption\":\"ocd web master\"},\"url\":\"https:\/\/www.carmelitaniscalzi.com\/de\/author\/ocdwebmaster\/\"}]}<\/script>\n<!-- \/ Yoast SEO plugin. -->","yoast_head_json":{"title":"Die Karmelitinnen von Tolentino - UNBESCHUHTE KARMELITEN","robots":{"index":"index","follow":"follow","max-snippet":"max-snippet:-1","max-image-preview":"max-image-preview:large","max-video-preview":"max-video-preview:-1"},"canonical":"https:\/\/www.carmelitaniscalzi.com\/de\/2018\/01\/18\/die-karmelitinnen-von-tolentino\/","og_locale":"de_DE","og_type":"article","og_title":"Die Karmelitinnen von Tolentino - UNBESCHUHTE KARMELITEN","og_description":"Oft erreichen uns Fragen nach der Situation der Karmelitinnen von Tolentino, die, wie wir berichtet haben, am 3. November 2016 ihr Kloster verlassen mussten, nachdem das Erdbeben vom 30 Oktober 2016 es teilweise zerst\u00f6rt hatte. Es passierte gerade, als der damalige Provinzial von Mittelitalien, P. Gabriele Morra, mit der Feier der Eucharistie begonnen hatte. Noch [&hellip;]","og_url":"https:\/\/www.carmelitaniscalzi.com\/de\/2018\/01\/18\/die-karmelitinnen-von-tolentino\/","og_site_name":"UNBESCHUHTE KARMELITEN","article_publisher":"https:\/\/www.facebook.com\/Curia-Generalizia-Carmelitani-Scalzi-658766940887784\/","article_published_time":"2018-01-18T13:12:09+00:00","og_image":[{"width":640,"height":366,"url":"https:\/\/www.carmelitaniscalzi.com\/wp-content\/uploads\/2018\/01\/00-2.png","type":"image\/png"}],"author":"ocd web master","twitter_card":"summary_large_image","twitter_creator":"@ocdcuria","twitter_site":"@ocdcuria","twitter_misc":{"Verfasst von":"ocd web master","Gesch\u00e4tzte Lesezeit":"1\u00a0Minute"},"schema":{"@context":"https:\/\/schema.org","@graph":[{"@type":"Article","@id":"https:\/\/www.carmelitaniscalzi.com\/de\/2018\/01\/18\/die-karmelitinnen-von-tolentino\/#article","isPartOf":{"@id":"https:\/\/www.carmelitaniscalzi.com\/de\/2018\/01\/18\/die-karmelitinnen-von-tolentino\/"},"author":{"name":"ocd web master","@id":"https:\/\/www.carmelitaniscalzi.com\/#\/schema\/person\/6d1c0d9bea7b6625c437246a5d6da409"},"headline":"Die Karmelitinnen von Tolentino","datePublished":"2018-01-18T13:12:09+00:00","mainEntityOfPage":{"@id":"https:\/\/www.carmelitaniscalzi.com\/de\/2018\/01\/18\/die-karmelitinnen-von-tolentino\/"},"wordCount":241,"publisher":{"@id":"https:\/\/www.carmelitaniscalzi.com\/#organization"},"image":{"@id":"https:\/\/www.carmelitaniscalzi.com\/de\/2018\/01\/18\/die-karmelitinnen-von-tolentino\/#primaryimage"},"thumbnailUrl":"https:\/\/www.carmelitaniscalzi.com\/wp-content\/uploads\/2018\/01\/00-2.png","articleSection":["Nachrichten \u00fcber Schwestern","Nachrichten"],"inLanguage":"de"},{"@type":"WebPage","@id":"https:\/\/www.carmelitaniscalzi.com\/de\/2018\/01\/18\/die-karmelitinnen-von-tolentino\/","url":"https:\/\/www.carmelitaniscalzi.com\/de\/2018\/01\/18\/die-karmelitinnen-von-tolentino\/","name":"Die Karmelitinnen von Tolentino - UNBESCHUHTE KARMELITEN","isPartOf":{"@id":"https:\/\/www.carmelitaniscalzi.com\/#website"},"primaryImageOfPage":{"@id":"https:\/\/www.carmelitaniscalzi.com\/de\/2018\/01\/18\/die-karmelitinnen-von-tolentino\/#primaryimage"},"image":{"@id":"https:\/\/www.carmelitaniscalzi.com\/de\/2018\/01\/18\/die-karmelitinnen-von-tolentino\/#primaryimage"},"thumbnailUrl":"https:\/\/www.carmelitaniscalzi.com\/wp-content\/uploads\/2018\/01\/00-2.png","datePublished":"2018-01-18T13:12:09+00:00","breadcrumb":{"@id":"https:\/\/www.carmelitaniscalzi.com\/de\/2018\/01\/18\/die-karmelitinnen-von-tolentino\/#breadcrumb"},"inLanguage":"de","potentialAction":[{"@type":"ReadAction","target":["https:\/\/www.carmelitaniscalzi.com\/de\/2018\/01\/18\/die-karmelitinnen-von-tolentino\/"]}]},{"@type":"ImageObject","inLanguage":"de","@id":"https:\/\/www.carmelitaniscalzi.com\/de\/2018\/01\/18\/die-karmelitinnen-von-tolentino\/#primaryimage","url":"https:\/\/www.carmelitaniscalzi.com\/wp-content\/uploads\/2018\/01\/00-2.png","contentUrl":"https:\/\/www.carmelitaniscalzi.com\/wp-content\/uploads\/2018\/01\/00-2.png","width":640,"height":366},{"@type":"BreadcrumbList","@id":"https:\/\/www.carmelitaniscalzi.com\/de\/2018\/01\/18\/die-karmelitinnen-von-tolentino\/#breadcrumb","itemListElement":[{"@type":"ListItem","position":1,"name":"Home","item":"https:\/\/www.carmelitaniscalzi.com\/de\/"},{"@type":"ListItem","position":2,"name":"Die Karmelitinnen von Tolentino"}]},{"@type":"WebSite","@id":"https:\/\/www.carmelitaniscalzi.com\/#website","url":"https:\/\/www.carmelitaniscalzi.com\/","name":"CARMELITANI SCALZI - Curia Generale del Carmelo Teresiano","description":"Generalkurie des Teresianischen Karmel","publisher":{"@id":"https:\/\/www.carmelitaniscalzi.com\/#organization"},"alternateName":"CARMELITANI SCALZI","potentialAction":[{"@type":"SearchAction","target":{"@type":"EntryPoint","urlTemplate":"https:\/\/www.carmelitaniscalzi.com\/?s={search_term_string}"},"query-input":{"@type":"PropertyValueSpecification","valueRequired":true,"valueName":"search_term_string"}}],"inLanguage":"de"},{"@type":"Organization","@id":"https:\/\/www.carmelitaniscalzi.com\/#organization","name":"CARMELITANI SCALZI - Curia Generale del Carmelo Teresiano","url":"https:\/\/www.carmelitaniscalzi.com\/","logo":{"@type":"ImageObject","inLanguage":"de","@id":"https:\/\/www.carmelitaniscalzi.com\/#\/schema\/logo\/image\/","url":"https:\/\/www.carmelitaniscalzi.com\/wp-content\/uploads\/2025\/11\/login-logo.png","contentUrl":"https:\/\/www.carmelitaniscalzi.com\/wp-content\/uploads\/2025\/11\/login-logo.png","width":256,"height":256,"caption":"CARMELITANI SCALZI - Curia Generale del Carmelo Teresiano"},"image":{"@id":"https:\/\/www.carmelitaniscalzi.com\/#\/schema\/logo\/image\/"},"sameAs":["https:\/\/www.facebook.com\/Curia-Generalizia-Carmelitani-Scalzi-658766940887784\/","https:\/\/x.com\/ocdcuria","https:\/\/www.youtube.com\/channel\/UC2J5ZL0ycOY0qBSTCLX_NGQ\/videos","https:\/\/www.instagram.com\/ocdinform\/"]},{"@type":"Person","@id":"https:\/\/www.carmelitaniscalzi.com\/#\/schema\/person\/6d1c0d9bea7b6625c437246a5d6da409","name":"ocd web master","image":{"@type":"ImageObject","inLanguage":"de","@id":"https:\/\/www.carmelitaniscalzi.com\/#\/schema\/person\/image\/","url":"https:\/\/secure.gravatar.com\/avatar\/41fbc5f82bad909fbaf2984c43fa50d8519ac5853e25b454d022b6868f80d0e7?s=96&d=mm&r=g","contentUrl":"https:\/\/secure.gravatar.com\/avatar\/41fbc5f82bad909fbaf2984c43fa50d8519ac5853e25b454d022b6868f80d0e7?s=96&d=mm&r=g","caption":"ocd web master"},"url":"https:\/\/www.carmelitaniscalzi.com\/de\/author\/ocdwebmaster\/"}]}},"_links":{"self":[{"href":"https:\/\/www.carmelitaniscalzi.com\/de\/wp-json\/wp\/v2\/posts\/19476","targetHints":{"allow":["GET"]}}],"collection":[{"href":"https:\/\/www.carmelitaniscalzi.com\/de\/wp-json\/wp\/v2\/posts"}],"about":[{"href":"https:\/\/www.carmelitaniscalzi.com\/de\/wp-json\/wp\/v2\/types\/post"}],"author":[{"embeddable":true,"href":"https:\/\/www.carmelitaniscalzi.com\/de\/wp-json\/wp\/v2\/users\/7"}],"replies":[{"embeddable":true,"href":"https:\/\/www.carmelitaniscalzi.com\/de\/wp-json\/wp\/v2\/comments?post=19476"}],"version-history":[{"count":0,"href":"https:\/\/www.carmelitaniscalzi.com\/de\/wp-json\/wp\/v2\/posts\/19476\/revisions"}],"wp:featuredmedia":[{"embeddable":true,"href":"https:\/\/www.carmelitaniscalzi.com\/de\/wp-json\/wp\/v2\/media\/19467"}],"wp:attachment":[{"href":"https:\/\/www.carmelitaniscalzi.com\/de\/wp-json\/wp\/v2\/media?parent=19476"}],"wp:term":[{"taxonomy":"category","embeddable":true,"href":"https:\/\/www.carmelitaniscalzi.com\/de\/wp-json\/wp\/v2\/categories?post=19476"},{"taxonomy":"post_tag","embeddable":true,"href":"https:\/\/www.carmelitaniscalzi.com\/de\/wp-json\/wp\/v2\/tags?post=19476"}],"curies":[{"name":"wp","href":"https:\/\/api.w.org\/{rel}","templated":true}]}}