{"id":19300,"date":"2017-12-29T13:59:18","date_gmt":"2017-12-29T12:59:18","guid":{"rendered":"https:\/\/www.carmelitaniscalzi.com\/de\/?p=19300"},"modified":"2021-05-23T14:06:31","modified_gmt":"2021-05-23T12:06:31","slug":"ein-karmelitanisches-weihnachtsgeschenk-des-papstes-an-die-roemische-kurie","status":"publish","type":"post","link":"https:\/\/www.carmelitaniscalzi.com\/de\/2017\/12\/29\/ein-karmelitanisches-weihnachtsgeschenk-des-papstes-an-die-roemische-kurie\/","title":{"rendered":"Ein karmelitanisches Weihnachtsgeschenk des Papstes an die r\u00f6mische Kurie"},"content":{"rendered":"<p>Am vergangenen 21. Dezember k\u00fcndigte Papst Franziskus am Ende seiner traditionellen Weihnachtsbotschaft an die Kardin\u00e4le, Bisch\u00f6fe und Pr\u00e4fekten der r\u00f6mischen Kurie sein diesj\u00e4hriges Weihnachtsgeschenk an, n\u00e4mlich das Buch des sel. Maria Eugen vom Kinde Jesus <em>Ich will Gott schauen,<\/em> das der Vatikanverlag in Italienisch herausgebracht hat. Mit dem Blick auf das Buch sagte er: \u201eEs wird euch allen gut tun, es zu lesen, vielleicht nicht ganz\u201d, f\u00fcgte er, wahrscheinlich wegen seines Umfangs, scherzend hinzu, \u201eaber vielleicht doch im Inhaltsverzeichnis nach dem und jenem suchend, das wir am meisten brauchen.\u201c<\/p>\n","protected":false},"excerpt":{"rendered":"<p>Am vergangenen 21. Dezember k\u00fcndigte Papst Franziskus am Ende seiner traditionellen Weihnachtsbotschaft an die Kardin\u00e4le, Bisch\u00f6fe und Pr\u00e4fekten der r\u00f6mischen Kurie sein diesj\u00e4hriges Weihnachtsgeschenk an, n\u00e4mlich das Buch des sel. Maria Eugen vom Kinde Jesus Ich will Gott schauen, das der Vatikanverlag in Italienisch herausgebracht hat. Mit dem Blick auf das Buch sagte er: \u201eEs [&hellip;]<\/p>\n","protected":false},"author":7,"featured_media":19292,"comment_status":"closed","ping_status":"closed","sticky":false,"template":"","format":"standard","meta":{"_acf_changed":false,"footnotes":""},"categories":[218,371],"tags":[],"class_list":["post-19300","post","type-post","status-publish","format-standard","has-post-thumbnail","hentry","category-nachrichten-ueber-brueder","category-nachrichten"],"acf":[],"yoast_head":"<!-- This site is optimized with the Yoast SEO plugin v26.3 - https:\/\/yoast.com\/wordpress\/plugins\/seo\/ -->\n<title>Ein karmelitanisches Weihnachtsgeschenk des Papstes an die r\u00f6mische Kurie - UNBESCHUHTE KARMELITEN<\/title>\n<meta name=\"robots\" content=\"index, follow, max-snippet:-1, max-image-preview:large, max-video-preview:-1\" \/>\n<link rel=\"canonical\" href=\"https:\/\/www.carmelitaniscalzi.com\/de\/2017\/12\/29\/ein-karmelitanisches-weihnachtsgeschenk-des-papstes-an-die-roemische-kurie\/\" \/>\n<meta property=\"og:locale\" content=\"de_DE\" \/>\n<meta property=\"og:type\" content=\"article\" \/>\n<meta property=\"og:title\" content=\"Ein karmelitanisches Weihnachtsgeschenk des Papstes an die r\u00f6mische Kurie - UNBESCHUHTE KARMELITEN\" \/>\n<meta property=\"og:description\" content=\"Am vergangenen 21. Dezember k\u00fcndigte Papst Franziskus am Ende seiner traditionellen Weihnachtsbotschaft an die Kardin\u00e4le, Bisch\u00f6fe und Pr\u00e4fekten der r\u00f6mischen Kurie sein diesj\u00e4hriges Weihnachtsgeschenk an, n\u00e4mlich das Buch des sel. Maria Eugen vom Kinde Jesus Ich will Gott schauen, das der Vatikanverlag in Italienisch herausgebracht hat. Mit dem Blick auf das Buch sagte er: \u201eEs [&hellip;]\" \/>\n<meta property=\"og:url\" content=\"https:\/\/www.carmelitaniscalzi.com\/de\/2017\/12\/29\/ein-karmelitanisches-weihnachtsgeschenk-des-papstes-an-die-roemische-kurie\/\" \/>\n<meta property=\"og:site_name\" content=\"UNBESCHUHTE KARMELITEN\" \/>\n<meta property=\"article:publisher\" content=\"https:\/\/www.facebook.com\/Curia-Generalizia-Carmelitani-Scalzi-658766940887784\/\" \/>\n<meta property=\"article:published_time\" content=\"2017-12-29T12:59:18+00:00\" \/>\n<meta property=\"article:modified_time\" content=\"2021-05-23T12:06:31+00:00\" \/>\n<meta property=\"og:image\" content=\"https:\/\/www.carmelitaniscalzi.com\/wp-content\/uploads\/2017\/12\/00.png\" \/>\n\t<meta property=\"og:image:width\" content=\"771\" \/>\n\t<meta property=\"og:image:height\" content=\"505\" \/>\n\t<meta property=\"og:image:type\" content=\"image\/png\" \/>\n<meta name=\"author\" content=\"ocd web master\" \/>\n<meta name=\"twitter:card\" content=\"summary_large_image\" \/>\n<meta name=\"twitter:creator\" content=\"@ocdcuria\" \/>\n<meta name=\"twitter:site\" content=\"@ocdcuria\" \/>\n<meta name=\"twitter:label1\" content=\"Verfasst von\" \/>\n\t<meta name=\"twitter:data1\" content=\"ocd web master\" \/>\n<script type=\"application\/ld+json\" class=\"yoast-schema-graph\">{\"@context\":\"https:\/\/schema.org\",\"@graph\":[{\"@type\":\"Article\",\"@id\":\"https:\/\/www.carmelitaniscalzi.com\/de\/2017\/12\/29\/ein-karmelitanisches-weihnachtsgeschenk-des-papstes-an-die-roemische-kurie\/#article\",\"isPartOf\":{\"@id\":\"https:\/\/www.carmelitaniscalzi.com\/de\/2017\/12\/29\/ein-karmelitanisches-weihnachtsgeschenk-des-papstes-an-die-roemische-kurie\/\"},\"author\":{\"name\":\"ocd web master\",\"@id\":\"https:\/\/www.carmelitaniscalzi.com\/#\/schema\/person\/6d1c0d9bea7b6625c437246a5d6da409\"},\"headline\":\"Ein karmelitanisches Weihnachtsgeschenk des Papstes an die r\u00f6mische Kurie\",\"datePublished\":\"2017-12-29T12:59:18+00:00\",\"dateModified\":\"2021-05-23T12:06:31+00:00\",\"mainEntityOfPage\":{\"@id\":\"https:\/\/www.carmelitaniscalzi.com\/de\/2017\/12\/29\/ein-karmelitanisches-weihnachtsgeschenk-des-papstes-an-die-roemische-kurie\/\"},\"wordCount\":106,\"publisher\":{\"@id\":\"https:\/\/www.carmelitaniscalzi.com\/#organization\"},\"image\":{\"@id\":\"https:\/\/www.carmelitaniscalzi.com\/de\/2017\/12\/29\/ein-karmelitanisches-weihnachtsgeschenk-des-papstes-an-die-roemische-kurie\/#primaryimage\"},\"thumbnailUrl\":\"https:\/\/www.carmelitaniscalzi.com\/wp-content\/uploads\/2017\/12\/00.png\",\"articleSection\":[\"Nachrichten \u00fcber Br\u00fcder\",\"Nachrichten\"],\"inLanguage\":\"de\"},{\"@type\":\"WebPage\",\"@id\":\"https:\/\/www.carmelitaniscalzi.com\/de\/2017\/12\/29\/ein-karmelitanisches-weihnachtsgeschenk-des-papstes-an-die-roemische-kurie\/\",\"url\":\"https:\/\/www.carmelitaniscalzi.com\/de\/2017\/12\/29\/ein-karmelitanisches-weihnachtsgeschenk-des-papstes-an-die-roemische-kurie\/\",\"name\":\"Ein karmelitanisches Weihnachtsgeschenk des Papstes an die r\u00f6mische Kurie - UNBESCHUHTE KARMELITEN\",\"isPartOf\":{\"@id\":\"https:\/\/www.carmelitaniscalzi.com\/#website\"},\"primaryImageOfPage\":{\"@id\":\"https:\/\/www.carmelitaniscalzi.com\/de\/2017\/12\/29\/ein-karmelitanisches-weihnachtsgeschenk-des-papstes-an-die-roemische-kurie\/#primaryimage\"},\"image\":{\"@id\":\"https:\/\/www.carmelitaniscalzi.com\/de\/2017\/12\/29\/ein-karmelitanisches-weihnachtsgeschenk-des-papstes-an-die-roemische-kurie\/#primaryimage\"},\"thumbnailUrl\":\"https:\/\/www.carmelitaniscalzi.com\/wp-content\/uploads\/2017\/12\/00.png\",\"datePublished\":\"2017-12-29T12:59:18+00:00\",\"dateModified\":\"2021-05-23T12:06:31+00:00\",\"breadcrumb\":{\"@id\":\"https:\/\/www.carmelitaniscalzi.com\/de\/2017\/12\/29\/ein-karmelitanisches-weihnachtsgeschenk-des-papstes-an-die-roemische-kurie\/#breadcrumb\"},\"inLanguage\":\"de\",\"potentialAction\":[{\"@type\":\"ReadAction\",\"target\":[\"https:\/\/www.carmelitaniscalzi.com\/de\/2017\/12\/29\/ein-karmelitanisches-weihnachtsgeschenk-des-papstes-an-die-roemische-kurie\/\"]}]},{\"@type\":\"ImageObject\",\"inLanguage\":\"de\",\"@id\":\"https:\/\/www.carmelitaniscalzi.com\/de\/2017\/12\/29\/ein-karmelitanisches-weihnachtsgeschenk-des-papstes-an-die-roemische-kurie\/#primaryimage\",\"url\":\"https:\/\/www.carmelitaniscalzi.com\/wp-content\/uploads\/2017\/12\/00.png\",\"contentUrl\":\"https:\/\/www.carmelitaniscalzi.com\/wp-content\/uploads\/2017\/12\/00.png\",\"width\":771,\"height\":505},{\"@type\":\"BreadcrumbList\",\"@id\":\"https:\/\/www.carmelitaniscalzi.com\/de\/2017\/12\/29\/ein-karmelitanisches-weihnachtsgeschenk-des-papstes-an-die-roemische-kurie\/#breadcrumb\",\"itemListElement\":[{\"@type\":\"ListItem\",\"position\":1,\"name\":\"Home\",\"item\":\"https:\/\/www.carmelitaniscalzi.com\/de\/\"},{\"@type\":\"ListItem\",\"position\":2,\"name\":\"Ein karmelitanisches Weihnachtsgeschenk des Papstes an die r\u00f6mische Kurie\"}]},{\"@type\":\"WebSite\",\"@id\":\"https:\/\/www.carmelitaniscalzi.com\/#website\",\"url\":\"https:\/\/www.carmelitaniscalzi.com\/\",\"name\":\"CARMELITANI SCALZI - Curia Generale del Carmelo Teresiano\",\"description\":\"Generalkurie des Teresianischen Karmel\",\"publisher\":{\"@id\":\"https:\/\/www.carmelitaniscalzi.com\/#organization\"},\"alternateName\":\"CARMELITANI SCALZI\",\"potentialAction\":[{\"@type\":\"SearchAction\",\"target\":{\"@type\":\"EntryPoint\",\"urlTemplate\":\"https:\/\/www.carmelitaniscalzi.com\/?s={search_term_string}\"},\"query-input\":{\"@type\":\"PropertyValueSpecification\",\"valueRequired\":true,\"valueName\":\"search_term_string\"}}],\"inLanguage\":\"de\"},{\"@type\":\"Organization\",\"@id\":\"https:\/\/www.carmelitaniscalzi.com\/#organization\",\"name\":\"CARMELITANI SCALZI - Curia Generale del Carmelo Teresiano\",\"url\":\"https:\/\/www.carmelitaniscalzi.com\/\",\"logo\":{\"@type\":\"ImageObject\",\"inLanguage\":\"de\",\"@id\":\"https:\/\/www.carmelitaniscalzi.com\/#\/schema\/logo\/image\/\",\"url\":\"https:\/\/www.carmelitaniscalzi.com\/wp-content\/uploads\/2025\/11\/login-logo.png\",\"contentUrl\":\"https:\/\/www.carmelitaniscalzi.com\/wp-content\/uploads\/2025\/11\/login-logo.png\",\"width\":256,\"height\":256,\"caption\":\"CARMELITANI SCALZI - Curia Generale del Carmelo Teresiano\"},\"image\":{\"@id\":\"https:\/\/www.carmelitaniscalzi.com\/#\/schema\/logo\/image\/\"},\"sameAs\":[\"https:\/\/www.facebook.com\/Curia-Generalizia-Carmelitani-Scalzi-658766940887784\/\",\"https:\/\/x.com\/ocdcuria\",\"https:\/\/www.youtube.com\/channel\/UC2J5ZL0ycOY0qBSTCLX_NGQ\/videos\",\"https:\/\/www.instagram.com\/ocdinform\/\"]},{\"@type\":\"Person\",\"@id\":\"https:\/\/www.carmelitaniscalzi.com\/#\/schema\/person\/6d1c0d9bea7b6625c437246a5d6da409\",\"name\":\"ocd web master\",\"image\":{\"@type\":\"ImageObject\",\"inLanguage\":\"de\",\"@id\":\"https:\/\/www.carmelitaniscalzi.com\/#\/schema\/person\/image\/\",\"url\":\"https:\/\/secure.gravatar.com\/avatar\/41fbc5f82bad909fbaf2984c43fa50d8519ac5853e25b454d022b6868f80d0e7?s=96&d=mm&r=g\",\"contentUrl\":\"https:\/\/secure.gravatar.com\/avatar\/41fbc5f82bad909fbaf2984c43fa50d8519ac5853e25b454d022b6868f80d0e7?s=96&d=mm&r=g\",\"caption\":\"ocd web master\"},\"url\":\"https:\/\/www.carmelitaniscalzi.com\/de\/author\/ocdwebmaster\/\"}]}<\/script>\n<!-- \/ Yoast SEO plugin. -->","yoast_head_json":{"title":"Ein karmelitanisches Weihnachtsgeschenk des Papstes an die r\u00f6mische Kurie - UNBESCHUHTE KARMELITEN","robots":{"index":"index","follow":"follow","max-snippet":"max-snippet:-1","max-image-preview":"max-image-preview:large","max-video-preview":"max-video-preview:-1"},"canonical":"https:\/\/www.carmelitaniscalzi.com\/de\/2017\/12\/29\/ein-karmelitanisches-weihnachtsgeschenk-des-papstes-an-die-roemische-kurie\/","og_locale":"de_DE","og_type":"article","og_title":"Ein karmelitanisches Weihnachtsgeschenk des Papstes an die r\u00f6mische Kurie - UNBESCHUHTE KARMELITEN","og_description":"Am vergangenen 21. Dezember k\u00fcndigte Papst Franziskus am Ende seiner traditionellen Weihnachtsbotschaft an die Kardin\u00e4le, Bisch\u00f6fe und Pr\u00e4fekten der r\u00f6mischen Kurie sein diesj\u00e4hriges Weihnachtsgeschenk an, n\u00e4mlich das Buch des sel. Maria Eugen vom Kinde Jesus Ich will Gott schauen, das der Vatikanverlag in Italienisch herausgebracht hat. Mit dem Blick auf das Buch sagte er: \u201eEs [&hellip;]","og_url":"https:\/\/www.carmelitaniscalzi.com\/de\/2017\/12\/29\/ein-karmelitanisches-weihnachtsgeschenk-des-papstes-an-die-roemische-kurie\/","og_site_name":"UNBESCHUHTE KARMELITEN","article_publisher":"https:\/\/www.facebook.com\/Curia-Generalizia-Carmelitani-Scalzi-658766940887784\/","article_published_time":"2017-12-29T12:59:18+00:00","article_modified_time":"2021-05-23T12:06:31+00:00","og_image":[{"width":771,"height":505,"url":"https:\/\/www.carmelitaniscalzi.com\/wp-content\/uploads\/2017\/12\/00.png","type":"image\/png"}],"author":"ocd web master","twitter_card":"summary_large_image","twitter_creator":"@ocdcuria","twitter_site":"@ocdcuria","twitter_misc":{"Verfasst von":"ocd web master"},"schema":{"@context":"https:\/\/schema.org","@graph":[{"@type":"Article","@id":"https:\/\/www.carmelitaniscalzi.com\/de\/2017\/12\/29\/ein-karmelitanisches-weihnachtsgeschenk-des-papstes-an-die-roemische-kurie\/#article","isPartOf":{"@id":"https:\/\/www.carmelitaniscalzi.com\/de\/2017\/12\/29\/ein-karmelitanisches-weihnachtsgeschenk-des-papstes-an-die-roemische-kurie\/"},"author":{"name":"ocd web master","@id":"https:\/\/www.carmelitaniscalzi.com\/#\/schema\/person\/6d1c0d9bea7b6625c437246a5d6da409"},"headline":"Ein karmelitanisches Weihnachtsgeschenk des Papstes an die r\u00f6mische Kurie","datePublished":"2017-12-29T12:59:18+00:00","dateModified":"2021-05-23T12:06:31+00:00","mainEntityOfPage":{"@id":"https:\/\/www.carmelitaniscalzi.com\/de\/2017\/12\/29\/ein-karmelitanisches-weihnachtsgeschenk-des-papstes-an-die-roemische-kurie\/"},"wordCount":106,"publisher":{"@id":"https:\/\/www.carmelitaniscalzi.com\/#organization"},"image":{"@id":"https:\/\/www.carmelitaniscalzi.com\/de\/2017\/12\/29\/ein-karmelitanisches-weihnachtsgeschenk-des-papstes-an-die-roemische-kurie\/#primaryimage"},"thumbnailUrl":"https:\/\/www.carmelitaniscalzi.com\/wp-content\/uploads\/2017\/12\/00.png","articleSection":["Nachrichten \u00fcber Br\u00fcder","Nachrichten"],"inLanguage":"de"},{"@type":"WebPage","@id":"https:\/\/www.carmelitaniscalzi.com\/de\/2017\/12\/29\/ein-karmelitanisches-weihnachtsgeschenk-des-papstes-an-die-roemische-kurie\/","url":"https:\/\/www.carmelitaniscalzi.com\/de\/2017\/12\/29\/ein-karmelitanisches-weihnachtsgeschenk-des-papstes-an-die-roemische-kurie\/","name":"Ein karmelitanisches Weihnachtsgeschenk des Papstes an die r\u00f6mische Kurie - UNBESCHUHTE KARMELITEN","isPartOf":{"@id":"https:\/\/www.carmelitaniscalzi.com\/#website"},"primaryImageOfPage":{"@id":"https:\/\/www.carmelitaniscalzi.com\/de\/2017\/12\/29\/ein-karmelitanisches-weihnachtsgeschenk-des-papstes-an-die-roemische-kurie\/#primaryimage"},"image":{"@id":"https:\/\/www.carmelitaniscalzi.com\/de\/2017\/12\/29\/ein-karmelitanisches-weihnachtsgeschenk-des-papstes-an-die-roemische-kurie\/#primaryimage"},"thumbnailUrl":"https:\/\/www.carmelitaniscalzi.com\/wp-content\/uploads\/2017\/12\/00.png","datePublished":"2017-12-29T12:59:18+00:00","dateModified":"2021-05-23T12:06:31+00:00","breadcrumb":{"@id":"https:\/\/www.carmelitaniscalzi.com\/de\/2017\/12\/29\/ein-karmelitanisches-weihnachtsgeschenk-des-papstes-an-die-roemische-kurie\/#breadcrumb"},"inLanguage":"de","potentialAction":[{"@type":"ReadAction","target":["https:\/\/www.carmelitaniscalzi.com\/de\/2017\/12\/29\/ein-karmelitanisches-weihnachtsgeschenk-des-papstes-an-die-roemische-kurie\/"]}]},{"@type":"ImageObject","inLanguage":"de","@id":"https:\/\/www.carmelitaniscalzi.com\/de\/2017\/12\/29\/ein-karmelitanisches-weihnachtsgeschenk-des-papstes-an-die-roemische-kurie\/#primaryimage","url":"https:\/\/www.carmelitaniscalzi.com\/wp-content\/uploads\/2017\/12\/00.png","contentUrl":"https:\/\/www.carmelitaniscalzi.com\/wp-content\/uploads\/2017\/12\/00.png","width":771,"height":505},{"@type":"BreadcrumbList","@id":"https:\/\/www.carmelitaniscalzi.com\/de\/2017\/12\/29\/ein-karmelitanisches-weihnachtsgeschenk-des-papstes-an-die-roemische-kurie\/#breadcrumb","itemListElement":[{"@type":"ListItem","position":1,"name":"Home","item":"https:\/\/www.carmelitaniscalzi.com\/de\/"},{"@type":"ListItem","position":2,"name":"Ein karmelitanisches Weihnachtsgeschenk des Papstes an die r\u00f6mische Kurie"}]},{"@type":"WebSite","@id":"https:\/\/www.carmelitaniscalzi.com\/#website","url":"https:\/\/www.carmelitaniscalzi.com\/","name":"CARMELITANI SCALZI - Curia Generale del Carmelo Teresiano","description":"Generalkurie des Teresianischen Karmel","publisher":{"@id":"https:\/\/www.carmelitaniscalzi.com\/#organization"},"alternateName":"CARMELITANI SCALZI","potentialAction":[{"@type":"SearchAction","target":{"@type":"EntryPoint","urlTemplate":"https:\/\/www.carmelitaniscalzi.com\/?s={search_term_string}"},"query-input":{"@type":"PropertyValueSpecification","valueRequired":true,"valueName":"search_term_string"}}],"inLanguage":"de"},{"@type":"Organization","@id":"https:\/\/www.carmelitaniscalzi.com\/#organization","name":"CARMELITANI SCALZI - Curia Generale del Carmelo Teresiano","url":"https:\/\/www.carmelitaniscalzi.com\/","logo":{"@type":"ImageObject","inLanguage":"de","@id":"https:\/\/www.carmelitaniscalzi.com\/#\/schema\/logo\/image\/","url":"https:\/\/www.carmelitaniscalzi.com\/wp-content\/uploads\/2025\/11\/login-logo.png","contentUrl":"https:\/\/www.carmelitaniscalzi.com\/wp-content\/uploads\/2025\/11\/login-logo.png","width":256,"height":256,"caption":"CARMELITANI SCALZI - Curia Generale del Carmelo Teresiano"},"image":{"@id":"https:\/\/www.carmelitaniscalzi.com\/#\/schema\/logo\/image\/"},"sameAs":["https:\/\/www.facebook.com\/Curia-Generalizia-Carmelitani-Scalzi-658766940887784\/","https:\/\/x.com\/ocdcuria","https:\/\/www.youtube.com\/channel\/UC2J5ZL0ycOY0qBSTCLX_NGQ\/videos","https:\/\/www.instagram.com\/ocdinform\/"]},{"@type":"Person","@id":"https:\/\/www.carmelitaniscalzi.com\/#\/schema\/person\/6d1c0d9bea7b6625c437246a5d6da409","name":"ocd web master","image":{"@type":"ImageObject","inLanguage":"de","@id":"https:\/\/www.carmelitaniscalzi.com\/#\/schema\/person\/image\/","url":"https:\/\/secure.gravatar.com\/avatar\/41fbc5f82bad909fbaf2984c43fa50d8519ac5853e25b454d022b6868f80d0e7?s=96&d=mm&r=g","contentUrl":"https:\/\/secure.gravatar.com\/avatar\/41fbc5f82bad909fbaf2984c43fa50d8519ac5853e25b454d022b6868f80d0e7?s=96&d=mm&r=g","caption":"ocd web master"},"url":"https:\/\/www.carmelitaniscalzi.com\/de\/author\/ocdwebmaster\/"}]}},"_links":{"self":[{"href":"https:\/\/www.carmelitaniscalzi.com\/de\/wp-json\/wp\/v2\/posts\/19300","targetHints":{"allow":["GET"]}}],"collection":[{"href":"https:\/\/www.carmelitaniscalzi.com\/de\/wp-json\/wp\/v2\/posts"}],"about":[{"href":"https:\/\/www.carmelitaniscalzi.com\/de\/wp-json\/wp\/v2\/types\/post"}],"author":[{"embeddable":true,"href":"https:\/\/www.carmelitaniscalzi.com\/de\/wp-json\/wp\/v2\/users\/7"}],"replies":[{"embeddable":true,"href":"https:\/\/www.carmelitaniscalzi.com\/de\/wp-json\/wp\/v2\/comments?post=19300"}],"version-history":[{"count":0,"href":"https:\/\/www.carmelitaniscalzi.com\/de\/wp-json\/wp\/v2\/posts\/19300\/revisions"}],"wp:featuredmedia":[{"embeddable":true,"href":"https:\/\/www.carmelitaniscalzi.com\/de\/wp-json\/wp\/v2\/media\/19292"}],"wp:attachment":[{"href":"https:\/\/www.carmelitaniscalzi.com\/de\/wp-json\/wp\/v2\/media?parent=19300"}],"wp:term":[{"taxonomy":"category","embeddable":true,"href":"https:\/\/www.carmelitaniscalzi.com\/de\/wp-json\/wp\/v2\/categories?post=19300"},{"taxonomy":"post_tag","embeddable":true,"href":"https:\/\/www.carmelitaniscalzi.com\/de\/wp-json\/wp\/v2\/tags?post=19300"}],"curies":[{"name":"wp","href":"https:\/\/api.w.org\/{rel}","templated":true}]}}