{"id":19284,"date":"2017-12-29T13:45:40","date_gmt":"2017-12-29T12:45:40","guid":{"rendered":"https:\/\/www.carmelitaniscalzi.com\/de\/?p=19284"},"modified":"2017-12-29T13:45:40","modified_gmt":"2017-12-29T12:45:40","slug":"moncalieri-abschluss-der-feiern-zum-300-todestag-der-sel-maria-von-den-engeln","status":"publish","type":"post","link":"https:\/\/www.carmelitaniscalzi.com\/de\/2017\/12\/29\/moncalieri-abschluss-der-feiern-zum-300-todestag-der-sel-maria-von-den-engeln\/","title":{"rendered":"Moncalieri \u2013 Abschluss der Feiern zum 300. Todestag der sel. Maria von den Engeln"},"content":{"rendered":"<p>Am 18. Dezember fanden unter Vorsitz von P. General Saverio Cannistr\u00e0 die Feiern zum 300. Todestag der sel. Maria von den Engeln in Moncalieri bei Turin ihren Abschluss. Konzelebranten waren die Provinzi\u00e4le der Provinzen Ligurien und Lombardei,\u00a0 P. Saverio Gavotto bzw. P. Fausto Lincio.<\/p>\n<p>In seiner Predigt unterstrich P. Saverio, dass wir uns von dieser Seligen angeeifert f\u00fchlen sollten, den christlichen Glauben radikal zu leben und best\u00e4ndig auf der Suche nach der Wurzel f\u00fcr ein Leben in der Gegenwart der Heiligsten Dreifaltigkeit mit ihrer geheimnisvollen Gegenwart sein sollten, die wir in der Person des Sohnes erfahren k\u00f6nnen. Heiligkeit im Sinne dieser Seligen sei die dem\u00fctige Hingabe unserer Wahrheit, unserer Wirklichkeit, dessen was wir sind. In unseren Runzeln und Falten, Br\u00fcchen und Rissen, die uns unvollkommen erscheinen lassen, kommen wohl unsere Armut und unsere Ohnmacht zum Vorschein, doch zeige sich in ihnen auch die noch st\u00e4rkere Macht der Liebe, die uns umarmt und rettet, und zwar genau da, wo wir aus eigener Kraft nicht weiterkommen. Nur wenn wir uns von dieser Liebe ergreifen lassen, k\u00f6nnen wir unseren Weg der Heiligkeit gehen.<\/p>\n<p>Nachgeh\u00f6rt werden kann die Feier in Italienisch auf:<\/p>\n<p><a href=\"https:\/\/www.spreaker.com\/user\/radio-carmelo-moncalieri\/2017-12-18-santa-messa_1\">https:\/\/www.spreaker.com\/user\/radio-carmelo-moncalieri\/2017-12-18-santa-messa_1<\/a><\/p>\n<p>Mehr Informationen gibt es im Internet-Auftritt:<\/p>\n<p><a href=\"https:\/\/www.carmelitanemoncalieri.org\/approfondimento-biblico\/\">https:\/\/www.carmelitanemoncalieri.org\/approfondimento-biblico\/<\/a><\/p>\n<p>(Quelle: Internetauftritt der Provinz OCD Lombardei zum hl. Karl Borrom\u00e4us: <a href=\"http:\/\/www.ilcarmelo.it\">www.ilcarmelo.it<\/a>)<\/p>\n<p><img loading=\"lazy\" decoding=\"async\" class=\"alignnone size-full wp-image-19278\" src=\"https:\/\/www.carmelitaniscalzi.com\/wp-content\/uploads\/2017\/12\/04-3.jpg\" alt=\"\" width=\"1328\" height=\"747\" srcset=\"https:\/\/www.carmelitaniscalzi.com\/wp-content\/uploads\/2017\/12\/04-3.jpg 1328w, https:\/\/www.carmelitaniscalzi.com\/wp-content\/uploads\/2017\/12\/04-3-300x169.jpg 300w, https:\/\/www.carmelitaniscalzi.com\/wp-content\/uploads\/2017\/12\/04-3-768x432.jpg 768w, https:\/\/www.carmelitaniscalzi.com\/wp-content\/uploads\/2017\/12\/04-3-1024x576.jpg 1024w, https:\/\/www.carmelitaniscalzi.com\/wp-content\/uploads\/2017\/12\/04-3-98x55.jpg 98w, https:\/\/www.carmelitaniscalzi.com\/wp-content\/uploads\/2017\/12\/04-3-800x450.jpg 800w, https:\/\/www.carmelitaniscalzi.com\/wp-content\/uploads\/2017\/12\/04-3-270x152.jpg 270w, https:\/\/www.carmelitaniscalzi.com\/wp-content\/uploads\/2017\/12\/04-3-580x326.jpg 580w\" sizes=\"auto, (max-width: 1328px) 100vw, 1328px\" \/> <img loading=\"lazy\" decoding=\"async\" class=\"alignnone size-full wp-image-19277\" src=\"https:\/\/www.carmelitaniscalzi.com\/wp-content\/uploads\/2017\/12\/03-3.jpg\" alt=\"\" width=\"1328\" height=\"747\" srcset=\"https:\/\/www.carmelitaniscalzi.com\/wp-content\/uploads\/2017\/12\/03-3.jpg 1328w, https:\/\/www.carmelitaniscalzi.com\/wp-content\/uploads\/2017\/12\/03-3-300x169.jpg 300w, https:\/\/www.carmelitaniscalzi.com\/wp-content\/uploads\/2017\/12\/03-3-768x432.jpg 768w, https:\/\/www.carmelitaniscalzi.com\/wp-content\/uploads\/2017\/12\/03-3-1024x576.jpg 1024w, https:\/\/www.carmelitaniscalzi.com\/wp-content\/uploads\/2017\/12\/03-3-98x55.jpg 98w, https:\/\/www.carmelitaniscalzi.com\/wp-content\/uploads\/2017\/12\/03-3-800x450.jpg 800w, https:\/\/www.carmelitaniscalzi.com\/wp-content\/uploads\/2017\/12\/03-3-270x152.jpg 270w, https:\/\/www.carmelitaniscalzi.com\/wp-content\/uploads\/2017\/12\/03-3-580x326.jpg 580w\" sizes=\"auto, (max-width: 1328px) 100vw, 1328px\" \/> <img loading=\"lazy\" decoding=\"async\" class=\"alignnone size-full wp-image-19276\" src=\"https:\/\/www.carmelitaniscalzi.com\/wp-content\/uploads\/2017\/12\/02-3.jpg\" alt=\"\" width=\"1328\" height=\"747\" srcset=\"https:\/\/www.carmelitaniscalzi.com\/wp-content\/uploads\/2017\/12\/02-3.jpg 1328w, https:\/\/www.carmelitaniscalzi.com\/wp-content\/uploads\/2017\/12\/02-3-300x169.jpg 300w, https:\/\/www.carmelitaniscalzi.com\/wp-content\/uploads\/2017\/12\/02-3-768x432.jpg 768w, https:\/\/www.carmelitaniscalzi.com\/wp-content\/uploads\/2017\/12\/02-3-1024x576.jpg 1024w, https:\/\/www.carmelitaniscalzi.com\/wp-content\/uploads\/2017\/12\/02-3-98x55.jpg 98w, https:\/\/www.carmelitaniscalzi.com\/wp-content\/uploads\/2017\/12\/02-3-800x450.jpg 800w, https:\/\/www.carmelitaniscalzi.com\/wp-content\/uploads\/2017\/12\/02-3-270x152.jpg 270w, https:\/\/www.carmelitaniscalzi.com\/wp-content\/uploads\/2017\/12\/02-3-580x326.jpg 580w\" sizes=\"auto, (max-width: 1328px) 100vw, 1328px\" \/><\/p>\n","protected":false},"excerpt":{"rendered":"<p>Am 18. Dezember fanden unter Vorsitz von P. General Saverio Cannistr\u00e0 die Feiern zum 300. Todestag der sel. Maria von den Engeln in Moncalieri bei Turin ihren Abschluss. Konzelebranten waren die Provinzi\u00e4le der Provinzen Ligurien und Lombardei,\u00a0 P. Saverio Gavotto bzw. P. Fausto Lincio. In seiner Predigt unterstrich P. Saverio, dass wir uns von dieser [&hellip;]<\/p>\n","protected":false},"author":7,"featured_media":19275,"comment_status":"closed","ping_status":"closed","sticky":false,"template":"","format":"standard","meta":{"_acf_changed":false,"footnotes":""},"categories":[214,371],"tags":[],"class_list":["post-19284","post","type-post","status-publish","format-standard","has-post-thumbnail","hentry","category-nachrichten-ueber-schwestern","category-nachrichten"],"acf":[],"yoast_head":"<!-- This site is optimized with the Yoast SEO plugin v26.3 - https:\/\/yoast.com\/wordpress\/plugins\/seo\/ -->\n<title>Moncalieri \u2013 Abschluss der Feiern zum 300. Todestag der sel. Maria von den Engeln - UNBESCHUHTE KARMELITEN<\/title>\n<meta name=\"robots\" content=\"index, follow, max-snippet:-1, max-image-preview:large, max-video-preview:-1\" \/>\n<link rel=\"canonical\" href=\"https:\/\/www.carmelitaniscalzi.com\/de\/2017\/12\/29\/moncalieri-abschluss-der-feiern-zum-300-todestag-der-sel-maria-von-den-engeln\/\" \/>\n<meta property=\"og:locale\" content=\"de_DE\" \/>\n<meta property=\"og:type\" content=\"article\" \/>\n<meta property=\"og:title\" content=\"Moncalieri \u2013 Abschluss der Feiern zum 300. Todestag der sel. Maria von den Engeln - UNBESCHUHTE KARMELITEN\" \/>\n<meta property=\"og:description\" content=\"Am 18. Dezember fanden unter Vorsitz von P. General Saverio Cannistr\u00e0 die Feiern zum 300. Todestag der sel. Maria von den Engeln in Moncalieri bei Turin ihren Abschluss. Konzelebranten waren die Provinzi\u00e4le der Provinzen Ligurien und Lombardei,\u00a0 P. Saverio Gavotto bzw. P. Fausto Lincio. In seiner Predigt unterstrich P. Saverio, dass wir uns von dieser [&hellip;]\" \/>\n<meta property=\"og:url\" content=\"https:\/\/www.carmelitaniscalzi.com\/de\/2017\/12\/29\/moncalieri-abschluss-der-feiern-zum-300-todestag-der-sel-maria-von-den-engeln\/\" \/>\n<meta property=\"og:site_name\" content=\"UNBESCHUHTE KARMELITEN\" \/>\n<meta property=\"article:publisher\" content=\"https:\/\/www.facebook.com\/Curia-Generalizia-Carmelitani-Scalzi-658766940887784\/\" \/>\n<meta property=\"article:published_time\" content=\"2017-12-29T12:45:40+00:00\" \/>\n<meta property=\"og:image\" content=\"https:\/\/www.carmelitaniscalzi.com\/wp-content\/uploads\/2017\/12\/01-4.jpg\" \/>\n\t<meta property=\"og:image:width\" content=\"1328\" \/>\n\t<meta property=\"og:image:height\" content=\"747\" \/>\n\t<meta property=\"og:image:type\" content=\"image\/jpeg\" \/>\n<meta name=\"author\" content=\"ocd web master\" \/>\n<meta name=\"twitter:card\" content=\"summary_large_image\" \/>\n<meta name=\"twitter:creator\" content=\"@ocdcuria\" \/>\n<meta name=\"twitter:site\" content=\"@ocdcuria\" \/>\n<meta name=\"twitter:label1\" content=\"Verfasst von\" \/>\n\t<meta name=\"twitter:data1\" content=\"ocd web master\" \/>\n\t<meta name=\"twitter:label2\" content=\"Gesch\u00e4tzte Lesezeit\" \/>\n\t<meta name=\"twitter:data2\" content=\"1\u00a0Minute\" \/>\n<script type=\"application\/ld+json\" class=\"yoast-schema-graph\">{\"@context\":\"https:\/\/schema.org\",\"@graph\":[{\"@type\":\"Article\",\"@id\":\"https:\/\/www.carmelitaniscalzi.com\/de\/2017\/12\/29\/moncalieri-abschluss-der-feiern-zum-300-todestag-der-sel-maria-von-den-engeln\/#article\",\"isPartOf\":{\"@id\":\"https:\/\/www.carmelitaniscalzi.com\/de\/2017\/12\/29\/moncalieri-abschluss-der-feiern-zum-300-todestag-der-sel-maria-von-den-engeln\/\"},\"author\":{\"name\":\"ocd web master\",\"@id\":\"https:\/\/www.carmelitaniscalzi.com\/#\/schema\/person\/6d1c0d9bea7b6625c437246a5d6da409\"},\"headline\":\"Moncalieri \u2013 Abschluss der Feiern zum 300. Todestag der sel. Maria von den Engeln\",\"datePublished\":\"2017-12-29T12:45:40+00:00\",\"mainEntityOfPage\":{\"@id\":\"https:\/\/www.carmelitaniscalzi.com\/de\/2017\/12\/29\/moncalieri-abschluss-der-feiern-zum-300-todestag-der-sel-maria-von-den-engeln\/\"},\"wordCount\":242,\"publisher\":{\"@id\":\"https:\/\/www.carmelitaniscalzi.com\/#organization\"},\"image\":{\"@id\":\"https:\/\/www.carmelitaniscalzi.com\/de\/2017\/12\/29\/moncalieri-abschluss-der-feiern-zum-300-todestag-der-sel-maria-von-den-engeln\/#primaryimage\"},\"thumbnailUrl\":\"https:\/\/www.carmelitaniscalzi.com\/wp-content\/uploads\/2017\/12\/01-4.jpg\",\"articleSection\":[\"Nachrichten \u00fcber Schwestern\",\"Nachrichten\"],\"inLanguage\":\"de\"},{\"@type\":\"WebPage\",\"@id\":\"https:\/\/www.carmelitaniscalzi.com\/de\/2017\/12\/29\/moncalieri-abschluss-der-feiern-zum-300-todestag-der-sel-maria-von-den-engeln\/\",\"url\":\"https:\/\/www.carmelitaniscalzi.com\/de\/2017\/12\/29\/moncalieri-abschluss-der-feiern-zum-300-todestag-der-sel-maria-von-den-engeln\/\",\"name\":\"Moncalieri \u2013 Abschluss der Feiern zum 300. Todestag der sel. Maria von den Engeln - UNBESCHUHTE KARMELITEN\",\"isPartOf\":{\"@id\":\"https:\/\/www.carmelitaniscalzi.com\/#website\"},\"primaryImageOfPage\":{\"@id\":\"https:\/\/www.carmelitaniscalzi.com\/de\/2017\/12\/29\/moncalieri-abschluss-der-feiern-zum-300-todestag-der-sel-maria-von-den-engeln\/#primaryimage\"},\"image\":{\"@id\":\"https:\/\/www.carmelitaniscalzi.com\/de\/2017\/12\/29\/moncalieri-abschluss-der-feiern-zum-300-todestag-der-sel-maria-von-den-engeln\/#primaryimage\"},\"thumbnailUrl\":\"https:\/\/www.carmelitaniscalzi.com\/wp-content\/uploads\/2017\/12\/01-4.jpg\",\"datePublished\":\"2017-12-29T12:45:40+00:00\",\"breadcrumb\":{\"@id\":\"https:\/\/www.carmelitaniscalzi.com\/de\/2017\/12\/29\/moncalieri-abschluss-der-feiern-zum-300-todestag-der-sel-maria-von-den-engeln\/#breadcrumb\"},\"inLanguage\":\"de\",\"potentialAction\":[{\"@type\":\"ReadAction\",\"target\":[\"https:\/\/www.carmelitaniscalzi.com\/de\/2017\/12\/29\/moncalieri-abschluss-der-feiern-zum-300-todestag-der-sel-maria-von-den-engeln\/\"]}]},{\"@type\":\"ImageObject\",\"inLanguage\":\"de\",\"@id\":\"https:\/\/www.carmelitaniscalzi.com\/de\/2017\/12\/29\/moncalieri-abschluss-der-feiern-zum-300-todestag-der-sel-maria-von-den-engeln\/#primaryimage\",\"url\":\"https:\/\/www.carmelitaniscalzi.com\/wp-content\/uploads\/2017\/12\/01-4.jpg\",\"contentUrl\":\"https:\/\/www.carmelitaniscalzi.com\/wp-content\/uploads\/2017\/12\/01-4.jpg\",\"width\":1328,\"height\":747},{\"@type\":\"BreadcrumbList\",\"@id\":\"https:\/\/www.carmelitaniscalzi.com\/de\/2017\/12\/29\/moncalieri-abschluss-der-feiern-zum-300-todestag-der-sel-maria-von-den-engeln\/#breadcrumb\",\"itemListElement\":[{\"@type\":\"ListItem\",\"position\":1,\"name\":\"Home\",\"item\":\"https:\/\/www.carmelitaniscalzi.com\/de\/\"},{\"@type\":\"ListItem\",\"position\":2,\"name\":\"Moncalieri \u2013 Abschluss der Feiern zum 300. Todestag der sel. Maria von den Engeln\"}]},{\"@type\":\"WebSite\",\"@id\":\"https:\/\/www.carmelitaniscalzi.com\/#website\",\"url\":\"https:\/\/www.carmelitaniscalzi.com\/\",\"name\":\"CARMELITANI SCALZI - Curia Generale del Carmelo Teresiano\",\"description\":\"Generalkurie des Teresianischen Karmel\",\"publisher\":{\"@id\":\"https:\/\/www.carmelitaniscalzi.com\/#organization\"},\"alternateName\":\"CARMELITANI SCALZI\",\"potentialAction\":[{\"@type\":\"SearchAction\",\"target\":{\"@type\":\"EntryPoint\",\"urlTemplate\":\"https:\/\/www.carmelitaniscalzi.com\/?s={search_term_string}\"},\"query-input\":{\"@type\":\"PropertyValueSpecification\",\"valueRequired\":true,\"valueName\":\"search_term_string\"}}],\"inLanguage\":\"de\"},{\"@type\":\"Organization\",\"@id\":\"https:\/\/www.carmelitaniscalzi.com\/#organization\",\"name\":\"CARMELITANI SCALZI - Curia Generale del Carmelo Teresiano\",\"url\":\"https:\/\/www.carmelitaniscalzi.com\/\",\"logo\":{\"@type\":\"ImageObject\",\"inLanguage\":\"de\",\"@id\":\"https:\/\/www.carmelitaniscalzi.com\/#\/schema\/logo\/image\/\",\"url\":\"https:\/\/www.carmelitaniscalzi.com\/wp-content\/uploads\/2025\/11\/login-logo.png\",\"contentUrl\":\"https:\/\/www.carmelitaniscalzi.com\/wp-content\/uploads\/2025\/11\/login-logo.png\",\"width\":256,\"height\":256,\"caption\":\"CARMELITANI SCALZI - Curia Generale del Carmelo Teresiano\"},\"image\":{\"@id\":\"https:\/\/www.carmelitaniscalzi.com\/#\/schema\/logo\/image\/\"},\"sameAs\":[\"https:\/\/www.facebook.com\/Curia-Generalizia-Carmelitani-Scalzi-658766940887784\/\",\"https:\/\/x.com\/ocdcuria\",\"https:\/\/www.youtube.com\/channel\/UC2J5ZL0ycOY0qBSTCLX_NGQ\/videos\",\"https:\/\/www.instagram.com\/ocdinform\/\"]},{\"@type\":\"Person\",\"@id\":\"https:\/\/www.carmelitaniscalzi.com\/#\/schema\/person\/6d1c0d9bea7b6625c437246a5d6da409\",\"name\":\"ocd web master\",\"image\":{\"@type\":\"ImageObject\",\"inLanguage\":\"de\",\"@id\":\"https:\/\/www.carmelitaniscalzi.com\/#\/schema\/person\/image\/\",\"url\":\"https:\/\/secure.gravatar.com\/avatar\/41fbc5f82bad909fbaf2984c43fa50d8519ac5853e25b454d022b6868f80d0e7?s=96&d=mm&r=g\",\"contentUrl\":\"https:\/\/secure.gravatar.com\/avatar\/41fbc5f82bad909fbaf2984c43fa50d8519ac5853e25b454d022b6868f80d0e7?s=96&d=mm&r=g\",\"caption\":\"ocd web master\"},\"url\":\"https:\/\/www.carmelitaniscalzi.com\/de\/author\/ocdwebmaster\/\"}]}<\/script>\n<!-- \/ Yoast SEO plugin. -->","yoast_head_json":{"title":"Moncalieri \u2013 Abschluss der Feiern zum 300. Todestag der sel. Maria von den Engeln - UNBESCHUHTE KARMELITEN","robots":{"index":"index","follow":"follow","max-snippet":"max-snippet:-1","max-image-preview":"max-image-preview:large","max-video-preview":"max-video-preview:-1"},"canonical":"https:\/\/www.carmelitaniscalzi.com\/de\/2017\/12\/29\/moncalieri-abschluss-der-feiern-zum-300-todestag-der-sel-maria-von-den-engeln\/","og_locale":"de_DE","og_type":"article","og_title":"Moncalieri \u2013 Abschluss der Feiern zum 300. Todestag der sel. Maria von den Engeln - UNBESCHUHTE KARMELITEN","og_description":"Am 18. Dezember fanden unter Vorsitz von P. General Saverio Cannistr\u00e0 die Feiern zum 300. Todestag der sel. Maria von den Engeln in Moncalieri bei Turin ihren Abschluss. Konzelebranten waren die Provinzi\u00e4le der Provinzen Ligurien und Lombardei,\u00a0 P. Saverio Gavotto bzw. P. Fausto Lincio. In seiner Predigt unterstrich P. Saverio, dass wir uns von dieser [&hellip;]","og_url":"https:\/\/www.carmelitaniscalzi.com\/de\/2017\/12\/29\/moncalieri-abschluss-der-feiern-zum-300-todestag-der-sel-maria-von-den-engeln\/","og_site_name":"UNBESCHUHTE KARMELITEN","article_publisher":"https:\/\/www.facebook.com\/Curia-Generalizia-Carmelitani-Scalzi-658766940887784\/","article_published_time":"2017-12-29T12:45:40+00:00","og_image":[{"width":1328,"height":747,"url":"https:\/\/www.carmelitaniscalzi.com\/wp-content\/uploads\/2017\/12\/01-4.jpg","type":"image\/jpeg"}],"author":"ocd web master","twitter_card":"summary_large_image","twitter_creator":"@ocdcuria","twitter_site":"@ocdcuria","twitter_misc":{"Verfasst von":"ocd web master","Gesch\u00e4tzte Lesezeit":"1\u00a0Minute"},"schema":{"@context":"https:\/\/schema.org","@graph":[{"@type":"Article","@id":"https:\/\/www.carmelitaniscalzi.com\/de\/2017\/12\/29\/moncalieri-abschluss-der-feiern-zum-300-todestag-der-sel-maria-von-den-engeln\/#article","isPartOf":{"@id":"https:\/\/www.carmelitaniscalzi.com\/de\/2017\/12\/29\/moncalieri-abschluss-der-feiern-zum-300-todestag-der-sel-maria-von-den-engeln\/"},"author":{"name":"ocd web master","@id":"https:\/\/www.carmelitaniscalzi.com\/#\/schema\/person\/6d1c0d9bea7b6625c437246a5d6da409"},"headline":"Moncalieri \u2013 Abschluss der Feiern zum 300. Todestag der sel. Maria von den Engeln","datePublished":"2017-12-29T12:45:40+00:00","mainEntityOfPage":{"@id":"https:\/\/www.carmelitaniscalzi.com\/de\/2017\/12\/29\/moncalieri-abschluss-der-feiern-zum-300-todestag-der-sel-maria-von-den-engeln\/"},"wordCount":242,"publisher":{"@id":"https:\/\/www.carmelitaniscalzi.com\/#organization"},"image":{"@id":"https:\/\/www.carmelitaniscalzi.com\/de\/2017\/12\/29\/moncalieri-abschluss-der-feiern-zum-300-todestag-der-sel-maria-von-den-engeln\/#primaryimage"},"thumbnailUrl":"https:\/\/www.carmelitaniscalzi.com\/wp-content\/uploads\/2017\/12\/01-4.jpg","articleSection":["Nachrichten \u00fcber Schwestern","Nachrichten"],"inLanguage":"de"},{"@type":"WebPage","@id":"https:\/\/www.carmelitaniscalzi.com\/de\/2017\/12\/29\/moncalieri-abschluss-der-feiern-zum-300-todestag-der-sel-maria-von-den-engeln\/","url":"https:\/\/www.carmelitaniscalzi.com\/de\/2017\/12\/29\/moncalieri-abschluss-der-feiern-zum-300-todestag-der-sel-maria-von-den-engeln\/","name":"Moncalieri \u2013 Abschluss der Feiern zum 300. Todestag der sel. Maria von den Engeln - UNBESCHUHTE KARMELITEN","isPartOf":{"@id":"https:\/\/www.carmelitaniscalzi.com\/#website"},"primaryImageOfPage":{"@id":"https:\/\/www.carmelitaniscalzi.com\/de\/2017\/12\/29\/moncalieri-abschluss-der-feiern-zum-300-todestag-der-sel-maria-von-den-engeln\/#primaryimage"},"image":{"@id":"https:\/\/www.carmelitaniscalzi.com\/de\/2017\/12\/29\/moncalieri-abschluss-der-feiern-zum-300-todestag-der-sel-maria-von-den-engeln\/#primaryimage"},"thumbnailUrl":"https:\/\/www.carmelitaniscalzi.com\/wp-content\/uploads\/2017\/12\/01-4.jpg","datePublished":"2017-12-29T12:45:40+00:00","breadcrumb":{"@id":"https:\/\/www.carmelitaniscalzi.com\/de\/2017\/12\/29\/moncalieri-abschluss-der-feiern-zum-300-todestag-der-sel-maria-von-den-engeln\/#breadcrumb"},"inLanguage":"de","potentialAction":[{"@type":"ReadAction","target":["https:\/\/www.carmelitaniscalzi.com\/de\/2017\/12\/29\/moncalieri-abschluss-der-feiern-zum-300-todestag-der-sel-maria-von-den-engeln\/"]}]},{"@type":"ImageObject","inLanguage":"de","@id":"https:\/\/www.carmelitaniscalzi.com\/de\/2017\/12\/29\/moncalieri-abschluss-der-feiern-zum-300-todestag-der-sel-maria-von-den-engeln\/#primaryimage","url":"https:\/\/www.carmelitaniscalzi.com\/wp-content\/uploads\/2017\/12\/01-4.jpg","contentUrl":"https:\/\/www.carmelitaniscalzi.com\/wp-content\/uploads\/2017\/12\/01-4.jpg","width":1328,"height":747},{"@type":"BreadcrumbList","@id":"https:\/\/www.carmelitaniscalzi.com\/de\/2017\/12\/29\/moncalieri-abschluss-der-feiern-zum-300-todestag-der-sel-maria-von-den-engeln\/#breadcrumb","itemListElement":[{"@type":"ListItem","position":1,"name":"Home","item":"https:\/\/www.carmelitaniscalzi.com\/de\/"},{"@type":"ListItem","position":2,"name":"Moncalieri \u2013 Abschluss der Feiern zum 300. Todestag der sel. Maria von den Engeln"}]},{"@type":"WebSite","@id":"https:\/\/www.carmelitaniscalzi.com\/#website","url":"https:\/\/www.carmelitaniscalzi.com\/","name":"CARMELITANI SCALZI - Curia Generale del Carmelo Teresiano","description":"Generalkurie des Teresianischen Karmel","publisher":{"@id":"https:\/\/www.carmelitaniscalzi.com\/#organization"},"alternateName":"CARMELITANI SCALZI","potentialAction":[{"@type":"SearchAction","target":{"@type":"EntryPoint","urlTemplate":"https:\/\/www.carmelitaniscalzi.com\/?s={search_term_string}"},"query-input":{"@type":"PropertyValueSpecification","valueRequired":true,"valueName":"search_term_string"}}],"inLanguage":"de"},{"@type":"Organization","@id":"https:\/\/www.carmelitaniscalzi.com\/#organization","name":"CARMELITANI SCALZI - Curia Generale del Carmelo Teresiano","url":"https:\/\/www.carmelitaniscalzi.com\/","logo":{"@type":"ImageObject","inLanguage":"de","@id":"https:\/\/www.carmelitaniscalzi.com\/#\/schema\/logo\/image\/","url":"https:\/\/www.carmelitaniscalzi.com\/wp-content\/uploads\/2025\/11\/login-logo.png","contentUrl":"https:\/\/www.carmelitaniscalzi.com\/wp-content\/uploads\/2025\/11\/login-logo.png","width":256,"height":256,"caption":"CARMELITANI SCALZI - Curia Generale del Carmelo Teresiano"},"image":{"@id":"https:\/\/www.carmelitaniscalzi.com\/#\/schema\/logo\/image\/"},"sameAs":["https:\/\/www.facebook.com\/Curia-Generalizia-Carmelitani-Scalzi-658766940887784\/","https:\/\/x.com\/ocdcuria","https:\/\/www.youtube.com\/channel\/UC2J5ZL0ycOY0qBSTCLX_NGQ\/videos","https:\/\/www.instagram.com\/ocdinform\/"]},{"@type":"Person","@id":"https:\/\/www.carmelitaniscalzi.com\/#\/schema\/person\/6d1c0d9bea7b6625c437246a5d6da409","name":"ocd web master","image":{"@type":"ImageObject","inLanguage":"de","@id":"https:\/\/www.carmelitaniscalzi.com\/#\/schema\/person\/image\/","url":"https:\/\/secure.gravatar.com\/avatar\/41fbc5f82bad909fbaf2984c43fa50d8519ac5853e25b454d022b6868f80d0e7?s=96&d=mm&r=g","contentUrl":"https:\/\/secure.gravatar.com\/avatar\/41fbc5f82bad909fbaf2984c43fa50d8519ac5853e25b454d022b6868f80d0e7?s=96&d=mm&r=g","caption":"ocd web master"},"url":"https:\/\/www.carmelitaniscalzi.com\/de\/author\/ocdwebmaster\/"}]}},"_links":{"self":[{"href":"https:\/\/www.carmelitaniscalzi.com\/de\/wp-json\/wp\/v2\/posts\/19284","targetHints":{"allow":["GET"]}}],"collection":[{"href":"https:\/\/www.carmelitaniscalzi.com\/de\/wp-json\/wp\/v2\/posts"}],"about":[{"href":"https:\/\/www.carmelitaniscalzi.com\/de\/wp-json\/wp\/v2\/types\/post"}],"author":[{"embeddable":true,"href":"https:\/\/www.carmelitaniscalzi.com\/de\/wp-json\/wp\/v2\/users\/7"}],"replies":[{"embeddable":true,"href":"https:\/\/www.carmelitaniscalzi.com\/de\/wp-json\/wp\/v2\/comments?post=19284"}],"version-history":[{"count":0,"href":"https:\/\/www.carmelitaniscalzi.com\/de\/wp-json\/wp\/v2\/posts\/19284\/revisions"}],"wp:featuredmedia":[{"embeddable":true,"href":"https:\/\/www.carmelitaniscalzi.com\/de\/wp-json\/wp\/v2\/media\/19275"}],"wp:attachment":[{"href":"https:\/\/www.carmelitaniscalzi.com\/de\/wp-json\/wp\/v2\/media?parent=19284"}],"wp:term":[{"taxonomy":"category","embeddable":true,"href":"https:\/\/www.carmelitaniscalzi.com\/de\/wp-json\/wp\/v2\/categories?post=19284"},{"taxonomy":"post_tag","embeddable":true,"href":"https:\/\/www.carmelitaniscalzi.com\/de\/wp-json\/wp\/v2\/tags?post=19284"}],"curies":[{"name":"wp","href":"https:\/\/api.w.org\/{rel}","templated":true}]}}