{"id":19028,"date":"2017-12-22T10:18:13","date_gmt":"2017-12-22T09:18:13","guid":{"rendered":"https:\/\/www.carmelitaniscalzi.com\/de\/?p=19028"},"modified":"2017-12-23T11:28:53","modified_gmt":"2017-12-23T10:28:53","slug":"p-attilio-ghisleri-neuer-generaldelegat-fuer-israel","status":"publish","type":"post","link":"https:\/\/www.carmelitaniscalzi.com\/de\/2017\/12\/22\/p-attilio-ghisleri-neuer-generaldelegat-fuer-israel\/","title":{"rendered":"P. Attilio Ghisleri, neuer Generaldelegat f\u00fcr Israel"},"content":{"rendered":"<p>Das Definitorium hat den langj\u00e4hrigen General\u00f6konom P. Attilio Ghisleri zum neuen Generaldelegaten in Israel ernannt.<\/p>\n<p>Geboren am 26. Oktober 1940 zu Bassano Bresciano, trat er 1953 ins Kleine Seminar in Adro ein, machte 1958 einfache und 1962 Feierliche Profess und wurde am 25. M\u00e4rz 1966 in Venedig zum Priester geweiht.<\/p>\n<p>In der Folgezeit erlangte er 1967 am Angelicum in Rom das Lizenziat in Theologie, 1971 an der Katholischen Universit\u00e4t in Mailand das Doktorat in moderner Literatur mit der Bef\u00e4higung zum Unterricht f\u00fcr Italienisch und Latein an den H\u00f6heren Schulen, und erwarb 1976 an der r\u00f6mischen \u201cSapienza\u201d das Doktorat in Soziologie. 24 Jahre lang unterrichtete er Italienisch und Geschichte an staatlichen Schulen.<\/p>\n<p>Er war Geistlicher Beirat des OCDS und \u00fcbte in verschiedenen Pfarreien der Di\u00f6zese Mantua Seelsorgsdienste aus, ebenso in vielen Schwesterngemeinschaften.<\/p>\n<p>1996 wurde er als General\u00f6konom nach Rom gerufen und \u00fcbte in der Generalkurie diese Aufgabe seit Juli 1997 aus.<\/p>\n","protected":false},"excerpt":{"rendered":"<p>Das Definitorium hat den langj\u00e4hrigen General\u00f6konom P. Attilio Ghisleri zum neuen Generaldelegaten in Israel ernannt. Geboren am 26. Oktober 1940 zu Bassano Bresciano, trat er 1953 ins Kleine Seminar in Adro ein, machte 1958 einfache und 1962 Feierliche Profess und wurde am 25. M\u00e4rz 1966 in Venedig zum Priester geweiht. In der Folgezeit erlangte er [&hellip;]<\/p>\n","protected":false},"author":7,"featured_media":19036,"comment_status":"closed","ping_status":"closed","sticky":false,"template":"","format":"standard","meta":{"_acf_changed":false,"footnotes":""},"categories":[218,371],"tags":[],"class_list":["post-19028","post","type-post","status-publish","format-standard","has-post-thumbnail","hentry","category-nachrichten-ueber-brueder","category-nachrichten"],"acf":[],"yoast_head":"<!-- This site is optimized with the Yoast SEO plugin v26.3 - https:\/\/yoast.com\/wordpress\/plugins\/seo\/ -->\n<title>P. Attilio Ghisleri, neuer Generaldelegat f\u00fcr Israel - UNBESCHUHTE KARMELITEN<\/title>\n<meta name=\"robots\" content=\"index, follow, max-snippet:-1, max-image-preview:large, max-video-preview:-1\" \/>\n<link rel=\"canonical\" href=\"https:\/\/www.carmelitaniscalzi.com\/de\/2017\/12\/22\/p-attilio-ghisleri-neuer-generaldelegat-fuer-israel\/\" \/>\n<meta property=\"og:locale\" content=\"de_DE\" \/>\n<meta property=\"og:type\" content=\"article\" \/>\n<meta property=\"og:title\" content=\"P. Attilio Ghisleri, neuer Generaldelegat f\u00fcr Israel - UNBESCHUHTE KARMELITEN\" \/>\n<meta property=\"og:description\" content=\"Das Definitorium hat den langj\u00e4hrigen General\u00f6konom P. Attilio Ghisleri zum neuen Generaldelegaten in Israel ernannt. Geboren am 26. Oktober 1940 zu Bassano Bresciano, trat er 1953 ins Kleine Seminar in Adro ein, machte 1958 einfache und 1962 Feierliche Profess und wurde am 25. M\u00e4rz 1966 in Venedig zum Priester geweiht. In der Folgezeit erlangte er [&hellip;]\" \/>\n<meta property=\"og:url\" content=\"https:\/\/www.carmelitaniscalzi.com\/de\/2017\/12\/22\/p-attilio-ghisleri-neuer-generaldelegat-fuer-israel\/\" \/>\n<meta property=\"og:site_name\" content=\"UNBESCHUHTE KARMELITEN\" \/>\n<meta property=\"article:publisher\" content=\"https:\/\/www.facebook.com\/Curia-Generalizia-Carmelitani-Scalzi-658766940887784\/\" \/>\n<meta property=\"article:published_time\" content=\"2017-12-22T09:18:13+00:00\" \/>\n<meta property=\"article:modified_time\" content=\"2017-12-23T10:28:53+00:00\" \/>\n<meta property=\"og:image\" content=\"https:\/\/www.carmelitaniscalzi.com\/wp-content\/uploads\/2017\/12\/Attilio-Ghisleri.jpg\" \/>\n\t<meta property=\"og:image:width\" content=\"297\" \/>\n\t<meta property=\"og:image:height\" content=\"365\" \/>\n\t<meta property=\"og:image:type\" content=\"image\/jpeg\" \/>\n<meta name=\"author\" content=\"ocd web master\" \/>\n<meta name=\"twitter:card\" content=\"summary_large_image\" \/>\n<meta name=\"twitter:creator\" content=\"@ocdcuria\" \/>\n<meta name=\"twitter:site\" content=\"@ocdcuria\" \/>\n<meta name=\"twitter:label1\" content=\"Verfasst von\" \/>\n\t<meta name=\"twitter:data1\" content=\"ocd web master\" \/>\n\t<meta name=\"twitter:label2\" content=\"Gesch\u00e4tzte Lesezeit\" \/>\n\t<meta name=\"twitter:data2\" content=\"1\u00a0Minute\" \/>\n<script type=\"application\/ld+json\" class=\"yoast-schema-graph\">{\"@context\":\"https:\/\/schema.org\",\"@graph\":[{\"@type\":\"Article\",\"@id\":\"https:\/\/www.carmelitaniscalzi.com\/de\/2017\/12\/22\/p-attilio-ghisleri-neuer-generaldelegat-fuer-israel\/#article\",\"isPartOf\":{\"@id\":\"https:\/\/www.carmelitaniscalzi.com\/de\/2017\/12\/22\/p-attilio-ghisleri-neuer-generaldelegat-fuer-israel\/\"},\"author\":{\"name\":\"ocd web master\",\"@id\":\"https:\/\/www.carmelitaniscalzi.com\/#\/schema\/person\/6d1c0d9bea7b6625c437246a5d6da409\"},\"headline\":\"P. Attilio Ghisleri, neuer Generaldelegat f\u00fcr Israel\",\"datePublished\":\"2017-12-22T09:18:13+00:00\",\"dateModified\":\"2017-12-23T10:28:53+00:00\",\"mainEntityOfPage\":{\"@id\":\"https:\/\/www.carmelitaniscalzi.com\/de\/2017\/12\/22\/p-attilio-ghisleri-neuer-generaldelegat-fuer-israel\/\"},\"wordCount\":155,\"publisher\":{\"@id\":\"https:\/\/www.carmelitaniscalzi.com\/#organization\"},\"image\":{\"@id\":\"https:\/\/www.carmelitaniscalzi.com\/de\/2017\/12\/22\/p-attilio-ghisleri-neuer-generaldelegat-fuer-israel\/#primaryimage\"},\"thumbnailUrl\":\"https:\/\/www.carmelitaniscalzi.com\/wp-content\/uploads\/2017\/12\/Attilio-Ghisleri.jpg\",\"articleSection\":[\"Nachrichten \u00fcber Br\u00fcder\",\"Nachrichten\"],\"inLanguage\":\"de\"},{\"@type\":\"WebPage\",\"@id\":\"https:\/\/www.carmelitaniscalzi.com\/de\/2017\/12\/22\/p-attilio-ghisleri-neuer-generaldelegat-fuer-israel\/\",\"url\":\"https:\/\/www.carmelitaniscalzi.com\/de\/2017\/12\/22\/p-attilio-ghisleri-neuer-generaldelegat-fuer-israel\/\",\"name\":\"P. Attilio Ghisleri, neuer Generaldelegat f\u00fcr Israel - UNBESCHUHTE KARMELITEN\",\"isPartOf\":{\"@id\":\"https:\/\/www.carmelitaniscalzi.com\/#website\"},\"primaryImageOfPage\":{\"@id\":\"https:\/\/www.carmelitaniscalzi.com\/de\/2017\/12\/22\/p-attilio-ghisleri-neuer-generaldelegat-fuer-israel\/#primaryimage\"},\"image\":{\"@id\":\"https:\/\/www.carmelitaniscalzi.com\/de\/2017\/12\/22\/p-attilio-ghisleri-neuer-generaldelegat-fuer-israel\/#primaryimage\"},\"thumbnailUrl\":\"https:\/\/www.carmelitaniscalzi.com\/wp-content\/uploads\/2017\/12\/Attilio-Ghisleri.jpg\",\"datePublished\":\"2017-12-22T09:18:13+00:00\",\"dateModified\":\"2017-12-23T10:28:53+00:00\",\"breadcrumb\":{\"@id\":\"https:\/\/www.carmelitaniscalzi.com\/de\/2017\/12\/22\/p-attilio-ghisleri-neuer-generaldelegat-fuer-israel\/#breadcrumb\"},\"inLanguage\":\"de\",\"potentialAction\":[{\"@type\":\"ReadAction\",\"target\":[\"https:\/\/www.carmelitaniscalzi.com\/de\/2017\/12\/22\/p-attilio-ghisleri-neuer-generaldelegat-fuer-israel\/\"]}]},{\"@type\":\"ImageObject\",\"inLanguage\":\"de\",\"@id\":\"https:\/\/www.carmelitaniscalzi.com\/de\/2017\/12\/22\/p-attilio-ghisleri-neuer-generaldelegat-fuer-israel\/#primaryimage\",\"url\":\"https:\/\/www.carmelitaniscalzi.com\/wp-content\/uploads\/2017\/12\/Attilio-Ghisleri.jpg\",\"contentUrl\":\"https:\/\/www.carmelitaniscalzi.com\/wp-content\/uploads\/2017\/12\/Attilio-Ghisleri.jpg\",\"width\":297,\"height\":365},{\"@type\":\"BreadcrumbList\",\"@id\":\"https:\/\/www.carmelitaniscalzi.com\/de\/2017\/12\/22\/p-attilio-ghisleri-neuer-generaldelegat-fuer-israel\/#breadcrumb\",\"itemListElement\":[{\"@type\":\"ListItem\",\"position\":1,\"name\":\"Home\",\"item\":\"https:\/\/www.carmelitaniscalzi.com\/de\/\"},{\"@type\":\"ListItem\",\"position\":2,\"name\":\"P. Attilio Ghisleri, neuer Generaldelegat f\u00fcr Israel\"}]},{\"@type\":\"WebSite\",\"@id\":\"https:\/\/www.carmelitaniscalzi.com\/#website\",\"url\":\"https:\/\/www.carmelitaniscalzi.com\/\",\"name\":\"CARMELITANI SCALZI - Curia Generale del Carmelo Teresiano\",\"description\":\"Generalkurie des Teresianischen Karmel\",\"publisher\":{\"@id\":\"https:\/\/www.carmelitaniscalzi.com\/#organization\"},\"alternateName\":\"CARMELITANI SCALZI\",\"potentialAction\":[{\"@type\":\"SearchAction\",\"target\":{\"@type\":\"EntryPoint\",\"urlTemplate\":\"https:\/\/www.carmelitaniscalzi.com\/?s={search_term_string}\"},\"query-input\":{\"@type\":\"PropertyValueSpecification\",\"valueRequired\":true,\"valueName\":\"search_term_string\"}}],\"inLanguage\":\"de\"},{\"@type\":\"Organization\",\"@id\":\"https:\/\/www.carmelitaniscalzi.com\/#organization\",\"name\":\"CARMELITANI SCALZI - Curia Generale del Carmelo Teresiano\",\"url\":\"https:\/\/www.carmelitaniscalzi.com\/\",\"logo\":{\"@type\":\"ImageObject\",\"inLanguage\":\"de\",\"@id\":\"https:\/\/www.carmelitaniscalzi.com\/#\/schema\/logo\/image\/\",\"url\":\"https:\/\/www.carmelitaniscalzi.com\/wp-content\/uploads\/2025\/11\/login-logo.png\",\"contentUrl\":\"https:\/\/www.carmelitaniscalzi.com\/wp-content\/uploads\/2025\/11\/login-logo.png\",\"width\":256,\"height\":256,\"caption\":\"CARMELITANI SCALZI - Curia Generale del Carmelo Teresiano\"},\"image\":{\"@id\":\"https:\/\/www.carmelitaniscalzi.com\/#\/schema\/logo\/image\/\"},\"sameAs\":[\"https:\/\/www.facebook.com\/Curia-Generalizia-Carmelitani-Scalzi-658766940887784\/\",\"https:\/\/x.com\/ocdcuria\",\"https:\/\/www.youtube.com\/channel\/UC2J5ZL0ycOY0qBSTCLX_NGQ\/videos\",\"https:\/\/www.instagram.com\/ocdinform\/\"]},{\"@type\":\"Person\",\"@id\":\"https:\/\/www.carmelitaniscalzi.com\/#\/schema\/person\/6d1c0d9bea7b6625c437246a5d6da409\",\"name\":\"ocd web master\",\"image\":{\"@type\":\"ImageObject\",\"inLanguage\":\"de\",\"@id\":\"https:\/\/www.carmelitaniscalzi.com\/#\/schema\/person\/image\/\",\"url\":\"https:\/\/secure.gravatar.com\/avatar\/41fbc5f82bad909fbaf2984c43fa50d8519ac5853e25b454d022b6868f80d0e7?s=96&d=mm&r=g\",\"contentUrl\":\"https:\/\/secure.gravatar.com\/avatar\/41fbc5f82bad909fbaf2984c43fa50d8519ac5853e25b454d022b6868f80d0e7?s=96&d=mm&r=g\",\"caption\":\"ocd web master\"},\"url\":\"https:\/\/www.carmelitaniscalzi.com\/de\/author\/ocdwebmaster\/\"}]}<\/script>\n<!-- \/ Yoast SEO plugin. -->","yoast_head_json":{"title":"P. Attilio Ghisleri, neuer Generaldelegat f\u00fcr Israel - UNBESCHUHTE KARMELITEN","robots":{"index":"index","follow":"follow","max-snippet":"max-snippet:-1","max-image-preview":"max-image-preview:large","max-video-preview":"max-video-preview:-1"},"canonical":"https:\/\/www.carmelitaniscalzi.com\/de\/2017\/12\/22\/p-attilio-ghisleri-neuer-generaldelegat-fuer-israel\/","og_locale":"de_DE","og_type":"article","og_title":"P. Attilio Ghisleri, neuer Generaldelegat f\u00fcr Israel - UNBESCHUHTE KARMELITEN","og_description":"Das Definitorium hat den langj\u00e4hrigen General\u00f6konom P. Attilio Ghisleri zum neuen Generaldelegaten in Israel ernannt. Geboren am 26. Oktober 1940 zu Bassano Bresciano, trat er 1953 ins Kleine Seminar in Adro ein, machte 1958 einfache und 1962 Feierliche Profess und wurde am 25. M\u00e4rz 1966 in Venedig zum Priester geweiht. In der Folgezeit erlangte er [&hellip;]","og_url":"https:\/\/www.carmelitaniscalzi.com\/de\/2017\/12\/22\/p-attilio-ghisleri-neuer-generaldelegat-fuer-israel\/","og_site_name":"UNBESCHUHTE KARMELITEN","article_publisher":"https:\/\/www.facebook.com\/Curia-Generalizia-Carmelitani-Scalzi-658766940887784\/","article_published_time":"2017-12-22T09:18:13+00:00","article_modified_time":"2017-12-23T10:28:53+00:00","og_image":[{"width":297,"height":365,"url":"https:\/\/www.carmelitaniscalzi.com\/wp-content\/uploads\/2017\/12\/Attilio-Ghisleri.jpg","type":"image\/jpeg"}],"author":"ocd web master","twitter_card":"summary_large_image","twitter_creator":"@ocdcuria","twitter_site":"@ocdcuria","twitter_misc":{"Verfasst von":"ocd web master","Gesch\u00e4tzte Lesezeit":"1\u00a0Minute"},"schema":{"@context":"https:\/\/schema.org","@graph":[{"@type":"Article","@id":"https:\/\/www.carmelitaniscalzi.com\/de\/2017\/12\/22\/p-attilio-ghisleri-neuer-generaldelegat-fuer-israel\/#article","isPartOf":{"@id":"https:\/\/www.carmelitaniscalzi.com\/de\/2017\/12\/22\/p-attilio-ghisleri-neuer-generaldelegat-fuer-israel\/"},"author":{"name":"ocd web master","@id":"https:\/\/www.carmelitaniscalzi.com\/#\/schema\/person\/6d1c0d9bea7b6625c437246a5d6da409"},"headline":"P. Attilio Ghisleri, neuer Generaldelegat f\u00fcr Israel","datePublished":"2017-12-22T09:18:13+00:00","dateModified":"2017-12-23T10:28:53+00:00","mainEntityOfPage":{"@id":"https:\/\/www.carmelitaniscalzi.com\/de\/2017\/12\/22\/p-attilio-ghisleri-neuer-generaldelegat-fuer-israel\/"},"wordCount":155,"publisher":{"@id":"https:\/\/www.carmelitaniscalzi.com\/#organization"},"image":{"@id":"https:\/\/www.carmelitaniscalzi.com\/de\/2017\/12\/22\/p-attilio-ghisleri-neuer-generaldelegat-fuer-israel\/#primaryimage"},"thumbnailUrl":"https:\/\/www.carmelitaniscalzi.com\/wp-content\/uploads\/2017\/12\/Attilio-Ghisleri.jpg","articleSection":["Nachrichten \u00fcber Br\u00fcder","Nachrichten"],"inLanguage":"de"},{"@type":"WebPage","@id":"https:\/\/www.carmelitaniscalzi.com\/de\/2017\/12\/22\/p-attilio-ghisleri-neuer-generaldelegat-fuer-israel\/","url":"https:\/\/www.carmelitaniscalzi.com\/de\/2017\/12\/22\/p-attilio-ghisleri-neuer-generaldelegat-fuer-israel\/","name":"P. Attilio Ghisleri, neuer Generaldelegat f\u00fcr Israel - UNBESCHUHTE KARMELITEN","isPartOf":{"@id":"https:\/\/www.carmelitaniscalzi.com\/#website"},"primaryImageOfPage":{"@id":"https:\/\/www.carmelitaniscalzi.com\/de\/2017\/12\/22\/p-attilio-ghisleri-neuer-generaldelegat-fuer-israel\/#primaryimage"},"image":{"@id":"https:\/\/www.carmelitaniscalzi.com\/de\/2017\/12\/22\/p-attilio-ghisleri-neuer-generaldelegat-fuer-israel\/#primaryimage"},"thumbnailUrl":"https:\/\/www.carmelitaniscalzi.com\/wp-content\/uploads\/2017\/12\/Attilio-Ghisleri.jpg","datePublished":"2017-12-22T09:18:13+00:00","dateModified":"2017-12-23T10:28:53+00:00","breadcrumb":{"@id":"https:\/\/www.carmelitaniscalzi.com\/de\/2017\/12\/22\/p-attilio-ghisleri-neuer-generaldelegat-fuer-israel\/#breadcrumb"},"inLanguage":"de","potentialAction":[{"@type":"ReadAction","target":["https:\/\/www.carmelitaniscalzi.com\/de\/2017\/12\/22\/p-attilio-ghisleri-neuer-generaldelegat-fuer-israel\/"]}]},{"@type":"ImageObject","inLanguage":"de","@id":"https:\/\/www.carmelitaniscalzi.com\/de\/2017\/12\/22\/p-attilio-ghisleri-neuer-generaldelegat-fuer-israel\/#primaryimage","url":"https:\/\/www.carmelitaniscalzi.com\/wp-content\/uploads\/2017\/12\/Attilio-Ghisleri.jpg","contentUrl":"https:\/\/www.carmelitaniscalzi.com\/wp-content\/uploads\/2017\/12\/Attilio-Ghisleri.jpg","width":297,"height":365},{"@type":"BreadcrumbList","@id":"https:\/\/www.carmelitaniscalzi.com\/de\/2017\/12\/22\/p-attilio-ghisleri-neuer-generaldelegat-fuer-israel\/#breadcrumb","itemListElement":[{"@type":"ListItem","position":1,"name":"Home","item":"https:\/\/www.carmelitaniscalzi.com\/de\/"},{"@type":"ListItem","position":2,"name":"P. Attilio Ghisleri, neuer Generaldelegat f\u00fcr Israel"}]},{"@type":"WebSite","@id":"https:\/\/www.carmelitaniscalzi.com\/#website","url":"https:\/\/www.carmelitaniscalzi.com\/","name":"CARMELITANI SCALZI - Curia Generale del Carmelo Teresiano","description":"Generalkurie des Teresianischen Karmel","publisher":{"@id":"https:\/\/www.carmelitaniscalzi.com\/#organization"},"alternateName":"CARMELITANI SCALZI","potentialAction":[{"@type":"SearchAction","target":{"@type":"EntryPoint","urlTemplate":"https:\/\/www.carmelitaniscalzi.com\/?s={search_term_string}"},"query-input":{"@type":"PropertyValueSpecification","valueRequired":true,"valueName":"search_term_string"}}],"inLanguage":"de"},{"@type":"Organization","@id":"https:\/\/www.carmelitaniscalzi.com\/#organization","name":"CARMELITANI SCALZI - Curia Generale del Carmelo Teresiano","url":"https:\/\/www.carmelitaniscalzi.com\/","logo":{"@type":"ImageObject","inLanguage":"de","@id":"https:\/\/www.carmelitaniscalzi.com\/#\/schema\/logo\/image\/","url":"https:\/\/www.carmelitaniscalzi.com\/wp-content\/uploads\/2025\/11\/login-logo.png","contentUrl":"https:\/\/www.carmelitaniscalzi.com\/wp-content\/uploads\/2025\/11\/login-logo.png","width":256,"height":256,"caption":"CARMELITANI SCALZI - Curia Generale del Carmelo Teresiano"},"image":{"@id":"https:\/\/www.carmelitaniscalzi.com\/#\/schema\/logo\/image\/"},"sameAs":["https:\/\/www.facebook.com\/Curia-Generalizia-Carmelitani-Scalzi-658766940887784\/","https:\/\/x.com\/ocdcuria","https:\/\/www.youtube.com\/channel\/UC2J5ZL0ycOY0qBSTCLX_NGQ\/videos","https:\/\/www.instagram.com\/ocdinform\/"]},{"@type":"Person","@id":"https:\/\/www.carmelitaniscalzi.com\/#\/schema\/person\/6d1c0d9bea7b6625c437246a5d6da409","name":"ocd web master","image":{"@type":"ImageObject","inLanguage":"de","@id":"https:\/\/www.carmelitaniscalzi.com\/#\/schema\/person\/image\/","url":"https:\/\/secure.gravatar.com\/avatar\/41fbc5f82bad909fbaf2984c43fa50d8519ac5853e25b454d022b6868f80d0e7?s=96&d=mm&r=g","contentUrl":"https:\/\/secure.gravatar.com\/avatar\/41fbc5f82bad909fbaf2984c43fa50d8519ac5853e25b454d022b6868f80d0e7?s=96&d=mm&r=g","caption":"ocd web master"},"url":"https:\/\/www.carmelitaniscalzi.com\/de\/author\/ocdwebmaster\/"}]}},"_links":{"self":[{"href":"https:\/\/www.carmelitaniscalzi.com\/de\/wp-json\/wp\/v2\/posts\/19028","targetHints":{"allow":["GET"]}}],"collection":[{"href":"https:\/\/www.carmelitaniscalzi.com\/de\/wp-json\/wp\/v2\/posts"}],"about":[{"href":"https:\/\/www.carmelitaniscalzi.com\/de\/wp-json\/wp\/v2\/types\/post"}],"author":[{"embeddable":true,"href":"https:\/\/www.carmelitaniscalzi.com\/de\/wp-json\/wp\/v2\/users\/7"}],"replies":[{"embeddable":true,"href":"https:\/\/www.carmelitaniscalzi.com\/de\/wp-json\/wp\/v2\/comments?post=19028"}],"version-history":[{"count":0,"href":"https:\/\/www.carmelitaniscalzi.com\/de\/wp-json\/wp\/v2\/posts\/19028\/revisions"}],"wp:featuredmedia":[{"embeddable":true,"href":"https:\/\/www.carmelitaniscalzi.com\/de\/wp-json\/wp\/v2\/media\/19036"}],"wp:attachment":[{"href":"https:\/\/www.carmelitaniscalzi.com\/de\/wp-json\/wp\/v2\/media?parent=19028"}],"wp:term":[{"taxonomy":"category","embeddable":true,"href":"https:\/\/www.carmelitaniscalzi.com\/de\/wp-json\/wp\/v2\/categories?post=19028"},{"taxonomy":"post_tag","embeddable":true,"href":"https:\/\/www.carmelitaniscalzi.com\/de\/wp-json\/wp\/v2\/tags?post=19028"}],"curies":[{"name":"wp","href":"https:\/\/api.w.org\/{rel}","templated":true}]}}