{"id":18246,"date":"2017-11-18T10:55:36","date_gmt":"2017-11-18T09:55:36","guid":{"rendered":"https:\/\/www.carmelitaniscalzi.com\/de\/?p=18246"},"modified":"2017-11-18T10:55:36","modified_gmt":"2017-11-18T09:55:36","slug":"studientag-ueber-den-sel-maria-eugen","status":"publish","type":"post","link":"https:\/\/www.carmelitaniscalzi.com\/de\/2017\/11\/18\/studientag-ueber-den-sel-maria-eugen\/","title":{"rendered":"Studientag \u00fcber den sel. Maria Eugen"},"content":{"rendered":"<p>Am vergangenen 26. Oktober fand im Teresianum ein Studientag \u00fcber den sel. Maria Eugen statt mit dem Titel: P. Maria Eugen, Mystiker und Lehrmeister. Nach dem Willkommensgru\u00df des Pr\u00e4sidenten der Fakult\u00e4t, P. Denis Chardonnens wurden sechs Referate vorgetragen:<\/p>\n<p>Bernard Minvielle, Ich m\u00f6chte Gott schauen und die derzeitigen Debatten \u00fcber Mystik;<\/p>\n<p>Emilio Jos\u00e9 Mart\u00ednez OCD, Der Unbeschuhte Karmelit Maria Eugen;<\/p>\n<p>Louis Menvielle, Ein mystischer Lebensentwurf aus der Erfahrung;<\/p>\n<p>Laurent Touze, Die Heiligung des Alltagslebens nach dem sel. Maria Eugen;<\/p>\n<p>Jes\u00fas Manuel Garc\u00eda Guti\u00e9rrrez, Theologie und Kontemplation im Denken von Maria Eugen. Folgen, Probleme und Perspektiven;<\/p>\n<p>Fran\u00e7ois-Marie L\u00e9thel OCD, Ich m\u00f6chte Gott schauen als theologische Synthese.<\/p>\n<p>Den Vortr\u00e4gen folgte jeweils eine Aussprache unter Leitung von Piero Coda, die Zusammenfassungen\u00a0 wurden von P. Jean-Fran\u00e7ois Lefebvre, dem Direktor des Studiums von Notre Dame de Vie erstellt, das dem Teresianum aggregiert ist.<\/p>\n<p>Der Studientag hat erfolgreich den Beitrag von Maria Eugen zur Theologie, speziell dem Verst\u00e4ndnis des mystischen Lebens herausgestellt, indem er ihn in den Kontext der Tradition des Ordens gestellt und seine G\u00fcltigkeit f\u00fcr heute aufgezeigt hat.<\/p>\n<p><img loading=\"lazy\" decoding=\"async\" class=\"alignnone size-thumbnail wp-image-18242\" src=\"https:\/\/www.carmelitaniscalzi.com\/wp-content\/uploads\/2017\/11\/IMG_3897-150x150.jpg\" alt=\"\" width=\"150\" height=\"150\" \/> <img loading=\"lazy\" decoding=\"async\" class=\"alignnone size-thumbnail wp-image-18241\" src=\"https:\/\/www.carmelitaniscalzi.com\/wp-content\/uploads\/2017\/11\/IMG_3889-150x150.jpg\" alt=\"\" width=\"150\" height=\"150\" \/> <img loading=\"lazy\" decoding=\"async\" class=\"alignnone size-thumbnail wp-image-18240\" src=\"https:\/\/www.carmelitaniscalzi.com\/wp-content\/uploads\/2017\/11\/IMG_3883-150x150.jpg\" alt=\"\" width=\"150\" height=\"150\" \/> <img loading=\"lazy\" decoding=\"async\" class=\"alignnone size-thumbnail wp-image-18239\" src=\"https:\/\/www.carmelitaniscalzi.com\/wp-content\/uploads\/2017\/11\/IMG_3855-150x150.jpg\" alt=\"\" width=\"150\" height=\"150\" \/> <img loading=\"lazy\" decoding=\"async\" class=\"alignnone size-thumbnail wp-image-18238\" src=\"https:\/\/www.carmelitaniscalzi.com\/wp-content\/uploads\/2017\/11\/IMG_3846-150x150.jpg\" alt=\"\" width=\"150\" height=\"150\" \/> <img loading=\"lazy\" decoding=\"async\" class=\"alignnone size-thumbnail wp-image-18237\" src=\"https:\/\/www.carmelitaniscalzi.com\/wp-content\/uploads\/2017\/11\/IMG_3831-150x150.jpg\" alt=\"\" width=\"150\" height=\"150\" \/> <img loading=\"lazy\" decoding=\"async\" class=\"alignnone size-thumbnail wp-image-18236\" src=\"https:\/\/www.carmelitaniscalzi.com\/wp-content\/uploads\/2017\/11\/IMG_3830-150x150.jpg\" alt=\"\" width=\"150\" height=\"150\" \/> <img loading=\"lazy\" decoding=\"async\" class=\"alignnone size-thumbnail wp-image-18235\" src=\"https:\/\/www.carmelitaniscalzi.com\/wp-content\/uploads\/2017\/11\/045-150x150.jpg\" alt=\"\" width=\"150\" height=\"150\" \/> <img loading=\"lazy\" decoding=\"async\" class=\"alignnone size-thumbnail wp-image-18234\" src=\"https:\/\/www.carmelitaniscalzi.com\/wp-content\/uploads\/2017\/11\/037-150x150.jpg\" alt=\"\" width=\"150\" height=\"150\" \/> <img loading=\"lazy\" decoding=\"async\" class=\"alignnone size-thumbnail wp-image-18233\" src=\"https:\/\/www.carmelitaniscalzi.com\/wp-content\/uploads\/2017\/11\/029-150x150.jpg\" alt=\"\" width=\"150\" height=\"150\" \/> <img loading=\"lazy\" decoding=\"async\" class=\"alignnone size-thumbnail wp-image-18232\" src=\"https:\/\/www.carmelitaniscalzi.com\/wp-content\/uploads\/2017\/11\/027-150x150.jpg\" alt=\"\" width=\"150\" height=\"150\" \/> <img loading=\"lazy\" decoding=\"async\" class=\"alignnone size-thumbnail wp-image-18231\" src=\"https:\/\/www.carmelitaniscalzi.com\/wp-content\/uploads\/2017\/11\/026-150x150.jpg\" alt=\"\" width=\"150\" height=\"150\" \/> <img loading=\"lazy\" decoding=\"async\" class=\"alignnone size-thumbnail wp-image-18230\" src=\"https:\/\/www.carmelitaniscalzi.com\/wp-content\/uploads\/2017\/11\/015-150x150.jpg\" alt=\"\" width=\"150\" height=\"150\" \/> <img loading=\"lazy\" decoding=\"async\" class=\"alignnone size-thumbnail wp-image-18229\" src=\"https:\/\/www.carmelitaniscalzi.com\/wp-content\/uploads\/2017\/11\/013-150x150.jpg\" alt=\"\" width=\"150\" height=\"150\" \/> <img loading=\"lazy\" decoding=\"async\" class=\"alignnone size-thumbnail wp-image-18228\" src=\"https:\/\/www.carmelitaniscalzi.com\/wp-content\/uploads\/2017\/11\/010-150x150.jpg\" alt=\"\" width=\"150\" height=\"150\" \/> <img loading=\"lazy\" decoding=\"async\" class=\"alignnone size-thumbnail wp-image-18227\" src=\"https:\/\/www.carmelitaniscalzi.com\/wp-content\/uploads\/2017\/11\/08-1-150x150.jpg\" alt=\"\" width=\"150\" height=\"150\" \/> <img loading=\"lazy\" decoding=\"async\" class=\"alignnone size-thumbnail wp-image-18226\" src=\"https:\/\/www.carmelitaniscalzi.com\/wp-content\/uploads\/2017\/11\/06-1-150x150.jpg\" alt=\"\" width=\"150\" height=\"150\" \/> <img loading=\"lazy\" decoding=\"async\" class=\"alignnone size-thumbnail wp-image-18225\" src=\"https:\/\/www.carmelitaniscalzi.com\/wp-content\/uploads\/2017\/11\/05-1-150x150.jpg\" alt=\"\" width=\"150\" height=\"150\" \/> <img loading=\"lazy\" decoding=\"async\" class=\"alignnone size-thumbnail wp-image-18224\" src=\"https:\/\/www.carmelitaniscalzi.com\/wp-content\/uploads\/2017\/11\/03-2-150x150.jpg\" alt=\"\" width=\"150\" height=\"150\" \/> <img loading=\"lazy\" decoding=\"async\" class=\"alignnone size-thumbnail wp-image-18223\" src=\"https:\/\/www.carmelitaniscalzi.com\/wp-content\/uploads\/2017\/11\/02-2-150x150.jpg\" alt=\"\" width=\"150\" height=\"150\" \/> <img loading=\"lazy\" decoding=\"async\" class=\"alignnone size-thumbnail wp-image-18222\" src=\"https:\/\/www.carmelitaniscalzi.com\/wp-content\/uploads\/2017\/11\/01-2-150x150.jpg\" alt=\"\" width=\"150\" height=\"150\" \/><\/p>\n","protected":false},"excerpt":{"rendered":"<p>Am vergangenen 26. Oktober fand im Teresianum ein Studientag \u00fcber den sel. Maria Eugen statt mit dem Titel: P. Maria Eugen, Mystiker und Lehrmeister. Nach dem Willkommensgru\u00df des Pr\u00e4sidenten der Fakult\u00e4t, P. Denis Chardonnens wurden sechs Referate vorgetragen: Bernard Minvielle, Ich m\u00f6chte Gott schauen und die derzeitigen Debatten \u00fcber Mystik; Emilio Jos\u00e9 Mart\u00ednez OCD, Der [&hellip;]<\/p>\n","protected":false},"author":7,"featured_media":18221,"comment_status":"closed","ping_status":"closed","sticky":false,"template":"","format":"standard","meta":{"_acf_changed":false,"footnotes":""},"categories":[217,371],"tags":[],"class_list":["post-18246","post","type-post","status-publish","format-standard","has-post-thumbnail","hentry","category-nachrichten-aus-den-missionen","category-nachrichten"],"acf":[],"yoast_head":"<!-- This site is optimized with the Yoast SEO plugin v26.3 - https:\/\/yoast.com\/wordpress\/plugins\/seo\/ -->\n<title>Studientag \u00fcber den sel. Maria Eugen - UNBESCHUHTE KARMELITEN<\/title>\n<meta name=\"robots\" content=\"index, follow, max-snippet:-1, max-image-preview:large, max-video-preview:-1\" \/>\n<link rel=\"canonical\" href=\"https:\/\/www.carmelitaniscalzi.com\/de\/2017\/11\/18\/studientag-ueber-den-sel-maria-eugen\/\" \/>\n<meta property=\"og:locale\" content=\"de_DE\" \/>\n<meta property=\"og:type\" content=\"article\" \/>\n<meta property=\"og:title\" content=\"Studientag \u00fcber den sel. Maria Eugen - UNBESCHUHTE KARMELITEN\" \/>\n<meta property=\"og:description\" content=\"Am vergangenen 26. Oktober fand im Teresianum ein Studientag \u00fcber den sel. Maria Eugen statt mit dem Titel: P. Maria Eugen, Mystiker und Lehrmeister. Nach dem Willkommensgru\u00df des Pr\u00e4sidenten der Fakult\u00e4t, P. Denis Chardonnens wurden sechs Referate vorgetragen: Bernard Minvielle, Ich m\u00f6chte Gott schauen und die derzeitigen Debatten \u00fcber Mystik; Emilio Jos\u00e9 Mart\u00ednez OCD, Der [&hellip;]\" \/>\n<meta property=\"og:url\" content=\"https:\/\/www.carmelitaniscalzi.com\/de\/2017\/11\/18\/studientag-ueber-den-sel-maria-eugen\/\" \/>\n<meta property=\"og:site_name\" content=\"UNBESCHUHTE KARMELITEN\" \/>\n<meta property=\"article:publisher\" content=\"https:\/\/www.facebook.com\/Curia-Generalizia-Carmelitani-Scalzi-658766940887784\/\" \/>\n<meta property=\"article:published_time\" content=\"2017-11-18T09:55:36+00:00\" \/>\n<meta property=\"og:image\" content=\"https:\/\/www.carmelitaniscalzi.com\/wp-content\/uploads\/2017\/11\/00-1.jpg\" \/>\n\t<meta property=\"og:image:width\" content=\"1440\" \/>\n\t<meta property=\"og:image:height\" content=\"1080\" \/>\n\t<meta property=\"og:image:type\" content=\"image\/jpeg\" \/>\n<meta name=\"author\" content=\"ocd web master\" \/>\n<meta name=\"twitter:card\" content=\"summary_large_image\" \/>\n<meta name=\"twitter:creator\" content=\"@ocdcuria\" \/>\n<meta name=\"twitter:site\" content=\"@ocdcuria\" \/>\n<meta name=\"twitter:label1\" content=\"Verfasst von\" \/>\n\t<meta name=\"twitter:data1\" content=\"ocd web master\" \/>\n\t<meta name=\"twitter:label2\" content=\"Gesch\u00e4tzte Lesezeit\" \/>\n\t<meta name=\"twitter:data2\" content=\"1\u00a0Minute\" \/>\n<script type=\"application\/ld+json\" class=\"yoast-schema-graph\">{\"@context\":\"https:\/\/schema.org\",\"@graph\":[{\"@type\":\"Article\",\"@id\":\"https:\/\/www.carmelitaniscalzi.com\/de\/2017\/11\/18\/studientag-ueber-den-sel-maria-eugen\/#article\",\"isPartOf\":{\"@id\":\"https:\/\/www.carmelitaniscalzi.com\/de\/2017\/11\/18\/studientag-ueber-den-sel-maria-eugen\/\"},\"author\":{\"name\":\"ocd web master\",\"@id\":\"https:\/\/www.carmelitaniscalzi.com\/#\/schema\/person\/6d1c0d9bea7b6625c437246a5d6da409\"},\"headline\":\"Studientag \u00fcber den sel. Maria Eugen\",\"datePublished\":\"2017-11-18T09:55:36+00:00\",\"mainEntityOfPage\":{\"@id\":\"https:\/\/www.carmelitaniscalzi.com\/de\/2017\/11\/18\/studientag-ueber-den-sel-maria-eugen\/\"},\"wordCount\":193,\"publisher\":{\"@id\":\"https:\/\/www.carmelitaniscalzi.com\/#organization\"},\"image\":{\"@id\":\"https:\/\/www.carmelitaniscalzi.com\/de\/2017\/11\/18\/studientag-ueber-den-sel-maria-eugen\/#primaryimage\"},\"thumbnailUrl\":\"https:\/\/www.carmelitaniscalzi.com\/wp-content\/uploads\/2017\/11\/00-1.jpg\",\"articleSection\":[\"Nachrichten zur Ausbildung\",\"Nachrichten\"],\"inLanguage\":\"de\"},{\"@type\":\"WebPage\",\"@id\":\"https:\/\/www.carmelitaniscalzi.com\/de\/2017\/11\/18\/studientag-ueber-den-sel-maria-eugen\/\",\"url\":\"https:\/\/www.carmelitaniscalzi.com\/de\/2017\/11\/18\/studientag-ueber-den-sel-maria-eugen\/\",\"name\":\"Studientag \u00fcber den sel. Maria Eugen - UNBESCHUHTE KARMELITEN\",\"isPartOf\":{\"@id\":\"https:\/\/www.carmelitaniscalzi.com\/#website\"},\"primaryImageOfPage\":{\"@id\":\"https:\/\/www.carmelitaniscalzi.com\/de\/2017\/11\/18\/studientag-ueber-den-sel-maria-eugen\/#primaryimage\"},\"image\":{\"@id\":\"https:\/\/www.carmelitaniscalzi.com\/de\/2017\/11\/18\/studientag-ueber-den-sel-maria-eugen\/#primaryimage\"},\"thumbnailUrl\":\"https:\/\/www.carmelitaniscalzi.com\/wp-content\/uploads\/2017\/11\/00-1.jpg\",\"datePublished\":\"2017-11-18T09:55:36+00:00\",\"breadcrumb\":{\"@id\":\"https:\/\/www.carmelitaniscalzi.com\/de\/2017\/11\/18\/studientag-ueber-den-sel-maria-eugen\/#breadcrumb\"},\"inLanguage\":\"de\",\"potentialAction\":[{\"@type\":\"ReadAction\",\"target\":[\"https:\/\/www.carmelitaniscalzi.com\/de\/2017\/11\/18\/studientag-ueber-den-sel-maria-eugen\/\"]}]},{\"@type\":\"ImageObject\",\"inLanguage\":\"de\",\"@id\":\"https:\/\/www.carmelitaniscalzi.com\/de\/2017\/11\/18\/studientag-ueber-den-sel-maria-eugen\/#primaryimage\",\"url\":\"https:\/\/www.carmelitaniscalzi.com\/wp-content\/uploads\/2017\/11\/00-1.jpg\",\"contentUrl\":\"https:\/\/www.carmelitaniscalzi.com\/wp-content\/uploads\/2017\/11\/00-1.jpg\",\"width\":1440,\"height\":1080},{\"@type\":\"BreadcrumbList\",\"@id\":\"https:\/\/www.carmelitaniscalzi.com\/de\/2017\/11\/18\/studientag-ueber-den-sel-maria-eugen\/#breadcrumb\",\"itemListElement\":[{\"@type\":\"ListItem\",\"position\":1,\"name\":\"Home\",\"item\":\"https:\/\/www.carmelitaniscalzi.com\/de\/\"},{\"@type\":\"ListItem\",\"position\":2,\"name\":\"Studientag \u00fcber den sel. Maria Eugen\"}]},{\"@type\":\"WebSite\",\"@id\":\"https:\/\/www.carmelitaniscalzi.com\/#website\",\"url\":\"https:\/\/www.carmelitaniscalzi.com\/\",\"name\":\"CARMELITANI SCALZI - Curia Generale del Carmelo Teresiano\",\"description\":\"Generalkurie des Teresianischen Karmel\",\"publisher\":{\"@id\":\"https:\/\/www.carmelitaniscalzi.com\/#organization\"},\"alternateName\":\"CARMELITANI SCALZI\",\"potentialAction\":[{\"@type\":\"SearchAction\",\"target\":{\"@type\":\"EntryPoint\",\"urlTemplate\":\"https:\/\/www.carmelitaniscalzi.com\/?s={search_term_string}\"},\"query-input\":{\"@type\":\"PropertyValueSpecification\",\"valueRequired\":true,\"valueName\":\"search_term_string\"}}],\"inLanguage\":\"de\"},{\"@type\":\"Organization\",\"@id\":\"https:\/\/www.carmelitaniscalzi.com\/#organization\",\"name\":\"CARMELITANI SCALZI - Curia Generale del Carmelo Teresiano\",\"url\":\"https:\/\/www.carmelitaniscalzi.com\/\",\"logo\":{\"@type\":\"ImageObject\",\"inLanguage\":\"de\",\"@id\":\"https:\/\/www.carmelitaniscalzi.com\/#\/schema\/logo\/image\/\",\"url\":\"https:\/\/www.carmelitaniscalzi.com\/wp-content\/uploads\/2025\/11\/login-logo.png\",\"contentUrl\":\"https:\/\/www.carmelitaniscalzi.com\/wp-content\/uploads\/2025\/11\/login-logo.png\",\"width\":256,\"height\":256,\"caption\":\"CARMELITANI SCALZI - Curia Generale del Carmelo Teresiano\"},\"image\":{\"@id\":\"https:\/\/www.carmelitaniscalzi.com\/#\/schema\/logo\/image\/\"},\"sameAs\":[\"https:\/\/www.facebook.com\/Curia-Generalizia-Carmelitani-Scalzi-658766940887784\/\",\"https:\/\/x.com\/ocdcuria\",\"https:\/\/www.youtube.com\/channel\/UC2J5ZL0ycOY0qBSTCLX_NGQ\/videos\",\"https:\/\/www.instagram.com\/ocdinform\/\"]},{\"@type\":\"Person\",\"@id\":\"https:\/\/www.carmelitaniscalzi.com\/#\/schema\/person\/6d1c0d9bea7b6625c437246a5d6da409\",\"name\":\"ocd web master\",\"image\":{\"@type\":\"ImageObject\",\"inLanguage\":\"de\",\"@id\":\"https:\/\/www.carmelitaniscalzi.com\/#\/schema\/person\/image\/\",\"url\":\"https:\/\/secure.gravatar.com\/avatar\/41fbc5f82bad909fbaf2984c43fa50d8519ac5853e25b454d022b6868f80d0e7?s=96&d=mm&r=g\",\"contentUrl\":\"https:\/\/secure.gravatar.com\/avatar\/41fbc5f82bad909fbaf2984c43fa50d8519ac5853e25b454d022b6868f80d0e7?s=96&d=mm&r=g\",\"caption\":\"ocd web master\"},\"url\":\"https:\/\/www.carmelitaniscalzi.com\/de\/author\/ocdwebmaster\/\"}]}<\/script>\n<!-- \/ Yoast SEO plugin. -->","yoast_head_json":{"title":"Studientag \u00fcber den sel. Maria Eugen - UNBESCHUHTE KARMELITEN","robots":{"index":"index","follow":"follow","max-snippet":"max-snippet:-1","max-image-preview":"max-image-preview:large","max-video-preview":"max-video-preview:-1"},"canonical":"https:\/\/www.carmelitaniscalzi.com\/de\/2017\/11\/18\/studientag-ueber-den-sel-maria-eugen\/","og_locale":"de_DE","og_type":"article","og_title":"Studientag \u00fcber den sel. Maria Eugen - UNBESCHUHTE KARMELITEN","og_description":"Am vergangenen 26. Oktober fand im Teresianum ein Studientag \u00fcber den sel. Maria Eugen statt mit dem Titel: P. Maria Eugen, Mystiker und Lehrmeister. Nach dem Willkommensgru\u00df des Pr\u00e4sidenten der Fakult\u00e4t, P. Denis Chardonnens wurden sechs Referate vorgetragen: Bernard Minvielle, Ich m\u00f6chte Gott schauen und die derzeitigen Debatten \u00fcber Mystik; Emilio Jos\u00e9 Mart\u00ednez OCD, Der [&hellip;]","og_url":"https:\/\/www.carmelitaniscalzi.com\/de\/2017\/11\/18\/studientag-ueber-den-sel-maria-eugen\/","og_site_name":"UNBESCHUHTE KARMELITEN","article_publisher":"https:\/\/www.facebook.com\/Curia-Generalizia-Carmelitani-Scalzi-658766940887784\/","article_published_time":"2017-11-18T09:55:36+00:00","og_image":[{"width":1440,"height":1080,"url":"https:\/\/www.carmelitaniscalzi.com\/wp-content\/uploads\/2017\/11\/00-1.jpg","type":"image\/jpeg"}],"author":"ocd web master","twitter_card":"summary_large_image","twitter_creator":"@ocdcuria","twitter_site":"@ocdcuria","twitter_misc":{"Verfasst von":"ocd web master","Gesch\u00e4tzte Lesezeit":"1\u00a0Minute"},"schema":{"@context":"https:\/\/schema.org","@graph":[{"@type":"Article","@id":"https:\/\/www.carmelitaniscalzi.com\/de\/2017\/11\/18\/studientag-ueber-den-sel-maria-eugen\/#article","isPartOf":{"@id":"https:\/\/www.carmelitaniscalzi.com\/de\/2017\/11\/18\/studientag-ueber-den-sel-maria-eugen\/"},"author":{"name":"ocd web master","@id":"https:\/\/www.carmelitaniscalzi.com\/#\/schema\/person\/6d1c0d9bea7b6625c437246a5d6da409"},"headline":"Studientag \u00fcber den sel. Maria Eugen","datePublished":"2017-11-18T09:55:36+00:00","mainEntityOfPage":{"@id":"https:\/\/www.carmelitaniscalzi.com\/de\/2017\/11\/18\/studientag-ueber-den-sel-maria-eugen\/"},"wordCount":193,"publisher":{"@id":"https:\/\/www.carmelitaniscalzi.com\/#organization"},"image":{"@id":"https:\/\/www.carmelitaniscalzi.com\/de\/2017\/11\/18\/studientag-ueber-den-sel-maria-eugen\/#primaryimage"},"thumbnailUrl":"https:\/\/www.carmelitaniscalzi.com\/wp-content\/uploads\/2017\/11\/00-1.jpg","articleSection":["Nachrichten zur Ausbildung","Nachrichten"],"inLanguage":"de"},{"@type":"WebPage","@id":"https:\/\/www.carmelitaniscalzi.com\/de\/2017\/11\/18\/studientag-ueber-den-sel-maria-eugen\/","url":"https:\/\/www.carmelitaniscalzi.com\/de\/2017\/11\/18\/studientag-ueber-den-sel-maria-eugen\/","name":"Studientag \u00fcber den sel. Maria Eugen - UNBESCHUHTE KARMELITEN","isPartOf":{"@id":"https:\/\/www.carmelitaniscalzi.com\/#website"},"primaryImageOfPage":{"@id":"https:\/\/www.carmelitaniscalzi.com\/de\/2017\/11\/18\/studientag-ueber-den-sel-maria-eugen\/#primaryimage"},"image":{"@id":"https:\/\/www.carmelitaniscalzi.com\/de\/2017\/11\/18\/studientag-ueber-den-sel-maria-eugen\/#primaryimage"},"thumbnailUrl":"https:\/\/www.carmelitaniscalzi.com\/wp-content\/uploads\/2017\/11\/00-1.jpg","datePublished":"2017-11-18T09:55:36+00:00","breadcrumb":{"@id":"https:\/\/www.carmelitaniscalzi.com\/de\/2017\/11\/18\/studientag-ueber-den-sel-maria-eugen\/#breadcrumb"},"inLanguage":"de","potentialAction":[{"@type":"ReadAction","target":["https:\/\/www.carmelitaniscalzi.com\/de\/2017\/11\/18\/studientag-ueber-den-sel-maria-eugen\/"]}]},{"@type":"ImageObject","inLanguage":"de","@id":"https:\/\/www.carmelitaniscalzi.com\/de\/2017\/11\/18\/studientag-ueber-den-sel-maria-eugen\/#primaryimage","url":"https:\/\/www.carmelitaniscalzi.com\/wp-content\/uploads\/2017\/11\/00-1.jpg","contentUrl":"https:\/\/www.carmelitaniscalzi.com\/wp-content\/uploads\/2017\/11\/00-1.jpg","width":1440,"height":1080},{"@type":"BreadcrumbList","@id":"https:\/\/www.carmelitaniscalzi.com\/de\/2017\/11\/18\/studientag-ueber-den-sel-maria-eugen\/#breadcrumb","itemListElement":[{"@type":"ListItem","position":1,"name":"Home","item":"https:\/\/www.carmelitaniscalzi.com\/de\/"},{"@type":"ListItem","position":2,"name":"Studientag \u00fcber den sel. Maria Eugen"}]},{"@type":"WebSite","@id":"https:\/\/www.carmelitaniscalzi.com\/#website","url":"https:\/\/www.carmelitaniscalzi.com\/","name":"CARMELITANI SCALZI - Curia Generale del Carmelo Teresiano","description":"Generalkurie des Teresianischen Karmel","publisher":{"@id":"https:\/\/www.carmelitaniscalzi.com\/#organization"},"alternateName":"CARMELITANI SCALZI","potentialAction":[{"@type":"SearchAction","target":{"@type":"EntryPoint","urlTemplate":"https:\/\/www.carmelitaniscalzi.com\/?s={search_term_string}"},"query-input":{"@type":"PropertyValueSpecification","valueRequired":true,"valueName":"search_term_string"}}],"inLanguage":"de"},{"@type":"Organization","@id":"https:\/\/www.carmelitaniscalzi.com\/#organization","name":"CARMELITANI SCALZI - Curia Generale del Carmelo Teresiano","url":"https:\/\/www.carmelitaniscalzi.com\/","logo":{"@type":"ImageObject","inLanguage":"de","@id":"https:\/\/www.carmelitaniscalzi.com\/#\/schema\/logo\/image\/","url":"https:\/\/www.carmelitaniscalzi.com\/wp-content\/uploads\/2025\/11\/login-logo.png","contentUrl":"https:\/\/www.carmelitaniscalzi.com\/wp-content\/uploads\/2025\/11\/login-logo.png","width":256,"height":256,"caption":"CARMELITANI SCALZI - Curia Generale del Carmelo Teresiano"},"image":{"@id":"https:\/\/www.carmelitaniscalzi.com\/#\/schema\/logo\/image\/"},"sameAs":["https:\/\/www.facebook.com\/Curia-Generalizia-Carmelitani-Scalzi-658766940887784\/","https:\/\/x.com\/ocdcuria","https:\/\/www.youtube.com\/channel\/UC2J5ZL0ycOY0qBSTCLX_NGQ\/videos","https:\/\/www.instagram.com\/ocdinform\/"]},{"@type":"Person","@id":"https:\/\/www.carmelitaniscalzi.com\/#\/schema\/person\/6d1c0d9bea7b6625c437246a5d6da409","name":"ocd web master","image":{"@type":"ImageObject","inLanguage":"de","@id":"https:\/\/www.carmelitaniscalzi.com\/#\/schema\/person\/image\/","url":"https:\/\/secure.gravatar.com\/avatar\/41fbc5f82bad909fbaf2984c43fa50d8519ac5853e25b454d022b6868f80d0e7?s=96&d=mm&r=g","contentUrl":"https:\/\/secure.gravatar.com\/avatar\/41fbc5f82bad909fbaf2984c43fa50d8519ac5853e25b454d022b6868f80d0e7?s=96&d=mm&r=g","caption":"ocd web master"},"url":"https:\/\/www.carmelitaniscalzi.com\/de\/author\/ocdwebmaster\/"}]}},"_links":{"self":[{"href":"https:\/\/www.carmelitaniscalzi.com\/de\/wp-json\/wp\/v2\/posts\/18246","targetHints":{"allow":["GET"]}}],"collection":[{"href":"https:\/\/www.carmelitaniscalzi.com\/de\/wp-json\/wp\/v2\/posts"}],"about":[{"href":"https:\/\/www.carmelitaniscalzi.com\/de\/wp-json\/wp\/v2\/types\/post"}],"author":[{"embeddable":true,"href":"https:\/\/www.carmelitaniscalzi.com\/de\/wp-json\/wp\/v2\/users\/7"}],"replies":[{"embeddable":true,"href":"https:\/\/www.carmelitaniscalzi.com\/de\/wp-json\/wp\/v2\/comments?post=18246"}],"version-history":[{"count":0,"href":"https:\/\/www.carmelitaniscalzi.com\/de\/wp-json\/wp\/v2\/posts\/18246\/revisions"}],"wp:featuredmedia":[{"embeddable":true,"href":"https:\/\/www.carmelitaniscalzi.com\/de\/wp-json\/wp\/v2\/media\/18221"}],"wp:attachment":[{"href":"https:\/\/www.carmelitaniscalzi.com\/de\/wp-json\/wp\/v2\/media?parent=18246"}],"wp:term":[{"taxonomy":"category","embeddable":true,"href":"https:\/\/www.carmelitaniscalzi.com\/de\/wp-json\/wp\/v2\/categories?post=18246"},{"taxonomy":"post_tag","embeddable":true,"href":"https:\/\/www.carmelitaniscalzi.com\/de\/wp-json\/wp\/v2\/tags?post=18246"}],"curies":[{"name":"wp","href":"https:\/\/api.w.org\/{rel}","templated":true}]}}