{"id":18215,"date":"2017-11-18T10:29:15","date_gmt":"2017-11-18T09:29:15","guid":{"rendered":"https:\/\/www.carmelitaniscalzi.com\/de\/?p=18215"},"modified":"2017-11-18T10:29:15","modified_gmt":"2017-11-18T09:29:15","slug":"julbilaeumsfeier-125-jahre-klostergruendung-des-klosters-unsere-liebe-frau-vom-berg-karmel-haifa-israel","status":"publish","type":"post","link":"https:\/\/www.carmelitaniscalzi.com\/de\/2017\/11\/18\/julbilaeumsfeier-125-jahre-klostergruendung-des-klosters-unsere-liebe-frau-vom-berg-karmel-haifa-israel\/","title":{"rendered":"Julbil\u00e4umsfeier: 125 Jahre Klostergr\u00fcndung des Klosters Unsere Liebe Frau vom Berg Karmel Haifa-Israel"},"content":{"rendered":"<p>\u201eLasst uns auf dem heiligen Berg leben zum Ruhm und zur Ehre Gottes\u201c<\/p>\n<p><strong>\u00a0<\/strong>So haben wir mit lauter Stimme die Jubil\u00e4umshymne gesungen um dem Herrn zu danken. Denn in Seiner Liebe und Seiner Vorsehung hat er unsere Gemeinschaft auf diesem heiligen Berg gew\u00fcnscht und unterst\u00fctzt.\u00a0 Er tat das trotz der Kriege und inmitten der schwierigen Umst\u00e4nde die typisch f\u00fcr das gesegnete Land sind in dem wir uns befinden. Unsere Klostergr\u00fcndung fand am 1. Jaenner 1892 statt, als acht Karmelitinnen aus Frankreich kamen und sich am Fu\u00dfe des Berges Karmels niederlie\u00dfen.<\/p>\n<p>Um diese heilige Geschichte zu erz\u00e4hlen, haben wir zwei B\u00fccher publiziert. Das erste ist auf Franz\u00f6sisch mit dem Titlel <em>Pr\u00e8s de la Source <\/em>(nahe der Quelle) erschienen. In diesem Buch stellen wir in vier gro\u00dfen Kapiteln die Berufung und die Mission unserer Gemeinschaft vor und verorten diese im Rahmen des allgemeinen kontemplativen Lebens im Heiligen Land. Wir erinnern an vergangene Ereignisse anhand von Archivmaterial und besprechen die Bedeutung unserer aktuellen Gegenwart inmitten der Ortskirche und inmitten des sozialen und politischen Kontexts in dem wir uns befinden.<\/p>\n<p>Das zweite Buch ist auf Arabisch erschienen und tr\u00e4gt den \u00fcbersetzten Title <em>Nwatir Il Korum<\/em> (Die H\u00fcterinnen des Weingartens). Dieser Titel erinnert an einen Biblevers aus dem Hohelied der Liebe. Es handelt sich um eine Kurzfassung unserer Geschichte. Dieses Buch richtet sich an die arabischsprachigen Christen in unserer Umgebung und stellt ihnen unser Kloster vor.<\/p>\n<p>Unser Jubili\u00e4umsjahr erreichte seinen H\u00f6hepunkt im Rahmen einer Eucharistiefeier am 4. November 2017. Die Heilige Messe fand in unserer Klosterkapelle statt. Den Vorsitz hatte Erzbischof Pierbattista Pizzaballa, Apostolischer Administrator des Lateinischen Patriarchats von Jersusalem. Es konzelebrierten Weihbischof Giacinto-Boulos Marcuzzo, Generalvikar im Lateinischen Patriarchat,\u00a0 Pfarrer Hanna Kildani,\u00a0 Patriarchalvikar f\u00fcr Israel, P. Enrique Castro OCD, Delegat f\u00fcr Israel sowie zahlreiche Mitglieder der lokalen religi\u00f6sen Gemeinschaften, lokale Priester und Karmeliten.<\/p>\n<p>Das christliche Volk war in seiner Unterschiedlichkeit anwesend: Maroniten, Melkiten und Orthodoxe. Zu unserer gro\u00dfen Freude nahmen ebenfalls einige j\u00fcdische Freunde an der Feier teil, ebenso Bahais und sogar Drusen. Alle haben als Kinder desselben Vaters an der Jubili\u00e4umsmesse teilgenommen. Die Messe wurde\u00a0 musikalisch von dem Chor der \u00f6kumenischen Gemeinschaft <em>New Life<\/em> gestaltet. Es war ein starker Moment, ein Einbruch des Heiligen Geistes in eine Atmosph\u00e4re froher und feierlicher Verbundenheit, etwas von einem \u201emessianischen Zeitalter\u201c, das uns an eine jenseitige Realit\u00e4t, an das Kommen des Reich Gottes, denken lie\u00df.<\/p>\n<p>Die Vorbereitungen f\u00fcr unsere Jubilaeumsfeier fanden durch zahlreiche Zusammenarbeiten in allen Bereichen statt. All das hat uns sp\u00fcren lassen, dass wir trotz unserer Schw\u00e4che und Armut im Herzen der Kirchengemeinschaft sind und dass der Karmel dem Volk Gottes geh\u00f6rt. Wir sind f\u00fcr sie alle und durch sie alle da. Dies war eine sehr starke Erfahrung, die den grundlegend missionarischen Charakter unserer Berufung zum Ausdruck gebracht hat.<\/p>\n<p>Das Jubil\u00e4um stand ganz im Zeicher der Internationalit\u00e4t und der Interkulturalit\u00e4t. Das ist \u00fcbrigens ganz eigen f\u00fcr die Mutterkirche von Jerusalem. W\u00e4hrend der Feierlichkeiten haben wir drei Sprachen verwendet und folgten dabei der Dynamik des Heiligen Geistes! Eine lange Eingangsprozession ging der Eucharistie voraus: zu allererst das Prozessionskreuz, das von einem Karmelbruder getragen wurde, gefolgt von der ganzen Schwesterngemeinschaft die einige Symbole trugen: Das Gr\u00fcnder-Jesulein, das Mutter Marie du Sacr\u00e9-Coeur selbst am Tag der Klostergr\u00fcndung vor 125 Jahren getragen hatte. Dies war gefolgt von einem Bild unserer Lieben Frau vom Berg Karmel mit unserer Mutter, der Heiligen Teresa. Danach kam die erste Ausgabe unserer Annalen und die Jubil\u00e4umsaltarkerze, gefolgt von anderen Schwestern die jeweils ein Kerzenlicht, als Symbol der Treue, trugen. Die Ratsschwestern der F\u00f6deration haben ebenfalls an dieser Prozession teilgenommen und so an ihrem regelm\u00e4\u00dfigen Treffen teilgenommen.<\/p>\n<p>Nach dem Eingangsritus gab es einen speziellen Ritus f\u00fcr das Jubil\u00e4umsjahr in dem wir dem Volk unsere Symbole gezeigt haben. Schlie\u00dflich hat Erzbischof Pizzaballa den Segen vorgelesen, den Papst Franziskus unserer Gemeinschaft anl\u00e4sslich des Jubil\u00e4ums gesandt hatte.<\/p>\n<p>W\u00e4hrend seiner Predigt hat uns Weihbischof Marcuzzo an die biblische Bedeutung eines Jubil\u00e4ums erinnert. Gem\u00e4\u00df dem Buch Levitikus, ist ein Jubil\u00e4um eine Zeit der Erholung, nicht jedoch um sich auszuruhen, sondern um an die Wurzeln zur\u00fcckzukehren, das hei\u00dft also, um ganz zu Gotte zur\u00fcckzukehren. Was sind unsere Wurzeln? Er hat uns an unseren Ordensursprung hier am <em>Wadi\u2019ain es-Siah<\/em> erinnert: \u201e<em>Die Karmeliten und Karmelitinnen wurden in der N\u00e4he einer Quelle geboren, so wie es unsere Regel sagt, <\/em>juxta fontem<em>, in der N\u00e4he der Elijasquelle. Elija hat durch sein Gebet das heidnische Volk zur\u00fcck zu Gott gebracht.<\/em>\u201c Er erinnerte ebenfalls an den wichtigen Platz der Jungfrau Maria in unserem Orden.<\/p>\n<p>\u201e<em>Wie k\u00f6nnen wir zu Gott zur\u00fcckkehren?\u201c, <\/em>hat uns der Weihbischof gefragt. <em>Der Heilige Johannes vom Kreuz hat uns gesagt: man muss hinausgehen und den Berg Karmel emporsteigen. Man tut das indem man sich von all dem l\u00f6st das alt ist um in eine neue Art des Denkens und Handelns einzutreten. Und das muss man mit Geduld tun, so wie es Elija getan hat als er nach Jahren der D\u00fcrre auf den Regen gewartet hatte. Das bitte ist die Neuigkeit des Jubili\u00e4ums.<\/em><\/p>\n<p><em>Was bedeutet es also an die Quelle zur\u00fcckzukehren? Wir k\u00f6nnen so antworten wie es die Heilige Th\u00e9r\u00e8se von Lisieux getan hat: \u201eIm Herzen der Kirche, meiner Mutter, werde ich die Liebe sein\u201c. Ich w\u00fcnsche, dass ihr diese heilige Entscheidung trefft und die Liebe im Herzen der Kirche des Heiligen Landes seid.\u201c<\/em><\/p>\n<p>Nach der Predigt haben wir unsere Gel\u00fcbde vor der ganzen Festversammlung erneuert. Es war ein starker Moment der Verbundenheit mit unseren Seelsorgern und all den Gottgeweihten, die anwesend waren.<\/p>\n<p>Am Ende der Messe wurde die ganze Festversammlung zu einem Moment des geschwisterlichen Austausches eingeladen.<\/p>\n<p>VIDEO: <a href=\"https:\/\/youtu.be\/-tyt1qduzl4\">https:\/\/youtu.be\/-tyt1qduzl4<\/a><\/p>\n<p><img loading=\"lazy\" decoding=\"async\" class=\"alignnone size-thumbnail wp-image-18205\" src=\"https:\/\/www.carmelitaniscalzi.com\/wp-content\/uploads\/2017\/11\/04-1-150x150.jpg\" alt=\"\" width=\"150\" height=\"150\" \/> <img loading=\"lazy\" decoding=\"async\" class=\"alignnone size-thumbnail wp-image-18204\" src=\"https:\/\/www.carmelitaniscalzi.com\/wp-content\/uploads\/2017\/11\/03-1-150x150.jpg\" alt=\"\" width=\"150\" height=\"150\" \/> <img loading=\"lazy\" decoding=\"async\" class=\"alignnone size-thumbnail wp-image-18203\" src=\"https:\/\/www.carmelitaniscalzi.com\/wp-content\/uploads\/2017\/11\/02-1-150x150.jpg\" alt=\"\" width=\"150\" height=\"150\" \/> <img loading=\"lazy\" decoding=\"async\" class=\"alignnone size-thumbnail wp-image-18202\" src=\"https:\/\/www.carmelitaniscalzi.com\/wp-content\/uploads\/2017\/11\/01-1-150x150.jpg\" alt=\"\" width=\"150\" height=\"150\" \/><\/p>\n","protected":false},"excerpt":{"rendered":"<p>\u201eLasst uns auf dem heiligen Berg leben zum Ruhm und zur Ehre Gottes\u201c \u00a0So haben wir mit lauter Stimme die Jubil\u00e4umshymne gesungen um dem Herrn zu danken. Denn in Seiner Liebe und Seiner Vorsehung hat er unsere Gemeinschaft auf diesem heiligen Berg gew\u00fcnscht und unterst\u00fctzt.\u00a0 Er tat das trotz der Kriege und inmitten der schwierigen [&hellip;]<\/p>\n","protected":false},"author":7,"featured_media":18201,"comment_status":"closed","ping_status":"closed","sticky":false,"template":"","format":"standard","meta":{"_acf_changed":false,"footnotes":""},"categories":[214,371],"tags":[],"class_list":["post-18215","post","type-post","status-publish","format-standard","has-post-thumbnail","hentry","category-nachrichten-ueber-schwestern","category-nachrichten"],"acf":[],"yoast_head":"<!-- This site is optimized with the Yoast SEO plugin v26.3 - https:\/\/yoast.com\/wordpress\/plugins\/seo\/ -->\n<title>Julbil\u00e4umsfeier: 125 Jahre Klostergr\u00fcndung des Klosters Unsere Liebe Frau vom Berg Karmel Haifa-Israel - UNBESCHUHTE KARMELITEN<\/title>\n<meta name=\"robots\" content=\"index, follow, max-snippet:-1, max-image-preview:large, max-video-preview:-1\" \/>\n<link rel=\"canonical\" href=\"https:\/\/www.carmelitaniscalzi.com\/de\/2017\/11\/18\/julbilaeumsfeier-125-jahre-klostergruendung-des-klosters-unsere-liebe-frau-vom-berg-karmel-haifa-israel\/\" \/>\n<meta property=\"og:locale\" content=\"de_DE\" \/>\n<meta property=\"og:type\" content=\"article\" \/>\n<meta property=\"og:title\" content=\"Julbil\u00e4umsfeier: 125 Jahre Klostergr\u00fcndung des Klosters Unsere Liebe Frau vom Berg Karmel Haifa-Israel - UNBESCHUHTE KARMELITEN\" \/>\n<meta property=\"og:description\" content=\"\u201eLasst uns auf dem heiligen Berg leben zum Ruhm und zur Ehre Gottes\u201c \u00a0So haben wir mit lauter Stimme die Jubil\u00e4umshymne gesungen um dem Herrn zu danken. Denn in Seiner Liebe und Seiner Vorsehung hat er unsere Gemeinschaft auf diesem heiligen Berg gew\u00fcnscht und unterst\u00fctzt.\u00a0 Er tat das trotz der Kriege und inmitten der schwierigen [&hellip;]\" \/>\n<meta property=\"og:url\" content=\"https:\/\/www.carmelitaniscalzi.com\/de\/2017\/11\/18\/julbilaeumsfeier-125-jahre-klostergruendung-des-klosters-unsere-liebe-frau-vom-berg-karmel-haifa-israel\/\" \/>\n<meta property=\"og:site_name\" content=\"UNBESCHUHTE KARMELITEN\" \/>\n<meta property=\"article:publisher\" content=\"https:\/\/www.facebook.com\/Curia-Generalizia-Carmelitani-Scalzi-658766940887784\/\" \/>\n<meta property=\"article:published_time\" content=\"2017-11-18T09:29:15+00:00\" \/>\n<meta property=\"og:image\" content=\"https:\/\/www.carmelitaniscalzi.com\/wp-content\/uploads\/2017\/11\/00.jpg\" \/>\n\t<meta property=\"og:image:width\" content=\"1858\" \/>\n\t<meta property=\"og:image:height\" content=\"1080\" \/>\n\t<meta property=\"og:image:type\" content=\"image\/jpeg\" \/>\n<meta name=\"author\" content=\"ocd web master\" \/>\n<meta name=\"twitter:card\" content=\"summary_large_image\" \/>\n<meta name=\"twitter:creator\" content=\"@ocdcuria\" \/>\n<meta name=\"twitter:site\" content=\"@ocdcuria\" \/>\n<meta name=\"twitter:label1\" content=\"Verfasst von\" \/>\n\t<meta name=\"twitter:data1\" content=\"ocd web master\" \/>\n\t<meta name=\"twitter:label2\" content=\"Gesch\u00e4tzte Lesezeit\" \/>\n\t<meta name=\"twitter:data2\" content=\"5\u00a0Minuten\" \/>\n<script type=\"application\/ld+json\" class=\"yoast-schema-graph\">{\"@context\":\"https:\/\/schema.org\",\"@graph\":[{\"@type\":\"Article\",\"@id\":\"https:\/\/www.carmelitaniscalzi.com\/de\/2017\/11\/18\/julbilaeumsfeier-125-jahre-klostergruendung-des-klosters-unsere-liebe-frau-vom-berg-karmel-haifa-israel\/#article\",\"isPartOf\":{\"@id\":\"https:\/\/www.carmelitaniscalzi.com\/de\/2017\/11\/18\/julbilaeumsfeier-125-jahre-klostergruendung-des-klosters-unsere-liebe-frau-vom-berg-karmel-haifa-israel\/\"},\"author\":{\"name\":\"ocd web master\",\"@id\":\"https:\/\/www.carmelitaniscalzi.com\/#\/schema\/person\/6d1c0d9bea7b6625c437246a5d6da409\"},\"headline\":\"Julbil\u00e4umsfeier: 125 Jahre Klostergr\u00fcndung des Klosters Unsere Liebe Frau vom Berg Karmel Haifa-Israel\",\"datePublished\":\"2017-11-18T09:29:15+00:00\",\"mainEntityOfPage\":{\"@id\":\"https:\/\/www.carmelitaniscalzi.com\/de\/2017\/11\/18\/julbilaeumsfeier-125-jahre-klostergruendung-des-klosters-unsere-liebe-frau-vom-berg-karmel-haifa-israel\/\"},\"wordCount\":994,\"publisher\":{\"@id\":\"https:\/\/www.carmelitaniscalzi.com\/#organization\"},\"image\":{\"@id\":\"https:\/\/www.carmelitaniscalzi.com\/de\/2017\/11\/18\/julbilaeumsfeier-125-jahre-klostergruendung-des-klosters-unsere-liebe-frau-vom-berg-karmel-haifa-israel\/#primaryimage\"},\"thumbnailUrl\":\"https:\/\/www.carmelitaniscalzi.com\/wp-content\/uploads\/2017\/11\/00.jpg\",\"articleSection\":[\"Nachrichten \u00fcber Schwestern\",\"Nachrichten\"],\"inLanguage\":\"de\"},{\"@type\":\"WebPage\",\"@id\":\"https:\/\/www.carmelitaniscalzi.com\/de\/2017\/11\/18\/julbilaeumsfeier-125-jahre-klostergruendung-des-klosters-unsere-liebe-frau-vom-berg-karmel-haifa-israel\/\",\"url\":\"https:\/\/www.carmelitaniscalzi.com\/de\/2017\/11\/18\/julbilaeumsfeier-125-jahre-klostergruendung-des-klosters-unsere-liebe-frau-vom-berg-karmel-haifa-israel\/\",\"name\":\"Julbil\u00e4umsfeier: 125 Jahre Klostergr\u00fcndung des Klosters Unsere Liebe Frau vom Berg Karmel Haifa-Israel - UNBESCHUHTE KARMELITEN\",\"isPartOf\":{\"@id\":\"https:\/\/www.carmelitaniscalzi.com\/#website\"},\"primaryImageOfPage\":{\"@id\":\"https:\/\/www.carmelitaniscalzi.com\/de\/2017\/11\/18\/julbilaeumsfeier-125-jahre-klostergruendung-des-klosters-unsere-liebe-frau-vom-berg-karmel-haifa-israel\/#primaryimage\"},\"image\":{\"@id\":\"https:\/\/www.carmelitaniscalzi.com\/de\/2017\/11\/18\/julbilaeumsfeier-125-jahre-klostergruendung-des-klosters-unsere-liebe-frau-vom-berg-karmel-haifa-israel\/#primaryimage\"},\"thumbnailUrl\":\"https:\/\/www.carmelitaniscalzi.com\/wp-content\/uploads\/2017\/11\/00.jpg\",\"datePublished\":\"2017-11-18T09:29:15+00:00\",\"breadcrumb\":{\"@id\":\"https:\/\/www.carmelitaniscalzi.com\/de\/2017\/11\/18\/julbilaeumsfeier-125-jahre-klostergruendung-des-klosters-unsere-liebe-frau-vom-berg-karmel-haifa-israel\/#breadcrumb\"},\"inLanguage\":\"de\",\"potentialAction\":[{\"@type\":\"ReadAction\",\"target\":[\"https:\/\/www.carmelitaniscalzi.com\/de\/2017\/11\/18\/julbilaeumsfeier-125-jahre-klostergruendung-des-klosters-unsere-liebe-frau-vom-berg-karmel-haifa-israel\/\"]}]},{\"@type\":\"ImageObject\",\"inLanguage\":\"de\",\"@id\":\"https:\/\/www.carmelitaniscalzi.com\/de\/2017\/11\/18\/julbilaeumsfeier-125-jahre-klostergruendung-des-klosters-unsere-liebe-frau-vom-berg-karmel-haifa-israel\/#primaryimage\",\"url\":\"https:\/\/www.carmelitaniscalzi.com\/wp-content\/uploads\/2017\/11\/00.jpg\",\"contentUrl\":\"https:\/\/www.carmelitaniscalzi.com\/wp-content\/uploads\/2017\/11\/00.jpg\",\"width\":1858,\"height\":1080},{\"@type\":\"BreadcrumbList\",\"@id\":\"https:\/\/www.carmelitaniscalzi.com\/de\/2017\/11\/18\/julbilaeumsfeier-125-jahre-klostergruendung-des-klosters-unsere-liebe-frau-vom-berg-karmel-haifa-israel\/#breadcrumb\",\"itemListElement\":[{\"@type\":\"ListItem\",\"position\":1,\"name\":\"Home\",\"item\":\"https:\/\/www.carmelitaniscalzi.com\/de\/\"},{\"@type\":\"ListItem\",\"position\":2,\"name\":\"Julbil\u00e4umsfeier: 125 Jahre Klostergr\u00fcndung des Klosters Unsere Liebe Frau vom Berg Karmel Haifa-Israel\"}]},{\"@type\":\"WebSite\",\"@id\":\"https:\/\/www.carmelitaniscalzi.com\/#website\",\"url\":\"https:\/\/www.carmelitaniscalzi.com\/\",\"name\":\"CARMELITANI SCALZI - Curia Generale del Carmelo Teresiano\",\"description\":\"Generalkurie des Teresianischen Karmel\",\"publisher\":{\"@id\":\"https:\/\/www.carmelitaniscalzi.com\/#organization\"},\"alternateName\":\"CARMELITANI SCALZI\",\"potentialAction\":[{\"@type\":\"SearchAction\",\"target\":{\"@type\":\"EntryPoint\",\"urlTemplate\":\"https:\/\/www.carmelitaniscalzi.com\/?s={search_term_string}\"},\"query-input\":{\"@type\":\"PropertyValueSpecification\",\"valueRequired\":true,\"valueName\":\"search_term_string\"}}],\"inLanguage\":\"de\"},{\"@type\":\"Organization\",\"@id\":\"https:\/\/www.carmelitaniscalzi.com\/#organization\",\"name\":\"CARMELITANI SCALZI - Curia Generale del Carmelo Teresiano\",\"url\":\"https:\/\/www.carmelitaniscalzi.com\/\",\"logo\":{\"@type\":\"ImageObject\",\"inLanguage\":\"de\",\"@id\":\"https:\/\/www.carmelitaniscalzi.com\/#\/schema\/logo\/image\/\",\"url\":\"https:\/\/www.carmelitaniscalzi.com\/wp-content\/uploads\/2025\/11\/login-logo.png\",\"contentUrl\":\"https:\/\/www.carmelitaniscalzi.com\/wp-content\/uploads\/2025\/11\/login-logo.png\",\"width\":256,\"height\":256,\"caption\":\"CARMELITANI SCALZI - Curia Generale del Carmelo Teresiano\"},\"image\":{\"@id\":\"https:\/\/www.carmelitaniscalzi.com\/#\/schema\/logo\/image\/\"},\"sameAs\":[\"https:\/\/www.facebook.com\/Curia-Generalizia-Carmelitani-Scalzi-658766940887784\/\",\"https:\/\/x.com\/ocdcuria\",\"https:\/\/www.youtube.com\/channel\/UC2J5ZL0ycOY0qBSTCLX_NGQ\/videos\",\"https:\/\/www.instagram.com\/ocdinform\/\"]},{\"@type\":\"Person\",\"@id\":\"https:\/\/www.carmelitaniscalzi.com\/#\/schema\/person\/6d1c0d9bea7b6625c437246a5d6da409\",\"name\":\"ocd web master\",\"image\":{\"@type\":\"ImageObject\",\"inLanguage\":\"de\",\"@id\":\"https:\/\/www.carmelitaniscalzi.com\/#\/schema\/person\/image\/\",\"url\":\"https:\/\/secure.gravatar.com\/avatar\/41fbc5f82bad909fbaf2984c43fa50d8519ac5853e25b454d022b6868f80d0e7?s=96&d=mm&r=g\",\"contentUrl\":\"https:\/\/secure.gravatar.com\/avatar\/41fbc5f82bad909fbaf2984c43fa50d8519ac5853e25b454d022b6868f80d0e7?s=96&d=mm&r=g\",\"caption\":\"ocd web master\"},\"url\":\"https:\/\/www.carmelitaniscalzi.com\/de\/author\/ocdwebmaster\/\"}]}<\/script>\n<!-- \/ Yoast SEO plugin. -->","yoast_head_json":{"title":"Julbil\u00e4umsfeier: 125 Jahre Klostergr\u00fcndung des Klosters Unsere Liebe Frau vom Berg Karmel Haifa-Israel - UNBESCHUHTE KARMELITEN","robots":{"index":"index","follow":"follow","max-snippet":"max-snippet:-1","max-image-preview":"max-image-preview:large","max-video-preview":"max-video-preview:-1"},"canonical":"https:\/\/www.carmelitaniscalzi.com\/de\/2017\/11\/18\/julbilaeumsfeier-125-jahre-klostergruendung-des-klosters-unsere-liebe-frau-vom-berg-karmel-haifa-israel\/","og_locale":"de_DE","og_type":"article","og_title":"Julbil\u00e4umsfeier: 125 Jahre Klostergr\u00fcndung des Klosters Unsere Liebe Frau vom Berg Karmel Haifa-Israel - UNBESCHUHTE KARMELITEN","og_description":"\u201eLasst uns auf dem heiligen Berg leben zum Ruhm und zur Ehre Gottes\u201c \u00a0So haben wir mit lauter Stimme die Jubil\u00e4umshymne gesungen um dem Herrn zu danken. Denn in Seiner Liebe und Seiner Vorsehung hat er unsere Gemeinschaft auf diesem heiligen Berg gew\u00fcnscht und unterst\u00fctzt.\u00a0 Er tat das trotz der Kriege und inmitten der schwierigen [&hellip;]","og_url":"https:\/\/www.carmelitaniscalzi.com\/de\/2017\/11\/18\/julbilaeumsfeier-125-jahre-klostergruendung-des-klosters-unsere-liebe-frau-vom-berg-karmel-haifa-israel\/","og_site_name":"UNBESCHUHTE KARMELITEN","article_publisher":"https:\/\/www.facebook.com\/Curia-Generalizia-Carmelitani-Scalzi-658766940887784\/","article_published_time":"2017-11-18T09:29:15+00:00","og_image":[{"width":1858,"height":1080,"url":"https:\/\/www.carmelitaniscalzi.com\/wp-content\/uploads\/2017\/11\/00.jpg","type":"image\/jpeg"}],"author":"ocd web master","twitter_card":"summary_large_image","twitter_creator":"@ocdcuria","twitter_site":"@ocdcuria","twitter_misc":{"Verfasst von":"ocd web master","Gesch\u00e4tzte Lesezeit":"5\u00a0Minuten"},"schema":{"@context":"https:\/\/schema.org","@graph":[{"@type":"Article","@id":"https:\/\/www.carmelitaniscalzi.com\/de\/2017\/11\/18\/julbilaeumsfeier-125-jahre-klostergruendung-des-klosters-unsere-liebe-frau-vom-berg-karmel-haifa-israel\/#article","isPartOf":{"@id":"https:\/\/www.carmelitaniscalzi.com\/de\/2017\/11\/18\/julbilaeumsfeier-125-jahre-klostergruendung-des-klosters-unsere-liebe-frau-vom-berg-karmel-haifa-israel\/"},"author":{"name":"ocd web master","@id":"https:\/\/www.carmelitaniscalzi.com\/#\/schema\/person\/6d1c0d9bea7b6625c437246a5d6da409"},"headline":"Julbil\u00e4umsfeier: 125 Jahre Klostergr\u00fcndung des Klosters Unsere Liebe Frau vom Berg Karmel Haifa-Israel","datePublished":"2017-11-18T09:29:15+00:00","mainEntityOfPage":{"@id":"https:\/\/www.carmelitaniscalzi.com\/de\/2017\/11\/18\/julbilaeumsfeier-125-jahre-klostergruendung-des-klosters-unsere-liebe-frau-vom-berg-karmel-haifa-israel\/"},"wordCount":994,"publisher":{"@id":"https:\/\/www.carmelitaniscalzi.com\/#organization"},"image":{"@id":"https:\/\/www.carmelitaniscalzi.com\/de\/2017\/11\/18\/julbilaeumsfeier-125-jahre-klostergruendung-des-klosters-unsere-liebe-frau-vom-berg-karmel-haifa-israel\/#primaryimage"},"thumbnailUrl":"https:\/\/www.carmelitaniscalzi.com\/wp-content\/uploads\/2017\/11\/00.jpg","articleSection":["Nachrichten \u00fcber Schwestern","Nachrichten"],"inLanguage":"de"},{"@type":"WebPage","@id":"https:\/\/www.carmelitaniscalzi.com\/de\/2017\/11\/18\/julbilaeumsfeier-125-jahre-klostergruendung-des-klosters-unsere-liebe-frau-vom-berg-karmel-haifa-israel\/","url":"https:\/\/www.carmelitaniscalzi.com\/de\/2017\/11\/18\/julbilaeumsfeier-125-jahre-klostergruendung-des-klosters-unsere-liebe-frau-vom-berg-karmel-haifa-israel\/","name":"Julbil\u00e4umsfeier: 125 Jahre Klostergr\u00fcndung des Klosters Unsere Liebe Frau vom Berg Karmel Haifa-Israel - UNBESCHUHTE KARMELITEN","isPartOf":{"@id":"https:\/\/www.carmelitaniscalzi.com\/#website"},"primaryImageOfPage":{"@id":"https:\/\/www.carmelitaniscalzi.com\/de\/2017\/11\/18\/julbilaeumsfeier-125-jahre-klostergruendung-des-klosters-unsere-liebe-frau-vom-berg-karmel-haifa-israel\/#primaryimage"},"image":{"@id":"https:\/\/www.carmelitaniscalzi.com\/de\/2017\/11\/18\/julbilaeumsfeier-125-jahre-klostergruendung-des-klosters-unsere-liebe-frau-vom-berg-karmel-haifa-israel\/#primaryimage"},"thumbnailUrl":"https:\/\/www.carmelitaniscalzi.com\/wp-content\/uploads\/2017\/11\/00.jpg","datePublished":"2017-11-18T09:29:15+00:00","breadcrumb":{"@id":"https:\/\/www.carmelitaniscalzi.com\/de\/2017\/11\/18\/julbilaeumsfeier-125-jahre-klostergruendung-des-klosters-unsere-liebe-frau-vom-berg-karmel-haifa-israel\/#breadcrumb"},"inLanguage":"de","potentialAction":[{"@type":"ReadAction","target":["https:\/\/www.carmelitaniscalzi.com\/de\/2017\/11\/18\/julbilaeumsfeier-125-jahre-klostergruendung-des-klosters-unsere-liebe-frau-vom-berg-karmel-haifa-israel\/"]}]},{"@type":"ImageObject","inLanguage":"de","@id":"https:\/\/www.carmelitaniscalzi.com\/de\/2017\/11\/18\/julbilaeumsfeier-125-jahre-klostergruendung-des-klosters-unsere-liebe-frau-vom-berg-karmel-haifa-israel\/#primaryimage","url":"https:\/\/www.carmelitaniscalzi.com\/wp-content\/uploads\/2017\/11\/00.jpg","contentUrl":"https:\/\/www.carmelitaniscalzi.com\/wp-content\/uploads\/2017\/11\/00.jpg","width":1858,"height":1080},{"@type":"BreadcrumbList","@id":"https:\/\/www.carmelitaniscalzi.com\/de\/2017\/11\/18\/julbilaeumsfeier-125-jahre-klostergruendung-des-klosters-unsere-liebe-frau-vom-berg-karmel-haifa-israel\/#breadcrumb","itemListElement":[{"@type":"ListItem","position":1,"name":"Home","item":"https:\/\/www.carmelitaniscalzi.com\/de\/"},{"@type":"ListItem","position":2,"name":"Julbil\u00e4umsfeier: 125 Jahre Klostergr\u00fcndung des Klosters Unsere Liebe Frau vom Berg Karmel Haifa-Israel"}]},{"@type":"WebSite","@id":"https:\/\/www.carmelitaniscalzi.com\/#website","url":"https:\/\/www.carmelitaniscalzi.com\/","name":"CARMELITANI SCALZI - Curia Generale del Carmelo Teresiano","description":"Generalkurie des Teresianischen Karmel","publisher":{"@id":"https:\/\/www.carmelitaniscalzi.com\/#organization"},"alternateName":"CARMELITANI SCALZI","potentialAction":[{"@type":"SearchAction","target":{"@type":"EntryPoint","urlTemplate":"https:\/\/www.carmelitaniscalzi.com\/?s={search_term_string}"},"query-input":{"@type":"PropertyValueSpecification","valueRequired":true,"valueName":"search_term_string"}}],"inLanguage":"de"},{"@type":"Organization","@id":"https:\/\/www.carmelitaniscalzi.com\/#organization","name":"CARMELITANI SCALZI - Curia Generale del Carmelo Teresiano","url":"https:\/\/www.carmelitaniscalzi.com\/","logo":{"@type":"ImageObject","inLanguage":"de","@id":"https:\/\/www.carmelitaniscalzi.com\/#\/schema\/logo\/image\/","url":"https:\/\/www.carmelitaniscalzi.com\/wp-content\/uploads\/2025\/11\/login-logo.png","contentUrl":"https:\/\/www.carmelitaniscalzi.com\/wp-content\/uploads\/2025\/11\/login-logo.png","width":256,"height":256,"caption":"CARMELITANI SCALZI - Curia Generale del Carmelo Teresiano"},"image":{"@id":"https:\/\/www.carmelitaniscalzi.com\/#\/schema\/logo\/image\/"},"sameAs":["https:\/\/www.facebook.com\/Curia-Generalizia-Carmelitani-Scalzi-658766940887784\/","https:\/\/x.com\/ocdcuria","https:\/\/www.youtube.com\/channel\/UC2J5ZL0ycOY0qBSTCLX_NGQ\/videos","https:\/\/www.instagram.com\/ocdinform\/"]},{"@type":"Person","@id":"https:\/\/www.carmelitaniscalzi.com\/#\/schema\/person\/6d1c0d9bea7b6625c437246a5d6da409","name":"ocd web master","image":{"@type":"ImageObject","inLanguage":"de","@id":"https:\/\/www.carmelitaniscalzi.com\/#\/schema\/person\/image\/","url":"https:\/\/secure.gravatar.com\/avatar\/41fbc5f82bad909fbaf2984c43fa50d8519ac5853e25b454d022b6868f80d0e7?s=96&d=mm&r=g","contentUrl":"https:\/\/secure.gravatar.com\/avatar\/41fbc5f82bad909fbaf2984c43fa50d8519ac5853e25b454d022b6868f80d0e7?s=96&d=mm&r=g","caption":"ocd web master"},"url":"https:\/\/www.carmelitaniscalzi.com\/de\/author\/ocdwebmaster\/"}]}},"_links":{"self":[{"href":"https:\/\/www.carmelitaniscalzi.com\/de\/wp-json\/wp\/v2\/posts\/18215","targetHints":{"allow":["GET"]}}],"collection":[{"href":"https:\/\/www.carmelitaniscalzi.com\/de\/wp-json\/wp\/v2\/posts"}],"about":[{"href":"https:\/\/www.carmelitaniscalzi.com\/de\/wp-json\/wp\/v2\/types\/post"}],"author":[{"embeddable":true,"href":"https:\/\/www.carmelitaniscalzi.com\/de\/wp-json\/wp\/v2\/users\/7"}],"replies":[{"embeddable":true,"href":"https:\/\/www.carmelitaniscalzi.com\/de\/wp-json\/wp\/v2\/comments?post=18215"}],"version-history":[{"count":0,"href":"https:\/\/www.carmelitaniscalzi.com\/de\/wp-json\/wp\/v2\/posts\/18215\/revisions"}],"wp:featuredmedia":[{"embeddable":true,"href":"https:\/\/www.carmelitaniscalzi.com\/de\/wp-json\/wp\/v2\/media\/18201"}],"wp:attachment":[{"href":"https:\/\/www.carmelitaniscalzi.com\/de\/wp-json\/wp\/v2\/media?parent=18215"}],"wp:term":[{"taxonomy":"category","embeddable":true,"href":"https:\/\/www.carmelitaniscalzi.com\/de\/wp-json\/wp\/v2\/categories?post=18215"},{"taxonomy":"post_tag","embeddable":true,"href":"https:\/\/www.carmelitaniscalzi.com\/de\/wp-json\/wp\/v2\/tags?post=18215"}],"curies":[{"name":"wp","href":"https:\/\/api.w.org\/{rel}","templated":true}]}}