{"id":18142,"date":"2017-11-06T18:18:15","date_gmt":"2017-11-06T17:18:15","guid":{"rendered":"https:\/\/www.carmelitaniscalzi.com\/de\/?p=18142"},"modified":"2017-11-06T18:18:15","modified_gmt":"2017-11-06T17:18:15","slug":"rueckkehr-der-karmeliten-der-provinz-avignon-aquitanien-nach-lyon","status":"publish","type":"post","link":"https:\/\/www.carmelitaniscalzi.com\/de\/2017\/11\/06\/rueckkehr-der-karmeliten-der-provinz-avignon-aquitanien-nach-lyon\/","title":{"rendered":"R\u00fcckkehr der Karmeliten der Provinz Avignon-Aquitanien nach Lyon"},"content":{"rendered":"<p>Seit dem 11. September sind Br\u00fcder aus unserer Provinz Avignon-Aquitanien wieder in Lyon. In fr\u00fcheren Zeiten war der Orden von 1619 bis 1792 da, und dann wieder ab 1859 auf Anraten des hl. Pfarrers von Ars, als P. Augustin Maria vom Heiligsten Sakrament (Herman Cohen) dort wieder einen Konvent errichtete, der bis zur Vertreibung 1901 Bestand hatte.<\/p>\n<p>Ab 1946 befand sich dort ein Ausbildungshaus mit jungen Mitbr\u00fcdern, das aber 1962 geschlossen wurde. Die Mitbr\u00fcder des Stammordens waren von 1291 bis 1792 in Lyon. Von ihrem Konvent zeugt noch eine S\u00e4ule mit monumentalen Ausma\u00dfen, an der jeden Tag Tausende Fu\u00dfg\u00e4nger vorbeieilen. (siehe Foto). Auf Einladung von Kardinal Philippe Barbarin hat die Provinz beschlossen, wieder Mitbr\u00fcder nach Lyon zu schicken, die zun\u00e4chst in der Basilika zum hl. Bonaventura ihren Dienst verrichten. Der f\u00fcr die Kommunit\u00e4t von drei Mitbr\u00fcdern zust\u00e4ndige Obere wurde zum Kaplan ernannt und nimmt an den Besprechungen des Seelsorgeteams teil. In Erwartung einer endg\u00fcltigen Bleibe wohnen die drei Mitbr\u00fcder zurzeit in drei Appartements, doch versprechen sie schon jetzt, in ihren Gebeten an uns zu denken und erbitten unsere Gebete.<\/p>\n<p>Auf dem Foto sehen wir den Provinzial mit den drei Gr\u00fcndern an der S\u00e4ule des alten Konvents der Mitbr\u00fcder des Stammordens.<\/p>\n","protected":false},"excerpt":{"rendered":"<p>Seit dem 11. September sind Br\u00fcder aus unserer Provinz Avignon-Aquitanien wieder in Lyon. In fr\u00fcheren Zeiten war der Orden von 1619 bis 1792 da, und dann wieder ab 1859 auf Anraten des hl. Pfarrers von Ars, als P. Augustin Maria vom Heiligsten Sakrament (Herman Cohen) dort wieder einen Konvent errichtete, der bis zur Vertreibung 1901 [&hellip;]<\/p>\n","protected":false},"author":7,"featured_media":18127,"comment_status":"closed","ping_status":"closed","sticky":false,"template":"","format":"standard","meta":{"_acf_changed":false,"footnotes":""},"categories":[218,371],"tags":[],"class_list":["post-18142","post","type-post","status-publish","format-standard","has-post-thumbnail","hentry","category-nachrichten-ueber-brueder","category-nachrichten"],"acf":[],"yoast_head":"<!-- This site is optimized with the Yoast SEO plugin v26.3 - https:\/\/yoast.com\/wordpress\/plugins\/seo\/ -->\n<title>R\u00fcckkehr der Karmeliten der Provinz Avignon-Aquitanien nach Lyon - UNBESCHUHTE KARMELITEN<\/title>\n<meta name=\"robots\" content=\"index, follow, max-snippet:-1, max-image-preview:large, max-video-preview:-1\" \/>\n<link rel=\"canonical\" href=\"https:\/\/www.carmelitaniscalzi.com\/de\/2017\/11\/06\/rueckkehr-der-karmeliten-der-provinz-avignon-aquitanien-nach-lyon\/\" \/>\n<meta property=\"og:locale\" content=\"de_DE\" \/>\n<meta property=\"og:type\" content=\"article\" \/>\n<meta property=\"og:title\" content=\"R\u00fcckkehr der Karmeliten der Provinz Avignon-Aquitanien nach Lyon - UNBESCHUHTE KARMELITEN\" \/>\n<meta property=\"og:description\" content=\"Seit dem 11. September sind Br\u00fcder aus unserer Provinz Avignon-Aquitanien wieder in Lyon. In fr\u00fcheren Zeiten war der Orden von 1619 bis 1792 da, und dann wieder ab 1859 auf Anraten des hl. Pfarrers von Ars, als P. Augustin Maria vom Heiligsten Sakrament (Herman Cohen) dort wieder einen Konvent errichtete, der bis zur Vertreibung 1901 [&hellip;]\" \/>\n<meta property=\"og:url\" content=\"https:\/\/www.carmelitaniscalzi.com\/de\/2017\/11\/06\/rueckkehr-der-karmeliten-der-provinz-avignon-aquitanien-nach-lyon\/\" \/>\n<meta property=\"og:site_name\" content=\"UNBESCHUHTE KARMELITEN\" \/>\n<meta property=\"article:publisher\" content=\"https:\/\/www.facebook.com\/Curia-Generalizia-Carmelitani-Scalzi-658766940887784\/\" \/>\n<meta property=\"article:published_time\" content=\"2017-11-06T17:18:15+00:00\" \/>\n<meta property=\"og:image\" content=\"https:\/\/www.carmelitaniscalzi.com\/wp-content\/uploads\/2017\/11\/Lyon-16-06-17.jpg\" \/>\n\t<meta property=\"og:image:width\" content=\"918\" \/>\n\t<meta property=\"og:image:height\" content=\"1632\" \/>\n\t<meta property=\"og:image:type\" content=\"image\/jpeg\" \/>\n<meta name=\"author\" content=\"ocd web master\" \/>\n<meta name=\"twitter:card\" content=\"summary_large_image\" \/>\n<meta name=\"twitter:creator\" content=\"@ocdcuria\" \/>\n<meta name=\"twitter:site\" content=\"@ocdcuria\" \/>\n<meta name=\"twitter:label1\" content=\"Verfasst von\" \/>\n\t<meta name=\"twitter:data1\" content=\"ocd web master\" \/>\n\t<meta name=\"twitter:label2\" content=\"Gesch\u00e4tzte Lesezeit\" \/>\n\t<meta name=\"twitter:data2\" content=\"1\u00a0Minute\" \/>\n<script type=\"application\/ld+json\" class=\"yoast-schema-graph\">{\"@context\":\"https:\/\/schema.org\",\"@graph\":[{\"@type\":\"Article\",\"@id\":\"https:\/\/www.carmelitaniscalzi.com\/de\/2017\/11\/06\/rueckkehr-der-karmeliten-der-provinz-avignon-aquitanien-nach-lyon\/#article\",\"isPartOf\":{\"@id\":\"https:\/\/www.carmelitaniscalzi.com\/de\/2017\/11\/06\/rueckkehr-der-karmeliten-der-provinz-avignon-aquitanien-nach-lyon\/\"},\"author\":{\"name\":\"ocd web master\",\"@id\":\"https:\/\/www.carmelitaniscalzi.com\/#\/schema\/person\/6d1c0d9bea7b6625c437246a5d6da409\"},\"headline\":\"R\u00fcckkehr der Karmeliten der Provinz Avignon-Aquitanien nach Lyon\",\"datePublished\":\"2017-11-06T17:18:15+00:00\",\"mainEntityOfPage\":{\"@id\":\"https:\/\/www.carmelitaniscalzi.com\/de\/2017\/11\/06\/rueckkehr-der-karmeliten-der-provinz-avignon-aquitanien-nach-lyon\/\"},\"wordCount\":219,\"publisher\":{\"@id\":\"https:\/\/www.carmelitaniscalzi.com\/#organization\"},\"image\":{\"@id\":\"https:\/\/www.carmelitaniscalzi.com\/de\/2017\/11\/06\/rueckkehr-der-karmeliten-der-provinz-avignon-aquitanien-nach-lyon\/#primaryimage\"},\"thumbnailUrl\":\"https:\/\/www.carmelitaniscalzi.com\/wp-content\/uploads\/2017\/11\/Lyon-16-06-17.jpg\",\"articleSection\":[\"Nachrichten \u00fcber Br\u00fcder\",\"Nachrichten\"],\"inLanguage\":\"de\"},{\"@type\":\"WebPage\",\"@id\":\"https:\/\/www.carmelitaniscalzi.com\/de\/2017\/11\/06\/rueckkehr-der-karmeliten-der-provinz-avignon-aquitanien-nach-lyon\/\",\"url\":\"https:\/\/www.carmelitaniscalzi.com\/de\/2017\/11\/06\/rueckkehr-der-karmeliten-der-provinz-avignon-aquitanien-nach-lyon\/\",\"name\":\"R\u00fcckkehr der Karmeliten der Provinz Avignon-Aquitanien nach Lyon - UNBESCHUHTE KARMELITEN\",\"isPartOf\":{\"@id\":\"https:\/\/www.carmelitaniscalzi.com\/#website\"},\"primaryImageOfPage\":{\"@id\":\"https:\/\/www.carmelitaniscalzi.com\/de\/2017\/11\/06\/rueckkehr-der-karmeliten-der-provinz-avignon-aquitanien-nach-lyon\/#primaryimage\"},\"image\":{\"@id\":\"https:\/\/www.carmelitaniscalzi.com\/de\/2017\/11\/06\/rueckkehr-der-karmeliten-der-provinz-avignon-aquitanien-nach-lyon\/#primaryimage\"},\"thumbnailUrl\":\"https:\/\/www.carmelitaniscalzi.com\/wp-content\/uploads\/2017\/11\/Lyon-16-06-17.jpg\",\"datePublished\":\"2017-11-06T17:18:15+00:00\",\"breadcrumb\":{\"@id\":\"https:\/\/www.carmelitaniscalzi.com\/de\/2017\/11\/06\/rueckkehr-der-karmeliten-der-provinz-avignon-aquitanien-nach-lyon\/#breadcrumb\"},\"inLanguage\":\"de\",\"potentialAction\":[{\"@type\":\"ReadAction\",\"target\":[\"https:\/\/www.carmelitaniscalzi.com\/de\/2017\/11\/06\/rueckkehr-der-karmeliten-der-provinz-avignon-aquitanien-nach-lyon\/\"]}]},{\"@type\":\"ImageObject\",\"inLanguage\":\"de\",\"@id\":\"https:\/\/www.carmelitaniscalzi.com\/de\/2017\/11\/06\/rueckkehr-der-karmeliten-der-provinz-avignon-aquitanien-nach-lyon\/#primaryimage\",\"url\":\"https:\/\/www.carmelitaniscalzi.com\/wp-content\/uploads\/2017\/11\/Lyon-16-06-17.jpg\",\"contentUrl\":\"https:\/\/www.carmelitaniscalzi.com\/wp-content\/uploads\/2017\/11\/Lyon-16-06-17.jpg\",\"width\":918,\"height\":1632},{\"@type\":\"BreadcrumbList\",\"@id\":\"https:\/\/www.carmelitaniscalzi.com\/de\/2017\/11\/06\/rueckkehr-der-karmeliten-der-provinz-avignon-aquitanien-nach-lyon\/#breadcrumb\",\"itemListElement\":[{\"@type\":\"ListItem\",\"position\":1,\"name\":\"Home\",\"item\":\"https:\/\/www.carmelitaniscalzi.com\/de\/\"},{\"@type\":\"ListItem\",\"position\":2,\"name\":\"R\u00fcckkehr der Karmeliten der Provinz Avignon-Aquitanien nach Lyon\"}]},{\"@type\":\"WebSite\",\"@id\":\"https:\/\/www.carmelitaniscalzi.com\/#website\",\"url\":\"https:\/\/www.carmelitaniscalzi.com\/\",\"name\":\"CARMELITANI SCALZI - Curia Generale del Carmelo Teresiano\",\"description\":\"Generalkurie des Teresianischen Karmel\",\"publisher\":{\"@id\":\"https:\/\/www.carmelitaniscalzi.com\/#organization\"},\"alternateName\":\"CARMELITANI SCALZI\",\"potentialAction\":[{\"@type\":\"SearchAction\",\"target\":{\"@type\":\"EntryPoint\",\"urlTemplate\":\"https:\/\/www.carmelitaniscalzi.com\/?s={search_term_string}\"},\"query-input\":{\"@type\":\"PropertyValueSpecification\",\"valueRequired\":true,\"valueName\":\"search_term_string\"}}],\"inLanguage\":\"de\"},{\"@type\":\"Organization\",\"@id\":\"https:\/\/www.carmelitaniscalzi.com\/#organization\",\"name\":\"CARMELITANI SCALZI - Curia Generale del Carmelo Teresiano\",\"url\":\"https:\/\/www.carmelitaniscalzi.com\/\",\"logo\":{\"@type\":\"ImageObject\",\"inLanguage\":\"de\",\"@id\":\"https:\/\/www.carmelitaniscalzi.com\/#\/schema\/logo\/image\/\",\"url\":\"https:\/\/www.carmelitaniscalzi.com\/wp-content\/uploads\/2025\/11\/login-logo.png\",\"contentUrl\":\"https:\/\/www.carmelitaniscalzi.com\/wp-content\/uploads\/2025\/11\/login-logo.png\",\"width\":256,\"height\":256,\"caption\":\"CARMELITANI SCALZI - Curia Generale del Carmelo Teresiano\"},\"image\":{\"@id\":\"https:\/\/www.carmelitaniscalzi.com\/#\/schema\/logo\/image\/\"},\"sameAs\":[\"https:\/\/www.facebook.com\/Curia-Generalizia-Carmelitani-Scalzi-658766940887784\/\",\"https:\/\/x.com\/ocdcuria\",\"https:\/\/www.youtube.com\/channel\/UC2J5ZL0ycOY0qBSTCLX_NGQ\/videos\",\"https:\/\/www.instagram.com\/ocdinform\/\"]},{\"@type\":\"Person\",\"@id\":\"https:\/\/www.carmelitaniscalzi.com\/#\/schema\/person\/6d1c0d9bea7b6625c437246a5d6da409\",\"name\":\"ocd web master\",\"image\":{\"@type\":\"ImageObject\",\"inLanguage\":\"de\",\"@id\":\"https:\/\/www.carmelitaniscalzi.com\/#\/schema\/person\/image\/\",\"url\":\"https:\/\/secure.gravatar.com\/avatar\/41fbc5f82bad909fbaf2984c43fa50d8519ac5853e25b454d022b6868f80d0e7?s=96&d=mm&r=g\",\"contentUrl\":\"https:\/\/secure.gravatar.com\/avatar\/41fbc5f82bad909fbaf2984c43fa50d8519ac5853e25b454d022b6868f80d0e7?s=96&d=mm&r=g\",\"caption\":\"ocd web master\"},\"url\":\"https:\/\/www.carmelitaniscalzi.com\/de\/author\/ocdwebmaster\/\"}]}<\/script>\n<!-- \/ Yoast SEO plugin. -->","yoast_head_json":{"title":"R\u00fcckkehr der Karmeliten der Provinz Avignon-Aquitanien nach Lyon - UNBESCHUHTE KARMELITEN","robots":{"index":"index","follow":"follow","max-snippet":"max-snippet:-1","max-image-preview":"max-image-preview:large","max-video-preview":"max-video-preview:-1"},"canonical":"https:\/\/www.carmelitaniscalzi.com\/de\/2017\/11\/06\/rueckkehr-der-karmeliten-der-provinz-avignon-aquitanien-nach-lyon\/","og_locale":"de_DE","og_type":"article","og_title":"R\u00fcckkehr der Karmeliten der Provinz Avignon-Aquitanien nach Lyon - UNBESCHUHTE KARMELITEN","og_description":"Seit dem 11. September sind Br\u00fcder aus unserer Provinz Avignon-Aquitanien wieder in Lyon. In fr\u00fcheren Zeiten war der Orden von 1619 bis 1792 da, und dann wieder ab 1859 auf Anraten des hl. Pfarrers von Ars, als P. Augustin Maria vom Heiligsten Sakrament (Herman Cohen) dort wieder einen Konvent errichtete, der bis zur Vertreibung 1901 [&hellip;]","og_url":"https:\/\/www.carmelitaniscalzi.com\/de\/2017\/11\/06\/rueckkehr-der-karmeliten-der-provinz-avignon-aquitanien-nach-lyon\/","og_site_name":"UNBESCHUHTE KARMELITEN","article_publisher":"https:\/\/www.facebook.com\/Curia-Generalizia-Carmelitani-Scalzi-658766940887784\/","article_published_time":"2017-11-06T17:18:15+00:00","og_image":[{"width":918,"height":1632,"url":"https:\/\/www.carmelitaniscalzi.com\/wp-content\/uploads\/2017\/11\/Lyon-16-06-17.jpg","type":"image\/jpeg"}],"author":"ocd web master","twitter_card":"summary_large_image","twitter_creator":"@ocdcuria","twitter_site":"@ocdcuria","twitter_misc":{"Verfasst von":"ocd web master","Gesch\u00e4tzte Lesezeit":"1\u00a0Minute"},"schema":{"@context":"https:\/\/schema.org","@graph":[{"@type":"Article","@id":"https:\/\/www.carmelitaniscalzi.com\/de\/2017\/11\/06\/rueckkehr-der-karmeliten-der-provinz-avignon-aquitanien-nach-lyon\/#article","isPartOf":{"@id":"https:\/\/www.carmelitaniscalzi.com\/de\/2017\/11\/06\/rueckkehr-der-karmeliten-der-provinz-avignon-aquitanien-nach-lyon\/"},"author":{"name":"ocd web master","@id":"https:\/\/www.carmelitaniscalzi.com\/#\/schema\/person\/6d1c0d9bea7b6625c437246a5d6da409"},"headline":"R\u00fcckkehr der Karmeliten der Provinz Avignon-Aquitanien nach Lyon","datePublished":"2017-11-06T17:18:15+00:00","mainEntityOfPage":{"@id":"https:\/\/www.carmelitaniscalzi.com\/de\/2017\/11\/06\/rueckkehr-der-karmeliten-der-provinz-avignon-aquitanien-nach-lyon\/"},"wordCount":219,"publisher":{"@id":"https:\/\/www.carmelitaniscalzi.com\/#organization"},"image":{"@id":"https:\/\/www.carmelitaniscalzi.com\/de\/2017\/11\/06\/rueckkehr-der-karmeliten-der-provinz-avignon-aquitanien-nach-lyon\/#primaryimage"},"thumbnailUrl":"https:\/\/www.carmelitaniscalzi.com\/wp-content\/uploads\/2017\/11\/Lyon-16-06-17.jpg","articleSection":["Nachrichten \u00fcber Br\u00fcder","Nachrichten"],"inLanguage":"de"},{"@type":"WebPage","@id":"https:\/\/www.carmelitaniscalzi.com\/de\/2017\/11\/06\/rueckkehr-der-karmeliten-der-provinz-avignon-aquitanien-nach-lyon\/","url":"https:\/\/www.carmelitaniscalzi.com\/de\/2017\/11\/06\/rueckkehr-der-karmeliten-der-provinz-avignon-aquitanien-nach-lyon\/","name":"R\u00fcckkehr der Karmeliten der Provinz Avignon-Aquitanien nach Lyon - UNBESCHUHTE KARMELITEN","isPartOf":{"@id":"https:\/\/www.carmelitaniscalzi.com\/#website"},"primaryImageOfPage":{"@id":"https:\/\/www.carmelitaniscalzi.com\/de\/2017\/11\/06\/rueckkehr-der-karmeliten-der-provinz-avignon-aquitanien-nach-lyon\/#primaryimage"},"image":{"@id":"https:\/\/www.carmelitaniscalzi.com\/de\/2017\/11\/06\/rueckkehr-der-karmeliten-der-provinz-avignon-aquitanien-nach-lyon\/#primaryimage"},"thumbnailUrl":"https:\/\/www.carmelitaniscalzi.com\/wp-content\/uploads\/2017\/11\/Lyon-16-06-17.jpg","datePublished":"2017-11-06T17:18:15+00:00","breadcrumb":{"@id":"https:\/\/www.carmelitaniscalzi.com\/de\/2017\/11\/06\/rueckkehr-der-karmeliten-der-provinz-avignon-aquitanien-nach-lyon\/#breadcrumb"},"inLanguage":"de","potentialAction":[{"@type":"ReadAction","target":["https:\/\/www.carmelitaniscalzi.com\/de\/2017\/11\/06\/rueckkehr-der-karmeliten-der-provinz-avignon-aquitanien-nach-lyon\/"]}]},{"@type":"ImageObject","inLanguage":"de","@id":"https:\/\/www.carmelitaniscalzi.com\/de\/2017\/11\/06\/rueckkehr-der-karmeliten-der-provinz-avignon-aquitanien-nach-lyon\/#primaryimage","url":"https:\/\/www.carmelitaniscalzi.com\/wp-content\/uploads\/2017\/11\/Lyon-16-06-17.jpg","contentUrl":"https:\/\/www.carmelitaniscalzi.com\/wp-content\/uploads\/2017\/11\/Lyon-16-06-17.jpg","width":918,"height":1632},{"@type":"BreadcrumbList","@id":"https:\/\/www.carmelitaniscalzi.com\/de\/2017\/11\/06\/rueckkehr-der-karmeliten-der-provinz-avignon-aquitanien-nach-lyon\/#breadcrumb","itemListElement":[{"@type":"ListItem","position":1,"name":"Home","item":"https:\/\/www.carmelitaniscalzi.com\/de\/"},{"@type":"ListItem","position":2,"name":"R\u00fcckkehr der Karmeliten der Provinz Avignon-Aquitanien nach Lyon"}]},{"@type":"WebSite","@id":"https:\/\/www.carmelitaniscalzi.com\/#website","url":"https:\/\/www.carmelitaniscalzi.com\/","name":"CARMELITANI SCALZI - Curia Generale del Carmelo Teresiano","description":"Generalkurie des Teresianischen Karmel","publisher":{"@id":"https:\/\/www.carmelitaniscalzi.com\/#organization"},"alternateName":"CARMELITANI SCALZI","potentialAction":[{"@type":"SearchAction","target":{"@type":"EntryPoint","urlTemplate":"https:\/\/www.carmelitaniscalzi.com\/?s={search_term_string}"},"query-input":{"@type":"PropertyValueSpecification","valueRequired":true,"valueName":"search_term_string"}}],"inLanguage":"de"},{"@type":"Organization","@id":"https:\/\/www.carmelitaniscalzi.com\/#organization","name":"CARMELITANI SCALZI - Curia Generale del Carmelo Teresiano","url":"https:\/\/www.carmelitaniscalzi.com\/","logo":{"@type":"ImageObject","inLanguage":"de","@id":"https:\/\/www.carmelitaniscalzi.com\/#\/schema\/logo\/image\/","url":"https:\/\/www.carmelitaniscalzi.com\/wp-content\/uploads\/2025\/11\/login-logo.png","contentUrl":"https:\/\/www.carmelitaniscalzi.com\/wp-content\/uploads\/2025\/11\/login-logo.png","width":256,"height":256,"caption":"CARMELITANI SCALZI - Curia Generale del Carmelo Teresiano"},"image":{"@id":"https:\/\/www.carmelitaniscalzi.com\/#\/schema\/logo\/image\/"},"sameAs":["https:\/\/www.facebook.com\/Curia-Generalizia-Carmelitani-Scalzi-658766940887784\/","https:\/\/x.com\/ocdcuria","https:\/\/www.youtube.com\/channel\/UC2J5ZL0ycOY0qBSTCLX_NGQ\/videos","https:\/\/www.instagram.com\/ocdinform\/"]},{"@type":"Person","@id":"https:\/\/www.carmelitaniscalzi.com\/#\/schema\/person\/6d1c0d9bea7b6625c437246a5d6da409","name":"ocd web master","image":{"@type":"ImageObject","inLanguage":"de","@id":"https:\/\/www.carmelitaniscalzi.com\/#\/schema\/person\/image\/","url":"https:\/\/secure.gravatar.com\/avatar\/41fbc5f82bad909fbaf2984c43fa50d8519ac5853e25b454d022b6868f80d0e7?s=96&d=mm&r=g","contentUrl":"https:\/\/secure.gravatar.com\/avatar\/41fbc5f82bad909fbaf2984c43fa50d8519ac5853e25b454d022b6868f80d0e7?s=96&d=mm&r=g","caption":"ocd web master"},"url":"https:\/\/www.carmelitaniscalzi.com\/de\/author\/ocdwebmaster\/"}]}},"_links":{"self":[{"href":"https:\/\/www.carmelitaniscalzi.com\/de\/wp-json\/wp\/v2\/posts\/18142","targetHints":{"allow":["GET"]}}],"collection":[{"href":"https:\/\/www.carmelitaniscalzi.com\/de\/wp-json\/wp\/v2\/posts"}],"about":[{"href":"https:\/\/www.carmelitaniscalzi.com\/de\/wp-json\/wp\/v2\/types\/post"}],"author":[{"embeddable":true,"href":"https:\/\/www.carmelitaniscalzi.com\/de\/wp-json\/wp\/v2\/users\/7"}],"replies":[{"embeddable":true,"href":"https:\/\/www.carmelitaniscalzi.com\/de\/wp-json\/wp\/v2\/comments?post=18142"}],"version-history":[{"count":0,"href":"https:\/\/www.carmelitaniscalzi.com\/de\/wp-json\/wp\/v2\/posts\/18142\/revisions"}],"wp:featuredmedia":[{"embeddable":true,"href":"https:\/\/www.carmelitaniscalzi.com\/de\/wp-json\/wp\/v2\/media\/18127"}],"wp:attachment":[{"href":"https:\/\/www.carmelitaniscalzi.com\/de\/wp-json\/wp\/v2\/media?parent=18142"}],"wp:term":[{"taxonomy":"category","embeddable":true,"href":"https:\/\/www.carmelitaniscalzi.com\/de\/wp-json\/wp\/v2\/categories?post=18142"},{"taxonomy":"post_tag","embeddable":true,"href":"https:\/\/www.carmelitaniscalzi.com\/de\/wp-json\/wp\/v2\/tags?post=18142"}],"curies":[{"name":"wp","href":"https:\/\/api.w.org\/{rel}","templated":true}]}}