{"id":18083,"date":"2017-10-25T11:27:46","date_gmt":"2017-10-25T09:27:46","guid":{"rendered":"https:\/\/www.carmelitaniscalzi.com\/de\/?p=18083"},"modified":"2017-10-25T11:49:09","modified_gmt":"2017-10-25T09:49:09","slug":"unsere-generalkurie-instagram","status":"publish","type":"post","link":"https:\/\/www.carmelitaniscalzi.com\/de\/2017\/10\/25\/unsere-generalkurie-instagram\/","title":{"rendered":"Unsere Generalkurie in Instagram"},"content":{"rendered":"<p>Das Sekretariat f\u00fcr Kommunikation hat dem Wunsch der Generalkurie folgend eine neue Pr\u00e4senz in den sozialen Medien er\u00f6ffnet, die es erlaubt, Fotos und kleine Videos zu verbreiten, um dadurch das Leben und die Aktivit\u00e4ten des Ordens noch mehr unter die Leute zu bringen. Dieses neue Medium wird besonders von jungen Leuten sehr genutzt und basiert vor allem auf Bildern. Die per Instagram ver\u00f6ffentlichen Inhalte k\u00f6nnen mit Twitter (@ocdcuria) und Facebook, wo wir als Unbeschuhte Karmeliten und als Generalkurie pr\u00e4sent sind, mitgeteilt werden.<\/p>\n<p>Wir m\u00f6chten von hier aus alle ermutigen, in diesem sozialen Medium pr\u00e4sent zu sein und uns zu folgen. Ihr k\u00f6nnt uns auch Fotos von Veranstaltungen, Konventen, Kl\u00f6stern usw. aus euren Zirkumskriptionen zuschicken, wo auch immer auf der Welt das sei, und zwar an diese Adresse: <a href=\"mailto:ocdinform@gmail.com\">ocdinform@gmail.com<\/a>, zusammen mit einem kurzen Text; wir werden es gerne ver\u00f6ffentlichen. Unser Nickname in Instagram ist: ocdinform.<\/p>\n<p><img loading=\"lazy\" decoding=\"async\" class=\"alignnone size-thumbnail wp-image-18077\" src=\"https:\/\/www.carmelitaniscalzi.com\/wp-content\/uploads\/2017\/10\/03-150x150.png\" alt=\"\" width=\"150\" height=\"150\" \/><\/p>\n","protected":false},"excerpt":{"rendered":"<p>Das Sekretariat f\u00fcr Kommunikation hat dem Wunsch der Generalkurie folgend eine neue Pr\u00e4senz in den sozialen Medien er\u00f6ffnet, die es erlaubt, Fotos und kleine Videos zu verbreiten, um dadurch das Leben und die Aktivit\u00e4ten des Ordens noch mehr unter die Leute zu bringen. Dieses neue Medium wird besonders von jungen Leuten sehr genutzt und basiert [&hellip;]<\/p>\n","protected":false},"author":7,"featured_media":18076,"comment_status":"closed","ping_status":"closed","sticky":false,"template":"","format":"standard","meta":{"_acf_changed":false,"footnotes":""},"categories":[218,371],"tags":[],"class_list":["post-18083","post","type-post","status-publish","format-standard","has-post-thumbnail","hentry","category-nachrichten-ueber-brueder","category-nachrichten"],"acf":[],"yoast_head":"<!-- This site is optimized with the Yoast SEO plugin v26.3 - https:\/\/yoast.com\/wordpress\/plugins\/seo\/ -->\n<title>Unsere Generalkurie in Instagram - UNBESCHUHTE KARMELITEN<\/title>\n<meta name=\"robots\" content=\"index, follow, max-snippet:-1, max-image-preview:large, max-video-preview:-1\" \/>\n<link rel=\"canonical\" href=\"https:\/\/www.carmelitaniscalzi.com\/de\/2017\/10\/25\/unsere-generalkurie-instagram\/\" \/>\n<meta property=\"og:locale\" content=\"de_DE\" \/>\n<meta property=\"og:type\" content=\"article\" \/>\n<meta property=\"og:title\" content=\"Unsere Generalkurie in Instagram - UNBESCHUHTE KARMELITEN\" \/>\n<meta property=\"og:description\" content=\"Das Sekretariat f\u00fcr Kommunikation hat dem Wunsch der Generalkurie folgend eine neue Pr\u00e4senz in den sozialen Medien er\u00f6ffnet, die es erlaubt, Fotos und kleine Videos zu verbreiten, um dadurch das Leben und die Aktivit\u00e4ten des Ordens noch mehr unter die Leute zu bringen. Dieses neue Medium wird besonders von jungen Leuten sehr genutzt und basiert [&hellip;]\" \/>\n<meta property=\"og:url\" content=\"https:\/\/www.carmelitaniscalzi.com\/de\/2017\/10\/25\/unsere-generalkurie-instagram\/\" \/>\n<meta property=\"og:site_name\" content=\"UNBESCHUHTE KARMELITEN\" \/>\n<meta property=\"article:publisher\" content=\"https:\/\/www.facebook.com\/Curia-Generalizia-Carmelitani-Scalzi-658766940887784\/\" \/>\n<meta property=\"article:published_time\" content=\"2017-10-25T09:27:46+00:00\" \/>\n<meta property=\"article:modified_time\" content=\"2017-10-25T09:49:09+00:00\" \/>\n<meta property=\"og:image\" content=\"https:\/\/www.carmelitaniscalzi.com\/wp-content\/uploads\/2017\/10\/01-1.png\" \/>\n\t<meta property=\"og:image:width\" content=\"626\" \/>\n\t<meta property=\"og:image:height\" content=\"1080\" \/>\n\t<meta property=\"og:image:type\" content=\"image\/png\" \/>\n<meta name=\"author\" content=\"ocd web master\" \/>\n<meta name=\"twitter:card\" content=\"summary_large_image\" \/>\n<meta name=\"twitter:creator\" content=\"@ocdcuria\" \/>\n<meta name=\"twitter:site\" content=\"@ocdcuria\" \/>\n<meta name=\"twitter:label1\" content=\"Verfasst von\" \/>\n\t<meta name=\"twitter:data1\" content=\"ocd web master\" \/>\n\t<meta name=\"twitter:label2\" content=\"Gesch\u00e4tzte Lesezeit\" \/>\n\t<meta name=\"twitter:data2\" content=\"1\u00a0Minute\" \/>\n<script type=\"application\/ld+json\" class=\"yoast-schema-graph\">{\"@context\":\"https:\/\/schema.org\",\"@graph\":[{\"@type\":\"Article\",\"@id\":\"https:\/\/www.carmelitaniscalzi.com\/de\/2017\/10\/25\/unsere-generalkurie-instagram\/#article\",\"isPartOf\":{\"@id\":\"https:\/\/www.carmelitaniscalzi.com\/de\/2017\/10\/25\/unsere-generalkurie-instagram\/\"},\"author\":{\"name\":\"ocd web master\",\"@id\":\"https:\/\/www.carmelitaniscalzi.com\/#\/schema\/person\/6d1c0d9bea7b6625c437246a5d6da409\"},\"headline\":\"Unsere Generalkurie in Instagram\",\"datePublished\":\"2017-10-25T09:27:46+00:00\",\"dateModified\":\"2017-10-25T09:49:09+00:00\",\"mainEntityOfPage\":{\"@id\":\"https:\/\/www.carmelitaniscalzi.com\/de\/2017\/10\/25\/unsere-generalkurie-instagram\/\"},\"wordCount\":162,\"publisher\":{\"@id\":\"https:\/\/www.carmelitaniscalzi.com\/#organization\"},\"image\":{\"@id\":\"https:\/\/www.carmelitaniscalzi.com\/de\/2017\/10\/25\/unsere-generalkurie-instagram\/#primaryimage\"},\"thumbnailUrl\":\"https:\/\/www.carmelitaniscalzi.com\/wp-content\/uploads\/2017\/10\/01-1.png\",\"articleSection\":[\"Nachrichten \u00fcber Br\u00fcder\",\"Nachrichten\"],\"inLanguage\":\"de\"},{\"@type\":\"WebPage\",\"@id\":\"https:\/\/www.carmelitaniscalzi.com\/de\/2017\/10\/25\/unsere-generalkurie-instagram\/\",\"url\":\"https:\/\/www.carmelitaniscalzi.com\/de\/2017\/10\/25\/unsere-generalkurie-instagram\/\",\"name\":\"Unsere Generalkurie in Instagram - UNBESCHUHTE KARMELITEN\",\"isPartOf\":{\"@id\":\"https:\/\/www.carmelitaniscalzi.com\/#website\"},\"primaryImageOfPage\":{\"@id\":\"https:\/\/www.carmelitaniscalzi.com\/de\/2017\/10\/25\/unsere-generalkurie-instagram\/#primaryimage\"},\"image\":{\"@id\":\"https:\/\/www.carmelitaniscalzi.com\/de\/2017\/10\/25\/unsere-generalkurie-instagram\/#primaryimage\"},\"thumbnailUrl\":\"https:\/\/www.carmelitaniscalzi.com\/wp-content\/uploads\/2017\/10\/01-1.png\",\"datePublished\":\"2017-10-25T09:27:46+00:00\",\"dateModified\":\"2017-10-25T09:49:09+00:00\",\"breadcrumb\":{\"@id\":\"https:\/\/www.carmelitaniscalzi.com\/de\/2017\/10\/25\/unsere-generalkurie-instagram\/#breadcrumb\"},\"inLanguage\":\"de\",\"potentialAction\":[{\"@type\":\"ReadAction\",\"target\":[\"https:\/\/www.carmelitaniscalzi.com\/de\/2017\/10\/25\/unsere-generalkurie-instagram\/\"]}]},{\"@type\":\"ImageObject\",\"inLanguage\":\"de\",\"@id\":\"https:\/\/www.carmelitaniscalzi.com\/de\/2017\/10\/25\/unsere-generalkurie-instagram\/#primaryimage\",\"url\":\"https:\/\/www.carmelitaniscalzi.com\/wp-content\/uploads\/2017\/10\/01-1.png\",\"contentUrl\":\"https:\/\/www.carmelitaniscalzi.com\/wp-content\/uploads\/2017\/10\/01-1.png\",\"width\":626,\"height\":1080},{\"@type\":\"BreadcrumbList\",\"@id\":\"https:\/\/www.carmelitaniscalzi.com\/de\/2017\/10\/25\/unsere-generalkurie-instagram\/#breadcrumb\",\"itemListElement\":[{\"@type\":\"ListItem\",\"position\":1,\"name\":\"Home\",\"item\":\"https:\/\/www.carmelitaniscalzi.com\/de\/\"},{\"@type\":\"ListItem\",\"position\":2,\"name\":\"Unsere Generalkurie in Instagram\"}]},{\"@type\":\"WebSite\",\"@id\":\"https:\/\/www.carmelitaniscalzi.com\/#website\",\"url\":\"https:\/\/www.carmelitaniscalzi.com\/\",\"name\":\"CARMELITANI SCALZI - Curia Generale del Carmelo Teresiano\",\"description\":\"Generalkurie des Teresianischen Karmel\",\"publisher\":{\"@id\":\"https:\/\/www.carmelitaniscalzi.com\/#organization\"},\"alternateName\":\"CARMELITANI SCALZI\",\"potentialAction\":[{\"@type\":\"SearchAction\",\"target\":{\"@type\":\"EntryPoint\",\"urlTemplate\":\"https:\/\/www.carmelitaniscalzi.com\/?s={search_term_string}\"},\"query-input\":{\"@type\":\"PropertyValueSpecification\",\"valueRequired\":true,\"valueName\":\"search_term_string\"}}],\"inLanguage\":\"de\"},{\"@type\":\"Organization\",\"@id\":\"https:\/\/www.carmelitaniscalzi.com\/#organization\",\"name\":\"CARMELITANI SCALZI - Curia Generale del Carmelo Teresiano\",\"url\":\"https:\/\/www.carmelitaniscalzi.com\/\",\"logo\":{\"@type\":\"ImageObject\",\"inLanguage\":\"de\",\"@id\":\"https:\/\/www.carmelitaniscalzi.com\/#\/schema\/logo\/image\/\",\"url\":\"https:\/\/www.carmelitaniscalzi.com\/wp-content\/uploads\/2025\/11\/login-logo.png\",\"contentUrl\":\"https:\/\/www.carmelitaniscalzi.com\/wp-content\/uploads\/2025\/11\/login-logo.png\",\"width\":256,\"height\":256,\"caption\":\"CARMELITANI SCALZI - Curia Generale del Carmelo Teresiano\"},\"image\":{\"@id\":\"https:\/\/www.carmelitaniscalzi.com\/#\/schema\/logo\/image\/\"},\"sameAs\":[\"https:\/\/www.facebook.com\/Curia-Generalizia-Carmelitani-Scalzi-658766940887784\/\",\"https:\/\/x.com\/ocdcuria\",\"https:\/\/www.youtube.com\/channel\/UC2J5ZL0ycOY0qBSTCLX_NGQ\/videos\",\"https:\/\/www.instagram.com\/ocdinform\/\"]},{\"@type\":\"Person\",\"@id\":\"https:\/\/www.carmelitaniscalzi.com\/#\/schema\/person\/6d1c0d9bea7b6625c437246a5d6da409\",\"name\":\"ocd web master\",\"image\":{\"@type\":\"ImageObject\",\"inLanguage\":\"de\",\"@id\":\"https:\/\/www.carmelitaniscalzi.com\/#\/schema\/person\/image\/\",\"url\":\"https:\/\/secure.gravatar.com\/avatar\/41fbc5f82bad909fbaf2984c43fa50d8519ac5853e25b454d022b6868f80d0e7?s=96&d=mm&r=g\",\"contentUrl\":\"https:\/\/secure.gravatar.com\/avatar\/41fbc5f82bad909fbaf2984c43fa50d8519ac5853e25b454d022b6868f80d0e7?s=96&d=mm&r=g\",\"caption\":\"ocd web master\"},\"url\":\"https:\/\/www.carmelitaniscalzi.com\/de\/author\/ocdwebmaster\/\"}]}<\/script>\n<!-- \/ Yoast SEO plugin. -->","yoast_head_json":{"title":"Unsere Generalkurie in Instagram - UNBESCHUHTE KARMELITEN","robots":{"index":"index","follow":"follow","max-snippet":"max-snippet:-1","max-image-preview":"max-image-preview:large","max-video-preview":"max-video-preview:-1"},"canonical":"https:\/\/www.carmelitaniscalzi.com\/de\/2017\/10\/25\/unsere-generalkurie-instagram\/","og_locale":"de_DE","og_type":"article","og_title":"Unsere Generalkurie in Instagram - UNBESCHUHTE KARMELITEN","og_description":"Das Sekretariat f\u00fcr Kommunikation hat dem Wunsch der Generalkurie folgend eine neue Pr\u00e4senz in den sozialen Medien er\u00f6ffnet, die es erlaubt, Fotos und kleine Videos zu verbreiten, um dadurch das Leben und die Aktivit\u00e4ten des Ordens noch mehr unter die Leute zu bringen. Dieses neue Medium wird besonders von jungen Leuten sehr genutzt und basiert [&hellip;]","og_url":"https:\/\/www.carmelitaniscalzi.com\/de\/2017\/10\/25\/unsere-generalkurie-instagram\/","og_site_name":"UNBESCHUHTE KARMELITEN","article_publisher":"https:\/\/www.facebook.com\/Curia-Generalizia-Carmelitani-Scalzi-658766940887784\/","article_published_time":"2017-10-25T09:27:46+00:00","article_modified_time":"2017-10-25T09:49:09+00:00","og_image":[{"width":626,"height":1080,"url":"https:\/\/www.carmelitaniscalzi.com\/wp-content\/uploads\/2017\/10\/01-1.png","type":"image\/png"}],"author":"ocd web master","twitter_card":"summary_large_image","twitter_creator":"@ocdcuria","twitter_site":"@ocdcuria","twitter_misc":{"Verfasst von":"ocd web master","Gesch\u00e4tzte Lesezeit":"1\u00a0Minute"},"schema":{"@context":"https:\/\/schema.org","@graph":[{"@type":"Article","@id":"https:\/\/www.carmelitaniscalzi.com\/de\/2017\/10\/25\/unsere-generalkurie-instagram\/#article","isPartOf":{"@id":"https:\/\/www.carmelitaniscalzi.com\/de\/2017\/10\/25\/unsere-generalkurie-instagram\/"},"author":{"name":"ocd web master","@id":"https:\/\/www.carmelitaniscalzi.com\/#\/schema\/person\/6d1c0d9bea7b6625c437246a5d6da409"},"headline":"Unsere Generalkurie in Instagram","datePublished":"2017-10-25T09:27:46+00:00","dateModified":"2017-10-25T09:49:09+00:00","mainEntityOfPage":{"@id":"https:\/\/www.carmelitaniscalzi.com\/de\/2017\/10\/25\/unsere-generalkurie-instagram\/"},"wordCount":162,"publisher":{"@id":"https:\/\/www.carmelitaniscalzi.com\/#organization"},"image":{"@id":"https:\/\/www.carmelitaniscalzi.com\/de\/2017\/10\/25\/unsere-generalkurie-instagram\/#primaryimage"},"thumbnailUrl":"https:\/\/www.carmelitaniscalzi.com\/wp-content\/uploads\/2017\/10\/01-1.png","articleSection":["Nachrichten \u00fcber Br\u00fcder","Nachrichten"],"inLanguage":"de"},{"@type":"WebPage","@id":"https:\/\/www.carmelitaniscalzi.com\/de\/2017\/10\/25\/unsere-generalkurie-instagram\/","url":"https:\/\/www.carmelitaniscalzi.com\/de\/2017\/10\/25\/unsere-generalkurie-instagram\/","name":"Unsere Generalkurie in Instagram - UNBESCHUHTE KARMELITEN","isPartOf":{"@id":"https:\/\/www.carmelitaniscalzi.com\/#website"},"primaryImageOfPage":{"@id":"https:\/\/www.carmelitaniscalzi.com\/de\/2017\/10\/25\/unsere-generalkurie-instagram\/#primaryimage"},"image":{"@id":"https:\/\/www.carmelitaniscalzi.com\/de\/2017\/10\/25\/unsere-generalkurie-instagram\/#primaryimage"},"thumbnailUrl":"https:\/\/www.carmelitaniscalzi.com\/wp-content\/uploads\/2017\/10\/01-1.png","datePublished":"2017-10-25T09:27:46+00:00","dateModified":"2017-10-25T09:49:09+00:00","breadcrumb":{"@id":"https:\/\/www.carmelitaniscalzi.com\/de\/2017\/10\/25\/unsere-generalkurie-instagram\/#breadcrumb"},"inLanguage":"de","potentialAction":[{"@type":"ReadAction","target":["https:\/\/www.carmelitaniscalzi.com\/de\/2017\/10\/25\/unsere-generalkurie-instagram\/"]}]},{"@type":"ImageObject","inLanguage":"de","@id":"https:\/\/www.carmelitaniscalzi.com\/de\/2017\/10\/25\/unsere-generalkurie-instagram\/#primaryimage","url":"https:\/\/www.carmelitaniscalzi.com\/wp-content\/uploads\/2017\/10\/01-1.png","contentUrl":"https:\/\/www.carmelitaniscalzi.com\/wp-content\/uploads\/2017\/10\/01-1.png","width":626,"height":1080},{"@type":"BreadcrumbList","@id":"https:\/\/www.carmelitaniscalzi.com\/de\/2017\/10\/25\/unsere-generalkurie-instagram\/#breadcrumb","itemListElement":[{"@type":"ListItem","position":1,"name":"Home","item":"https:\/\/www.carmelitaniscalzi.com\/de\/"},{"@type":"ListItem","position":2,"name":"Unsere Generalkurie in Instagram"}]},{"@type":"WebSite","@id":"https:\/\/www.carmelitaniscalzi.com\/#website","url":"https:\/\/www.carmelitaniscalzi.com\/","name":"CARMELITANI SCALZI - Curia Generale del Carmelo Teresiano","description":"Generalkurie des Teresianischen Karmel","publisher":{"@id":"https:\/\/www.carmelitaniscalzi.com\/#organization"},"alternateName":"CARMELITANI SCALZI","potentialAction":[{"@type":"SearchAction","target":{"@type":"EntryPoint","urlTemplate":"https:\/\/www.carmelitaniscalzi.com\/?s={search_term_string}"},"query-input":{"@type":"PropertyValueSpecification","valueRequired":true,"valueName":"search_term_string"}}],"inLanguage":"de"},{"@type":"Organization","@id":"https:\/\/www.carmelitaniscalzi.com\/#organization","name":"CARMELITANI SCALZI - Curia Generale del Carmelo Teresiano","url":"https:\/\/www.carmelitaniscalzi.com\/","logo":{"@type":"ImageObject","inLanguage":"de","@id":"https:\/\/www.carmelitaniscalzi.com\/#\/schema\/logo\/image\/","url":"https:\/\/www.carmelitaniscalzi.com\/wp-content\/uploads\/2025\/11\/login-logo.png","contentUrl":"https:\/\/www.carmelitaniscalzi.com\/wp-content\/uploads\/2025\/11\/login-logo.png","width":256,"height":256,"caption":"CARMELITANI SCALZI - Curia Generale del Carmelo Teresiano"},"image":{"@id":"https:\/\/www.carmelitaniscalzi.com\/#\/schema\/logo\/image\/"},"sameAs":["https:\/\/www.facebook.com\/Curia-Generalizia-Carmelitani-Scalzi-658766940887784\/","https:\/\/x.com\/ocdcuria","https:\/\/www.youtube.com\/channel\/UC2J5ZL0ycOY0qBSTCLX_NGQ\/videos","https:\/\/www.instagram.com\/ocdinform\/"]},{"@type":"Person","@id":"https:\/\/www.carmelitaniscalzi.com\/#\/schema\/person\/6d1c0d9bea7b6625c437246a5d6da409","name":"ocd web master","image":{"@type":"ImageObject","inLanguage":"de","@id":"https:\/\/www.carmelitaniscalzi.com\/#\/schema\/person\/image\/","url":"https:\/\/secure.gravatar.com\/avatar\/41fbc5f82bad909fbaf2984c43fa50d8519ac5853e25b454d022b6868f80d0e7?s=96&d=mm&r=g","contentUrl":"https:\/\/secure.gravatar.com\/avatar\/41fbc5f82bad909fbaf2984c43fa50d8519ac5853e25b454d022b6868f80d0e7?s=96&d=mm&r=g","caption":"ocd web master"},"url":"https:\/\/www.carmelitaniscalzi.com\/de\/author\/ocdwebmaster\/"}]}},"_links":{"self":[{"href":"https:\/\/www.carmelitaniscalzi.com\/de\/wp-json\/wp\/v2\/posts\/18083","targetHints":{"allow":["GET"]}}],"collection":[{"href":"https:\/\/www.carmelitaniscalzi.com\/de\/wp-json\/wp\/v2\/posts"}],"about":[{"href":"https:\/\/www.carmelitaniscalzi.com\/de\/wp-json\/wp\/v2\/types\/post"}],"author":[{"embeddable":true,"href":"https:\/\/www.carmelitaniscalzi.com\/de\/wp-json\/wp\/v2\/users\/7"}],"replies":[{"embeddable":true,"href":"https:\/\/www.carmelitaniscalzi.com\/de\/wp-json\/wp\/v2\/comments?post=18083"}],"version-history":[{"count":0,"href":"https:\/\/www.carmelitaniscalzi.com\/de\/wp-json\/wp\/v2\/posts\/18083\/revisions"}],"wp:featuredmedia":[{"embeddable":true,"href":"https:\/\/www.carmelitaniscalzi.com\/de\/wp-json\/wp\/v2\/media\/18076"}],"wp:attachment":[{"href":"https:\/\/www.carmelitaniscalzi.com\/de\/wp-json\/wp\/v2\/media?parent=18083"}],"wp:term":[{"taxonomy":"category","embeddable":true,"href":"https:\/\/www.carmelitaniscalzi.com\/de\/wp-json\/wp\/v2\/categories?post=18083"},{"taxonomy":"post_tag","embeddable":true,"href":"https:\/\/www.carmelitaniscalzi.com\/de\/wp-json\/wp\/v2\/tags?post=18083"}],"curies":[{"name":"wp","href":"https:\/\/api.w.org\/{rel}","templated":true}]}}