{"id":17818,"date":"2017-09-30T17:59:22","date_gmt":"2017-09-30T15:59:22","guid":{"rendered":"https:\/\/www.carmelitaniscalzi.com\/de\/?p=17818"},"modified":"2017-09-30T17:59:22","modified_gmt":"2017-09-30T15:59:22","slug":"besuch-des-oekumenischen-patriarchen-bartolomaios-bei-den-karmelitinnen-von-bologna","status":"publish","type":"post","link":"https:\/\/www.carmelitaniscalzi.com\/de\/2017\/09\/30\/besuch-des-oekumenischen-patriarchen-bartolomaios-bei-den-karmelitinnen-von-bologna\/","title":{"rendered":"Besuch des \u00d6kumenischen Patriarchen Bartolomaios I. bei den Karmelitinnen von Bologna"},"content":{"rendered":"<p>Unsere Schwestern aus Bologna haben uns folgende Nachricht geschickt:<\/p>\n<p>\u201eBei seinem letzten Besuch in Bologna anl\u00e4sslich des Eucharistischen Kongresses ist der \u00d6kumenische Patriarch Bartolomaios I. gern auf unsere Einladung eingegangen und zu uns zu Besuch gekommen. Beim feierlichen Einzug des Patriarchen in die Kirche erklangen alle Glocken, und nach einem Gesang und einem Gru\u00dfwort \u00f6ffneten wir f\u00fcr ihn und sein Gefolge die Klausurtore. Mit gro\u00dfer Liebensw\u00fcrdigkeit begr\u00fc\u00dfte er uns Schwestern, ebenso wie die Klarissen aus Bologna, die Karmelitinnen O.Carm. von Ravenna und eine orthodoxe Nonne, die aus diesem Anlass zu uns gekommen waren.<\/p>\n<p>Anschlie\u00dfend zogen wir in den Chor, wo der Patriarch die Reliquien verehrte und mit uns ein Ave Maria und ein Vaterunser in Latein betete. Dann gingen wir in die Rekreation, wo er von der gro\u00dfen Hochsch\u00e4tzung sprach, die das monastische Leben in der Kirche haben soll. Nach dem Austausch von Geschenken reichten wir ihm einen Kaffee, w\u00e4hrend er uns schlicht und einfach erz\u00e4hlte. Im G\u00e4stebuch verewigte er sich mit einem Gebet in Griechisch. F\u00fcr uns war es ein wichtiger Besuch, der uns sehr mit Freude erf\u00fcllte.\u201c<\/p>\n<p><img loading=\"lazy\" decoding=\"async\" class=\"alignnone size-thumbnail wp-image-17811\" src=\"https:\/\/www.carmelitaniscalzi.com\/wp-content\/uploads\/2017\/09\/08-150x150.jpg\" alt=\"\" width=\"150\" height=\"150\" \/> <img loading=\"lazy\" decoding=\"async\" class=\"alignnone size-thumbnail wp-image-17810\" src=\"https:\/\/www.carmelitaniscalzi.com\/wp-content\/uploads\/2017\/09\/07-150x150.jpg\" alt=\"\" width=\"150\" height=\"150\" \/> <img loading=\"lazy\" decoding=\"async\" class=\"alignnone size-thumbnail wp-image-17809\" src=\"https:\/\/www.carmelitaniscalzi.com\/wp-content\/uploads\/2017\/09\/06-150x150.jpg\" alt=\"\" width=\"150\" height=\"150\" \/> <img loading=\"lazy\" decoding=\"async\" class=\"alignnone size-thumbnail wp-image-17808\" src=\"https:\/\/www.carmelitaniscalzi.com\/wp-content\/uploads\/2017\/09\/05-1-150x150.jpg\" alt=\"\" width=\"150\" height=\"150\" \/> <img loading=\"lazy\" decoding=\"async\" class=\"alignnone size-thumbnail wp-image-17807\" src=\"https:\/\/www.carmelitaniscalzi.com\/wp-content\/uploads\/2017\/09\/04-1-150x150.jpg\" alt=\"\" width=\"150\" height=\"150\" \/> <img loading=\"lazy\" decoding=\"async\" class=\"alignnone size-thumbnail wp-image-17806\" src=\"https:\/\/www.carmelitaniscalzi.com\/wp-content\/uploads\/2017\/09\/03-1-150x150.jpg\" alt=\"\" width=\"150\" height=\"150\" \/> <img loading=\"lazy\" decoding=\"async\" class=\"alignnone size-thumbnail wp-image-17805\" src=\"https:\/\/www.carmelitaniscalzi.com\/wp-content\/uploads\/2017\/09\/02-1-150x150.jpg\" alt=\"\" width=\"150\" height=\"150\" \/> <img loading=\"lazy\" decoding=\"async\" class=\"alignnone size-thumbnail wp-image-17804\" src=\"https:\/\/www.carmelitaniscalzi.com\/wp-content\/uploads\/2017\/09\/01-1-150x150.jpg\" alt=\"\" width=\"150\" height=\"150\" \/><\/p>\n","protected":false},"excerpt":{"rendered":"<p>Unsere Schwestern aus Bologna haben uns folgende Nachricht geschickt: \u201eBei seinem letzten Besuch in Bologna anl\u00e4sslich des Eucharistischen Kongresses ist der \u00d6kumenische Patriarch Bartolomaios I. gern auf unsere Einladung eingegangen und zu uns zu Besuch gekommen. Beim feierlichen Einzug des Patriarchen in die Kirche erklangen alle Glocken, und nach einem Gesang und einem Gru\u00dfwort \u00f6ffneten [&hellip;]<\/p>\n","protected":false},"author":7,"featured_media":17812,"comment_status":"closed","ping_status":"closed","sticky":false,"template":"","format":"standard","meta":{"_acf_changed":false,"footnotes":""},"categories":[214,371],"tags":[],"class_list":["post-17818","post","type-post","status-publish","format-standard","has-post-thumbnail","hentry","category-nachrichten-ueber-schwestern","category-nachrichten"],"acf":[],"yoast_head":"<!-- This site is optimized with the Yoast SEO plugin v26.3 - https:\/\/yoast.com\/wordpress\/plugins\/seo\/ -->\n<title>Besuch des \u00d6kumenischen Patriarchen Bartolomaios I. bei den Karmelitinnen von Bologna - UNBESCHUHTE KARMELITEN<\/title>\n<meta name=\"robots\" content=\"index, follow, max-snippet:-1, max-image-preview:large, max-video-preview:-1\" \/>\n<link rel=\"canonical\" href=\"https:\/\/www.carmelitaniscalzi.com\/de\/2017\/09\/30\/besuch-des-oekumenischen-patriarchen-bartolomaios-bei-den-karmelitinnen-von-bologna\/\" \/>\n<meta property=\"og:locale\" content=\"de_DE\" \/>\n<meta property=\"og:type\" content=\"article\" \/>\n<meta property=\"og:title\" content=\"Besuch des \u00d6kumenischen Patriarchen Bartolomaios I. bei den Karmelitinnen von Bologna - UNBESCHUHTE KARMELITEN\" \/>\n<meta property=\"og:description\" content=\"Unsere Schwestern aus Bologna haben uns folgende Nachricht geschickt: \u201eBei seinem letzten Besuch in Bologna anl\u00e4sslich des Eucharistischen Kongresses ist der \u00d6kumenische Patriarch Bartolomaios I. gern auf unsere Einladung eingegangen und zu uns zu Besuch gekommen. Beim feierlichen Einzug des Patriarchen in die Kirche erklangen alle Glocken, und nach einem Gesang und einem Gru\u00dfwort \u00f6ffneten [&hellip;]\" \/>\n<meta property=\"og:url\" content=\"https:\/\/www.carmelitaniscalzi.com\/de\/2017\/09\/30\/besuch-des-oekumenischen-patriarchen-bartolomaios-bei-den-karmelitinnen-von-bologna\/\" \/>\n<meta property=\"og:site_name\" content=\"UNBESCHUHTE KARMELITEN\" \/>\n<meta property=\"article:publisher\" content=\"https:\/\/www.facebook.com\/Curia-Generalizia-Carmelitani-Scalzi-658766940887784\/\" \/>\n<meta property=\"article:published_time\" content=\"2017-09-30T15:59:22+00:00\" \/>\n<meta property=\"og:image\" content=\"https:\/\/www.carmelitaniscalzi.com\/wp-content\/uploads\/2017\/09\/09.jpg\" \/>\n\t<meta property=\"og:image:width\" content=\"960\" \/>\n\t<meta property=\"og:image:height\" content=\"720\" \/>\n\t<meta property=\"og:image:type\" content=\"image\/jpeg\" \/>\n<meta name=\"author\" content=\"ocd web master\" \/>\n<meta name=\"twitter:card\" content=\"summary_large_image\" \/>\n<meta name=\"twitter:creator\" content=\"@ocdcuria\" \/>\n<meta name=\"twitter:site\" content=\"@ocdcuria\" \/>\n<meta name=\"twitter:label1\" content=\"Verfasst von\" \/>\n\t<meta name=\"twitter:data1\" content=\"ocd web master\" \/>\n\t<meta name=\"twitter:label2\" content=\"Gesch\u00e4tzte Lesezeit\" \/>\n\t<meta name=\"twitter:data2\" content=\"1\u00a0Minute\" \/>\n<script type=\"application\/ld+json\" class=\"yoast-schema-graph\">{\"@context\":\"https:\/\/schema.org\",\"@graph\":[{\"@type\":\"Article\",\"@id\":\"https:\/\/www.carmelitaniscalzi.com\/de\/2017\/09\/30\/besuch-des-oekumenischen-patriarchen-bartolomaios-bei-den-karmelitinnen-von-bologna\/#article\",\"isPartOf\":{\"@id\":\"https:\/\/www.carmelitaniscalzi.com\/de\/2017\/09\/30\/besuch-des-oekumenischen-patriarchen-bartolomaios-bei-den-karmelitinnen-von-bologna\/\"},\"author\":{\"name\":\"ocd web master\",\"@id\":\"https:\/\/www.carmelitaniscalzi.com\/#\/schema\/person\/6d1c0d9bea7b6625c437246a5d6da409\"},\"headline\":\"Besuch des \u00d6kumenischen Patriarchen Bartolomaios I. bei den Karmelitinnen von Bologna\",\"datePublished\":\"2017-09-30T15:59:22+00:00\",\"mainEntityOfPage\":{\"@id\":\"https:\/\/www.carmelitaniscalzi.com\/de\/2017\/09\/30\/besuch-des-oekumenischen-patriarchen-bartolomaios-bei-den-karmelitinnen-von-bologna\/\"},\"wordCount\":205,\"publisher\":{\"@id\":\"https:\/\/www.carmelitaniscalzi.com\/#organization\"},\"image\":{\"@id\":\"https:\/\/www.carmelitaniscalzi.com\/de\/2017\/09\/30\/besuch-des-oekumenischen-patriarchen-bartolomaios-bei-den-karmelitinnen-von-bologna\/#primaryimage\"},\"thumbnailUrl\":\"https:\/\/www.carmelitaniscalzi.com\/wp-content\/uploads\/2017\/09\/09.jpg\",\"articleSection\":[\"Nachrichten \u00fcber Schwestern\",\"Nachrichten\"],\"inLanguage\":\"de\"},{\"@type\":\"WebPage\",\"@id\":\"https:\/\/www.carmelitaniscalzi.com\/de\/2017\/09\/30\/besuch-des-oekumenischen-patriarchen-bartolomaios-bei-den-karmelitinnen-von-bologna\/\",\"url\":\"https:\/\/www.carmelitaniscalzi.com\/de\/2017\/09\/30\/besuch-des-oekumenischen-patriarchen-bartolomaios-bei-den-karmelitinnen-von-bologna\/\",\"name\":\"Besuch des \u00d6kumenischen Patriarchen Bartolomaios I. bei den Karmelitinnen von Bologna - UNBESCHUHTE KARMELITEN\",\"isPartOf\":{\"@id\":\"https:\/\/www.carmelitaniscalzi.com\/#website\"},\"primaryImageOfPage\":{\"@id\":\"https:\/\/www.carmelitaniscalzi.com\/de\/2017\/09\/30\/besuch-des-oekumenischen-patriarchen-bartolomaios-bei-den-karmelitinnen-von-bologna\/#primaryimage\"},\"image\":{\"@id\":\"https:\/\/www.carmelitaniscalzi.com\/de\/2017\/09\/30\/besuch-des-oekumenischen-patriarchen-bartolomaios-bei-den-karmelitinnen-von-bologna\/#primaryimage\"},\"thumbnailUrl\":\"https:\/\/www.carmelitaniscalzi.com\/wp-content\/uploads\/2017\/09\/09.jpg\",\"datePublished\":\"2017-09-30T15:59:22+00:00\",\"breadcrumb\":{\"@id\":\"https:\/\/www.carmelitaniscalzi.com\/de\/2017\/09\/30\/besuch-des-oekumenischen-patriarchen-bartolomaios-bei-den-karmelitinnen-von-bologna\/#breadcrumb\"},\"inLanguage\":\"de\",\"potentialAction\":[{\"@type\":\"ReadAction\",\"target\":[\"https:\/\/www.carmelitaniscalzi.com\/de\/2017\/09\/30\/besuch-des-oekumenischen-patriarchen-bartolomaios-bei-den-karmelitinnen-von-bologna\/\"]}]},{\"@type\":\"ImageObject\",\"inLanguage\":\"de\",\"@id\":\"https:\/\/www.carmelitaniscalzi.com\/de\/2017\/09\/30\/besuch-des-oekumenischen-patriarchen-bartolomaios-bei-den-karmelitinnen-von-bologna\/#primaryimage\",\"url\":\"https:\/\/www.carmelitaniscalzi.com\/wp-content\/uploads\/2017\/09\/09.jpg\",\"contentUrl\":\"https:\/\/www.carmelitaniscalzi.com\/wp-content\/uploads\/2017\/09\/09.jpg\",\"width\":960,\"height\":720},{\"@type\":\"BreadcrumbList\",\"@id\":\"https:\/\/www.carmelitaniscalzi.com\/de\/2017\/09\/30\/besuch-des-oekumenischen-patriarchen-bartolomaios-bei-den-karmelitinnen-von-bologna\/#breadcrumb\",\"itemListElement\":[{\"@type\":\"ListItem\",\"position\":1,\"name\":\"Home\",\"item\":\"https:\/\/www.carmelitaniscalzi.com\/de\/\"},{\"@type\":\"ListItem\",\"position\":2,\"name\":\"Besuch des \u00d6kumenischen Patriarchen Bartolomaios I. bei den Karmelitinnen von Bologna\"}]},{\"@type\":\"WebSite\",\"@id\":\"https:\/\/www.carmelitaniscalzi.com\/#website\",\"url\":\"https:\/\/www.carmelitaniscalzi.com\/\",\"name\":\"CARMELITANI SCALZI - Curia Generale del Carmelo Teresiano\",\"description\":\"Generalkurie des Teresianischen Karmel\",\"publisher\":{\"@id\":\"https:\/\/www.carmelitaniscalzi.com\/#organization\"},\"alternateName\":\"CARMELITANI SCALZI\",\"potentialAction\":[{\"@type\":\"SearchAction\",\"target\":{\"@type\":\"EntryPoint\",\"urlTemplate\":\"https:\/\/www.carmelitaniscalzi.com\/?s={search_term_string}\"},\"query-input\":{\"@type\":\"PropertyValueSpecification\",\"valueRequired\":true,\"valueName\":\"search_term_string\"}}],\"inLanguage\":\"de\"},{\"@type\":\"Organization\",\"@id\":\"https:\/\/www.carmelitaniscalzi.com\/#organization\",\"name\":\"CARMELITANI SCALZI - Curia Generale del Carmelo Teresiano\",\"url\":\"https:\/\/www.carmelitaniscalzi.com\/\",\"logo\":{\"@type\":\"ImageObject\",\"inLanguage\":\"de\",\"@id\":\"https:\/\/www.carmelitaniscalzi.com\/#\/schema\/logo\/image\/\",\"url\":\"https:\/\/www.carmelitaniscalzi.com\/wp-content\/uploads\/2025\/11\/login-logo.png\",\"contentUrl\":\"https:\/\/www.carmelitaniscalzi.com\/wp-content\/uploads\/2025\/11\/login-logo.png\",\"width\":256,\"height\":256,\"caption\":\"CARMELITANI SCALZI - Curia Generale del Carmelo Teresiano\"},\"image\":{\"@id\":\"https:\/\/www.carmelitaniscalzi.com\/#\/schema\/logo\/image\/\"},\"sameAs\":[\"https:\/\/www.facebook.com\/Curia-Generalizia-Carmelitani-Scalzi-658766940887784\/\",\"https:\/\/x.com\/ocdcuria\",\"https:\/\/www.youtube.com\/channel\/UC2J5ZL0ycOY0qBSTCLX_NGQ\/videos\",\"https:\/\/www.instagram.com\/ocdinform\/\"]},{\"@type\":\"Person\",\"@id\":\"https:\/\/www.carmelitaniscalzi.com\/#\/schema\/person\/6d1c0d9bea7b6625c437246a5d6da409\",\"name\":\"ocd web master\",\"image\":{\"@type\":\"ImageObject\",\"inLanguage\":\"de\",\"@id\":\"https:\/\/www.carmelitaniscalzi.com\/#\/schema\/person\/image\/\",\"url\":\"https:\/\/secure.gravatar.com\/avatar\/41fbc5f82bad909fbaf2984c43fa50d8519ac5853e25b454d022b6868f80d0e7?s=96&d=mm&r=g\",\"contentUrl\":\"https:\/\/secure.gravatar.com\/avatar\/41fbc5f82bad909fbaf2984c43fa50d8519ac5853e25b454d022b6868f80d0e7?s=96&d=mm&r=g\",\"caption\":\"ocd web master\"},\"url\":\"https:\/\/www.carmelitaniscalzi.com\/de\/author\/ocdwebmaster\/\"}]}<\/script>\n<!-- \/ Yoast SEO plugin. -->","yoast_head_json":{"title":"Besuch des \u00d6kumenischen Patriarchen Bartolomaios I. bei den Karmelitinnen von Bologna - UNBESCHUHTE KARMELITEN","robots":{"index":"index","follow":"follow","max-snippet":"max-snippet:-1","max-image-preview":"max-image-preview:large","max-video-preview":"max-video-preview:-1"},"canonical":"https:\/\/www.carmelitaniscalzi.com\/de\/2017\/09\/30\/besuch-des-oekumenischen-patriarchen-bartolomaios-bei-den-karmelitinnen-von-bologna\/","og_locale":"de_DE","og_type":"article","og_title":"Besuch des \u00d6kumenischen Patriarchen Bartolomaios I. bei den Karmelitinnen von Bologna - UNBESCHUHTE KARMELITEN","og_description":"Unsere Schwestern aus Bologna haben uns folgende Nachricht geschickt: \u201eBei seinem letzten Besuch in Bologna anl\u00e4sslich des Eucharistischen Kongresses ist der \u00d6kumenische Patriarch Bartolomaios I. gern auf unsere Einladung eingegangen und zu uns zu Besuch gekommen. Beim feierlichen Einzug des Patriarchen in die Kirche erklangen alle Glocken, und nach einem Gesang und einem Gru\u00dfwort \u00f6ffneten [&hellip;]","og_url":"https:\/\/www.carmelitaniscalzi.com\/de\/2017\/09\/30\/besuch-des-oekumenischen-patriarchen-bartolomaios-bei-den-karmelitinnen-von-bologna\/","og_site_name":"UNBESCHUHTE KARMELITEN","article_publisher":"https:\/\/www.facebook.com\/Curia-Generalizia-Carmelitani-Scalzi-658766940887784\/","article_published_time":"2017-09-30T15:59:22+00:00","og_image":[{"width":960,"height":720,"url":"https:\/\/www.carmelitaniscalzi.com\/wp-content\/uploads\/2017\/09\/09.jpg","type":"image\/jpeg"}],"author":"ocd web master","twitter_card":"summary_large_image","twitter_creator":"@ocdcuria","twitter_site":"@ocdcuria","twitter_misc":{"Verfasst von":"ocd web master","Gesch\u00e4tzte Lesezeit":"1\u00a0Minute"},"schema":{"@context":"https:\/\/schema.org","@graph":[{"@type":"Article","@id":"https:\/\/www.carmelitaniscalzi.com\/de\/2017\/09\/30\/besuch-des-oekumenischen-patriarchen-bartolomaios-bei-den-karmelitinnen-von-bologna\/#article","isPartOf":{"@id":"https:\/\/www.carmelitaniscalzi.com\/de\/2017\/09\/30\/besuch-des-oekumenischen-patriarchen-bartolomaios-bei-den-karmelitinnen-von-bologna\/"},"author":{"name":"ocd web master","@id":"https:\/\/www.carmelitaniscalzi.com\/#\/schema\/person\/6d1c0d9bea7b6625c437246a5d6da409"},"headline":"Besuch des \u00d6kumenischen Patriarchen Bartolomaios I. bei den Karmelitinnen von Bologna","datePublished":"2017-09-30T15:59:22+00:00","mainEntityOfPage":{"@id":"https:\/\/www.carmelitaniscalzi.com\/de\/2017\/09\/30\/besuch-des-oekumenischen-patriarchen-bartolomaios-bei-den-karmelitinnen-von-bologna\/"},"wordCount":205,"publisher":{"@id":"https:\/\/www.carmelitaniscalzi.com\/#organization"},"image":{"@id":"https:\/\/www.carmelitaniscalzi.com\/de\/2017\/09\/30\/besuch-des-oekumenischen-patriarchen-bartolomaios-bei-den-karmelitinnen-von-bologna\/#primaryimage"},"thumbnailUrl":"https:\/\/www.carmelitaniscalzi.com\/wp-content\/uploads\/2017\/09\/09.jpg","articleSection":["Nachrichten \u00fcber Schwestern","Nachrichten"],"inLanguage":"de"},{"@type":"WebPage","@id":"https:\/\/www.carmelitaniscalzi.com\/de\/2017\/09\/30\/besuch-des-oekumenischen-patriarchen-bartolomaios-bei-den-karmelitinnen-von-bologna\/","url":"https:\/\/www.carmelitaniscalzi.com\/de\/2017\/09\/30\/besuch-des-oekumenischen-patriarchen-bartolomaios-bei-den-karmelitinnen-von-bologna\/","name":"Besuch des \u00d6kumenischen Patriarchen Bartolomaios I. bei den Karmelitinnen von Bologna - UNBESCHUHTE KARMELITEN","isPartOf":{"@id":"https:\/\/www.carmelitaniscalzi.com\/#website"},"primaryImageOfPage":{"@id":"https:\/\/www.carmelitaniscalzi.com\/de\/2017\/09\/30\/besuch-des-oekumenischen-patriarchen-bartolomaios-bei-den-karmelitinnen-von-bologna\/#primaryimage"},"image":{"@id":"https:\/\/www.carmelitaniscalzi.com\/de\/2017\/09\/30\/besuch-des-oekumenischen-patriarchen-bartolomaios-bei-den-karmelitinnen-von-bologna\/#primaryimage"},"thumbnailUrl":"https:\/\/www.carmelitaniscalzi.com\/wp-content\/uploads\/2017\/09\/09.jpg","datePublished":"2017-09-30T15:59:22+00:00","breadcrumb":{"@id":"https:\/\/www.carmelitaniscalzi.com\/de\/2017\/09\/30\/besuch-des-oekumenischen-patriarchen-bartolomaios-bei-den-karmelitinnen-von-bologna\/#breadcrumb"},"inLanguage":"de","potentialAction":[{"@type":"ReadAction","target":["https:\/\/www.carmelitaniscalzi.com\/de\/2017\/09\/30\/besuch-des-oekumenischen-patriarchen-bartolomaios-bei-den-karmelitinnen-von-bologna\/"]}]},{"@type":"ImageObject","inLanguage":"de","@id":"https:\/\/www.carmelitaniscalzi.com\/de\/2017\/09\/30\/besuch-des-oekumenischen-patriarchen-bartolomaios-bei-den-karmelitinnen-von-bologna\/#primaryimage","url":"https:\/\/www.carmelitaniscalzi.com\/wp-content\/uploads\/2017\/09\/09.jpg","contentUrl":"https:\/\/www.carmelitaniscalzi.com\/wp-content\/uploads\/2017\/09\/09.jpg","width":960,"height":720},{"@type":"BreadcrumbList","@id":"https:\/\/www.carmelitaniscalzi.com\/de\/2017\/09\/30\/besuch-des-oekumenischen-patriarchen-bartolomaios-bei-den-karmelitinnen-von-bologna\/#breadcrumb","itemListElement":[{"@type":"ListItem","position":1,"name":"Home","item":"https:\/\/www.carmelitaniscalzi.com\/de\/"},{"@type":"ListItem","position":2,"name":"Besuch des \u00d6kumenischen Patriarchen Bartolomaios I. bei den Karmelitinnen von Bologna"}]},{"@type":"WebSite","@id":"https:\/\/www.carmelitaniscalzi.com\/#website","url":"https:\/\/www.carmelitaniscalzi.com\/","name":"CARMELITANI SCALZI - Curia Generale del Carmelo Teresiano","description":"Generalkurie des Teresianischen Karmel","publisher":{"@id":"https:\/\/www.carmelitaniscalzi.com\/#organization"},"alternateName":"CARMELITANI SCALZI","potentialAction":[{"@type":"SearchAction","target":{"@type":"EntryPoint","urlTemplate":"https:\/\/www.carmelitaniscalzi.com\/?s={search_term_string}"},"query-input":{"@type":"PropertyValueSpecification","valueRequired":true,"valueName":"search_term_string"}}],"inLanguage":"de"},{"@type":"Organization","@id":"https:\/\/www.carmelitaniscalzi.com\/#organization","name":"CARMELITANI SCALZI - Curia Generale del Carmelo Teresiano","url":"https:\/\/www.carmelitaniscalzi.com\/","logo":{"@type":"ImageObject","inLanguage":"de","@id":"https:\/\/www.carmelitaniscalzi.com\/#\/schema\/logo\/image\/","url":"https:\/\/www.carmelitaniscalzi.com\/wp-content\/uploads\/2025\/11\/login-logo.png","contentUrl":"https:\/\/www.carmelitaniscalzi.com\/wp-content\/uploads\/2025\/11\/login-logo.png","width":256,"height":256,"caption":"CARMELITANI SCALZI - Curia Generale del Carmelo Teresiano"},"image":{"@id":"https:\/\/www.carmelitaniscalzi.com\/#\/schema\/logo\/image\/"},"sameAs":["https:\/\/www.facebook.com\/Curia-Generalizia-Carmelitani-Scalzi-658766940887784\/","https:\/\/x.com\/ocdcuria","https:\/\/www.youtube.com\/channel\/UC2J5ZL0ycOY0qBSTCLX_NGQ\/videos","https:\/\/www.instagram.com\/ocdinform\/"]},{"@type":"Person","@id":"https:\/\/www.carmelitaniscalzi.com\/#\/schema\/person\/6d1c0d9bea7b6625c437246a5d6da409","name":"ocd web master","image":{"@type":"ImageObject","inLanguage":"de","@id":"https:\/\/www.carmelitaniscalzi.com\/#\/schema\/person\/image\/","url":"https:\/\/secure.gravatar.com\/avatar\/41fbc5f82bad909fbaf2984c43fa50d8519ac5853e25b454d022b6868f80d0e7?s=96&d=mm&r=g","contentUrl":"https:\/\/secure.gravatar.com\/avatar\/41fbc5f82bad909fbaf2984c43fa50d8519ac5853e25b454d022b6868f80d0e7?s=96&d=mm&r=g","caption":"ocd web master"},"url":"https:\/\/www.carmelitaniscalzi.com\/de\/author\/ocdwebmaster\/"}]}},"_links":{"self":[{"href":"https:\/\/www.carmelitaniscalzi.com\/de\/wp-json\/wp\/v2\/posts\/17818","targetHints":{"allow":["GET"]}}],"collection":[{"href":"https:\/\/www.carmelitaniscalzi.com\/de\/wp-json\/wp\/v2\/posts"}],"about":[{"href":"https:\/\/www.carmelitaniscalzi.com\/de\/wp-json\/wp\/v2\/types\/post"}],"author":[{"embeddable":true,"href":"https:\/\/www.carmelitaniscalzi.com\/de\/wp-json\/wp\/v2\/users\/7"}],"replies":[{"embeddable":true,"href":"https:\/\/www.carmelitaniscalzi.com\/de\/wp-json\/wp\/v2\/comments?post=17818"}],"version-history":[{"count":0,"href":"https:\/\/www.carmelitaniscalzi.com\/de\/wp-json\/wp\/v2\/posts\/17818\/revisions"}],"wp:featuredmedia":[{"embeddable":true,"href":"https:\/\/www.carmelitaniscalzi.com\/de\/wp-json\/wp\/v2\/media\/17812"}],"wp:attachment":[{"href":"https:\/\/www.carmelitaniscalzi.com\/de\/wp-json\/wp\/v2\/media?parent=17818"}],"wp:term":[{"taxonomy":"category","embeddable":true,"href":"https:\/\/www.carmelitaniscalzi.com\/de\/wp-json\/wp\/v2\/categories?post=17818"},{"taxonomy":"post_tag","embeddable":true,"href":"https:\/\/www.carmelitaniscalzi.com\/de\/wp-json\/wp\/v2\/tags?post=17818"}],"curies":[{"name":"wp","href":"https:\/\/api.w.org\/{rel}","templated":true}]}}