{"id":170127,"date":"2022-09-07T17:31:03","date_gmt":"2022-09-07T15:31:03","guid":{"rendered":"https:\/\/www.carmelitaniscalzi.com\/?p=170127"},"modified":"2022-09-21T17:31:32","modified_gmt":"2022-09-21T15:31:32","slug":"avila-der-heilige-stuhl-verleiht-der-kirche-la-santa-am-geburtsort-der-hl-teresa-von-jesus-den-titel-einer-basilika-minor","status":"publish","type":"post","link":"https:\/\/www.carmelitaniscalzi.com\/de\/2022\/09\/07\/avila-der-heilige-stuhl-verleiht-der-kirche-la-santa-am-geburtsort-der-hl-teresa-von-jesus-den-titel-einer-basilika-minor\/","title":{"rendered":"\u00c1vila: Der Heilige Stuhl verleiht der Kirche La Santa, am Geburtsort der hl. Teresa von Jesus, den Titel einer Basilika Minor."},"content":{"rendered":"<p>Nachdem der Bischof von \u00c1vila, Monsignore Gil Tamayo, mit Unterst\u00fctzung des Karmelitenordens einen formellen Antrag an den Vatikan gestellt hatte, \u00fcbermittelte der Nuntius Seiner Heiligkeit in Spanien am 13. Juli das Dekret, mit dem der Kirche des Klosters der heiligen Teresa von Jesus, die auf dem Geburtshaus der Heiligen von \u00c1vila errichtet wurde, der Titel einer Basilica Minor verliehen wurde. In seinem Schreiben bezeichnet der Apostolische Nuntius diesen Ort als \u201cwichtig f\u00fcr die Di\u00f6zese \u00c1vila und f\u00fcr die Weltkirche&#8220;.<\/p>\n<p>Am Samstag, den 27. August um 20 Uhr, leitete Bischof Gil Tamayo die Feier, in der die Kirche La Santa zur Basilika Minor erhoben wurde. Es ist ein einzigartiger Moment f\u00fcr den Teresianischen Karmel, f\u00fcr die Di\u00f6zese \u00c1vila und f\u00fcr alle, die die heilige Teresa von Jesus lieben, und ein echtes Geschenk in diesem Jubil\u00e4umsjahr, in dem wir den vierhundersten Jahrestag ihrer Heiligsprechung feiern.<\/p>\n<p>&nbsp;<\/p>\n<div class=\"wpmf-gallerys wpmf-gallerys-life \" ><div id=\"gallery-1\"\n data-gutter-width=\"5\"\n  data-wpmfcolumns=\"4\" class=\"wpmf-gallery gallery-link-file gallery_life gallery-masonry gallery-columns-4 gallery-size-thumbnail wpmf-gallery-bottomspace-default wpmf-gallery-clear wpmf-has-border-radius-0 wpmf-gutterwidth-5\"><div class=\"wpmf-gallery-item\n     wpmf-gallery-item-position-0 wpmf-gallery-item-attachment-170046\" data-index=\"0\"><div class=\"wpmf-gallery-icon\"><a class=\" not_video noLightbox\" data-lightbox=\"1\" data-href=\"https:\/\/www.carmelitaniscalzi.com\/wp-content\/uploads\/2022\/09\/A\u0301vila-6-1024x683.jpg\" title=\"A\u0301vila 6\" target=\"_self\" data-index=\"0\"><img decoding=\"async\" class=\"wpmf_img\" alt=\"A\u0301vila 6\" src=\"https:\/\/www.carmelitaniscalzi.com\/wp-content\/uploads\/2022\/09\/A\u0301vila-6-150x150.jpg\" data-type=\"wpmfgalleryimg\" data-lazy-src=\"https:\/\/www.carmelitaniscalzi.com\/wp-content\/uploads\/2022\/09\/A\u0301vila-6-150x150.jpg\"><\/a><\/div><\/div><div class=\"wpmf-gallery-item\n     wpmf-gallery-item-position-1 wpmf-gallery-item-attachment-170040\" data-index=\"1\"><div class=\"wpmf-gallery-icon\"><a class=\" not_video noLightbox\" data-lightbox=\"1\" data-href=\"https:\/\/www.carmelitaniscalzi.com\/wp-content\/uploads\/2022\/09\/A\u0301vila-5-1024x683.jpg\" title=\"A\u0301vila 5\" target=\"_self\" data-index=\"1\"><img decoding=\"async\" class=\"wpmf_img\" alt=\"A\u0301vila 5\" src=\"https:\/\/www.carmelitaniscalzi.com\/wp-content\/uploads\/2022\/09\/A\u0301vila-5-150x150.jpg\" data-type=\"wpmfgalleryimg\" data-lazy-src=\"https:\/\/www.carmelitaniscalzi.com\/wp-content\/uploads\/2022\/09\/A\u0301vila-5-150x150.jpg\"><\/a><\/div><\/div><div class=\"wpmf-gallery-item\n     wpmf-gallery-item-position-2 wpmf-gallery-item-attachment-170034\" data-index=\"2\"><div class=\"wpmf-gallery-icon\"><a class=\" not_video noLightbox\" data-lightbox=\"1\" data-href=\"https:\/\/www.carmelitaniscalzi.com\/wp-content\/uploads\/2022\/09\/A\u0301vila-4-1024x614.jpg\" title=\"A\u0301vila 4\" target=\"_self\" data-index=\"2\"><img decoding=\"async\" class=\"wpmf_img\" alt=\"A\u0301vila 4\" src=\"https:\/\/www.carmelitaniscalzi.com\/wp-content\/uploads\/2022\/09\/A\u0301vila-4-150x150.jpg\" data-type=\"wpmfgalleryimg\" data-lazy-src=\"https:\/\/www.carmelitaniscalzi.com\/wp-content\/uploads\/2022\/09\/A\u0301vila-4-150x150.jpg\"><\/a><\/div><\/div><div class=\"wpmf-gallery-item\n     wpmf-gallery-item-position-3 wpmf-gallery-item-attachment-170028\" data-index=\"3\"><div class=\"wpmf-gallery-icon\"><a class=\" not_video noLightbox\" data-lightbox=\"1\" data-href=\"https:\/\/www.carmelitaniscalzi.com\/wp-content\/uploads\/2022\/09\/A\u0301vila-3-1024x683.jpg\" title=\"A\u0301vila 3\" target=\"_self\" data-index=\"3\"><img decoding=\"async\" class=\"wpmf_img\" alt=\"A\u0301vila 3\" src=\"https:\/\/www.carmelitaniscalzi.com\/wp-content\/uploads\/2022\/09\/A\u0301vila-3-150x150.jpg\" data-type=\"wpmfgalleryimg\" data-lazy-src=\"https:\/\/www.carmelitaniscalzi.com\/wp-content\/uploads\/2022\/09\/A\u0301vila-3-150x150.jpg\"><\/a><\/div><\/div><div class=\"wpmf-gallery-item\n     wpmf-gallery-item-position-4 wpmf-gallery-item-attachment-170022\" data-index=\"4\"><div class=\"wpmf-gallery-icon\"><a class=\" not_video noLightbox\" data-lightbox=\"1\" data-href=\"https:\/\/www.carmelitaniscalzi.com\/wp-content\/uploads\/2022\/09\/A\u0301vila-2-835x1024.jpg\" title=\"A\u0301vila 2\" target=\"_self\" data-index=\"4\"><img decoding=\"async\" class=\"wpmf_img\" alt=\"A\u0301vila 2\" src=\"https:\/\/www.carmelitaniscalzi.com\/wp-content\/uploads\/2022\/09\/A\u0301vila-2-150x150.jpg\" data-type=\"wpmfgalleryimg\" data-lazy-src=\"https:\/\/www.carmelitaniscalzi.com\/wp-content\/uploads\/2022\/09\/A\u0301vila-2-150x150.jpg\"><\/a><\/div><\/div><div class=\"wpmf-gallery-item\n     wpmf-gallery-item-position-5 wpmf-gallery-item-attachment-170016\" data-index=\"5\"><div class=\"wpmf-gallery-icon\"><a class=\" not_video noLightbox\" data-lightbox=\"1\" data-href=\"https:\/\/www.carmelitaniscalzi.com\/wp-content\/uploads\/2022\/09\/A\u0301vila-1-1024x461.jpg\" title=\"A\u0301vila 1\" target=\"_self\" data-index=\"5\"><img decoding=\"async\" class=\"wpmf_img\" alt=\"A\u0301vila 1\" src=\"https:\/\/www.carmelitaniscalzi.com\/wp-content\/uploads\/2022\/09\/A\u0301vila-1-150x150.jpg\" data-type=\"wpmfgalleryimg\" data-lazy-src=\"https:\/\/www.carmelitaniscalzi.com\/wp-content\/uploads\/2022\/09\/A\u0301vila-1-150x150.jpg\"><\/a><\/div><\/div><\/div><\/div>\n\n","protected":false},"excerpt":{"rendered":"<p>Nachdem der Bischof von \u00c1vila, Monsignore Gil Tamayo, mit Unterst\u00fctzung des Karmelitenordens einen formellen Antrag an den Vatikan gestellt hatte, \u00fcbermittelte der Nuntius Seiner Heiligkeit in Spanien am 13. Juli das Dekret, mit dem der Kirche des Klosters der heiligen Teresa von Jesus, die auf dem Geburtshaus der Heiligen von \u00c1vila errichtet wurde, der Titel [&hellip;]<\/p>\n","protected":false},"author":7,"featured_media":170052,"comment_status":"closed","ping_status":"open","sticky":false,"template":"","format":"standard","meta":{"_acf_changed":false,"footnotes":""},"categories":[213,214,218,371],"tags":[],"class_list":["post-170127","post","type-post","status-publish","format-standard","has-post-thumbnail","hentry","category-nachrichten-von-p-general","category-nachrichten-ueber-schwestern","category-nachrichten-ueber-brueder","category-nachrichten"],"acf":[],"yoast_head":"<!-- This site is optimized with the Yoast SEO plugin v26.3 - https:\/\/yoast.com\/wordpress\/plugins\/seo\/ -->\n<title>\u00c1vila: Der Heilige Stuhl verleiht der Kirche La Santa, am Geburtsort der hl. Teresa von Jesus, den Titel einer Basilika Minor. - UNBESCHUHTE KARMELITEN<\/title>\n<meta name=\"robots\" content=\"index, follow, max-snippet:-1, max-image-preview:large, max-video-preview:-1\" \/>\n<link rel=\"canonical\" href=\"https:\/\/www.carmelitaniscalzi.com\/de\/2022\/09\/07\/avila-der-heilige-stuhl-verleiht-der-kirche-la-santa-am-geburtsort-der-hl-teresa-von-jesus-den-titel-einer-basilika-minor\/\" \/>\n<meta property=\"og:locale\" content=\"de_DE\" \/>\n<meta property=\"og:type\" content=\"article\" \/>\n<meta property=\"og:title\" content=\"\u00c1vila: Der Heilige Stuhl verleiht der Kirche La Santa, am Geburtsort der hl. Teresa von Jesus, den Titel einer Basilika Minor. - UNBESCHUHTE KARMELITEN\" \/>\n<meta property=\"og:description\" content=\"Nachdem der Bischof von \u00c1vila, Monsignore Gil Tamayo, mit Unterst\u00fctzung des Karmelitenordens einen formellen Antrag an den Vatikan gestellt hatte, \u00fcbermittelte der Nuntius Seiner Heiligkeit in Spanien am 13. Juli das Dekret, mit dem der Kirche des Klosters der heiligen Teresa von Jesus, die auf dem Geburtshaus der Heiligen von \u00c1vila errichtet wurde, der Titel [&hellip;]\" \/>\n<meta property=\"og:url\" content=\"https:\/\/www.carmelitaniscalzi.com\/de\/2022\/09\/07\/avila-der-heilige-stuhl-verleiht-der-kirche-la-santa-am-geburtsort-der-hl-teresa-von-jesus-den-titel-einer-basilika-minor\/\" \/>\n<meta property=\"og:site_name\" content=\"UNBESCHUHTE KARMELITEN\" \/>\n<meta property=\"article:publisher\" content=\"https:\/\/www.facebook.com\/Curia-Generalizia-Carmelitani-Scalzi-658766940887784\/\" \/>\n<meta property=\"article:published_time\" content=\"2022-09-07T15:31:03+00:00\" \/>\n<meta property=\"article:modified_time\" content=\"2022-09-21T15:31:32+00:00\" \/>\n<meta property=\"og:image\" content=\"https:\/\/www.carmelitaniscalzi.com\/wp-content\/uploads\/2022\/09\/Cover_Avila_08_2022.jpg\" \/>\n\t<meta property=\"og:image:width\" content=\"1200\" \/>\n\t<meta property=\"og:image:height\" content=\"800\" \/>\n\t<meta property=\"og:image:type\" content=\"image\/jpeg\" \/>\n<meta name=\"author\" content=\"ocd web master\" \/>\n<meta name=\"twitter:card\" content=\"summary_large_image\" \/>\n<meta name=\"twitter:creator\" content=\"@ocdcuria\" \/>\n<meta name=\"twitter:site\" content=\"@ocdcuria\" \/>\n<meta name=\"twitter:label1\" content=\"Verfasst von\" \/>\n\t<meta name=\"twitter:data1\" content=\"ocd web master\" \/>\n\t<meta name=\"twitter:label2\" content=\"Gesch\u00e4tzte Lesezeit\" \/>\n\t<meta name=\"twitter:data2\" content=\"1\u00a0Minute\" \/>\n<script type=\"application\/ld+json\" class=\"yoast-schema-graph\">{\"@context\":\"https:\/\/schema.org\",\"@graph\":[{\"@type\":\"Article\",\"@id\":\"https:\/\/www.carmelitaniscalzi.com\/de\/2022\/09\/07\/avila-der-heilige-stuhl-verleiht-der-kirche-la-santa-am-geburtsort-der-hl-teresa-von-jesus-den-titel-einer-basilika-minor\/#article\",\"isPartOf\":{\"@id\":\"https:\/\/www.carmelitaniscalzi.com\/de\/2022\/09\/07\/avila-der-heilige-stuhl-verleiht-der-kirche-la-santa-am-geburtsort-der-hl-teresa-von-jesus-den-titel-einer-basilika-minor\/\"},\"author\":{\"name\":\"ocd web master\",\"@id\":\"https:\/\/www.carmelitaniscalzi.com\/#\/schema\/person\/6d1c0d9bea7b6625c437246a5d6da409\"},\"headline\":\"\u00c1vila: Der Heilige Stuhl verleiht der Kirche La Santa, am Geburtsort der hl. Teresa von Jesus, den Titel einer Basilika Minor.\",\"datePublished\":\"2022-09-07T15:31:03+00:00\",\"dateModified\":\"2022-09-21T15:31:32+00:00\",\"mainEntityOfPage\":{\"@id\":\"https:\/\/www.carmelitaniscalzi.com\/de\/2022\/09\/07\/avila-der-heilige-stuhl-verleiht-der-kirche-la-santa-am-geburtsort-der-hl-teresa-von-jesus-den-titel-einer-basilika-minor\/\"},\"wordCount\":181,\"publisher\":{\"@id\":\"https:\/\/www.carmelitaniscalzi.com\/#organization\"},\"image\":{\"@id\":\"https:\/\/www.carmelitaniscalzi.com\/de\/2022\/09\/07\/avila-der-heilige-stuhl-verleiht-der-kirche-la-santa-am-geburtsort-der-hl-teresa-von-jesus-den-titel-einer-basilika-minor\/#primaryimage\"},\"thumbnailUrl\":\"https:\/\/www.carmelitaniscalzi.com\/wp-content\/uploads\/2022\/09\/Cover_Avila_08_2022.jpg\",\"articleSection\":[\"Nachrichten von P. General\",\"Nachrichten \u00fcber Schwestern\",\"Nachrichten \u00fcber Br\u00fcder\",\"Nachrichten\"],\"inLanguage\":\"de\"},{\"@type\":\"WebPage\",\"@id\":\"https:\/\/www.carmelitaniscalzi.com\/de\/2022\/09\/07\/avila-der-heilige-stuhl-verleiht-der-kirche-la-santa-am-geburtsort-der-hl-teresa-von-jesus-den-titel-einer-basilika-minor\/\",\"url\":\"https:\/\/www.carmelitaniscalzi.com\/de\/2022\/09\/07\/avila-der-heilige-stuhl-verleiht-der-kirche-la-santa-am-geburtsort-der-hl-teresa-von-jesus-den-titel-einer-basilika-minor\/\",\"name\":\"\u00c1vila: Der Heilige Stuhl verleiht der Kirche La Santa, am Geburtsort der hl. Teresa von Jesus, den Titel einer Basilika Minor. - UNBESCHUHTE KARMELITEN\",\"isPartOf\":{\"@id\":\"https:\/\/www.carmelitaniscalzi.com\/#website\"},\"primaryImageOfPage\":{\"@id\":\"https:\/\/www.carmelitaniscalzi.com\/de\/2022\/09\/07\/avila-der-heilige-stuhl-verleiht-der-kirche-la-santa-am-geburtsort-der-hl-teresa-von-jesus-den-titel-einer-basilika-minor\/#primaryimage\"},\"image\":{\"@id\":\"https:\/\/www.carmelitaniscalzi.com\/de\/2022\/09\/07\/avila-der-heilige-stuhl-verleiht-der-kirche-la-santa-am-geburtsort-der-hl-teresa-von-jesus-den-titel-einer-basilika-minor\/#primaryimage\"},\"thumbnailUrl\":\"https:\/\/www.carmelitaniscalzi.com\/wp-content\/uploads\/2022\/09\/Cover_Avila_08_2022.jpg\",\"datePublished\":\"2022-09-07T15:31:03+00:00\",\"dateModified\":\"2022-09-21T15:31:32+00:00\",\"breadcrumb\":{\"@id\":\"https:\/\/www.carmelitaniscalzi.com\/de\/2022\/09\/07\/avila-der-heilige-stuhl-verleiht-der-kirche-la-santa-am-geburtsort-der-hl-teresa-von-jesus-den-titel-einer-basilika-minor\/#breadcrumb\"},\"inLanguage\":\"de\",\"potentialAction\":[{\"@type\":\"ReadAction\",\"target\":[\"https:\/\/www.carmelitaniscalzi.com\/de\/2022\/09\/07\/avila-der-heilige-stuhl-verleiht-der-kirche-la-santa-am-geburtsort-der-hl-teresa-von-jesus-den-titel-einer-basilika-minor\/\"]}]},{\"@type\":\"ImageObject\",\"inLanguage\":\"de\",\"@id\":\"https:\/\/www.carmelitaniscalzi.com\/de\/2022\/09\/07\/avila-der-heilige-stuhl-verleiht-der-kirche-la-santa-am-geburtsort-der-hl-teresa-von-jesus-den-titel-einer-basilika-minor\/#primaryimage\",\"url\":\"https:\/\/www.carmelitaniscalzi.com\/wp-content\/uploads\/2022\/09\/Cover_Avila_08_2022.jpg\",\"contentUrl\":\"https:\/\/www.carmelitaniscalzi.com\/wp-content\/uploads\/2022\/09\/Cover_Avila_08_2022.jpg\",\"width\":1200,\"height\":800},{\"@type\":\"BreadcrumbList\",\"@id\":\"https:\/\/www.carmelitaniscalzi.com\/de\/2022\/09\/07\/avila-der-heilige-stuhl-verleiht-der-kirche-la-santa-am-geburtsort-der-hl-teresa-von-jesus-den-titel-einer-basilika-minor\/#breadcrumb\",\"itemListElement\":[{\"@type\":\"ListItem\",\"position\":1,\"name\":\"Home\",\"item\":\"https:\/\/www.carmelitaniscalzi.com\/de\/\"},{\"@type\":\"ListItem\",\"position\":2,\"name\":\"\u00c1vila: Der Heilige Stuhl verleiht der Kirche La Santa, am Geburtsort der hl. Teresa von Jesus, den Titel einer Basilika Minor.\"}]},{\"@type\":\"WebSite\",\"@id\":\"https:\/\/www.carmelitaniscalzi.com\/#website\",\"url\":\"https:\/\/www.carmelitaniscalzi.com\/\",\"name\":\"CARMELITANI SCALZI - Curia Generale del Carmelo Teresiano\",\"description\":\"Generalkurie des Teresianischen Karmel\",\"publisher\":{\"@id\":\"https:\/\/www.carmelitaniscalzi.com\/#organization\"},\"alternateName\":\"CARMELITANI SCALZI\",\"potentialAction\":[{\"@type\":\"SearchAction\",\"target\":{\"@type\":\"EntryPoint\",\"urlTemplate\":\"https:\/\/www.carmelitaniscalzi.com\/?s={search_term_string}\"},\"query-input\":{\"@type\":\"PropertyValueSpecification\",\"valueRequired\":true,\"valueName\":\"search_term_string\"}}],\"inLanguage\":\"de\"},{\"@type\":\"Organization\",\"@id\":\"https:\/\/www.carmelitaniscalzi.com\/#organization\",\"name\":\"CARMELITANI SCALZI - Curia Generale del Carmelo Teresiano\",\"url\":\"https:\/\/www.carmelitaniscalzi.com\/\",\"logo\":{\"@type\":\"ImageObject\",\"inLanguage\":\"de\",\"@id\":\"https:\/\/www.carmelitaniscalzi.com\/#\/schema\/logo\/image\/\",\"url\":\"https:\/\/www.carmelitaniscalzi.com\/wp-content\/uploads\/2025\/11\/login-logo.png\",\"contentUrl\":\"https:\/\/www.carmelitaniscalzi.com\/wp-content\/uploads\/2025\/11\/login-logo.png\",\"width\":256,\"height\":256,\"caption\":\"CARMELITANI SCALZI - Curia Generale del Carmelo Teresiano\"},\"image\":{\"@id\":\"https:\/\/www.carmelitaniscalzi.com\/#\/schema\/logo\/image\/\"},\"sameAs\":[\"https:\/\/www.facebook.com\/Curia-Generalizia-Carmelitani-Scalzi-658766940887784\/\",\"https:\/\/x.com\/ocdcuria\",\"https:\/\/www.youtube.com\/channel\/UC2J5ZL0ycOY0qBSTCLX_NGQ\/videos\",\"https:\/\/www.instagram.com\/ocdinform\/\"]},{\"@type\":\"Person\",\"@id\":\"https:\/\/www.carmelitaniscalzi.com\/#\/schema\/person\/6d1c0d9bea7b6625c437246a5d6da409\",\"name\":\"ocd web master\",\"image\":{\"@type\":\"ImageObject\",\"inLanguage\":\"de\",\"@id\":\"https:\/\/www.carmelitaniscalzi.com\/#\/schema\/person\/image\/\",\"url\":\"https:\/\/secure.gravatar.com\/avatar\/41fbc5f82bad909fbaf2984c43fa50d8519ac5853e25b454d022b6868f80d0e7?s=96&d=mm&r=g\",\"contentUrl\":\"https:\/\/secure.gravatar.com\/avatar\/41fbc5f82bad909fbaf2984c43fa50d8519ac5853e25b454d022b6868f80d0e7?s=96&d=mm&r=g\",\"caption\":\"ocd web master\"},\"url\":\"https:\/\/www.carmelitaniscalzi.com\/de\/author\/ocdwebmaster\/\"}]}<\/script>\n<!-- \/ Yoast SEO plugin. -->","yoast_head_json":{"title":"\u00c1vila: Der Heilige Stuhl verleiht der Kirche La Santa, am Geburtsort der hl. Teresa von Jesus, den Titel einer Basilika Minor. - UNBESCHUHTE KARMELITEN","robots":{"index":"index","follow":"follow","max-snippet":"max-snippet:-1","max-image-preview":"max-image-preview:large","max-video-preview":"max-video-preview:-1"},"canonical":"https:\/\/www.carmelitaniscalzi.com\/de\/2022\/09\/07\/avila-der-heilige-stuhl-verleiht-der-kirche-la-santa-am-geburtsort-der-hl-teresa-von-jesus-den-titel-einer-basilika-minor\/","og_locale":"de_DE","og_type":"article","og_title":"\u00c1vila: Der Heilige Stuhl verleiht der Kirche La Santa, am Geburtsort der hl. Teresa von Jesus, den Titel einer Basilika Minor. - UNBESCHUHTE KARMELITEN","og_description":"Nachdem der Bischof von \u00c1vila, Monsignore Gil Tamayo, mit Unterst\u00fctzung des Karmelitenordens einen formellen Antrag an den Vatikan gestellt hatte, \u00fcbermittelte der Nuntius Seiner Heiligkeit in Spanien am 13. Juli das Dekret, mit dem der Kirche des Klosters der heiligen Teresa von Jesus, die auf dem Geburtshaus der Heiligen von \u00c1vila errichtet wurde, der Titel [&hellip;]","og_url":"https:\/\/www.carmelitaniscalzi.com\/de\/2022\/09\/07\/avila-der-heilige-stuhl-verleiht-der-kirche-la-santa-am-geburtsort-der-hl-teresa-von-jesus-den-titel-einer-basilika-minor\/","og_site_name":"UNBESCHUHTE KARMELITEN","article_publisher":"https:\/\/www.facebook.com\/Curia-Generalizia-Carmelitani-Scalzi-658766940887784\/","article_published_time":"2022-09-07T15:31:03+00:00","article_modified_time":"2022-09-21T15:31:32+00:00","og_image":[{"width":1200,"height":800,"url":"https:\/\/www.carmelitaniscalzi.com\/wp-content\/uploads\/2022\/09\/Cover_Avila_08_2022.jpg","type":"image\/jpeg"}],"author":"ocd web master","twitter_card":"summary_large_image","twitter_creator":"@ocdcuria","twitter_site":"@ocdcuria","twitter_misc":{"Verfasst von":"ocd web master","Gesch\u00e4tzte Lesezeit":"1\u00a0Minute"},"schema":{"@context":"https:\/\/schema.org","@graph":[{"@type":"Article","@id":"https:\/\/www.carmelitaniscalzi.com\/de\/2022\/09\/07\/avila-der-heilige-stuhl-verleiht-der-kirche-la-santa-am-geburtsort-der-hl-teresa-von-jesus-den-titel-einer-basilika-minor\/#article","isPartOf":{"@id":"https:\/\/www.carmelitaniscalzi.com\/de\/2022\/09\/07\/avila-der-heilige-stuhl-verleiht-der-kirche-la-santa-am-geburtsort-der-hl-teresa-von-jesus-den-titel-einer-basilika-minor\/"},"author":{"name":"ocd web master","@id":"https:\/\/www.carmelitaniscalzi.com\/#\/schema\/person\/6d1c0d9bea7b6625c437246a5d6da409"},"headline":"\u00c1vila: Der Heilige Stuhl verleiht der Kirche La Santa, am Geburtsort der hl. Teresa von Jesus, den Titel einer Basilika Minor.","datePublished":"2022-09-07T15:31:03+00:00","dateModified":"2022-09-21T15:31:32+00:00","mainEntityOfPage":{"@id":"https:\/\/www.carmelitaniscalzi.com\/de\/2022\/09\/07\/avila-der-heilige-stuhl-verleiht-der-kirche-la-santa-am-geburtsort-der-hl-teresa-von-jesus-den-titel-einer-basilika-minor\/"},"wordCount":181,"publisher":{"@id":"https:\/\/www.carmelitaniscalzi.com\/#organization"},"image":{"@id":"https:\/\/www.carmelitaniscalzi.com\/de\/2022\/09\/07\/avila-der-heilige-stuhl-verleiht-der-kirche-la-santa-am-geburtsort-der-hl-teresa-von-jesus-den-titel-einer-basilika-minor\/#primaryimage"},"thumbnailUrl":"https:\/\/www.carmelitaniscalzi.com\/wp-content\/uploads\/2022\/09\/Cover_Avila_08_2022.jpg","articleSection":["Nachrichten von P. General","Nachrichten \u00fcber Schwestern","Nachrichten \u00fcber Br\u00fcder","Nachrichten"],"inLanguage":"de"},{"@type":"WebPage","@id":"https:\/\/www.carmelitaniscalzi.com\/de\/2022\/09\/07\/avila-der-heilige-stuhl-verleiht-der-kirche-la-santa-am-geburtsort-der-hl-teresa-von-jesus-den-titel-einer-basilika-minor\/","url":"https:\/\/www.carmelitaniscalzi.com\/de\/2022\/09\/07\/avila-der-heilige-stuhl-verleiht-der-kirche-la-santa-am-geburtsort-der-hl-teresa-von-jesus-den-titel-einer-basilika-minor\/","name":"\u00c1vila: Der Heilige Stuhl verleiht der Kirche La Santa, am Geburtsort der hl. Teresa von Jesus, den Titel einer Basilika Minor. - UNBESCHUHTE KARMELITEN","isPartOf":{"@id":"https:\/\/www.carmelitaniscalzi.com\/#website"},"primaryImageOfPage":{"@id":"https:\/\/www.carmelitaniscalzi.com\/de\/2022\/09\/07\/avila-der-heilige-stuhl-verleiht-der-kirche-la-santa-am-geburtsort-der-hl-teresa-von-jesus-den-titel-einer-basilika-minor\/#primaryimage"},"image":{"@id":"https:\/\/www.carmelitaniscalzi.com\/de\/2022\/09\/07\/avila-der-heilige-stuhl-verleiht-der-kirche-la-santa-am-geburtsort-der-hl-teresa-von-jesus-den-titel-einer-basilika-minor\/#primaryimage"},"thumbnailUrl":"https:\/\/www.carmelitaniscalzi.com\/wp-content\/uploads\/2022\/09\/Cover_Avila_08_2022.jpg","datePublished":"2022-09-07T15:31:03+00:00","dateModified":"2022-09-21T15:31:32+00:00","breadcrumb":{"@id":"https:\/\/www.carmelitaniscalzi.com\/de\/2022\/09\/07\/avila-der-heilige-stuhl-verleiht-der-kirche-la-santa-am-geburtsort-der-hl-teresa-von-jesus-den-titel-einer-basilika-minor\/#breadcrumb"},"inLanguage":"de","potentialAction":[{"@type":"ReadAction","target":["https:\/\/www.carmelitaniscalzi.com\/de\/2022\/09\/07\/avila-der-heilige-stuhl-verleiht-der-kirche-la-santa-am-geburtsort-der-hl-teresa-von-jesus-den-titel-einer-basilika-minor\/"]}]},{"@type":"ImageObject","inLanguage":"de","@id":"https:\/\/www.carmelitaniscalzi.com\/de\/2022\/09\/07\/avila-der-heilige-stuhl-verleiht-der-kirche-la-santa-am-geburtsort-der-hl-teresa-von-jesus-den-titel-einer-basilika-minor\/#primaryimage","url":"https:\/\/www.carmelitaniscalzi.com\/wp-content\/uploads\/2022\/09\/Cover_Avila_08_2022.jpg","contentUrl":"https:\/\/www.carmelitaniscalzi.com\/wp-content\/uploads\/2022\/09\/Cover_Avila_08_2022.jpg","width":1200,"height":800},{"@type":"BreadcrumbList","@id":"https:\/\/www.carmelitaniscalzi.com\/de\/2022\/09\/07\/avila-der-heilige-stuhl-verleiht-der-kirche-la-santa-am-geburtsort-der-hl-teresa-von-jesus-den-titel-einer-basilika-minor\/#breadcrumb","itemListElement":[{"@type":"ListItem","position":1,"name":"Home","item":"https:\/\/www.carmelitaniscalzi.com\/de\/"},{"@type":"ListItem","position":2,"name":"\u00c1vila: Der Heilige Stuhl verleiht der Kirche La Santa, am Geburtsort der hl. Teresa von Jesus, den Titel einer Basilika Minor."}]},{"@type":"WebSite","@id":"https:\/\/www.carmelitaniscalzi.com\/#website","url":"https:\/\/www.carmelitaniscalzi.com\/","name":"CARMELITANI SCALZI - Curia Generale del Carmelo Teresiano","description":"Generalkurie des Teresianischen Karmel","publisher":{"@id":"https:\/\/www.carmelitaniscalzi.com\/#organization"},"alternateName":"CARMELITANI SCALZI","potentialAction":[{"@type":"SearchAction","target":{"@type":"EntryPoint","urlTemplate":"https:\/\/www.carmelitaniscalzi.com\/?s={search_term_string}"},"query-input":{"@type":"PropertyValueSpecification","valueRequired":true,"valueName":"search_term_string"}}],"inLanguage":"de"},{"@type":"Organization","@id":"https:\/\/www.carmelitaniscalzi.com\/#organization","name":"CARMELITANI SCALZI - Curia Generale del Carmelo Teresiano","url":"https:\/\/www.carmelitaniscalzi.com\/","logo":{"@type":"ImageObject","inLanguage":"de","@id":"https:\/\/www.carmelitaniscalzi.com\/#\/schema\/logo\/image\/","url":"https:\/\/www.carmelitaniscalzi.com\/wp-content\/uploads\/2025\/11\/login-logo.png","contentUrl":"https:\/\/www.carmelitaniscalzi.com\/wp-content\/uploads\/2025\/11\/login-logo.png","width":256,"height":256,"caption":"CARMELITANI SCALZI - Curia Generale del Carmelo Teresiano"},"image":{"@id":"https:\/\/www.carmelitaniscalzi.com\/#\/schema\/logo\/image\/"},"sameAs":["https:\/\/www.facebook.com\/Curia-Generalizia-Carmelitani-Scalzi-658766940887784\/","https:\/\/x.com\/ocdcuria","https:\/\/www.youtube.com\/channel\/UC2J5ZL0ycOY0qBSTCLX_NGQ\/videos","https:\/\/www.instagram.com\/ocdinform\/"]},{"@type":"Person","@id":"https:\/\/www.carmelitaniscalzi.com\/#\/schema\/person\/6d1c0d9bea7b6625c437246a5d6da409","name":"ocd web master","image":{"@type":"ImageObject","inLanguage":"de","@id":"https:\/\/www.carmelitaniscalzi.com\/#\/schema\/person\/image\/","url":"https:\/\/secure.gravatar.com\/avatar\/41fbc5f82bad909fbaf2984c43fa50d8519ac5853e25b454d022b6868f80d0e7?s=96&d=mm&r=g","contentUrl":"https:\/\/secure.gravatar.com\/avatar\/41fbc5f82bad909fbaf2984c43fa50d8519ac5853e25b454d022b6868f80d0e7?s=96&d=mm&r=g","caption":"ocd web master"},"url":"https:\/\/www.carmelitaniscalzi.com\/de\/author\/ocdwebmaster\/"}]}},"_links":{"self":[{"href":"https:\/\/www.carmelitaniscalzi.com\/de\/wp-json\/wp\/v2\/posts\/170127","targetHints":{"allow":["GET"]}}],"collection":[{"href":"https:\/\/www.carmelitaniscalzi.com\/de\/wp-json\/wp\/v2\/posts"}],"about":[{"href":"https:\/\/www.carmelitaniscalzi.com\/de\/wp-json\/wp\/v2\/types\/post"}],"author":[{"embeddable":true,"href":"https:\/\/www.carmelitaniscalzi.com\/de\/wp-json\/wp\/v2\/users\/7"}],"replies":[{"embeddable":true,"href":"https:\/\/www.carmelitaniscalzi.com\/de\/wp-json\/wp\/v2\/comments?post=170127"}],"version-history":[{"count":1,"href":"https:\/\/www.carmelitaniscalzi.com\/de\/wp-json\/wp\/v2\/posts\/170127\/revisions"}],"predecessor-version":[{"id":170128,"href":"https:\/\/www.carmelitaniscalzi.com\/de\/wp-json\/wp\/v2\/posts\/170127\/revisions\/170128"}],"wp:featuredmedia":[{"embeddable":true,"href":"https:\/\/www.carmelitaniscalzi.com\/de\/wp-json\/wp\/v2\/media\/170052"}],"wp:attachment":[{"href":"https:\/\/www.carmelitaniscalzi.com\/de\/wp-json\/wp\/v2\/media?parent=170127"}],"wp:term":[{"taxonomy":"category","embeddable":true,"href":"https:\/\/www.carmelitaniscalzi.com\/de\/wp-json\/wp\/v2\/categories?post=170127"},{"taxonomy":"post_tag","embeddable":true,"href":"https:\/\/www.carmelitaniscalzi.com\/de\/wp-json\/wp\/v2\/tags?post=170127"}],"curies":[{"name":"wp","href":"https:\/\/api.w.org\/{rel}","templated":true}]}}