{"id":161058,"date":"2022-07-23T00:30:43","date_gmt":"2022-07-22T22:30:43","guid":{"rendered":"https:\/\/www.carmelitaniscalzi.com\/?p=161058"},"modified":"2022-07-19T14:23:57","modified_gmt":"2022-07-19T12:23:57","slug":"philippinen-75-jahre-praesenz-unsres-ordens","status":"publish","type":"post","link":"https:\/\/www.carmelitaniscalzi.com\/de\/2022\/07\/23\/philippinen-75-jahre-praesenz-unsres-ordens\/","title":{"rendered":"Philippinen: 75 Jahre Pr\u00e4senz unsres Ordens"},"content":{"rendered":"<p>W\u00e4hrend die Weltkirche am 6. Juni das Hochheilige Pfingstfest feierte, beging die Provinz zur hl. Teresa von Jesus in gro\u00dfer Dankbarkeit den 75. Jahrestag der Anwesenheit der Karmeliten auf den Philippinen.<br \/>\nAlles begann im Jahr 1947, als sechs Mitbr\u00fcder der Provinz Washington in den &#8222;vernachl\u00e4ssigtsten&#8220; Gemeinden der Pr\u00e4fektur Infanta ihre Arbeit aufnahmen. Einige Zeit sp\u00e4ter hat der Apostolische Nuntius auf den Philippinen, Bischof Egidio Vagnozzi, den Generaloberen des Ordens, P. Silverio de Santa Teresa, gebeten, den Karmeliten auf den Philippinen die Gr\u00fcndung eines Konventes zu erlauben. Dies war dank der Provinz England-Irland m\u00f6glich, die bereit war, drei Mitbr\u00fcder zu entsenden. Diese drei irischen Karmeliten begannen ihre Gr\u00fcndung im Herzen des Landes und arbeiteten haupts\u00e4chlich mit den Karmelitinnen und den Mitgliedern des OCDS zusammen, indem sie Exerzitien und Einkehrtage anboten.<\/p>\n<p>Anl\u00e4sslich des Jubil\u00e4ums gab es iin Bacolod City ein Triduum \u00fcber die Wichtigkeit der Mission in der Kirche. Nach der Abschlussfeier fand eine Prozession zu Ehren der Heiligen des Ordens statt. In Manila und anderswo wurde ein Gedenkvideo \u00fcber die Arbeit der Patres gezeigt. Die Feierlichkeiten hatten ihren H\u00f6hepunkt mit der Eucharistie unter dem Vorsitz von P. Juan Agruda OCD in Konzelebration mit Br\u00fcdern aus den verschiedener Gemeinschaften, bei mit der ein Dankesbotschaft des Provinzials, P. Daniel Lim OCD verlesen wurde.<\/p>\n<p>Derzeit besteht die Provinz Philippinen aus 49 Mitbr\u00fcdern mit feierlichen Profess, 17 Studenten, 9 Novizen und 8 Postulanten. Heute setzt die Provinz mit Dankbarkeit und Eifer die Arbeit fort, die dank des Gebetes unserer hl. Teresa von Jesus und des hl. Johannes vom Kreuz durch den Einsatz amerikanischer und irischer Mitbr\u00fcder ihren Anfang nahm<\/p>\n<p>&nbsp;<\/p>\n<div class=\"wpmf-gallerys wpmf-gallerys-life \" ><div id=\"gallery-1\"\n data-gutter-width=\"5\"\n  data-wpmfcolumns=\"6\" class=\"wpmf-gallery gallery-link-file gallery_life gallery-masonry gallery-columns-6 gallery-size-thumbnail wpmf-gallery-bottomspace-default wpmf-gallery-clear wpmf-has-border-radius-0 wpmf-gutterwidth-5\"><div class=\"wpmf-gallery-item\n     wpmf-gallery-item-position-0 wpmf-gallery-item-attachment-160893\" data-index=\"0\"><div class=\"wpmf-gallery-icon\"><a class=\" not_video noLightbox\" data-lightbox=\"1\" data-href=\"https:\/\/www.carmelitaniscalzi.com\/wp-content\/uploads\/2022\/07\/Filippine-1-1024x683.jpg\" title=\"Filippine 1\" target=\"_self\" data-index=\"0\"><img decoding=\"async\" class=\"wpmf_img\" alt=\"Filippine 1\" src=\"https:\/\/www.carmelitaniscalzi.com\/wp-content\/uploads\/2022\/07\/Filippine-1-150x150.jpg\" data-type=\"wpmfgalleryimg\" data-lazy-src=\"https:\/\/www.carmelitaniscalzi.com\/wp-content\/uploads\/2022\/07\/Filippine-1-150x150.jpg\"><\/a><\/div><\/div><div class=\"wpmf-gallery-item\n     wpmf-gallery-item-position-1 wpmf-gallery-item-attachment-160899\" data-index=\"1\"><div class=\"wpmf-gallery-icon\"><a class=\" not_video noLightbox\" data-lightbox=\"1\" data-href=\"https:\/\/www.carmelitaniscalzi.com\/wp-content\/uploads\/2022\/07\/Filippine-2-1024x683.jpg\" title=\"Filippine 2\" target=\"_self\" data-index=\"1\"><img decoding=\"async\" class=\"wpmf_img\" alt=\"Filippine 2\" src=\"https:\/\/www.carmelitaniscalzi.com\/wp-content\/uploads\/2022\/07\/Filippine-2-150x150.jpg\" data-type=\"wpmfgalleryimg\" data-lazy-src=\"https:\/\/www.carmelitaniscalzi.com\/wp-content\/uploads\/2022\/07\/Filippine-2-150x150.jpg\"><\/a><\/div><\/div><div class=\"wpmf-gallery-item\n     wpmf-gallery-item-position-2 wpmf-gallery-item-attachment-160905\" data-index=\"2\"><div class=\"wpmf-gallery-icon\"><a class=\" not_video noLightbox\" data-lightbox=\"1\" data-href=\"https:\/\/www.carmelitaniscalzi.com\/wp-content\/uploads\/2022\/07\/Filippine-3-1024x684.jpg\" title=\"Filippine 3\" target=\"_self\" data-index=\"2\"><img decoding=\"async\" class=\"wpmf_img\" alt=\"Filippine 3\" src=\"https:\/\/www.carmelitaniscalzi.com\/wp-content\/uploads\/2022\/07\/Filippine-3-150x150.jpg\" data-type=\"wpmfgalleryimg\" data-lazy-src=\"https:\/\/www.carmelitaniscalzi.com\/wp-content\/uploads\/2022\/07\/Filippine-3-150x150.jpg\"><\/a><\/div><\/div><div class=\"wpmf-gallery-item\n     wpmf-gallery-item-position-3 wpmf-gallery-item-attachment-160911\" data-index=\"3\"><div class=\"wpmf-gallery-icon\"><a class=\" not_video noLightbox\" data-lightbox=\"1\" data-href=\"https:\/\/www.carmelitaniscalzi.com\/wp-content\/uploads\/2022\/07\/Filippine-4-1024x683.jpg\" title=\"Filippine 4\" target=\"_self\" data-index=\"3\"><img decoding=\"async\" class=\"wpmf_img\" alt=\"Filippine 4\" src=\"https:\/\/www.carmelitaniscalzi.com\/wp-content\/uploads\/2022\/07\/Filippine-4-150x150.jpg\" data-type=\"wpmfgalleryimg\" data-lazy-src=\"https:\/\/www.carmelitaniscalzi.com\/wp-content\/uploads\/2022\/07\/Filippine-4-150x150.jpg\"><\/a><\/div><\/div><div class=\"wpmf-gallery-item\n     wpmf-gallery-item-position-4 wpmf-gallery-item-attachment-160917\" data-index=\"4\"><div class=\"wpmf-gallery-icon\"><a class=\" not_video noLightbox\" data-lightbox=\"1\" data-href=\"https:\/\/www.carmelitaniscalzi.com\/wp-content\/uploads\/2022\/07\/Filippine-5-1024x683.jpg\" title=\"Filippine 5\" target=\"_self\" data-index=\"4\"><img decoding=\"async\" class=\"wpmf_img\" alt=\"Filippine 5\" src=\"https:\/\/www.carmelitaniscalzi.com\/wp-content\/uploads\/2022\/07\/Filippine-5-150x150.jpg\" data-type=\"wpmfgalleryimg\" data-lazy-src=\"https:\/\/www.carmelitaniscalzi.com\/wp-content\/uploads\/2022\/07\/Filippine-5-150x150.jpg\"><\/a><\/div><\/div><div class=\"wpmf-gallery-item\n     wpmf-gallery-item-position-5 wpmf-gallery-item-attachment-160923\" data-index=\"5\"><div class=\"wpmf-gallery-icon\"><a class=\" not_video noLightbox\" data-lightbox=\"1\" data-href=\"https:\/\/www.carmelitaniscalzi.com\/wp-content\/uploads\/2022\/07\/Filippine-6-1024x682.jpg\" title=\"Filippine 6\" target=\"_self\" data-index=\"5\"><img decoding=\"async\" class=\"wpmf_img\" alt=\"Filippine 6\" src=\"https:\/\/www.carmelitaniscalzi.com\/wp-content\/uploads\/2022\/07\/Filippine-6-150x150.jpg\" data-type=\"wpmfgalleryimg\" data-lazy-src=\"https:\/\/www.carmelitaniscalzi.com\/wp-content\/uploads\/2022\/07\/Filippine-6-150x150.jpg\"><\/a><\/div><\/div><div class=\"wpmf-gallery-item\n     wpmf-gallery-item-position-6 wpmf-gallery-item-attachment-160929\" data-index=\"6\"><div class=\"wpmf-gallery-icon\"><a class=\" not_video noLightbox\" data-lightbox=\"1\" data-href=\"https:\/\/www.carmelitaniscalzi.com\/wp-content\/uploads\/2022\/07\/Filippine-7-1024x685.jpg\" title=\"Filippine 7\" target=\"_self\" data-index=\"6\"><img decoding=\"async\" class=\"wpmf_img\" alt=\"Filippine 7\" src=\"https:\/\/www.carmelitaniscalzi.com\/wp-content\/uploads\/2022\/07\/Filippine-7-150x150.jpg\" data-type=\"wpmfgalleryimg\" data-lazy-src=\"https:\/\/www.carmelitaniscalzi.com\/wp-content\/uploads\/2022\/07\/Filippine-7-150x150.jpg\"><\/a><\/div><\/div><div class=\"wpmf-gallery-item\n     wpmf-gallery-item-position-7 wpmf-gallery-item-attachment-160935\" data-index=\"7\"><div class=\"wpmf-gallery-icon\"><a class=\" not_video noLightbox\" data-lightbox=\"1\" data-href=\"https:\/\/www.carmelitaniscalzi.com\/wp-content\/uploads\/2022\/07\/Filippine-8-1024x685.jpg\" title=\"Filippine 8\" target=\"_self\" data-index=\"7\"><img decoding=\"async\" class=\"wpmf_img\" alt=\"Filippine 8\" src=\"https:\/\/www.carmelitaniscalzi.com\/wp-content\/uploads\/2022\/07\/Filippine-8-150x150.jpg\" data-type=\"wpmfgalleryimg\" data-lazy-src=\"https:\/\/www.carmelitaniscalzi.com\/wp-content\/uploads\/2022\/07\/Filippine-8-150x150.jpg\"><\/a><\/div><\/div><div class=\"wpmf-gallery-item\n     wpmf-gallery-item-position-8 wpmf-gallery-item-attachment-160941\" data-index=\"8\"><div class=\"wpmf-gallery-icon\"><a class=\" not_video noLightbox\" data-lightbox=\"1\" data-href=\"https:\/\/www.carmelitaniscalzi.com\/wp-content\/uploads\/2022\/07\/Filippine-9-1024x685.jpg\" title=\"Filippine 9\" target=\"_self\" data-index=\"8\"><img decoding=\"async\" class=\"wpmf_img\" alt=\"Filippine 9\" src=\"https:\/\/www.carmelitaniscalzi.com\/wp-content\/uploads\/2022\/07\/Filippine-9-150x150.jpg\" data-type=\"wpmfgalleryimg\" data-lazy-src=\"https:\/\/www.carmelitaniscalzi.com\/wp-content\/uploads\/2022\/07\/Filippine-9-150x150.jpg\"><\/a><\/div><\/div><div class=\"wpmf-gallery-item\n     wpmf-gallery-item-position-9 wpmf-gallery-item-attachment-160947\" data-index=\"9\"><div class=\"wpmf-gallery-icon\"><a class=\" not_video noLightbox\" data-lightbox=\"1\" data-href=\"https:\/\/www.carmelitaniscalzi.com\/wp-content\/uploads\/2022\/07\/Filippine-10-1024x685.jpg\" title=\"Filippine 10\" target=\"_self\" data-index=\"9\"><img decoding=\"async\" class=\"wpmf_img\" alt=\"Filippine 10\" src=\"https:\/\/www.carmelitaniscalzi.com\/wp-content\/uploads\/2022\/07\/Filippine-10-150x150.jpg\" data-type=\"wpmfgalleryimg\" data-lazy-src=\"https:\/\/www.carmelitaniscalzi.com\/wp-content\/uploads\/2022\/07\/Filippine-10-150x150.jpg\"><\/a><\/div><\/div><div class=\"wpmf-gallery-item\n     wpmf-gallery-item-position-10 wpmf-gallery-item-attachment-160953\" data-index=\"10\"><div class=\"wpmf-gallery-icon\"><a class=\" not_video noLightbox\" data-lightbox=\"1\" data-href=\"https:\/\/www.carmelitaniscalzi.com\/wp-content\/uploads\/2022\/07\/Filippine-11-1024x685.jpg\" title=\"Filippine 11\" target=\"_self\" data-index=\"10\"><img decoding=\"async\" class=\"wpmf_img\" alt=\"Filippine 11\" src=\"https:\/\/www.carmelitaniscalzi.com\/wp-content\/uploads\/2022\/07\/Filippine-11-150x150.jpg\" data-type=\"wpmfgalleryimg\" data-lazy-src=\"https:\/\/www.carmelitaniscalzi.com\/wp-content\/uploads\/2022\/07\/Filippine-11-150x150.jpg\"><\/a><\/div><\/div><div class=\"wpmf-gallery-item\n     wpmf-gallery-item-position-11 wpmf-gallery-item-attachment-160959\" data-index=\"11\"><div class=\"wpmf-gallery-icon\"><a class=\" not_video noLightbox\" data-lightbox=\"1\" data-href=\"https:\/\/www.carmelitaniscalzi.com\/wp-content\/uploads\/2022\/07\/Filippine-12-1024x685.jpg\" title=\"Filippine 12\" target=\"_self\" data-index=\"11\"><img decoding=\"async\" class=\"wpmf_img\" alt=\"Filippine 12\" src=\"https:\/\/www.carmelitaniscalzi.com\/wp-content\/uploads\/2022\/07\/Filippine-12-150x150.jpg\" data-type=\"wpmfgalleryimg\" data-lazy-src=\"https:\/\/www.carmelitaniscalzi.com\/wp-content\/uploads\/2022\/07\/Filippine-12-150x150.jpg\"><\/a><\/div><\/div><div class=\"wpmf-gallery-item\n     wpmf-gallery-item-position-12 wpmf-gallery-item-attachment-160965\" data-index=\"12\"><div class=\"wpmf-gallery-icon\"><a class=\" not_video noLightbox\" data-lightbox=\"1\" data-href=\"https:\/\/www.carmelitaniscalzi.com\/wp-content\/uploads\/2022\/07\/Filippine-13-1024x685.jpg\" title=\"Filippine 13\" target=\"_self\" data-index=\"12\"><img decoding=\"async\" class=\"wpmf_img\" alt=\"Filippine 13\" src=\"https:\/\/www.carmelitaniscalzi.com\/wp-content\/uploads\/2022\/07\/Filippine-13-150x150.jpg\" data-type=\"wpmfgalleryimg\" data-lazy-src=\"https:\/\/www.carmelitaniscalzi.com\/wp-content\/uploads\/2022\/07\/Filippine-13-150x150.jpg\"><\/a><\/div><\/div><div class=\"wpmf-gallery-item\n     wpmf-gallery-item-position-13 wpmf-gallery-item-attachment-160971\" data-index=\"13\"><div class=\"wpmf-gallery-icon\"><a class=\" not_video noLightbox\" data-lightbox=\"1\" data-href=\"https:\/\/www.carmelitaniscalzi.com\/wp-content\/uploads\/2022\/07\/Filippine-14-1024x685.jpg\" title=\"Filippine 14\" target=\"_self\" data-index=\"13\"><img decoding=\"async\" class=\"wpmf_img\" alt=\"Filippine 14\" src=\"https:\/\/www.carmelitaniscalzi.com\/wp-content\/uploads\/2022\/07\/Filippine-14-150x150.jpg\" data-type=\"wpmfgalleryimg\" data-lazy-src=\"https:\/\/www.carmelitaniscalzi.com\/wp-content\/uploads\/2022\/07\/Filippine-14-150x150.jpg\"><\/a><\/div><\/div><div class=\"wpmf-gallery-item\n     wpmf-gallery-item-position-14 wpmf-gallery-item-attachment-160977\" data-index=\"14\"><div class=\"wpmf-gallery-icon\"><a class=\" not_video noLightbox\" data-lightbox=\"1\" data-href=\"https:\/\/www.carmelitaniscalzi.com\/wp-content\/uploads\/2022\/07\/Filippine-15-1024x685.jpg\" title=\"Filippine 15\" target=\"_self\" data-index=\"14\"><img decoding=\"async\" class=\"wpmf_img\" alt=\"Filippine 15\" src=\"https:\/\/www.carmelitaniscalzi.com\/wp-content\/uploads\/2022\/07\/Filippine-15-150x150.jpg\" data-type=\"wpmfgalleryimg\" data-lazy-src=\"https:\/\/www.carmelitaniscalzi.com\/wp-content\/uploads\/2022\/07\/Filippine-15-150x150.jpg\"><\/a><\/div><\/div><\/div><\/div>\n\n","protected":false},"excerpt":{"rendered":"<p>W\u00e4hrend die Weltkirche am 6. Juni das Hochheilige Pfingstfest feierte, beging die Provinz zur hl. Teresa von Jesus in gro\u00dfer Dankbarkeit den 75. Jahrestag der Anwesenheit der Karmeliten auf den Philippinen. Alles begann im Jahr 1947, als sechs Mitbr\u00fcder der Provinz Washington in den &#8222;vernachl\u00e4ssigtsten&#8220; Gemeinden der Pr\u00e4fektur Infanta ihre Arbeit aufnahmen. Einige Zeit sp\u00e4ter [&hellip;]<\/p>\n","protected":false},"author":7,"featured_media":160887,"comment_status":"closed","ping_status":"open","sticky":false,"template":"","format":"standard","meta":{"_acf_changed":false,"footnotes":""},"categories":[214,218,262,371],"tags":[],"class_list":["post-161058","post","type-post","status-publish","format-standard","has-post-thumbnail","hentry","category-nachrichten-ueber-schwestern","category-nachrichten-ueber-brueder","category-nachrichten-ocds","category-nachrichten"],"acf":[],"yoast_head":"<!-- This site is optimized with the Yoast SEO plugin v26.3 - https:\/\/yoast.com\/wordpress\/plugins\/seo\/ -->\n<title>Philippinen: 75 Jahre Pr\u00e4senz unsres Ordens - UNBESCHUHTE KARMELITEN<\/title>\n<meta name=\"robots\" content=\"index, follow, max-snippet:-1, max-image-preview:large, max-video-preview:-1\" \/>\n<link rel=\"canonical\" href=\"https:\/\/www.carmelitaniscalzi.com\/de\/2022\/07\/23\/philippinen-75-jahre-praesenz-unsres-ordens\/\" \/>\n<meta property=\"og:locale\" content=\"de_DE\" \/>\n<meta property=\"og:type\" content=\"article\" \/>\n<meta property=\"og:title\" content=\"Philippinen: 75 Jahre Pr\u00e4senz unsres Ordens - UNBESCHUHTE KARMELITEN\" \/>\n<meta property=\"og:description\" content=\"W\u00e4hrend die Weltkirche am 6. Juni das Hochheilige Pfingstfest feierte, beging die Provinz zur hl. Teresa von Jesus in gro\u00dfer Dankbarkeit den 75. Jahrestag der Anwesenheit der Karmeliten auf den Philippinen. Alles begann im Jahr 1947, als sechs Mitbr\u00fcder der Provinz Washington in den &#8222;vernachl\u00e4ssigtsten&#8220; Gemeinden der Pr\u00e4fektur Infanta ihre Arbeit aufnahmen. Einige Zeit sp\u00e4ter [&hellip;]\" \/>\n<meta property=\"og:url\" content=\"https:\/\/www.carmelitaniscalzi.com\/de\/2022\/07\/23\/philippinen-75-jahre-praesenz-unsres-ordens\/\" \/>\n<meta property=\"og:site_name\" content=\"UNBESCHUHTE KARMELITEN\" \/>\n<meta property=\"article:publisher\" content=\"https:\/\/www.facebook.com\/Curia-Generalizia-Carmelitani-Scalzi-658766940887784\/\" \/>\n<meta property=\"article:published_time\" content=\"2022-07-22T22:30:43+00:00\" \/>\n<meta property=\"og:image\" content=\"https:\/\/www.carmelitaniscalzi.com\/wp-content\/uploads\/2022\/07\/Cover_Filippine_06.2022.jpg\" \/>\n\t<meta property=\"og:image:width\" content=\"1200\" \/>\n\t<meta property=\"og:image:height\" content=\"800\" \/>\n\t<meta property=\"og:image:type\" content=\"image\/jpeg\" \/>\n<meta name=\"author\" content=\"ocd web master\" \/>\n<meta name=\"twitter:card\" content=\"summary_large_image\" \/>\n<meta name=\"twitter:creator\" content=\"@ocdcuria\" \/>\n<meta name=\"twitter:site\" content=\"@ocdcuria\" \/>\n<meta name=\"twitter:label1\" content=\"Verfasst von\" \/>\n\t<meta name=\"twitter:data1\" content=\"ocd web master\" \/>\n\t<meta name=\"twitter:label2\" content=\"Gesch\u00e4tzte Lesezeit\" \/>\n\t<meta name=\"twitter:data2\" content=\"1\u00a0Minute\" \/>\n<script type=\"application\/ld+json\" class=\"yoast-schema-graph\">{\"@context\":\"https:\/\/schema.org\",\"@graph\":[{\"@type\":\"Article\",\"@id\":\"https:\/\/www.carmelitaniscalzi.com\/de\/2022\/07\/23\/philippinen-75-jahre-praesenz-unsres-ordens\/#article\",\"isPartOf\":{\"@id\":\"https:\/\/www.carmelitaniscalzi.com\/de\/2022\/07\/23\/philippinen-75-jahre-praesenz-unsres-ordens\/\"},\"author\":{\"name\":\"ocd web master\",\"@id\":\"https:\/\/www.carmelitaniscalzi.com\/#\/schema\/person\/6d1c0d9bea7b6625c437246a5d6da409\"},\"headline\":\"Philippinen: 75 Jahre Pr\u00e4senz unsres Ordens\",\"datePublished\":\"2022-07-22T22:30:43+00:00\",\"mainEntityOfPage\":{\"@id\":\"https:\/\/www.carmelitaniscalzi.com\/de\/2022\/07\/23\/philippinen-75-jahre-praesenz-unsres-ordens\/\"},\"wordCount\":291,\"publisher\":{\"@id\":\"https:\/\/www.carmelitaniscalzi.com\/#organization\"},\"image\":{\"@id\":\"https:\/\/www.carmelitaniscalzi.com\/de\/2022\/07\/23\/philippinen-75-jahre-praesenz-unsres-ordens\/#primaryimage\"},\"thumbnailUrl\":\"https:\/\/www.carmelitaniscalzi.com\/wp-content\/uploads\/2022\/07\/Cover_Filippine_06.2022.jpg\",\"articleSection\":[\"Nachrichten \u00fcber Schwestern\",\"Nachrichten \u00fcber Br\u00fcder\",\"Nachrichten OCDS\",\"Nachrichten\"],\"inLanguage\":\"de\"},{\"@type\":\"WebPage\",\"@id\":\"https:\/\/www.carmelitaniscalzi.com\/de\/2022\/07\/23\/philippinen-75-jahre-praesenz-unsres-ordens\/\",\"url\":\"https:\/\/www.carmelitaniscalzi.com\/de\/2022\/07\/23\/philippinen-75-jahre-praesenz-unsres-ordens\/\",\"name\":\"Philippinen: 75 Jahre Pr\u00e4senz unsres Ordens - UNBESCHUHTE KARMELITEN\",\"isPartOf\":{\"@id\":\"https:\/\/www.carmelitaniscalzi.com\/#website\"},\"primaryImageOfPage\":{\"@id\":\"https:\/\/www.carmelitaniscalzi.com\/de\/2022\/07\/23\/philippinen-75-jahre-praesenz-unsres-ordens\/#primaryimage\"},\"image\":{\"@id\":\"https:\/\/www.carmelitaniscalzi.com\/de\/2022\/07\/23\/philippinen-75-jahre-praesenz-unsres-ordens\/#primaryimage\"},\"thumbnailUrl\":\"https:\/\/www.carmelitaniscalzi.com\/wp-content\/uploads\/2022\/07\/Cover_Filippine_06.2022.jpg\",\"datePublished\":\"2022-07-22T22:30:43+00:00\",\"breadcrumb\":{\"@id\":\"https:\/\/www.carmelitaniscalzi.com\/de\/2022\/07\/23\/philippinen-75-jahre-praesenz-unsres-ordens\/#breadcrumb\"},\"inLanguage\":\"de\",\"potentialAction\":[{\"@type\":\"ReadAction\",\"target\":[\"https:\/\/www.carmelitaniscalzi.com\/de\/2022\/07\/23\/philippinen-75-jahre-praesenz-unsres-ordens\/\"]}]},{\"@type\":\"ImageObject\",\"inLanguage\":\"de\",\"@id\":\"https:\/\/www.carmelitaniscalzi.com\/de\/2022\/07\/23\/philippinen-75-jahre-praesenz-unsres-ordens\/#primaryimage\",\"url\":\"https:\/\/www.carmelitaniscalzi.com\/wp-content\/uploads\/2022\/07\/Cover_Filippine_06.2022.jpg\",\"contentUrl\":\"https:\/\/www.carmelitaniscalzi.com\/wp-content\/uploads\/2022\/07\/Cover_Filippine_06.2022.jpg\",\"width\":1200,\"height\":800},{\"@type\":\"BreadcrumbList\",\"@id\":\"https:\/\/www.carmelitaniscalzi.com\/de\/2022\/07\/23\/philippinen-75-jahre-praesenz-unsres-ordens\/#breadcrumb\",\"itemListElement\":[{\"@type\":\"ListItem\",\"position\":1,\"name\":\"Home\",\"item\":\"https:\/\/www.carmelitaniscalzi.com\/de\/\"},{\"@type\":\"ListItem\",\"position\":2,\"name\":\"Philippinen: 75 Jahre Pr\u00e4senz unsres Ordens\"}]},{\"@type\":\"WebSite\",\"@id\":\"https:\/\/www.carmelitaniscalzi.com\/#website\",\"url\":\"https:\/\/www.carmelitaniscalzi.com\/\",\"name\":\"CARMELITANI SCALZI - Curia Generale del Carmelo Teresiano\",\"description\":\"Generalkurie des Teresianischen Karmel\",\"publisher\":{\"@id\":\"https:\/\/www.carmelitaniscalzi.com\/#organization\"},\"alternateName\":\"CARMELITANI SCALZI\",\"potentialAction\":[{\"@type\":\"SearchAction\",\"target\":{\"@type\":\"EntryPoint\",\"urlTemplate\":\"https:\/\/www.carmelitaniscalzi.com\/?s={search_term_string}\"},\"query-input\":{\"@type\":\"PropertyValueSpecification\",\"valueRequired\":true,\"valueName\":\"search_term_string\"}}],\"inLanguage\":\"de\"},{\"@type\":\"Organization\",\"@id\":\"https:\/\/www.carmelitaniscalzi.com\/#organization\",\"name\":\"CARMELITANI SCALZI - Curia Generale del Carmelo Teresiano\",\"url\":\"https:\/\/www.carmelitaniscalzi.com\/\",\"logo\":{\"@type\":\"ImageObject\",\"inLanguage\":\"de\",\"@id\":\"https:\/\/www.carmelitaniscalzi.com\/#\/schema\/logo\/image\/\",\"url\":\"https:\/\/www.carmelitaniscalzi.com\/wp-content\/uploads\/2025\/11\/login-logo.png\",\"contentUrl\":\"https:\/\/www.carmelitaniscalzi.com\/wp-content\/uploads\/2025\/11\/login-logo.png\",\"width\":256,\"height\":256,\"caption\":\"CARMELITANI SCALZI - Curia Generale del Carmelo Teresiano\"},\"image\":{\"@id\":\"https:\/\/www.carmelitaniscalzi.com\/#\/schema\/logo\/image\/\"},\"sameAs\":[\"https:\/\/www.facebook.com\/Curia-Generalizia-Carmelitani-Scalzi-658766940887784\/\",\"https:\/\/x.com\/ocdcuria\",\"https:\/\/www.youtube.com\/channel\/UC2J5ZL0ycOY0qBSTCLX_NGQ\/videos\",\"https:\/\/www.instagram.com\/ocdinform\/\"]},{\"@type\":\"Person\",\"@id\":\"https:\/\/www.carmelitaniscalzi.com\/#\/schema\/person\/6d1c0d9bea7b6625c437246a5d6da409\",\"name\":\"ocd web master\",\"image\":{\"@type\":\"ImageObject\",\"inLanguage\":\"de\",\"@id\":\"https:\/\/www.carmelitaniscalzi.com\/#\/schema\/person\/image\/\",\"url\":\"https:\/\/secure.gravatar.com\/avatar\/41fbc5f82bad909fbaf2984c43fa50d8519ac5853e25b454d022b6868f80d0e7?s=96&d=mm&r=g\",\"contentUrl\":\"https:\/\/secure.gravatar.com\/avatar\/41fbc5f82bad909fbaf2984c43fa50d8519ac5853e25b454d022b6868f80d0e7?s=96&d=mm&r=g\",\"caption\":\"ocd web master\"},\"url\":\"https:\/\/www.carmelitaniscalzi.com\/de\/author\/ocdwebmaster\/\"}]}<\/script>\n<!-- \/ Yoast SEO plugin. -->","yoast_head_json":{"title":"Philippinen: 75 Jahre Pr\u00e4senz unsres Ordens - UNBESCHUHTE KARMELITEN","robots":{"index":"index","follow":"follow","max-snippet":"max-snippet:-1","max-image-preview":"max-image-preview:large","max-video-preview":"max-video-preview:-1"},"canonical":"https:\/\/www.carmelitaniscalzi.com\/de\/2022\/07\/23\/philippinen-75-jahre-praesenz-unsres-ordens\/","og_locale":"de_DE","og_type":"article","og_title":"Philippinen: 75 Jahre Pr\u00e4senz unsres Ordens - UNBESCHUHTE KARMELITEN","og_description":"W\u00e4hrend die Weltkirche am 6. Juni das Hochheilige Pfingstfest feierte, beging die Provinz zur hl. Teresa von Jesus in gro\u00dfer Dankbarkeit den 75. Jahrestag der Anwesenheit der Karmeliten auf den Philippinen. Alles begann im Jahr 1947, als sechs Mitbr\u00fcder der Provinz Washington in den &#8222;vernachl\u00e4ssigtsten&#8220; Gemeinden der Pr\u00e4fektur Infanta ihre Arbeit aufnahmen. Einige Zeit sp\u00e4ter [&hellip;]","og_url":"https:\/\/www.carmelitaniscalzi.com\/de\/2022\/07\/23\/philippinen-75-jahre-praesenz-unsres-ordens\/","og_site_name":"UNBESCHUHTE KARMELITEN","article_publisher":"https:\/\/www.facebook.com\/Curia-Generalizia-Carmelitani-Scalzi-658766940887784\/","article_published_time":"2022-07-22T22:30:43+00:00","og_image":[{"width":1200,"height":800,"url":"https:\/\/www.carmelitaniscalzi.com\/wp-content\/uploads\/2022\/07\/Cover_Filippine_06.2022.jpg","type":"image\/jpeg"}],"author":"ocd web master","twitter_card":"summary_large_image","twitter_creator":"@ocdcuria","twitter_site":"@ocdcuria","twitter_misc":{"Verfasst von":"ocd web master","Gesch\u00e4tzte Lesezeit":"1\u00a0Minute"},"schema":{"@context":"https:\/\/schema.org","@graph":[{"@type":"Article","@id":"https:\/\/www.carmelitaniscalzi.com\/de\/2022\/07\/23\/philippinen-75-jahre-praesenz-unsres-ordens\/#article","isPartOf":{"@id":"https:\/\/www.carmelitaniscalzi.com\/de\/2022\/07\/23\/philippinen-75-jahre-praesenz-unsres-ordens\/"},"author":{"name":"ocd web master","@id":"https:\/\/www.carmelitaniscalzi.com\/#\/schema\/person\/6d1c0d9bea7b6625c437246a5d6da409"},"headline":"Philippinen: 75 Jahre Pr\u00e4senz unsres Ordens","datePublished":"2022-07-22T22:30:43+00:00","mainEntityOfPage":{"@id":"https:\/\/www.carmelitaniscalzi.com\/de\/2022\/07\/23\/philippinen-75-jahre-praesenz-unsres-ordens\/"},"wordCount":291,"publisher":{"@id":"https:\/\/www.carmelitaniscalzi.com\/#organization"},"image":{"@id":"https:\/\/www.carmelitaniscalzi.com\/de\/2022\/07\/23\/philippinen-75-jahre-praesenz-unsres-ordens\/#primaryimage"},"thumbnailUrl":"https:\/\/www.carmelitaniscalzi.com\/wp-content\/uploads\/2022\/07\/Cover_Filippine_06.2022.jpg","articleSection":["Nachrichten \u00fcber Schwestern","Nachrichten \u00fcber Br\u00fcder","Nachrichten OCDS","Nachrichten"],"inLanguage":"de"},{"@type":"WebPage","@id":"https:\/\/www.carmelitaniscalzi.com\/de\/2022\/07\/23\/philippinen-75-jahre-praesenz-unsres-ordens\/","url":"https:\/\/www.carmelitaniscalzi.com\/de\/2022\/07\/23\/philippinen-75-jahre-praesenz-unsres-ordens\/","name":"Philippinen: 75 Jahre Pr\u00e4senz unsres Ordens - UNBESCHUHTE KARMELITEN","isPartOf":{"@id":"https:\/\/www.carmelitaniscalzi.com\/#website"},"primaryImageOfPage":{"@id":"https:\/\/www.carmelitaniscalzi.com\/de\/2022\/07\/23\/philippinen-75-jahre-praesenz-unsres-ordens\/#primaryimage"},"image":{"@id":"https:\/\/www.carmelitaniscalzi.com\/de\/2022\/07\/23\/philippinen-75-jahre-praesenz-unsres-ordens\/#primaryimage"},"thumbnailUrl":"https:\/\/www.carmelitaniscalzi.com\/wp-content\/uploads\/2022\/07\/Cover_Filippine_06.2022.jpg","datePublished":"2022-07-22T22:30:43+00:00","breadcrumb":{"@id":"https:\/\/www.carmelitaniscalzi.com\/de\/2022\/07\/23\/philippinen-75-jahre-praesenz-unsres-ordens\/#breadcrumb"},"inLanguage":"de","potentialAction":[{"@type":"ReadAction","target":["https:\/\/www.carmelitaniscalzi.com\/de\/2022\/07\/23\/philippinen-75-jahre-praesenz-unsres-ordens\/"]}]},{"@type":"ImageObject","inLanguage":"de","@id":"https:\/\/www.carmelitaniscalzi.com\/de\/2022\/07\/23\/philippinen-75-jahre-praesenz-unsres-ordens\/#primaryimage","url":"https:\/\/www.carmelitaniscalzi.com\/wp-content\/uploads\/2022\/07\/Cover_Filippine_06.2022.jpg","contentUrl":"https:\/\/www.carmelitaniscalzi.com\/wp-content\/uploads\/2022\/07\/Cover_Filippine_06.2022.jpg","width":1200,"height":800},{"@type":"BreadcrumbList","@id":"https:\/\/www.carmelitaniscalzi.com\/de\/2022\/07\/23\/philippinen-75-jahre-praesenz-unsres-ordens\/#breadcrumb","itemListElement":[{"@type":"ListItem","position":1,"name":"Home","item":"https:\/\/www.carmelitaniscalzi.com\/de\/"},{"@type":"ListItem","position":2,"name":"Philippinen: 75 Jahre Pr\u00e4senz unsres Ordens"}]},{"@type":"WebSite","@id":"https:\/\/www.carmelitaniscalzi.com\/#website","url":"https:\/\/www.carmelitaniscalzi.com\/","name":"CARMELITANI SCALZI - Curia Generale del Carmelo Teresiano","description":"Generalkurie des Teresianischen Karmel","publisher":{"@id":"https:\/\/www.carmelitaniscalzi.com\/#organization"},"alternateName":"CARMELITANI SCALZI","potentialAction":[{"@type":"SearchAction","target":{"@type":"EntryPoint","urlTemplate":"https:\/\/www.carmelitaniscalzi.com\/?s={search_term_string}"},"query-input":{"@type":"PropertyValueSpecification","valueRequired":true,"valueName":"search_term_string"}}],"inLanguage":"de"},{"@type":"Organization","@id":"https:\/\/www.carmelitaniscalzi.com\/#organization","name":"CARMELITANI SCALZI - Curia Generale del Carmelo Teresiano","url":"https:\/\/www.carmelitaniscalzi.com\/","logo":{"@type":"ImageObject","inLanguage":"de","@id":"https:\/\/www.carmelitaniscalzi.com\/#\/schema\/logo\/image\/","url":"https:\/\/www.carmelitaniscalzi.com\/wp-content\/uploads\/2025\/11\/login-logo.png","contentUrl":"https:\/\/www.carmelitaniscalzi.com\/wp-content\/uploads\/2025\/11\/login-logo.png","width":256,"height":256,"caption":"CARMELITANI SCALZI - Curia Generale del Carmelo Teresiano"},"image":{"@id":"https:\/\/www.carmelitaniscalzi.com\/#\/schema\/logo\/image\/"},"sameAs":["https:\/\/www.facebook.com\/Curia-Generalizia-Carmelitani-Scalzi-658766940887784\/","https:\/\/x.com\/ocdcuria","https:\/\/www.youtube.com\/channel\/UC2J5ZL0ycOY0qBSTCLX_NGQ\/videos","https:\/\/www.instagram.com\/ocdinform\/"]},{"@type":"Person","@id":"https:\/\/www.carmelitaniscalzi.com\/#\/schema\/person\/6d1c0d9bea7b6625c437246a5d6da409","name":"ocd web master","image":{"@type":"ImageObject","inLanguage":"de","@id":"https:\/\/www.carmelitaniscalzi.com\/#\/schema\/person\/image\/","url":"https:\/\/secure.gravatar.com\/avatar\/41fbc5f82bad909fbaf2984c43fa50d8519ac5853e25b454d022b6868f80d0e7?s=96&d=mm&r=g","contentUrl":"https:\/\/secure.gravatar.com\/avatar\/41fbc5f82bad909fbaf2984c43fa50d8519ac5853e25b454d022b6868f80d0e7?s=96&d=mm&r=g","caption":"ocd web master"},"url":"https:\/\/www.carmelitaniscalzi.com\/de\/author\/ocdwebmaster\/"}]}},"_links":{"self":[{"href":"https:\/\/www.carmelitaniscalzi.com\/de\/wp-json\/wp\/v2\/posts\/161058","targetHints":{"allow":["GET"]}}],"collection":[{"href":"https:\/\/www.carmelitaniscalzi.com\/de\/wp-json\/wp\/v2\/posts"}],"about":[{"href":"https:\/\/www.carmelitaniscalzi.com\/de\/wp-json\/wp\/v2\/types\/post"}],"author":[{"embeddable":true,"href":"https:\/\/www.carmelitaniscalzi.com\/de\/wp-json\/wp\/v2\/users\/7"}],"replies":[{"embeddable":true,"href":"https:\/\/www.carmelitaniscalzi.com\/de\/wp-json\/wp\/v2\/comments?post=161058"}],"version-history":[{"count":1,"href":"https:\/\/www.carmelitaniscalzi.com\/de\/wp-json\/wp\/v2\/posts\/161058\/revisions"}],"predecessor-version":[{"id":161059,"href":"https:\/\/www.carmelitaniscalzi.com\/de\/wp-json\/wp\/v2\/posts\/161058\/revisions\/161059"}],"wp:featuredmedia":[{"embeddable":true,"href":"https:\/\/www.carmelitaniscalzi.com\/de\/wp-json\/wp\/v2\/media\/160887"}],"wp:attachment":[{"href":"https:\/\/www.carmelitaniscalzi.com\/de\/wp-json\/wp\/v2\/media?parent=161058"}],"wp:term":[{"taxonomy":"category","embeddable":true,"href":"https:\/\/www.carmelitaniscalzi.com\/de\/wp-json\/wp\/v2\/categories?post=161058"},{"taxonomy":"post_tag","embeddable":true,"href":"https:\/\/www.carmelitaniscalzi.com\/de\/wp-json\/wp\/v2\/tags?post=161058"}],"curies":[{"name":"wp","href":"https:\/\/api.w.org\/{rel}","templated":true}]}}