{"id":152410,"date":"2022-06-16T00:30:23","date_gmt":"2022-06-15T22:30:23","guid":{"rendered":"https:\/\/www.carmelitaniscalzi.com\/?p=152410"},"modified":"2022-06-11T00:45:06","modified_gmt":"2022-06-10T22:45:06","slug":"erste-sitzung-der-kommission-fuer-die-neufassung-der-ratio-institutionis","status":"publish","type":"post","link":"https:\/\/www.carmelitaniscalzi.com\/de\/2022\/06\/16\/erste-sitzung-der-kommission-fuer-die-neufassung-der-ratio-institutionis\/","title":{"rendered":"Erste Sitzung der Kommission f\u00fcr die Neufassung der Ratio Institutionis"},"content":{"rendered":"<p>Die Kommission zur Neufassung des <em>Ratio Institutionis<\/em> des Ordens, die vom letzten Kapitel gefordert wurde, hielt am 4. April ihr erstes Treffen per Zoom ab. Die von P. General Miguel M\u00e1rquez konstituierte Kommission besteht aus folgenden Mitbr\u00fcdern:<\/p>\n<p>Mart\u00edn Martinez (Vorsitzender), Mexiko, Jean-Baptiste Pagauem (Sekret\u00e4r), Provinzdelegation Westafrika, Daniel Chowing (Koordinator -Washington), Halluendo Amit (Philippinen), Tadeus Dim (Nigeria), Antony-Joseph Pinelli (Paris), Juan Miguel Henriquez Tobar (Internationales Kolleg, Rom), Johanes Gorantla (Seminarium missionum, Rom).<\/p>\n<p>Bei diesem ersten Treffen ging es um gegenseitiges Kennenlernen und den Austausch \u00fcber Bildungsangebote und W\u00fcnsche f\u00fcr die Aktualisierung der <em>Ratio<\/em>. Die Vielfalt der Kommissionsmitglieder, der Kulturen und Sprachen ist eine Herausforderung und ein konstruktives Element. Einer der W\u00fcnsche des Ausschusses besteht darin, dass die Ratio mit praktischen Kriterien und Erfahrungen f\u00fcr die Aneignung des Charisma versehen wird, aber auch die Ergebnisse aus dem ganzen Orden ber\u00fccksichtigt, und nicht nur \u00dcberlegungen der Kommissionsmitglieder. Daher werden die Ausbilder und die Auszubildenden mittels eines zu erstellenden Fragebogens aufgefordert, ihre Bewertung der derzeitigen <em>Ratio<\/em> vorzunehmen und Empfehlungen f\u00fcr ihre Aktualisierung abzugeben.<\/p>\n<p>Die n\u00e4chste Arbeitssitzung findet am 12. Juni statt.<\/p>\n<p>&nbsp;<\/p>\n<div class=\"wpmf-gallerys wpmf-gallerys-life \" ><div id=\"gallery-1\"\n data-gutter-width=\"5\"\n  data-wpmfcolumns=\"2\" class=\"wpmf-gallery gallery-link-file gallery_life gallery-masonry gallery-columns-2 gallery-size-thumbnail wpmf-gallery-bottomspace-default wpmf-gallery-clear wpmf-has-border-radius-0 wpmf-gutterwidth-5\"><div class=\"wpmf-gallery-item\n     wpmf-gallery-item-position-0 wpmf-gallery-item-attachment-152270\" data-index=\"0\"><div class=\"wpmf-gallery-icon\"><a class=\" not_video noLightbox\" data-lightbox=\"1\" data-href=\"https:\/\/www.carmelitaniscalzi.com\/wp-content\/uploads\/2022\/06\/Ratio_2-1024x768.jpg\" title=\"Ratio_2\" target=\"_self\" data-index=\"0\"><img decoding=\"async\" class=\"wpmf_img\" alt=\"Ratio_2\" src=\"https:\/\/www.carmelitaniscalzi.com\/wp-content\/uploads\/2022\/06\/Ratio_2-150x150.jpg\" data-type=\"wpmfgalleryimg\" data-lazy-src=\"https:\/\/www.carmelitaniscalzi.com\/wp-content\/uploads\/2022\/06\/Ratio_2-150x150.jpg\"><\/a><\/div><\/div><div class=\"wpmf-gallery-item\n     wpmf-gallery-item-position-1 wpmf-gallery-item-attachment-152264\" data-index=\"1\"><div class=\"wpmf-gallery-icon\"><a class=\" not_video noLightbox\" data-lightbox=\"1\" data-href=\"https:\/\/www.carmelitaniscalzi.com\/wp-content\/uploads\/2022\/06\/Ratio_1.jpeg\" title=\"Ratio_1\" target=\"_self\" data-index=\"1\"><img decoding=\"async\" class=\"wpmf_img\" alt=\"Ratio_1\" src=\"https:\/\/www.carmelitaniscalzi.com\/wp-content\/uploads\/2022\/06\/Ratio_1-150x150.jpeg\" data-type=\"wpmfgalleryimg\" data-lazy-src=\"https:\/\/www.carmelitaniscalzi.com\/wp-content\/uploads\/2022\/06\/Ratio_1-150x150.jpeg\"><\/a><\/div><\/div><\/div><\/div>\n\n","protected":false},"excerpt":{"rendered":"<p>Die Kommission zur Neufassung des Ratio Institutionis des Ordens, die vom letzten Kapitel gefordert wurde, hielt am 4. April ihr erstes Treffen per Zoom ab. Die von P. General Miguel M\u00e1rquez konstituierte Kommission besteht aus folgenden Mitbr\u00fcdern: Mart\u00edn Martinez (Vorsitzender), Mexiko, Jean-Baptiste Pagauem (Sekret\u00e4r), Provinzdelegation Westafrika, Daniel Chowing (Koordinator -Washington), Halluendo Amit (Philippinen), Tadeus Dim [&hellip;]<\/p>\n","protected":false},"author":7,"featured_media":152258,"comment_status":"closed","ping_status":"open","sticky":false,"template":"","format":"standard","meta":{"_acf_changed":false,"footnotes":""},"categories":[213,217,218,371],"tags":[],"class_list":["post-152410","post","type-post","status-publish","format-standard","has-post-thumbnail","hentry","category-nachrichten-von-p-general","category-nachrichten-aus-den-missionen","category-nachrichten-ueber-brueder","category-nachrichten"],"acf":[],"yoast_head":"<!-- This site is optimized with the Yoast SEO plugin v26.3 - https:\/\/yoast.com\/wordpress\/plugins\/seo\/ -->\n<title>Erste Sitzung der Kommission f\u00fcr die Neufassung der Ratio Institutionis - UNBESCHUHTE KARMELITEN<\/title>\n<meta name=\"robots\" content=\"index, follow, max-snippet:-1, max-image-preview:large, max-video-preview:-1\" \/>\n<link rel=\"canonical\" href=\"https:\/\/www.carmelitaniscalzi.com\/de\/2022\/06\/16\/erste-sitzung-der-kommission-fuer-die-neufassung-der-ratio-institutionis\/\" \/>\n<meta property=\"og:locale\" content=\"de_DE\" \/>\n<meta property=\"og:type\" content=\"article\" \/>\n<meta property=\"og:title\" content=\"Erste Sitzung der Kommission f\u00fcr die Neufassung der Ratio Institutionis - UNBESCHUHTE KARMELITEN\" \/>\n<meta property=\"og:description\" content=\"Die Kommission zur Neufassung des Ratio Institutionis des Ordens, die vom letzten Kapitel gefordert wurde, hielt am 4. April ihr erstes Treffen per Zoom ab. Die von P. General Miguel M\u00e1rquez konstituierte Kommission besteht aus folgenden Mitbr\u00fcdern: Mart\u00edn Martinez (Vorsitzender), Mexiko, Jean-Baptiste Pagauem (Sekret\u00e4r), Provinzdelegation Westafrika, Daniel Chowing (Koordinator -Washington), Halluendo Amit (Philippinen), Tadeus Dim [&hellip;]\" \/>\n<meta property=\"og:url\" content=\"https:\/\/www.carmelitaniscalzi.com\/de\/2022\/06\/16\/erste-sitzung-der-kommission-fuer-die-neufassung-der-ratio-institutionis\/\" \/>\n<meta property=\"og:site_name\" content=\"UNBESCHUHTE KARMELITEN\" \/>\n<meta property=\"article:publisher\" content=\"https:\/\/www.facebook.com\/Curia-Generalizia-Carmelitani-Scalzi-658766940887784\/\" \/>\n<meta property=\"article:published_time\" content=\"2022-06-15T22:30:23+00:00\" \/>\n<meta property=\"og:image\" content=\"https:\/\/www.carmelitaniscalzi.com\/wp-content\/uploads\/2022\/06\/cover_ratio_05.2022.jpg\" \/>\n\t<meta property=\"og:image:width\" content=\"1200\" \/>\n\t<meta property=\"og:image:height\" content=\"800\" \/>\n\t<meta property=\"og:image:type\" content=\"image\/jpeg\" \/>\n<meta name=\"author\" content=\"ocd web master\" \/>\n<meta name=\"twitter:card\" content=\"summary_large_image\" \/>\n<meta name=\"twitter:creator\" content=\"@ocdcuria\" \/>\n<meta name=\"twitter:site\" content=\"@ocdcuria\" \/>\n<meta name=\"twitter:label1\" content=\"Verfasst von\" \/>\n\t<meta name=\"twitter:data1\" content=\"ocd web master\" \/>\n\t<meta name=\"twitter:label2\" content=\"Gesch\u00e4tzte Lesezeit\" \/>\n\t<meta name=\"twitter:data2\" content=\"1\u00a0Minute\" \/>\n<script type=\"application\/ld+json\" class=\"yoast-schema-graph\">{\"@context\":\"https:\/\/schema.org\",\"@graph\":[{\"@type\":\"Article\",\"@id\":\"https:\/\/www.carmelitaniscalzi.com\/de\/2022\/06\/16\/erste-sitzung-der-kommission-fuer-die-neufassung-der-ratio-institutionis\/#article\",\"isPartOf\":{\"@id\":\"https:\/\/www.carmelitaniscalzi.com\/de\/2022\/06\/16\/erste-sitzung-der-kommission-fuer-die-neufassung-der-ratio-institutionis\/\"},\"author\":{\"name\":\"ocd web master\",\"@id\":\"https:\/\/www.carmelitaniscalzi.com\/#\/schema\/person\/6d1c0d9bea7b6625c437246a5d6da409\"},\"headline\":\"Erste Sitzung der Kommission f\u00fcr die Neufassung der Ratio Institutionis\",\"datePublished\":\"2022-06-15T22:30:23+00:00\",\"mainEntityOfPage\":{\"@id\":\"https:\/\/www.carmelitaniscalzi.com\/de\/2022\/06\/16\/erste-sitzung-der-kommission-fuer-die-neufassung-der-ratio-institutionis\/\"},\"wordCount\":208,\"publisher\":{\"@id\":\"https:\/\/www.carmelitaniscalzi.com\/#organization\"},\"image\":{\"@id\":\"https:\/\/www.carmelitaniscalzi.com\/de\/2022\/06\/16\/erste-sitzung-der-kommission-fuer-die-neufassung-der-ratio-institutionis\/#primaryimage\"},\"thumbnailUrl\":\"https:\/\/www.carmelitaniscalzi.com\/wp-content\/uploads\/2022\/06\/cover_ratio_05.2022.jpg\",\"articleSection\":[\"Nachrichten von P. General\",\"Nachrichten zur Ausbildung\",\"Nachrichten \u00fcber Br\u00fcder\",\"Nachrichten\"],\"inLanguage\":\"de\"},{\"@type\":\"WebPage\",\"@id\":\"https:\/\/www.carmelitaniscalzi.com\/de\/2022\/06\/16\/erste-sitzung-der-kommission-fuer-die-neufassung-der-ratio-institutionis\/\",\"url\":\"https:\/\/www.carmelitaniscalzi.com\/de\/2022\/06\/16\/erste-sitzung-der-kommission-fuer-die-neufassung-der-ratio-institutionis\/\",\"name\":\"Erste Sitzung der Kommission f\u00fcr die Neufassung der Ratio Institutionis - UNBESCHUHTE KARMELITEN\",\"isPartOf\":{\"@id\":\"https:\/\/www.carmelitaniscalzi.com\/#website\"},\"primaryImageOfPage\":{\"@id\":\"https:\/\/www.carmelitaniscalzi.com\/de\/2022\/06\/16\/erste-sitzung-der-kommission-fuer-die-neufassung-der-ratio-institutionis\/#primaryimage\"},\"image\":{\"@id\":\"https:\/\/www.carmelitaniscalzi.com\/de\/2022\/06\/16\/erste-sitzung-der-kommission-fuer-die-neufassung-der-ratio-institutionis\/#primaryimage\"},\"thumbnailUrl\":\"https:\/\/www.carmelitaniscalzi.com\/wp-content\/uploads\/2022\/06\/cover_ratio_05.2022.jpg\",\"datePublished\":\"2022-06-15T22:30:23+00:00\",\"breadcrumb\":{\"@id\":\"https:\/\/www.carmelitaniscalzi.com\/de\/2022\/06\/16\/erste-sitzung-der-kommission-fuer-die-neufassung-der-ratio-institutionis\/#breadcrumb\"},\"inLanguage\":\"de\",\"potentialAction\":[{\"@type\":\"ReadAction\",\"target\":[\"https:\/\/www.carmelitaniscalzi.com\/de\/2022\/06\/16\/erste-sitzung-der-kommission-fuer-die-neufassung-der-ratio-institutionis\/\"]}]},{\"@type\":\"ImageObject\",\"inLanguage\":\"de\",\"@id\":\"https:\/\/www.carmelitaniscalzi.com\/de\/2022\/06\/16\/erste-sitzung-der-kommission-fuer-die-neufassung-der-ratio-institutionis\/#primaryimage\",\"url\":\"https:\/\/www.carmelitaniscalzi.com\/wp-content\/uploads\/2022\/06\/cover_ratio_05.2022.jpg\",\"contentUrl\":\"https:\/\/www.carmelitaniscalzi.com\/wp-content\/uploads\/2022\/06\/cover_ratio_05.2022.jpg\",\"width\":1200,\"height\":800},{\"@type\":\"BreadcrumbList\",\"@id\":\"https:\/\/www.carmelitaniscalzi.com\/de\/2022\/06\/16\/erste-sitzung-der-kommission-fuer-die-neufassung-der-ratio-institutionis\/#breadcrumb\",\"itemListElement\":[{\"@type\":\"ListItem\",\"position\":1,\"name\":\"Home\",\"item\":\"https:\/\/www.carmelitaniscalzi.com\/de\/\"},{\"@type\":\"ListItem\",\"position\":2,\"name\":\"Erste Sitzung der Kommission f\u00fcr die Neufassung der Ratio Institutionis\"}]},{\"@type\":\"WebSite\",\"@id\":\"https:\/\/www.carmelitaniscalzi.com\/#website\",\"url\":\"https:\/\/www.carmelitaniscalzi.com\/\",\"name\":\"CARMELITANI SCALZI - Curia Generale del Carmelo Teresiano\",\"description\":\"Generalkurie des Teresianischen Karmel\",\"publisher\":{\"@id\":\"https:\/\/www.carmelitaniscalzi.com\/#organization\"},\"alternateName\":\"CARMELITANI SCALZI\",\"potentialAction\":[{\"@type\":\"SearchAction\",\"target\":{\"@type\":\"EntryPoint\",\"urlTemplate\":\"https:\/\/www.carmelitaniscalzi.com\/?s={search_term_string}\"},\"query-input\":{\"@type\":\"PropertyValueSpecification\",\"valueRequired\":true,\"valueName\":\"search_term_string\"}}],\"inLanguage\":\"de\"},{\"@type\":\"Organization\",\"@id\":\"https:\/\/www.carmelitaniscalzi.com\/#organization\",\"name\":\"CARMELITANI SCALZI - Curia Generale del Carmelo Teresiano\",\"url\":\"https:\/\/www.carmelitaniscalzi.com\/\",\"logo\":{\"@type\":\"ImageObject\",\"inLanguage\":\"de\",\"@id\":\"https:\/\/www.carmelitaniscalzi.com\/#\/schema\/logo\/image\/\",\"url\":\"https:\/\/www.carmelitaniscalzi.com\/wp-content\/uploads\/2025\/11\/login-logo.png\",\"contentUrl\":\"https:\/\/www.carmelitaniscalzi.com\/wp-content\/uploads\/2025\/11\/login-logo.png\",\"width\":256,\"height\":256,\"caption\":\"CARMELITANI SCALZI - Curia Generale del Carmelo Teresiano\"},\"image\":{\"@id\":\"https:\/\/www.carmelitaniscalzi.com\/#\/schema\/logo\/image\/\"},\"sameAs\":[\"https:\/\/www.facebook.com\/Curia-Generalizia-Carmelitani-Scalzi-658766940887784\/\",\"https:\/\/x.com\/ocdcuria\",\"https:\/\/www.youtube.com\/channel\/UC2J5ZL0ycOY0qBSTCLX_NGQ\/videos\",\"https:\/\/www.instagram.com\/ocdinform\/\"]},{\"@type\":\"Person\",\"@id\":\"https:\/\/www.carmelitaniscalzi.com\/#\/schema\/person\/6d1c0d9bea7b6625c437246a5d6da409\",\"name\":\"ocd web master\",\"image\":{\"@type\":\"ImageObject\",\"inLanguage\":\"de\",\"@id\":\"https:\/\/www.carmelitaniscalzi.com\/#\/schema\/person\/image\/\",\"url\":\"https:\/\/secure.gravatar.com\/avatar\/41fbc5f82bad909fbaf2984c43fa50d8519ac5853e25b454d022b6868f80d0e7?s=96&d=mm&r=g\",\"contentUrl\":\"https:\/\/secure.gravatar.com\/avatar\/41fbc5f82bad909fbaf2984c43fa50d8519ac5853e25b454d022b6868f80d0e7?s=96&d=mm&r=g\",\"caption\":\"ocd web master\"},\"url\":\"https:\/\/www.carmelitaniscalzi.com\/de\/author\/ocdwebmaster\/\"}]}<\/script>\n<!-- \/ Yoast SEO plugin. -->","yoast_head_json":{"title":"Erste Sitzung der Kommission f\u00fcr die Neufassung der Ratio Institutionis - UNBESCHUHTE KARMELITEN","robots":{"index":"index","follow":"follow","max-snippet":"max-snippet:-1","max-image-preview":"max-image-preview:large","max-video-preview":"max-video-preview:-1"},"canonical":"https:\/\/www.carmelitaniscalzi.com\/de\/2022\/06\/16\/erste-sitzung-der-kommission-fuer-die-neufassung-der-ratio-institutionis\/","og_locale":"de_DE","og_type":"article","og_title":"Erste Sitzung der Kommission f\u00fcr die Neufassung der Ratio Institutionis - UNBESCHUHTE KARMELITEN","og_description":"Die Kommission zur Neufassung des Ratio Institutionis des Ordens, die vom letzten Kapitel gefordert wurde, hielt am 4. April ihr erstes Treffen per Zoom ab. Die von P. General Miguel M\u00e1rquez konstituierte Kommission besteht aus folgenden Mitbr\u00fcdern: Mart\u00edn Martinez (Vorsitzender), Mexiko, Jean-Baptiste Pagauem (Sekret\u00e4r), Provinzdelegation Westafrika, Daniel Chowing (Koordinator -Washington), Halluendo Amit (Philippinen), Tadeus Dim [&hellip;]","og_url":"https:\/\/www.carmelitaniscalzi.com\/de\/2022\/06\/16\/erste-sitzung-der-kommission-fuer-die-neufassung-der-ratio-institutionis\/","og_site_name":"UNBESCHUHTE KARMELITEN","article_publisher":"https:\/\/www.facebook.com\/Curia-Generalizia-Carmelitani-Scalzi-658766940887784\/","article_published_time":"2022-06-15T22:30:23+00:00","og_image":[{"width":1200,"height":800,"url":"https:\/\/www.carmelitaniscalzi.com\/wp-content\/uploads\/2022\/06\/cover_ratio_05.2022.jpg","type":"image\/jpeg"}],"author":"ocd web master","twitter_card":"summary_large_image","twitter_creator":"@ocdcuria","twitter_site":"@ocdcuria","twitter_misc":{"Verfasst von":"ocd web master","Gesch\u00e4tzte Lesezeit":"1\u00a0Minute"},"schema":{"@context":"https:\/\/schema.org","@graph":[{"@type":"Article","@id":"https:\/\/www.carmelitaniscalzi.com\/de\/2022\/06\/16\/erste-sitzung-der-kommission-fuer-die-neufassung-der-ratio-institutionis\/#article","isPartOf":{"@id":"https:\/\/www.carmelitaniscalzi.com\/de\/2022\/06\/16\/erste-sitzung-der-kommission-fuer-die-neufassung-der-ratio-institutionis\/"},"author":{"name":"ocd web master","@id":"https:\/\/www.carmelitaniscalzi.com\/#\/schema\/person\/6d1c0d9bea7b6625c437246a5d6da409"},"headline":"Erste Sitzung der Kommission f\u00fcr die Neufassung der Ratio Institutionis","datePublished":"2022-06-15T22:30:23+00:00","mainEntityOfPage":{"@id":"https:\/\/www.carmelitaniscalzi.com\/de\/2022\/06\/16\/erste-sitzung-der-kommission-fuer-die-neufassung-der-ratio-institutionis\/"},"wordCount":208,"publisher":{"@id":"https:\/\/www.carmelitaniscalzi.com\/#organization"},"image":{"@id":"https:\/\/www.carmelitaniscalzi.com\/de\/2022\/06\/16\/erste-sitzung-der-kommission-fuer-die-neufassung-der-ratio-institutionis\/#primaryimage"},"thumbnailUrl":"https:\/\/www.carmelitaniscalzi.com\/wp-content\/uploads\/2022\/06\/cover_ratio_05.2022.jpg","articleSection":["Nachrichten von P. General","Nachrichten zur Ausbildung","Nachrichten \u00fcber Br\u00fcder","Nachrichten"],"inLanguage":"de"},{"@type":"WebPage","@id":"https:\/\/www.carmelitaniscalzi.com\/de\/2022\/06\/16\/erste-sitzung-der-kommission-fuer-die-neufassung-der-ratio-institutionis\/","url":"https:\/\/www.carmelitaniscalzi.com\/de\/2022\/06\/16\/erste-sitzung-der-kommission-fuer-die-neufassung-der-ratio-institutionis\/","name":"Erste Sitzung der Kommission f\u00fcr die Neufassung der Ratio Institutionis - UNBESCHUHTE KARMELITEN","isPartOf":{"@id":"https:\/\/www.carmelitaniscalzi.com\/#website"},"primaryImageOfPage":{"@id":"https:\/\/www.carmelitaniscalzi.com\/de\/2022\/06\/16\/erste-sitzung-der-kommission-fuer-die-neufassung-der-ratio-institutionis\/#primaryimage"},"image":{"@id":"https:\/\/www.carmelitaniscalzi.com\/de\/2022\/06\/16\/erste-sitzung-der-kommission-fuer-die-neufassung-der-ratio-institutionis\/#primaryimage"},"thumbnailUrl":"https:\/\/www.carmelitaniscalzi.com\/wp-content\/uploads\/2022\/06\/cover_ratio_05.2022.jpg","datePublished":"2022-06-15T22:30:23+00:00","breadcrumb":{"@id":"https:\/\/www.carmelitaniscalzi.com\/de\/2022\/06\/16\/erste-sitzung-der-kommission-fuer-die-neufassung-der-ratio-institutionis\/#breadcrumb"},"inLanguage":"de","potentialAction":[{"@type":"ReadAction","target":["https:\/\/www.carmelitaniscalzi.com\/de\/2022\/06\/16\/erste-sitzung-der-kommission-fuer-die-neufassung-der-ratio-institutionis\/"]}]},{"@type":"ImageObject","inLanguage":"de","@id":"https:\/\/www.carmelitaniscalzi.com\/de\/2022\/06\/16\/erste-sitzung-der-kommission-fuer-die-neufassung-der-ratio-institutionis\/#primaryimage","url":"https:\/\/www.carmelitaniscalzi.com\/wp-content\/uploads\/2022\/06\/cover_ratio_05.2022.jpg","contentUrl":"https:\/\/www.carmelitaniscalzi.com\/wp-content\/uploads\/2022\/06\/cover_ratio_05.2022.jpg","width":1200,"height":800},{"@type":"BreadcrumbList","@id":"https:\/\/www.carmelitaniscalzi.com\/de\/2022\/06\/16\/erste-sitzung-der-kommission-fuer-die-neufassung-der-ratio-institutionis\/#breadcrumb","itemListElement":[{"@type":"ListItem","position":1,"name":"Home","item":"https:\/\/www.carmelitaniscalzi.com\/de\/"},{"@type":"ListItem","position":2,"name":"Erste Sitzung der Kommission f\u00fcr die Neufassung der Ratio Institutionis"}]},{"@type":"WebSite","@id":"https:\/\/www.carmelitaniscalzi.com\/#website","url":"https:\/\/www.carmelitaniscalzi.com\/","name":"CARMELITANI SCALZI - Curia Generale del Carmelo Teresiano","description":"Generalkurie des Teresianischen Karmel","publisher":{"@id":"https:\/\/www.carmelitaniscalzi.com\/#organization"},"alternateName":"CARMELITANI SCALZI","potentialAction":[{"@type":"SearchAction","target":{"@type":"EntryPoint","urlTemplate":"https:\/\/www.carmelitaniscalzi.com\/?s={search_term_string}"},"query-input":{"@type":"PropertyValueSpecification","valueRequired":true,"valueName":"search_term_string"}}],"inLanguage":"de"},{"@type":"Organization","@id":"https:\/\/www.carmelitaniscalzi.com\/#organization","name":"CARMELITANI SCALZI - Curia Generale del Carmelo Teresiano","url":"https:\/\/www.carmelitaniscalzi.com\/","logo":{"@type":"ImageObject","inLanguage":"de","@id":"https:\/\/www.carmelitaniscalzi.com\/#\/schema\/logo\/image\/","url":"https:\/\/www.carmelitaniscalzi.com\/wp-content\/uploads\/2025\/11\/login-logo.png","contentUrl":"https:\/\/www.carmelitaniscalzi.com\/wp-content\/uploads\/2025\/11\/login-logo.png","width":256,"height":256,"caption":"CARMELITANI SCALZI - Curia Generale del Carmelo Teresiano"},"image":{"@id":"https:\/\/www.carmelitaniscalzi.com\/#\/schema\/logo\/image\/"},"sameAs":["https:\/\/www.facebook.com\/Curia-Generalizia-Carmelitani-Scalzi-658766940887784\/","https:\/\/x.com\/ocdcuria","https:\/\/www.youtube.com\/channel\/UC2J5ZL0ycOY0qBSTCLX_NGQ\/videos","https:\/\/www.instagram.com\/ocdinform\/"]},{"@type":"Person","@id":"https:\/\/www.carmelitaniscalzi.com\/#\/schema\/person\/6d1c0d9bea7b6625c437246a5d6da409","name":"ocd web master","image":{"@type":"ImageObject","inLanguage":"de","@id":"https:\/\/www.carmelitaniscalzi.com\/#\/schema\/person\/image\/","url":"https:\/\/secure.gravatar.com\/avatar\/41fbc5f82bad909fbaf2984c43fa50d8519ac5853e25b454d022b6868f80d0e7?s=96&d=mm&r=g","contentUrl":"https:\/\/secure.gravatar.com\/avatar\/41fbc5f82bad909fbaf2984c43fa50d8519ac5853e25b454d022b6868f80d0e7?s=96&d=mm&r=g","caption":"ocd web master"},"url":"https:\/\/www.carmelitaniscalzi.com\/de\/author\/ocdwebmaster\/"}]}},"_links":{"self":[{"href":"https:\/\/www.carmelitaniscalzi.com\/de\/wp-json\/wp\/v2\/posts\/152410","targetHints":{"allow":["GET"]}}],"collection":[{"href":"https:\/\/www.carmelitaniscalzi.com\/de\/wp-json\/wp\/v2\/posts"}],"about":[{"href":"https:\/\/www.carmelitaniscalzi.com\/de\/wp-json\/wp\/v2\/types\/post"}],"author":[{"embeddable":true,"href":"https:\/\/www.carmelitaniscalzi.com\/de\/wp-json\/wp\/v2\/users\/7"}],"replies":[{"embeddable":true,"href":"https:\/\/www.carmelitaniscalzi.com\/de\/wp-json\/wp\/v2\/comments?post=152410"}],"version-history":[{"count":1,"href":"https:\/\/www.carmelitaniscalzi.com\/de\/wp-json\/wp\/v2\/posts\/152410\/revisions"}],"predecessor-version":[{"id":152411,"href":"https:\/\/www.carmelitaniscalzi.com\/de\/wp-json\/wp\/v2\/posts\/152410\/revisions\/152411"}],"wp:featuredmedia":[{"embeddable":true,"href":"https:\/\/www.carmelitaniscalzi.com\/de\/wp-json\/wp\/v2\/media\/152258"}],"wp:attachment":[{"href":"https:\/\/www.carmelitaniscalzi.com\/de\/wp-json\/wp\/v2\/media?parent=152410"}],"wp:term":[{"taxonomy":"category","embeddable":true,"href":"https:\/\/www.carmelitaniscalzi.com\/de\/wp-json\/wp\/v2\/categories?post=152410"},{"taxonomy":"post_tag","embeddable":true,"href":"https:\/\/www.carmelitaniscalzi.com\/de\/wp-json\/wp\/v2\/tags?post=152410"}],"curies":[{"name":"wp","href":"https:\/\/api.w.org\/{rel}","templated":true}]}}