{"id":15093,"date":"2017-08-22T18:03:33","date_gmt":"2017-08-22T16:03:33","guid":{"rendered":"https:\/\/www.carmelitaniscalzi.com\/de\/?p=15093"},"modified":"2017-08-22T18:03:33","modified_gmt":"2017-08-22T16:03:33","slug":"die-unbeschuhten-karmelitinnen-von-panama","status":"publish","type":"post","link":"https:\/\/www.carmelitaniscalzi.com\/de\/2017\/08\/22\/die-unbeschuhten-karmelitinnen-von-panama\/","title":{"rendered":"Die Unbeschuhten Karmelitinnen von Panam\u00e1"},"content":{"rendered":"<p>Acht Monate nach der Ankunft der Unbeschuhten Karmelitinnen in Panam\u00e1 m\u00f6chten wir diese kurze Chronik \u00fcber ihre ersten Monate in diesem Land Mittelamerikas mitteilen.<\/p>\n<p>\u201cMit gro\u00dfer Begeisterung kamen wir am 23. Januar 2017 an und feierten am 25. bereits die Einweihung der Gr\u00fcndung, zusammen mit den Bisch\u00f6fen Betran Wick von Santo Domingo in Ecuador und Manuel Ochogav\u00eda von Col\u00f3n, der uns eingeladen hat und in dessen Di\u00f6zese wir sind. Zugegen waren auch die Provinzi\u00e4le von Mittelamerika und Kolumbien, sowie der Provinzdelegat von Ecuador, und eine gro\u00dfe Anzahl von Priestern, Ordensleuten und Gl\u00e4ubigen, die jahrelang um Karmelitinnen gebetet haben; insgesamt waren es ca. 500 Personen.<\/p>\n<p>In diesen ersten Monaten haben wir von Seiten der Menschen warmherzige Gastfreundschaft und gro\u00dfes Interesse erfahren; im Rahmen ihrer M\u00f6glichkeiten unterst\u00fctzen sie uns in gro\u00dfer Selbstlosigkeit. Durch die t\u00e4gliche Eucharistiefeier werden wir gest\u00e4rkt, f\u00fcr die geistliche Begleitung stehen unsere Mitbr\u00fcder gro\u00dfz\u00fcgig zur Verf\u00fcgung.<\/p>\n<p>Der Ort, den uns die Di\u00f6zese geschenkt hat, ist sehr sch\u00f6n, mit \u00fcppiger Vegetation, da er Teil eines Naturparks von 21 Hektar ist. Wir haben auch eine Marienkapelle mit einem kleinen Haus mit f\u00fcnf Zimmern und ein Oratorium, wo wir die Litrugie feiern.<\/p>\n<p>Unseren Lebensunterhalt wollen wir mit der Herstellung von Hostien bestreiten, da es im ganzen Land nur eine Kommunit\u00e4t gibt, die sich dieser T\u00e4tigkeit widmet, und wir sehen, dass wir da mithelfen k\u00f6nnen.<\/p>\n<p>Bis endlich die n\u00f6tigen Maschinen kommen, was ca. ein Jahr dauert, stellen wir Skapuliere her, einmal in der Woche backen wir Brot, das unsere Patres verkaufen. Damit wollen wir nach und nach die Maschinen bezahlen, doch ist es der Herr selbst, der f\u00fcr alles sorgt, was dazu n\u00f6tig ist, und so erfahren wir seine Sorge und Liebe f\u00fcr uns, die sich in der Gro\u00dfz\u00fcgigkeit der Menschen zeigt. Zurzeit sitzen wir an den Baupl\u00e4nen und bem\u00fchen uns im Vertrauen auf die G\u00f6ttliche Vorsehung um das n\u00f6tige Geld.<\/p>\n<p>Wir freuen uns, dass es einen Tabernakel mehr gibt, wo der Herr geliebt und verherrlicht wird, und sich unser Orden und mit ihm die Teresianische Spiritualit\u00e4t verbreitet.<\/p>\n<p>Wir bitten um euer Gebet, damit wir treu die uns anvertraute Mission erf\u00fcllen und Zeuginnen f\u00fcr die Gegenwart Gottes in dieser Welt sein k\u00f6nnen, insbesondere aber f\u00fcr diese Kirche in Col\u00f3n Kuna Yala.\u201d<\/p>\n<p>Die Karmelitinnen von Panam\u00e1.<\/p>\n<p><img loading=\"lazy\" decoding=\"async\" class=\"alignnone size-medium wp-image-15087\" src=\"https:\/\/www.carmelitaniscalzi.com\/wp-content\/uploads\/2017\/08\/07c-225x300.jpg\" alt=\"\" width=\"225\" height=\"300\" srcset=\"https:\/\/www.carmelitaniscalzi.com\/wp-content\/uploads\/2017\/08\/07c-225x300.jpg 225w, https:\/\/www.carmelitaniscalzi.com\/wp-content\/uploads\/2017\/08\/07c-41x55.jpg 41w, https:\/\/www.carmelitaniscalzi.com\/wp-content\/uploads\/2017\/08\/07c.jpg 240w\" sizes=\"auto, (max-width: 225px) 100vw, 225px\" \/> <img loading=\"lazy\" decoding=\"async\" class=\"alignnone size-medium wp-image-15086\" src=\"https:\/\/www.carmelitaniscalzi.com\/wp-content\/uploads\/2017\/08\/07b-300x225.jpg\" alt=\"\" width=\"300\" height=\"225\" srcset=\"https:\/\/www.carmelitaniscalzi.com\/wp-content\/uploads\/2017\/08\/07b-300x225.jpg 300w, https:\/\/www.carmelitaniscalzi.com\/wp-content\/uploads\/2017\/08\/07b-73x55.jpg 73w, https:\/\/www.carmelitaniscalzi.com\/wp-content\/uploads\/2017\/08\/07b.jpg 512w\" sizes=\"auto, (max-width: 300px) 100vw, 300px\" \/> <img loading=\"lazy\" decoding=\"async\" class=\"alignnone size-medium wp-image-15085\" src=\"https:\/\/www.carmelitaniscalzi.com\/wp-content\/uploads\/2017\/08\/07a-169x300.jpg\" alt=\"\" width=\"169\" height=\"300\" srcset=\"https:\/\/www.carmelitaniscalzi.com\/wp-content\/uploads\/2017\/08\/07a-169x300.jpg 169w, https:\/\/www.carmelitaniscalzi.com\/wp-content\/uploads\/2017\/08\/07a-31x55.jpg 31w, https:\/\/www.carmelitaniscalzi.com\/wp-content\/uploads\/2017\/08\/07a.jpg 288w\" sizes=\"auto, (max-width: 169px) 100vw, 169px\" \/> <img loading=\"lazy\" decoding=\"async\" class=\"alignnone size-medium wp-image-15084\" src=\"https:\/\/www.carmelitaniscalzi.com\/wp-content\/uploads\/2017\/08\/07-300x225.jpg\" alt=\"\" width=\"300\" height=\"225\" srcset=\"https:\/\/www.carmelitaniscalzi.com\/wp-content\/uploads\/2017\/08\/07-300x225.jpg 300w, https:\/\/www.carmelitaniscalzi.com\/wp-content\/uploads\/2017\/08\/07-768x576.jpg 768w, https:\/\/www.carmelitaniscalzi.com\/wp-content\/uploads\/2017\/08\/07-1024x768.jpg 1024w, https:\/\/www.carmelitaniscalzi.com\/wp-content\/uploads\/2017\/08\/07-73x55.jpg 73w, https:\/\/www.carmelitaniscalzi.com\/wp-content\/uploads\/2017\/08\/07-800x600.jpg 800w, https:\/\/www.carmelitaniscalzi.com\/wp-content\/uploads\/2017\/08\/07-580x435.jpg 580w, https:\/\/www.carmelitaniscalzi.com\/wp-content\/uploads\/2017\/08\/07.jpg 1440w\" sizes=\"auto, (max-width: 300px) 100vw, 300px\" \/> <img loading=\"lazy\" decoding=\"async\" class=\"alignnone size-medium wp-image-15083\" src=\"https:\/\/www.carmelitaniscalzi.com\/wp-content\/uploads\/2017\/08\/06b-200x300.jpg\" alt=\"\" width=\"200\" height=\"300\" srcset=\"https:\/\/www.carmelitaniscalzi.com\/wp-content\/uploads\/2017\/08\/06b-200x300.jpg 200w, https:\/\/www.carmelitaniscalzi.com\/wp-content\/uploads\/2017\/08\/06b-37x55.jpg 37w, https:\/\/www.carmelitaniscalzi.com\/wp-content\/uploads\/2017\/08\/06b.jpg 341w\" sizes=\"auto, (max-width: 200px) 100vw, 200px\" \/> <img loading=\"lazy\" decoding=\"async\" class=\"alignnone size-medium wp-image-15082\" src=\"https:\/\/www.carmelitaniscalzi.com\/wp-content\/uploads\/2017\/08\/06a-300x168.jpeg\" alt=\"\" width=\"300\" height=\"168\" srcset=\"https:\/\/www.carmelitaniscalzi.com\/wp-content\/uploads\/2017\/08\/06a-300x168.jpeg 300w, https:\/\/www.carmelitaniscalzi.com\/wp-content\/uploads\/2017\/08\/06a-98x55.jpeg 98w, https:\/\/www.carmelitaniscalzi.com\/wp-content\/uploads\/2017\/08\/06a-270x152.jpeg 270w, https:\/\/www.carmelitaniscalzi.com\/wp-content\/uploads\/2017\/08\/06a.jpeg 512w\" sizes=\"auto, (max-width: 300px) 100vw, 300px\" \/> <img loading=\"lazy\" decoding=\"async\" class=\"alignnone size-medium wp-image-15081\" src=\"https:\/\/www.carmelitaniscalzi.com\/wp-content\/uploads\/2017\/08\/06-225x300.jpg\" alt=\"\" width=\"225\" height=\"300\" srcset=\"https:\/\/www.carmelitaniscalzi.com\/wp-content\/uploads\/2017\/08\/06-225x300.jpg 225w, https:\/\/www.carmelitaniscalzi.com\/wp-content\/uploads\/2017\/08\/06-768x1024.jpg 768w, https:\/\/www.carmelitaniscalzi.com\/wp-content\/uploads\/2017\/08\/06-41x55.jpg 41w, https:\/\/www.carmelitaniscalzi.com\/wp-content\/uploads\/2017\/08\/06-800x1067.jpg 800w, https:\/\/www.carmelitaniscalzi.com\/wp-content\/uploads\/2017\/08\/06-580x773.jpg 580w, https:\/\/www.carmelitaniscalzi.com\/wp-content\/uploads\/2017\/08\/06.jpg 1080w\" sizes=\"auto, (max-width: 225px) 100vw, 225px\" \/> <img loading=\"lazy\" decoding=\"async\" class=\"alignnone size-medium wp-image-15080\" src=\"https:\/\/www.carmelitaniscalzi.com\/wp-content\/uploads\/2017\/08\/05b-300x169.jpg\" alt=\"\" width=\"300\" height=\"169\" srcset=\"https:\/\/www.carmelitaniscalzi.com\/wp-content\/uploads\/2017\/08\/05b-300x169.jpg 300w, https:\/\/www.carmelitaniscalzi.com\/wp-content\/uploads\/2017\/08\/05b-98x55.jpg 98w, https:\/\/www.carmelitaniscalzi.com\/wp-content\/uploads\/2017\/08\/05b-270x152.jpg 270w, https:\/\/www.carmelitaniscalzi.com\/wp-content\/uploads\/2017\/08\/05b-580x326.jpg 580w, https:\/\/www.carmelitaniscalzi.com\/wp-content\/uploads\/2017\/08\/05b.jpg 667w\" sizes=\"auto, (max-width: 300px) 100vw, 300px\" \/> <img loading=\"lazy\" decoding=\"async\" class=\"alignnone size-medium wp-image-15079\" src=\"https:\/\/www.carmelitaniscalzi.com\/wp-content\/uploads\/2017\/08\/05-225x300.jpg\" alt=\"\" width=\"225\" height=\"300\" srcset=\"https:\/\/www.carmelitaniscalzi.com\/wp-content\/uploads\/2017\/08\/05-225x300.jpg 225w, https:\/\/www.carmelitaniscalzi.com\/wp-content\/uploads\/2017\/08\/05-41x55.jpg 41w, https:\/\/www.carmelitaniscalzi.com\/wp-content\/uploads\/2017\/08\/05.jpg 384w\" sizes=\"auto, (max-width: 225px) 100vw, 225px\" \/> <img loading=\"lazy\" decoding=\"async\" class=\"alignnone size-medium wp-image-15078\" src=\"https:\/\/www.carmelitaniscalzi.com\/wp-content\/uploads\/2017\/08\/04-1-169x300.jpg\" alt=\"\" width=\"169\" height=\"300\" srcset=\"https:\/\/www.carmelitaniscalzi.com\/wp-content\/uploads\/2017\/08\/04-1-169x300.jpg 169w, https:\/\/www.carmelitaniscalzi.com\/wp-content\/uploads\/2017\/08\/04-1-31x55.jpg 31w, https:\/\/www.carmelitaniscalzi.com\/wp-content\/uploads\/2017\/08\/04-1.jpg 288w\" sizes=\"auto, (max-width: 169px) 100vw, 169px\" \/> <img loading=\"lazy\" decoding=\"async\" class=\"alignnone size-medium wp-image-15077\" src=\"https:\/\/www.carmelitaniscalzi.com\/wp-content\/uploads\/2017\/08\/03a.jpg\" alt=\"\" width=\"280\" height=\"158\" srcset=\"https:\/\/www.carmelitaniscalzi.com\/wp-content\/uploads\/2017\/08\/03a.jpg 280w, https:\/\/www.carmelitaniscalzi.com\/wp-content\/uploads\/2017\/08\/03a-97x55.jpg 97w, https:\/\/www.carmelitaniscalzi.com\/wp-content\/uploads\/2017\/08\/03a-270x152.jpg 270w\" sizes=\"auto, (max-width: 280px) 100vw, 280px\" \/> <img loading=\"lazy\" decoding=\"async\" class=\"alignnone size-medium wp-image-15076\" src=\"https:\/\/www.carmelitaniscalzi.com\/wp-content\/uploads\/2017\/08\/03-1.jpg\" alt=\"\" width=\"280\" height=\"158\" srcset=\"https:\/\/www.carmelitaniscalzi.com\/wp-content\/uploads\/2017\/08\/03-1.jpg 280w, https:\/\/www.carmelitaniscalzi.com\/wp-content\/uploads\/2017\/08\/03-1-97x55.jpg 97w, https:\/\/www.carmelitaniscalzi.com\/wp-content\/uploads\/2017\/08\/03-1-270x152.jpg 270w\" sizes=\"auto, (max-width: 280px) 100vw, 280px\" \/> <img loading=\"lazy\" decoding=\"async\" class=\"alignnone size-medium wp-image-15075\" src=\"https:\/\/www.carmelitaniscalzi.com\/wp-content\/uploads\/2017\/08\/02d.jpg\" alt=\"\" width=\"280\" height=\"158\" srcset=\"https:\/\/www.carmelitaniscalzi.com\/wp-content\/uploads\/2017\/08\/02d.jpg 280w, https:\/\/www.carmelitaniscalzi.com\/wp-content\/uploads\/2017\/08\/02d-97x55.jpg 97w, https:\/\/www.carmelitaniscalzi.com\/wp-content\/uploads\/2017\/08\/02d-270x152.jpg 270w\" sizes=\"auto, (max-width: 280px) 100vw, 280px\" \/> <img loading=\"lazy\" decoding=\"async\" class=\"alignnone size-medium wp-image-15074\" src=\"https:\/\/www.carmelitaniscalzi.com\/wp-content\/uploads\/2017\/08\/02c.jpg\" alt=\"\" width=\"280\" height=\"158\" srcset=\"https:\/\/www.carmelitaniscalzi.com\/wp-content\/uploads\/2017\/08\/02c.jpg 280w, https:\/\/www.carmelitaniscalzi.com\/wp-content\/uploads\/2017\/08\/02c-97x55.jpg 97w, https:\/\/www.carmelitaniscalzi.com\/wp-content\/uploads\/2017\/08\/02c-270x152.jpg 270w\" sizes=\"auto, (max-width: 280px) 100vw, 280px\" \/> <img loading=\"lazy\" decoding=\"async\" class=\"alignnone size-medium wp-image-15073\" src=\"https:\/\/www.carmelitaniscalzi.com\/wp-content\/uploads\/2017\/08\/02b.jpg\" alt=\"\" width=\"280\" height=\"158\" srcset=\"https:\/\/www.carmelitaniscalzi.com\/wp-content\/uploads\/2017\/08\/02b.jpg 280w, https:\/\/www.carmelitaniscalzi.com\/wp-content\/uploads\/2017\/08\/02b-97x55.jpg 97w, https:\/\/www.carmelitaniscalzi.com\/wp-content\/uploads\/2017\/08\/02b-270x152.jpg 270w\" sizes=\"auto, (max-width: 280px) 100vw, 280px\" \/> <img loading=\"lazy\" decoding=\"async\" class=\"alignnone size-medium wp-image-15072\" src=\"https:\/\/www.carmelitaniscalzi.com\/wp-content\/uploads\/2017\/08\/02a-300x169.jpg\" alt=\"\" width=\"300\" height=\"169\" srcset=\"https:\/\/www.carmelitaniscalzi.com\/wp-content\/uploads\/2017\/08\/02a-300x169.jpg 300w, https:\/\/www.carmelitaniscalzi.com\/wp-content\/uploads\/2017\/08\/02a-98x55.jpg 98w, https:\/\/www.carmelitaniscalzi.com\/wp-content\/uploads\/2017\/08\/02a-270x152.jpg 270w, https:\/\/www.carmelitaniscalzi.com\/wp-content\/uploads\/2017\/08\/02a-580x326.jpg 580w, https:\/\/www.carmelitaniscalzi.com\/wp-content\/uploads\/2017\/08\/02a.jpg 667w\" sizes=\"auto, (max-width: 300px) 100vw, 300px\" \/> <img loading=\"lazy\" decoding=\"async\" class=\"alignnone size-medium wp-image-15071\" src=\"https:\/\/www.carmelitaniscalzi.com\/wp-content\/uploads\/2017\/08\/02-1.jpg\" alt=\"\" width=\"280\" height=\"158\" srcset=\"https:\/\/www.carmelitaniscalzi.com\/wp-content\/uploads\/2017\/08\/02-1.jpg 280w, https:\/\/www.carmelitaniscalzi.com\/wp-content\/uploads\/2017\/08\/02-1-97x55.jpg 97w, https:\/\/www.carmelitaniscalzi.com\/wp-content\/uploads\/2017\/08\/02-1-270x152.jpg 270w\" sizes=\"auto, (max-width: 280px) 100vw, 280px\" \/> <img loading=\"lazy\" decoding=\"async\" class=\"alignnone size-medium wp-image-15070\" src=\"https:\/\/www.carmelitaniscalzi.com\/wp-content\/uploads\/2017\/08\/01-1-300x200.jpg\" alt=\"\" width=\"300\" height=\"200\" srcset=\"https:\/\/www.carmelitaniscalzi.com\/wp-content\/uploads\/2017\/08\/01-1-300x200.jpg 300w, https:\/\/www.carmelitaniscalzi.com\/wp-content\/uploads\/2017\/08\/01-1-768x512.jpg 768w, https:\/\/www.carmelitaniscalzi.com\/wp-content\/uploads\/2017\/08\/01-1-1024x683.jpg 1024w, https:\/\/www.carmelitaniscalzi.com\/wp-content\/uploads\/2017\/08\/01-1-83x55.jpg 83w, https:\/\/www.carmelitaniscalzi.com\/wp-content\/uploads\/2017\/08\/01-1-800x533.jpg 800w, https:\/\/www.carmelitaniscalzi.com\/wp-content\/uploads\/2017\/08\/01-1-580x387.jpg 580w, https:\/\/www.carmelitaniscalzi.com\/wp-content\/uploads\/2017\/08\/01-1.jpg 1152w\" sizes=\"auto, (max-width: 300px) 100vw, 300px\" \/><\/p>\n","protected":false},"excerpt":{"rendered":"<p>Acht Monate nach der Ankunft der Unbeschuhten Karmelitinnen in Panam\u00e1 m\u00f6chten wir diese kurze Chronik \u00fcber ihre ersten Monate in diesem Land Mittelamerikas mitteilen. \u201cMit gro\u00dfer Begeisterung kamen wir am 23. Januar 2017 an und feierten am 25. bereits die Einweihung der Gr\u00fcndung, zusammen mit den Bisch\u00f6fen Betran Wick von Santo Domingo in Ecuador und [&hellip;]<\/p>\n","protected":false},"author":7,"featured_media":15069,"comment_status":"closed","ping_status":"closed","sticky":false,"template":"","format":"standard","meta":{"_acf_changed":false,"footnotes":""},"categories":[214,371],"tags":[],"class_list":["post-15093","post","type-post","status-publish","format-standard","has-post-thumbnail","hentry","category-nachrichten-ueber-schwestern","category-nachrichten"],"acf":[],"yoast_head":"<!-- This site is optimized with the Yoast SEO plugin v26.3 - https:\/\/yoast.com\/wordpress\/plugins\/seo\/ -->\n<title>Die Unbeschuhten Karmelitinnen von Panam\u00e1 - UNBESCHUHTE KARMELITEN<\/title>\n<meta name=\"robots\" content=\"index, follow, max-snippet:-1, max-image-preview:large, max-video-preview:-1\" \/>\n<link rel=\"canonical\" href=\"https:\/\/www.carmelitaniscalzi.com\/de\/2017\/08\/22\/die-unbeschuhten-karmelitinnen-von-panama\/\" \/>\n<meta property=\"og:locale\" content=\"de_DE\" \/>\n<meta property=\"og:type\" content=\"article\" \/>\n<meta property=\"og:title\" content=\"Die Unbeschuhten Karmelitinnen von Panam\u00e1 - UNBESCHUHTE KARMELITEN\" \/>\n<meta property=\"og:description\" content=\"Acht Monate nach der Ankunft der Unbeschuhten Karmelitinnen in Panam\u00e1 m\u00f6chten wir diese kurze Chronik \u00fcber ihre ersten Monate in diesem Land Mittelamerikas mitteilen. \u201cMit gro\u00dfer Begeisterung kamen wir am 23. Januar 2017 an und feierten am 25. bereits die Einweihung der Gr\u00fcndung, zusammen mit den Bisch\u00f6fen Betran Wick von Santo Domingo in Ecuador und [&hellip;]\" \/>\n<meta property=\"og:url\" content=\"https:\/\/www.carmelitaniscalzi.com\/de\/2017\/08\/22\/die-unbeschuhten-karmelitinnen-von-panama\/\" \/>\n<meta property=\"og:site_name\" content=\"UNBESCHUHTE KARMELITEN\" \/>\n<meta property=\"article:publisher\" content=\"https:\/\/www.facebook.com\/Curia-Generalizia-Carmelitani-Scalzi-658766940887784\/\" \/>\n<meta property=\"article:published_time\" content=\"2017-08-22T16:03:33+00:00\" \/>\n<meta property=\"og:image\" content=\"https:\/\/www.carmelitaniscalzi.com\/wp-content\/uploads\/2017\/08\/0.jpg\" \/>\n\t<meta property=\"og:image:width\" content=\"512\" \/>\n\t<meta property=\"og:image:height\" content=\"348\" \/>\n\t<meta property=\"og:image:type\" content=\"image\/jpeg\" \/>\n<meta name=\"author\" content=\"ocd web master\" \/>\n<meta name=\"twitter:card\" content=\"summary_large_image\" \/>\n<meta name=\"twitter:creator\" content=\"@ocdcuria\" \/>\n<meta name=\"twitter:site\" content=\"@ocdcuria\" \/>\n<meta name=\"twitter:label1\" content=\"Verfasst von\" \/>\n\t<meta name=\"twitter:data1\" content=\"ocd web master\" \/>\n\t<meta name=\"twitter:label2\" content=\"Gesch\u00e4tzte Lesezeit\" \/>\n\t<meta name=\"twitter:data2\" content=\"2\u00a0Minuten\" \/>\n<script type=\"application\/ld+json\" class=\"yoast-schema-graph\">{\"@context\":\"https:\/\/schema.org\",\"@graph\":[{\"@type\":\"Article\",\"@id\":\"https:\/\/www.carmelitaniscalzi.com\/de\/2017\/08\/22\/die-unbeschuhten-karmelitinnen-von-panama\/#article\",\"isPartOf\":{\"@id\":\"https:\/\/www.carmelitaniscalzi.com\/de\/2017\/08\/22\/die-unbeschuhten-karmelitinnen-von-panama\/\"},\"author\":{\"name\":\"ocd web master\",\"@id\":\"https:\/\/www.carmelitaniscalzi.com\/#\/schema\/person\/6d1c0d9bea7b6625c437246a5d6da409\"},\"headline\":\"Die Unbeschuhten Karmelitinnen von Panam\u00e1\",\"datePublished\":\"2017-08-22T16:03:33+00:00\",\"mainEntityOfPage\":{\"@id\":\"https:\/\/www.carmelitaniscalzi.com\/de\/2017\/08\/22\/die-unbeschuhten-karmelitinnen-von-panama\/\"},\"wordCount\":415,\"publisher\":{\"@id\":\"https:\/\/www.carmelitaniscalzi.com\/#organization\"},\"image\":{\"@id\":\"https:\/\/www.carmelitaniscalzi.com\/de\/2017\/08\/22\/die-unbeschuhten-karmelitinnen-von-panama\/#primaryimage\"},\"thumbnailUrl\":\"https:\/\/www.carmelitaniscalzi.com\/wp-content\/uploads\/2017\/08\/0.jpg\",\"articleSection\":[\"Nachrichten \u00fcber Schwestern\",\"Nachrichten\"],\"inLanguage\":\"de\"},{\"@type\":\"WebPage\",\"@id\":\"https:\/\/www.carmelitaniscalzi.com\/de\/2017\/08\/22\/die-unbeschuhten-karmelitinnen-von-panama\/\",\"url\":\"https:\/\/www.carmelitaniscalzi.com\/de\/2017\/08\/22\/die-unbeschuhten-karmelitinnen-von-panama\/\",\"name\":\"Die Unbeschuhten Karmelitinnen von Panam\u00e1 - UNBESCHUHTE KARMELITEN\",\"isPartOf\":{\"@id\":\"https:\/\/www.carmelitaniscalzi.com\/#website\"},\"primaryImageOfPage\":{\"@id\":\"https:\/\/www.carmelitaniscalzi.com\/de\/2017\/08\/22\/die-unbeschuhten-karmelitinnen-von-panama\/#primaryimage\"},\"image\":{\"@id\":\"https:\/\/www.carmelitaniscalzi.com\/de\/2017\/08\/22\/die-unbeschuhten-karmelitinnen-von-panama\/#primaryimage\"},\"thumbnailUrl\":\"https:\/\/www.carmelitaniscalzi.com\/wp-content\/uploads\/2017\/08\/0.jpg\",\"datePublished\":\"2017-08-22T16:03:33+00:00\",\"breadcrumb\":{\"@id\":\"https:\/\/www.carmelitaniscalzi.com\/de\/2017\/08\/22\/die-unbeschuhten-karmelitinnen-von-panama\/#breadcrumb\"},\"inLanguage\":\"de\",\"potentialAction\":[{\"@type\":\"ReadAction\",\"target\":[\"https:\/\/www.carmelitaniscalzi.com\/de\/2017\/08\/22\/die-unbeschuhten-karmelitinnen-von-panama\/\"]}]},{\"@type\":\"ImageObject\",\"inLanguage\":\"de\",\"@id\":\"https:\/\/www.carmelitaniscalzi.com\/de\/2017\/08\/22\/die-unbeschuhten-karmelitinnen-von-panama\/#primaryimage\",\"url\":\"https:\/\/www.carmelitaniscalzi.com\/wp-content\/uploads\/2017\/08\/0.jpg\",\"contentUrl\":\"https:\/\/www.carmelitaniscalzi.com\/wp-content\/uploads\/2017\/08\/0.jpg\",\"width\":512,\"height\":348},{\"@type\":\"BreadcrumbList\",\"@id\":\"https:\/\/www.carmelitaniscalzi.com\/de\/2017\/08\/22\/die-unbeschuhten-karmelitinnen-von-panama\/#breadcrumb\",\"itemListElement\":[{\"@type\":\"ListItem\",\"position\":1,\"name\":\"Home\",\"item\":\"https:\/\/www.carmelitaniscalzi.com\/de\/\"},{\"@type\":\"ListItem\",\"position\":2,\"name\":\"Die Unbeschuhten Karmelitinnen von Panam\u00e1\"}]},{\"@type\":\"WebSite\",\"@id\":\"https:\/\/www.carmelitaniscalzi.com\/#website\",\"url\":\"https:\/\/www.carmelitaniscalzi.com\/\",\"name\":\"CARMELITANI SCALZI - Curia Generale del Carmelo Teresiano\",\"description\":\"Generalkurie des Teresianischen Karmel\",\"publisher\":{\"@id\":\"https:\/\/www.carmelitaniscalzi.com\/#organization\"},\"alternateName\":\"CARMELITANI SCALZI\",\"potentialAction\":[{\"@type\":\"SearchAction\",\"target\":{\"@type\":\"EntryPoint\",\"urlTemplate\":\"https:\/\/www.carmelitaniscalzi.com\/?s={search_term_string}\"},\"query-input\":{\"@type\":\"PropertyValueSpecification\",\"valueRequired\":true,\"valueName\":\"search_term_string\"}}],\"inLanguage\":\"de\"},{\"@type\":\"Organization\",\"@id\":\"https:\/\/www.carmelitaniscalzi.com\/#organization\",\"name\":\"CARMELITANI SCALZI - Curia Generale del Carmelo Teresiano\",\"url\":\"https:\/\/www.carmelitaniscalzi.com\/\",\"logo\":{\"@type\":\"ImageObject\",\"inLanguage\":\"de\",\"@id\":\"https:\/\/www.carmelitaniscalzi.com\/#\/schema\/logo\/image\/\",\"url\":\"https:\/\/www.carmelitaniscalzi.com\/wp-content\/uploads\/2025\/11\/login-logo.png\",\"contentUrl\":\"https:\/\/www.carmelitaniscalzi.com\/wp-content\/uploads\/2025\/11\/login-logo.png\",\"width\":256,\"height\":256,\"caption\":\"CARMELITANI SCALZI - Curia Generale del Carmelo Teresiano\"},\"image\":{\"@id\":\"https:\/\/www.carmelitaniscalzi.com\/#\/schema\/logo\/image\/\"},\"sameAs\":[\"https:\/\/www.facebook.com\/Curia-Generalizia-Carmelitani-Scalzi-658766940887784\/\",\"https:\/\/x.com\/ocdcuria\",\"https:\/\/www.youtube.com\/channel\/UC2J5ZL0ycOY0qBSTCLX_NGQ\/videos\",\"https:\/\/www.instagram.com\/ocdinform\/\"]},{\"@type\":\"Person\",\"@id\":\"https:\/\/www.carmelitaniscalzi.com\/#\/schema\/person\/6d1c0d9bea7b6625c437246a5d6da409\",\"name\":\"ocd web master\",\"image\":{\"@type\":\"ImageObject\",\"inLanguage\":\"de\",\"@id\":\"https:\/\/www.carmelitaniscalzi.com\/#\/schema\/person\/image\/\",\"url\":\"https:\/\/secure.gravatar.com\/avatar\/41fbc5f82bad909fbaf2984c43fa50d8519ac5853e25b454d022b6868f80d0e7?s=96&d=mm&r=g\",\"contentUrl\":\"https:\/\/secure.gravatar.com\/avatar\/41fbc5f82bad909fbaf2984c43fa50d8519ac5853e25b454d022b6868f80d0e7?s=96&d=mm&r=g\",\"caption\":\"ocd web master\"},\"url\":\"https:\/\/www.carmelitaniscalzi.com\/de\/author\/ocdwebmaster\/\"}]}<\/script>\n<!-- \/ Yoast SEO plugin. -->","yoast_head_json":{"title":"Die Unbeschuhten Karmelitinnen von Panam\u00e1 - UNBESCHUHTE KARMELITEN","robots":{"index":"index","follow":"follow","max-snippet":"max-snippet:-1","max-image-preview":"max-image-preview:large","max-video-preview":"max-video-preview:-1"},"canonical":"https:\/\/www.carmelitaniscalzi.com\/de\/2017\/08\/22\/die-unbeschuhten-karmelitinnen-von-panama\/","og_locale":"de_DE","og_type":"article","og_title":"Die Unbeschuhten Karmelitinnen von Panam\u00e1 - UNBESCHUHTE KARMELITEN","og_description":"Acht Monate nach der Ankunft der Unbeschuhten Karmelitinnen in Panam\u00e1 m\u00f6chten wir diese kurze Chronik \u00fcber ihre ersten Monate in diesem Land Mittelamerikas mitteilen. \u201cMit gro\u00dfer Begeisterung kamen wir am 23. Januar 2017 an und feierten am 25. bereits die Einweihung der Gr\u00fcndung, zusammen mit den Bisch\u00f6fen Betran Wick von Santo Domingo in Ecuador und [&hellip;]","og_url":"https:\/\/www.carmelitaniscalzi.com\/de\/2017\/08\/22\/die-unbeschuhten-karmelitinnen-von-panama\/","og_site_name":"UNBESCHUHTE KARMELITEN","article_publisher":"https:\/\/www.facebook.com\/Curia-Generalizia-Carmelitani-Scalzi-658766940887784\/","article_published_time":"2017-08-22T16:03:33+00:00","og_image":[{"width":512,"height":348,"url":"https:\/\/www.carmelitaniscalzi.com\/wp-content\/uploads\/2017\/08\/0.jpg","type":"image\/jpeg"}],"author":"ocd web master","twitter_card":"summary_large_image","twitter_creator":"@ocdcuria","twitter_site":"@ocdcuria","twitter_misc":{"Verfasst von":"ocd web master","Gesch\u00e4tzte Lesezeit":"2\u00a0Minuten"},"schema":{"@context":"https:\/\/schema.org","@graph":[{"@type":"Article","@id":"https:\/\/www.carmelitaniscalzi.com\/de\/2017\/08\/22\/die-unbeschuhten-karmelitinnen-von-panama\/#article","isPartOf":{"@id":"https:\/\/www.carmelitaniscalzi.com\/de\/2017\/08\/22\/die-unbeschuhten-karmelitinnen-von-panama\/"},"author":{"name":"ocd web master","@id":"https:\/\/www.carmelitaniscalzi.com\/#\/schema\/person\/6d1c0d9bea7b6625c437246a5d6da409"},"headline":"Die Unbeschuhten Karmelitinnen von Panam\u00e1","datePublished":"2017-08-22T16:03:33+00:00","mainEntityOfPage":{"@id":"https:\/\/www.carmelitaniscalzi.com\/de\/2017\/08\/22\/die-unbeschuhten-karmelitinnen-von-panama\/"},"wordCount":415,"publisher":{"@id":"https:\/\/www.carmelitaniscalzi.com\/#organization"},"image":{"@id":"https:\/\/www.carmelitaniscalzi.com\/de\/2017\/08\/22\/die-unbeschuhten-karmelitinnen-von-panama\/#primaryimage"},"thumbnailUrl":"https:\/\/www.carmelitaniscalzi.com\/wp-content\/uploads\/2017\/08\/0.jpg","articleSection":["Nachrichten \u00fcber Schwestern","Nachrichten"],"inLanguage":"de"},{"@type":"WebPage","@id":"https:\/\/www.carmelitaniscalzi.com\/de\/2017\/08\/22\/die-unbeschuhten-karmelitinnen-von-panama\/","url":"https:\/\/www.carmelitaniscalzi.com\/de\/2017\/08\/22\/die-unbeschuhten-karmelitinnen-von-panama\/","name":"Die Unbeschuhten Karmelitinnen von Panam\u00e1 - UNBESCHUHTE KARMELITEN","isPartOf":{"@id":"https:\/\/www.carmelitaniscalzi.com\/#website"},"primaryImageOfPage":{"@id":"https:\/\/www.carmelitaniscalzi.com\/de\/2017\/08\/22\/die-unbeschuhten-karmelitinnen-von-panama\/#primaryimage"},"image":{"@id":"https:\/\/www.carmelitaniscalzi.com\/de\/2017\/08\/22\/die-unbeschuhten-karmelitinnen-von-panama\/#primaryimage"},"thumbnailUrl":"https:\/\/www.carmelitaniscalzi.com\/wp-content\/uploads\/2017\/08\/0.jpg","datePublished":"2017-08-22T16:03:33+00:00","breadcrumb":{"@id":"https:\/\/www.carmelitaniscalzi.com\/de\/2017\/08\/22\/die-unbeschuhten-karmelitinnen-von-panama\/#breadcrumb"},"inLanguage":"de","potentialAction":[{"@type":"ReadAction","target":["https:\/\/www.carmelitaniscalzi.com\/de\/2017\/08\/22\/die-unbeschuhten-karmelitinnen-von-panama\/"]}]},{"@type":"ImageObject","inLanguage":"de","@id":"https:\/\/www.carmelitaniscalzi.com\/de\/2017\/08\/22\/die-unbeschuhten-karmelitinnen-von-panama\/#primaryimage","url":"https:\/\/www.carmelitaniscalzi.com\/wp-content\/uploads\/2017\/08\/0.jpg","contentUrl":"https:\/\/www.carmelitaniscalzi.com\/wp-content\/uploads\/2017\/08\/0.jpg","width":512,"height":348},{"@type":"BreadcrumbList","@id":"https:\/\/www.carmelitaniscalzi.com\/de\/2017\/08\/22\/die-unbeschuhten-karmelitinnen-von-panama\/#breadcrumb","itemListElement":[{"@type":"ListItem","position":1,"name":"Home","item":"https:\/\/www.carmelitaniscalzi.com\/de\/"},{"@type":"ListItem","position":2,"name":"Die Unbeschuhten Karmelitinnen von Panam\u00e1"}]},{"@type":"WebSite","@id":"https:\/\/www.carmelitaniscalzi.com\/#website","url":"https:\/\/www.carmelitaniscalzi.com\/","name":"CARMELITANI SCALZI - Curia Generale del Carmelo Teresiano","description":"Generalkurie des Teresianischen Karmel","publisher":{"@id":"https:\/\/www.carmelitaniscalzi.com\/#organization"},"alternateName":"CARMELITANI SCALZI","potentialAction":[{"@type":"SearchAction","target":{"@type":"EntryPoint","urlTemplate":"https:\/\/www.carmelitaniscalzi.com\/?s={search_term_string}"},"query-input":{"@type":"PropertyValueSpecification","valueRequired":true,"valueName":"search_term_string"}}],"inLanguage":"de"},{"@type":"Organization","@id":"https:\/\/www.carmelitaniscalzi.com\/#organization","name":"CARMELITANI SCALZI - Curia Generale del Carmelo Teresiano","url":"https:\/\/www.carmelitaniscalzi.com\/","logo":{"@type":"ImageObject","inLanguage":"de","@id":"https:\/\/www.carmelitaniscalzi.com\/#\/schema\/logo\/image\/","url":"https:\/\/www.carmelitaniscalzi.com\/wp-content\/uploads\/2025\/11\/login-logo.png","contentUrl":"https:\/\/www.carmelitaniscalzi.com\/wp-content\/uploads\/2025\/11\/login-logo.png","width":256,"height":256,"caption":"CARMELITANI SCALZI - Curia Generale del Carmelo Teresiano"},"image":{"@id":"https:\/\/www.carmelitaniscalzi.com\/#\/schema\/logo\/image\/"},"sameAs":["https:\/\/www.facebook.com\/Curia-Generalizia-Carmelitani-Scalzi-658766940887784\/","https:\/\/x.com\/ocdcuria","https:\/\/www.youtube.com\/channel\/UC2J5ZL0ycOY0qBSTCLX_NGQ\/videos","https:\/\/www.instagram.com\/ocdinform\/"]},{"@type":"Person","@id":"https:\/\/www.carmelitaniscalzi.com\/#\/schema\/person\/6d1c0d9bea7b6625c437246a5d6da409","name":"ocd web master","image":{"@type":"ImageObject","inLanguage":"de","@id":"https:\/\/www.carmelitaniscalzi.com\/#\/schema\/person\/image\/","url":"https:\/\/secure.gravatar.com\/avatar\/41fbc5f82bad909fbaf2984c43fa50d8519ac5853e25b454d022b6868f80d0e7?s=96&d=mm&r=g","contentUrl":"https:\/\/secure.gravatar.com\/avatar\/41fbc5f82bad909fbaf2984c43fa50d8519ac5853e25b454d022b6868f80d0e7?s=96&d=mm&r=g","caption":"ocd web master"},"url":"https:\/\/www.carmelitaniscalzi.com\/de\/author\/ocdwebmaster\/"}]}},"_links":{"self":[{"href":"https:\/\/www.carmelitaniscalzi.com\/de\/wp-json\/wp\/v2\/posts\/15093","targetHints":{"allow":["GET"]}}],"collection":[{"href":"https:\/\/www.carmelitaniscalzi.com\/de\/wp-json\/wp\/v2\/posts"}],"about":[{"href":"https:\/\/www.carmelitaniscalzi.com\/de\/wp-json\/wp\/v2\/types\/post"}],"author":[{"embeddable":true,"href":"https:\/\/www.carmelitaniscalzi.com\/de\/wp-json\/wp\/v2\/users\/7"}],"replies":[{"embeddable":true,"href":"https:\/\/www.carmelitaniscalzi.com\/de\/wp-json\/wp\/v2\/comments?post=15093"}],"version-history":[{"count":0,"href":"https:\/\/www.carmelitaniscalzi.com\/de\/wp-json\/wp\/v2\/posts\/15093\/revisions"}],"wp:featuredmedia":[{"embeddable":true,"href":"https:\/\/www.carmelitaniscalzi.com\/de\/wp-json\/wp\/v2\/media\/15069"}],"wp:attachment":[{"href":"https:\/\/www.carmelitaniscalzi.com\/de\/wp-json\/wp\/v2\/media?parent=15093"}],"wp:term":[{"taxonomy":"category","embeddable":true,"href":"https:\/\/www.carmelitaniscalzi.com\/de\/wp-json\/wp\/v2\/categories?post=15093"},{"taxonomy":"post_tag","embeddable":true,"href":"https:\/\/www.carmelitaniscalzi.com\/de\/wp-json\/wp\/v2\/tags?post=15093"}],"curies":[{"name":"wp","href":"https:\/\/api.w.org\/{rel}","templated":true}]}}