{"id":14997,"date":"2017-08-13T11:17:15","date_gmt":"2017-08-13T09:17:15","guid":{"rendered":"https:\/\/www.carmelitaniscalzi.com\/de\/?p=14997"},"modified":"2017-08-13T11:17:15","modified_gmt":"2017-08-13T09:17:15","slug":"rueckkehr-der-unbeschuhten-karmeliten-nach-kaunas-litauen","status":"publish","type":"post","link":"https:\/\/www.carmelitaniscalzi.com\/de\/2017\/08\/13\/rueckkehr-der-unbeschuhten-karmeliten-nach-kaunas-litauen\/","title":{"rendered":"R\u00fcckkehr der Unbeschuhten Karmeliten nach Kaunas (Litauen)"},"content":{"rendered":"<p>Am 30 Juli hat die Provinz Warschau unseres Ordens \u2013 nach 172 Jahren \u2013 unseren Orden wieder nach Litauen gebracht. An diesem Tag hat unser Mitbruder, P. Valdas Paura, w\u00e4hrend einer feierlichen Liturgie in der Kirche zum hl. Kreuz im Zentrum der Stadt Kaunas von der gleichnamigen Pfarrei Besitz ergriffen. Mit ihm wird P. Emilio Bojko\u00a0dort sein, der auch schon in Burundi war und auch mit der Generaldelegation Argentinien zusammenarbeitete.<\/p>\n<p>Den Gottesdienst leitete der Dekan von Kaunas, Vytautas Grigaravi\u010dius, mit vielen Priestern und dem bisherigen Pfarrer. Renaldas \u0160umbrauskis. Unsere Ordensprovinz Warschau war durch den Provinzial, Jan Malicki, und zwei Provinzr\u00e4te, P. Gregor A. Malec und P. Robert Marciniak vertreten.<\/p>\n<p>In seiner Predigt wies der Dekan angesichts der tiefen Beziehung zwischen dem Teresianischen Karmel und Litauen auf die historische Bedeutung dieser Zeremonie hin, denn von 1770 bis zur Besetzung des Landes durch die Sowjetunion im Jahre 1946 war der Orden in Litauen vertreten, bis 1845 sogar in der Kirche, wo sie jetzt wieder sind. So sind nun neben den Karmelitinnen in Pa\u0161tuva und zwei Gemeinden des OCDS in Kaunas und Wilna auch unsre Mitbr\u00fcder wieder in Litauen.<\/p>\n<p style=\"text-align: right;\"><em>-Robert M. Marciniak, OCD<\/em><\/p>\n<p>Internetauftritt der Karmelitdn von Kaunas: <a href=\"http:\/\/www.karmelituparapija.lt\/kalbos\/en\/\">http:\/\/www.karmelituparapija.lt\/kalbos\/en\/<\/a><\/p>\n<p><a href=\"https:\/\/www.carmelitaniscalzi.com\/wp-content\/uploads\/2017\/08\/Kaunas-4.jpg\"><img loading=\"lazy\" decoding=\"async\" class=\"alignnone size-medium wp-image-14991\" src=\"https:\/\/www.carmelitaniscalzi.com\/wp-content\/uploads\/2017\/08\/Kaunas-4-300x169.jpg\" alt=\"\" width=\"300\" height=\"169\" srcset=\"https:\/\/www.carmelitaniscalzi.com\/wp-content\/uploads\/2017\/08\/Kaunas-4-300x169.jpg 300w, https:\/\/www.carmelitaniscalzi.com\/wp-content\/uploads\/2017\/08\/Kaunas-4-768x432.jpg 768w, https:\/\/www.carmelitaniscalzi.com\/wp-content\/uploads\/2017\/08\/Kaunas-4-1024x576.jpg 1024w, https:\/\/www.carmelitaniscalzi.com\/wp-content\/uploads\/2017\/08\/Kaunas-4-98x55.jpg 98w, https:\/\/www.carmelitaniscalzi.com\/wp-content\/uploads\/2017\/08\/Kaunas-4-1600x900.jpg 1600w, https:\/\/www.carmelitaniscalzi.com\/wp-content\/uploads\/2017\/08\/Kaunas-4-800x450.jpg 800w, https:\/\/www.carmelitaniscalzi.com\/wp-content\/uploads\/2017\/08\/Kaunas-4-270x152.jpg 270w, https:\/\/www.carmelitaniscalzi.com\/wp-content\/uploads\/2017\/08\/Kaunas-4-580x326.jpg 580w, https:\/\/www.carmelitaniscalzi.com\/wp-content\/uploads\/2017\/08\/Kaunas-4.jpg 1920w\" sizes=\"auto, (max-width: 300px) 100vw, 300px\" \/><\/a> <a href=\"https:\/\/www.carmelitaniscalzi.com\/wp-content\/uploads\/2017\/08\/Kaunas-3-e1502549716508.jpg\"><img loading=\"lazy\" decoding=\"async\" class=\"alignnone size-medium wp-image-14990\" src=\"https:\/\/www.carmelitaniscalzi.com\/wp-content\/uploads\/2017\/08\/Kaunas-3-e1502549716508-200x300.jpg\" alt=\"\" width=\"200\" height=\"300\" srcset=\"https:\/\/www.carmelitaniscalzi.com\/wp-content\/uploads\/2017\/08\/Kaunas-3-e1502549716508-200x300.jpg 200w, https:\/\/www.carmelitaniscalzi.com\/wp-content\/uploads\/2017\/08\/Kaunas-3-e1502549716508-768x1152.jpg 768w, https:\/\/www.carmelitaniscalzi.com\/wp-content\/uploads\/2017\/08\/Kaunas-3-e1502549716508-683x1024.jpg 683w, https:\/\/www.carmelitaniscalzi.com\/wp-content\/uploads\/2017\/08\/Kaunas-3-e1502549716508-37x55.jpg 37w, https:\/\/www.carmelitaniscalzi.com\/wp-content\/uploads\/2017\/08\/Kaunas-3-e1502549716508-800x1200.jpg 800w, https:\/\/www.carmelitaniscalzi.com\/wp-content\/uploads\/2017\/08\/Kaunas-3-e1502549716508-580x870.jpg 580w, https:\/\/www.carmelitaniscalzi.com\/wp-content\/uploads\/2017\/08\/Kaunas-3-e1502549716508.jpg 1080w\" sizes=\"auto, (max-width: 200px) 100vw, 200px\" \/><\/a> <a href=\"https:\/\/www.carmelitaniscalzi.com\/wp-content\/uploads\/2017\/08\/Kaunas-2-1.jpg\"><img loading=\"lazy\" decoding=\"async\" class=\"alignnone size-medium wp-image-14989\" src=\"https:\/\/www.carmelitaniscalzi.com\/wp-content\/uploads\/2017\/08\/Kaunas-2-1-300x200.jpg\" alt=\"\" width=\"300\" height=\"200\" srcset=\"https:\/\/www.carmelitaniscalzi.com\/wp-content\/uploads\/2017\/08\/Kaunas-2-1-300x200.jpg 300w, https:\/\/www.carmelitaniscalzi.com\/wp-content\/uploads\/2017\/08\/Kaunas-2-1-768x512.jpg 768w, https:\/\/www.carmelitaniscalzi.com\/wp-content\/uploads\/2017\/08\/Kaunas-2-1-1024x683.jpg 1024w, https:\/\/www.carmelitaniscalzi.com\/wp-content\/uploads\/2017\/08\/Kaunas-2-1-83x55.jpg 83w, https:\/\/www.carmelitaniscalzi.com\/wp-content\/uploads\/2017\/08\/Kaunas-2-1-1600x1067.jpg 1600w, https:\/\/www.carmelitaniscalzi.com\/wp-content\/uploads\/2017\/08\/Kaunas-2-1-800x533.jpg 800w, https:\/\/www.carmelitaniscalzi.com\/wp-content\/uploads\/2017\/08\/Kaunas-2-1-580x387.jpg 580w, https:\/\/www.carmelitaniscalzi.com\/wp-content\/uploads\/2017\/08\/Kaunas-2-1.jpg 1620w\" sizes=\"auto, (max-width: 300px) 100vw, 300px\" \/><\/a> <a href=\"https:\/\/www.carmelitaniscalzi.com\/wp-content\/uploads\/2017\/08\/Kaunas-1-1.jpg\"><img loading=\"lazy\" decoding=\"async\" class=\"alignnone size-medium wp-image-14988\" src=\"https:\/\/www.carmelitaniscalzi.com\/wp-content\/uploads\/2017\/08\/Kaunas-1-1-300x200.jpg\" alt=\"\" width=\"300\" height=\"200\" srcset=\"https:\/\/www.carmelitaniscalzi.com\/wp-content\/uploads\/2017\/08\/Kaunas-1-1-300x200.jpg 300w, https:\/\/www.carmelitaniscalzi.com\/wp-content\/uploads\/2017\/08\/Kaunas-1-1-768x512.jpg 768w, https:\/\/www.carmelitaniscalzi.com\/wp-content\/uploads\/2017\/08\/Kaunas-1-1-1024x683.jpg 1024w, https:\/\/www.carmelitaniscalzi.com\/wp-content\/uploads\/2017\/08\/Kaunas-1-1-83x55.jpg 83w, https:\/\/www.carmelitaniscalzi.com\/wp-content\/uploads\/2017\/08\/Kaunas-1-1-1600x1067.jpg 1600w, https:\/\/www.carmelitaniscalzi.com\/wp-content\/uploads\/2017\/08\/Kaunas-1-1-800x533.jpg 800w, https:\/\/www.carmelitaniscalzi.com\/wp-content\/uploads\/2017\/08\/Kaunas-1-1-580x387.jpg 580w, https:\/\/www.carmelitaniscalzi.com\/wp-content\/uploads\/2017\/08\/Kaunas-1-1.jpg 1620w\" sizes=\"auto, (max-width: 300px) 100vw, 300px\" \/><\/a> <a href=\"https:\/\/www.carmelitaniscalzi.com\/wp-content\/uploads\/2017\/08\/Kaunas-2.jpg\"><img loading=\"lazy\" decoding=\"async\" class=\"alignnone size-medium wp-image-14987\" src=\"https:\/\/www.carmelitaniscalzi.com\/wp-content\/uploads\/2017\/08\/Kaunas-2-300x200.jpg\" alt=\"\" width=\"300\" height=\"200\" srcset=\"https:\/\/www.carmelitaniscalzi.com\/wp-content\/uploads\/2017\/08\/Kaunas-2-300x200.jpg 300w, https:\/\/www.carmelitaniscalzi.com\/wp-content\/uploads\/2017\/08\/Kaunas-2-768x512.jpg 768w, https:\/\/www.carmelitaniscalzi.com\/wp-content\/uploads\/2017\/08\/Kaunas-2-1024x683.jpg 1024w, https:\/\/www.carmelitaniscalzi.com\/wp-content\/uploads\/2017\/08\/Kaunas-2-83x55.jpg 83w, https:\/\/www.carmelitaniscalzi.com\/wp-content\/uploads\/2017\/08\/Kaunas-2-1600x1067.jpg 1600w, https:\/\/www.carmelitaniscalzi.com\/wp-content\/uploads\/2017\/08\/Kaunas-2-800x533.jpg 800w, https:\/\/www.carmelitaniscalzi.com\/wp-content\/uploads\/2017\/08\/Kaunas-2-580x387.jpg 580w\" sizes=\"auto, (max-width: 300px) 100vw, 300px\" \/><\/a><\/p>\n","protected":false},"excerpt":{"rendered":"<p>Am 30 Juli hat die Provinz Warschau unseres Ordens \u2013 nach 172 Jahren \u2013 unseren Orden wieder nach Litauen gebracht. An diesem Tag hat unser Mitbruder, P. Valdas Paura, w\u00e4hrend einer feierlichen Liturgie in der Kirche zum hl. Kreuz im Zentrum der Stadt Kaunas von der gleichnamigen Pfarrei Besitz ergriffen. Mit ihm wird P. Emilio [&hellip;]<\/p>\n","protected":false},"author":7,"featured_media":14992,"comment_status":"closed","ping_status":"closed","sticky":false,"template":"","format":"standard","meta":{"_acf_changed":false,"footnotes":""},"categories":[218,371],"tags":[],"class_list":["post-14997","post","type-post","status-publish","format-standard","has-post-thumbnail","hentry","category-nachrichten-ueber-brueder","category-nachrichten"],"acf":[],"yoast_head":"<!-- This site is optimized with the Yoast SEO plugin v26.3 - https:\/\/yoast.com\/wordpress\/plugins\/seo\/ -->\n<title>R\u00fcckkehr der Unbeschuhten Karmeliten nach Kaunas (Litauen) - UNBESCHUHTE KARMELITEN<\/title>\n<meta name=\"robots\" content=\"index, follow, max-snippet:-1, max-image-preview:large, max-video-preview:-1\" \/>\n<link rel=\"canonical\" href=\"https:\/\/www.carmelitaniscalzi.com\/de\/2017\/08\/13\/rueckkehr-der-unbeschuhten-karmeliten-nach-kaunas-litauen\/\" \/>\n<meta property=\"og:locale\" content=\"de_DE\" \/>\n<meta property=\"og:type\" content=\"article\" \/>\n<meta property=\"og:title\" content=\"R\u00fcckkehr der Unbeschuhten Karmeliten nach Kaunas (Litauen) - UNBESCHUHTE KARMELITEN\" \/>\n<meta property=\"og:description\" content=\"Am 30 Juli hat die Provinz Warschau unseres Ordens \u2013 nach 172 Jahren \u2013 unseren Orden wieder nach Litauen gebracht. An diesem Tag hat unser Mitbruder, P. Valdas Paura, w\u00e4hrend einer feierlichen Liturgie in der Kirche zum hl. Kreuz im Zentrum der Stadt Kaunas von der gleichnamigen Pfarrei Besitz ergriffen. Mit ihm wird P. Emilio [&hellip;]\" \/>\n<meta property=\"og:url\" content=\"https:\/\/www.carmelitaniscalzi.com\/de\/2017\/08\/13\/rueckkehr-der-unbeschuhten-karmeliten-nach-kaunas-litauen\/\" \/>\n<meta property=\"og:site_name\" content=\"UNBESCHUHTE KARMELITEN\" \/>\n<meta property=\"article:publisher\" content=\"https:\/\/www.facebook.com\/Curia-Generalizia-Carmelitani-Scalzi-658766940887784\/\" \/>\n<meta property=\"article:published_time\" content=\"2017-08-13T09:17:15+00:00\" \/>\n<meta property=\"og:image\" content=\"https:\/\/www.carmelitaniscalzi.com\/wp-content\/uploads\/2017\/08\/Kaunas.jpg\" \/>\n\t<meta property=\"og:image:width\" content=\"1620\" \/>\n\t<meta property=\"og:image:height\" content=\"1080\" \/>\n\t<meta property=\"og:image:type\" content=\"image\/jpeg\" \/>\n<meta name=\"author\" content=\"ocd web master\" \/>\n<meta name=\"twitter:card\" content=\"summary_large_image\" \/>\n<meta name=\"twitter:creator\" content=\"@ocdcuria\" \/>\n<meta name=\"twitter:site\" content=\"@ocdcuria\" \/>\n<meta name=\"twitter:label1\" content=\"Verfasst von\" \/>\n\t<meta name=\"twitter:data1\" content=\"ocd web master\" \/>\n\t<meta name=\"twitter:label2\" content=\"Gesch\u00e4tzte Lesezeit\" \/>\n\t<meta name=\"twitter:data2\" content=\"1\u00a0Minute\" \/>\n<script type=\"application\/ld+json\" class=\"yoast-schema-graph\">{\"@context\":\"https:\/\/schema.org\",\"@graph\":[{\"@type\":\"Article\",\"@id\":\"https:\/\/www.carmelitaniscalzi.com\/de\/2017\/08\/13\/rueckkehr-der-unbeschuhten-karmeliten-nach-kaunas-litauen\/#article\",\"isPartOf\":{\"@id\":\"https:\/\/www.carmelitaniscalzi.com\/de\/2017\/08\/13\/rueckkehr-der-unbeschuhten-karmeliten-nach-kaunas-litauen\/\"},\"author\":{\"name\":\"ocd web master\",\"@id\":\"https:\/\/www.carmelitaniscalzi.com\/#\/schema\/person\/6d1c0d9bea7b6625c437246a5d6da409\"},\"headline\":\"R\u00fcckkehr der Unbeschuhten Karmeliten nach Kaunas (Litauen)\",\"datePublished\":\"2017-08-13T09:17:15+00:00\",\"mainEntityOfPage\":{\"@id\":\"https:\/\/www.carmelitaniscalzi.com\/de\/2017\/08\/13\/rueckkehr-der-unbeschuhten-karmeliten-nach-kaunas-litauen\/\"},\"wordCount\":208,\"publisher\":{\"@id\":\"https:\/\/www.carmelitaniscalzi.com\/#organization\"},\"image\":{\"@id\":\"https:\/\/www.carmelitaniscalzi.com\/de\/2017\/08\/13\/rueckkehr-der-unbeschuhten-karmeliten-nach-kaunas-litauen\/#primaryimage\"},\"thumbnailUrl\":\"https:\/\/www.carmelitaniscalzi.com\/wp-content\/uploads\/2017\/08\/Kaunas.jpg\",\"articleSection\":[\"Nachrichten \u00fcber Br\u00fcder\",\"Nachrichten\"],\"inLanguage\":\"de\"},{\"@type\":\"WebPage\",\"@id\":\"https:\/\/www.carmelitaniscalzi.com\/de\/2017\/08\/13\/rueckkehr-der-unbeschuhten-karmeliten-nach-kaunas-litauen\/\",\"url\":\"https:\/\/www.carmelitaniscalzi.com\/de\/2017\/08\/13\/rueckkehr-der-unbeschuhten-karmeliten-nach-kaunas-litauen\/\",\"name\":\"R\u00fcckkehr der Unbeschuhten Karmeliten nach Kaunas (Litauen) - UNBESCHUHTE KARMELITEN\",\"isPartOf\":{\"@id\":\"https:\/\/www.carmelitaniscalzi.com\/#website\"},\"primaryImageOfPage\":{\"@id\":\"https:\/\/www.carmelitaniscalzi.com\/de\/2017\/08\/13\/rueckkehr-der-unbeschuhten-karmeliten-nach-kaunas-litauen\/#primaryimage\"},\"image\":{\"@id\":\"https:\/\/www.carmelitaniscalzi.com\/de\/2017\/08\/13\/rueckkehr-der-unbeschuhten-karmeliten-nach-kaunas-litauen\/#primaryimage\"},\"thumbnailUrl\":\"https:\/\/www.carmelitaniscalzi.com\/wp-content\/uploads\/2017\/08\/Kaunas.jpg\",\"datePublished\":\"2017-08-13T09:17:15+00:00\",\"breadcrumb\":{\"@id\":\"https:\/\/www.carmelitaniscalzi.com\/de\/2017\/08\/13\/rueckkehr-der-unbeschuhten-karmeliten-nach-kaunas-litauen\/#breadcrumb\"},\"inLanguage\":\"de\",\"potentialAction\":[{\"@type\":\"ReadAction\",\"target\":[\"https:\/\/www.carmelitaniscalzi.com\/de\/2017\/08\/13\/rueckkehr-der-unbeschuhten-karmeliten-nach-kaunas-litauen\/\"]}]},{\"@type\":\"ImageObject\",\"inLanguage\":\"de\",\"@id\":\"https:\/\/www.carmelitaniscalzi.com\/de\/2017\/08\/13\/rueckkehr-der-unbeschuhten-karmeliten-nach-kaunas-litauen\/#primaryimage\",\"url\":\"https:\/\/www.carmelitaniscalzi.com\/wp-content\/uploads\/2017\/08\/Kaunas.jpg\",\"contentUrl\":\"https:\/\/www.carmelitaniscalzi.com\/wp-content\/uploads\/2017\/08\/Kaunas.jpg\",\"width\":1620,\"height\":1080},{\"@type\":\"BreadcrumbList\",\"@id\":\"https:\/\/www.carmelitaniscalzi.com\/de\/2017\/08\/13\/rueckkehr-der-unbeschuhten-karmeliten-nach-kaunas-litauen\/#breadcrumb\",\"itemListElement\":[{\"@type\":\"ListItem\",\"position\":1,\"name\":\"Home\",\"item\":\"https:\/\/www.carmelitaniscalzi.com\/de\/\"},{\"@type\":\"ListItem\",\"position\":2,\"name\":\"R\u00fcckkehr der Unbeschuhten Karmeliten nach Kaunas (Litauen)\"}]},{\"@type\":\"WebSite\",\"@id\":\"https:\/\/www.carmelitaniscalzi.com\/#website\",\"url\":\"https:\/\/www.carmelitaniscalzi.com\/\",\"name\":\"CARMELITANI SCALZI - Curia Generale del Carmelo Teresiano\",\"description\":\"Generalkurie des Teresianischen Karmel\",\"publisher\":{\"@id\":\"https:\/\/www.carmelitaniscalzi.com\/#organization\"},\"alternateName\":\"CARMELITANI SCALZI\",\"potentialAction\":[{\"@type\":\"SearchAction\",\"target\":{\"@type\":\"EntryPoint\",\"urlTemplate\":\"https:\/\/www.carmelitaniscalzi.com\/?s={search_term_string}\"},\"query-input\":{\"@type\":\"PropertyValueSpecification\",\"valueRequired\":true,\"valueName\":\"search_term_string\"}}],\"inLanguage\":\"de\"},{\"@type\":\"Organization\",\"@id\":\"https:\/\/www.carmelitaniscalzi.com\/#organization\",\"name\":\"CARMELITANI SCALZI - Curia Generale del Carmelo Teresiano\",\"url\":\"https:\/\/www.carmelitaniscalzi.com\/\",\"logo\":{\"@type\":\"ImageObject\",\"inLanguage\":\"de\",\"@id\":\"https:\/\/www.carmelitaniscalzi.com\/#\/schema\/logo\/image\/\",\"url\":\"https:\/\/www.carmelitaniscalzi.com\/wp-content\/uploads\/2025\/11\/login-logo.png\",\"contentUrl\":\"https:\/\/www.carmelitaniscalzi.com\/wp-content\/uploads\/2025\/11\/login-logo.png\",\"width\":256,\"height\":256,\"caption\":\"CARMELITANI SCALZI - Curia Generale del Carmelo Teresiano\"},\"image\":{\"@id\":\"https:\/\/www.carmelitaniscalzi.com\/#\/schema\/logo\/image\/\"},\"sameAs\":[\"https:\/\/www.facebook.com\/Curia-Generalizia-Carmelitani-Scalzi-658766940887784\/\",\"https:\/\/x.com\/ocdcuria\",\"https:\/\/www.youtube.com\/channel\/UC2J5ZL0ycOY0qBSTCLX_NGQ\/videos\",\"https:\/\/www.instagram.com\/ocdinform\/\"]},{\"@type\":\"Person\",\"@id\":\"https:\/\/www.carmelitaniscalzi.com\/#\/schema\/person\/6d1c0d9bea7b6625c437246a5d6da409\",\"name\":\"ocd web master\",\"image\":{\"@type\":\"ImageObject\",\"inLanguage\":\"de\",\"@id\":\"https:\/\/www.carmelitaniscalzi.com\/#\/schema\/person\/image\/\",\"url\":\"https:\/\/secure.gravatar.com\/avatar\/41fbc5f82bad909fbaf2984c43fa50d8519ac5853e25b454d022b6868f80d0e7?s=96&d=mm&r=g\",\"contentUrl\":\"https:\/\/secure.gravatar.com\/avatar\/41fbc5f82bad909fbaf2984c43fa50d8519ac5853e25b454d022b6868f80d0e7?s=96&d=mm&r=g\",\"caption\":\"ocd web master\"},\"url\":\"https:\/\/www.carmelitaniscalzi.com\/de\/author\/ocdwebmaster\/\"}]}<\/script>\n<!-- \/ Yoast SEO plugin. -->","yoast_head_json":{"title":"R\u00fcckkehr der Unbeschuhten Karmeliten nach Kaunas (Litauen) - UNBESCHUHTE KARMELITEN","robots":{"index":"index","follow":"follow","max-snippet":"max-snippet:-1","max-image-preview":"max-image-preview:large","max-video-preview":"max-video-preview:-1"},"canonical":"https:\/\/www.carmelitaniscalzi.com\/de\/2017\/08\/13\/rueckkehr-der-unbeschuhten-karmeliten-nach-kaunas-litauen\/","og_locale":"de_DE","og_type":"article","og_title":"R\u00fcckkehr der Unbeschuhten Karmeliten nach Kaunas (Litauen) - UNBESCHUHTE KARMELITEN","og_description":"Am 30 Juli hat die Provinz Warschau unseres Ordens \u2013 nach 172 Jahren \u2013 unseren Orden wieder nach Litauen gebracht. An diesem Tag hat unser Mitbruder, P. Valdas Paura, w\u00e4hrend einer feierlichen Liturgie in der Kirche zum hl. Kreuz im Zentrum der Stadt Kaunas von der gleichnamigen Pfarrei Besitz ergriffen. Mit ihm wird P. Emilio [&hellip;]","og_url":"https:\/\/www.carmelitaniscalzi.com\/de\/2017\/08\/13\/rueckkehr-der-unbeschuhten-karmeliten-nach-kaunas-litauen\/","og_site_name":"UNBESCHUHTE KARMELITEN","article_publisher":"https:\/\/www.facebook.com\/Curia-Generalizia-Carmelitani-Scalzi-658766940887784\/","article_published_time":"2017-08-13T09:17:15+00:00","og_image":[{"width":1620,"height":1080,"url":"https:\/\/www.carmelitaniscalzi.com\/wp-content\/uploads\/2017\/08\/Kaunas.jpg","type":"image\/jpeg"}],"author":"ocd web master","twitter_card":"summary_large_image","twitter_creator":"@ocdcuria","twitter_site":"@ocdcuria","twitter_misc":{"Verfasst von":"ocd web master","Gesch\u00e4tzte Lesezeit":"1\u00a0Minute"},"schema":{"@context":"https:\/\/schema.org","@graph":[{"@type":"Article","@id":"https:\/\/www.carmelitaniscalzi.com\/de\/2017\/08\/13\/rueckkehr-der-unbeschuhten-karmeliten-nach-kaunas-litauen\/#article","isPartOf":{"@id":"https:\/\/www.carmelitaniscalzi.com\/de\/2017\/08\/13\/rueckkehr-der-unbeschuhten-karmeliten-nach-kaunas-litauen\/"},"author":{"name":"ocd web master","@id":"https:\/\/www.carmelitaniscalzi.com\/#\/schema\/person\/6d1c0d9bea7b6625c437246a5d6da409"},"headline":"R\u00fcckkehr der Unbeschuhten Karmeliten nach Kaunas (Litauen)","datePublished":"2017-08-13T09:17:15+00:00","mainEntityOfPage":{"@id":"https:\/\/www.carmelitaniscalzi.com\/de\/2017\/08\/13\/rueckkehr-der-unbeschuhten-karmeliten-nach-kaunas-litauen\/"},"wordCount":208,"publisher":{"@id":"https:\/\/www.carmelitaniscalzi.com\/#organization"},"image":{"@id":"https:\/\/www.carmelitaniscalzi.com\/de\/2017\/08\/13\/rueckkehr-der-unbeschuhten-karmeliten-nach-kaunas-litauen\/#primaryimage"},"thumbnailUrl":"https:\/\/www.carmelitaniscalzi.com\/wp-content\/uploads\/2017\/08\/Kaunas.jpg","articleSection":["Nachrichten \u00fcber Br\u00fcder","Nachrichten"],"inLanguage":"de"},{"@type":"WebPage","@id":"https:\/\/www.carmelitaniscalzi.com\/de\/2017\/08\/13\/rueckkehr-der-unbeschuhten-karmeliten-nach-kaunas-litauen\/","url":"https:\/\/www.carmelitaniscalzi.com\/de\/2017\/08\/13\/rueckkehr-der-unbeschuhten-karmeliten-nach-kaunas-litauen\/","name":"R\u00fcckkehr der Unbeschuhten Karmeliten nach Kaunas (Litauen) - UNBESCHUHTE KARMELITEN","isPartOf":{"@id":"https:\/\/www.carmelitaniscalzi.com\/#website"},"primaryImageOfPage":{"@id":"https:\/\/www.carmelitaniscalzi.com\/de\/2017\/08\/13\/rueckkehr-der-unbeschuhten-karmeliten-nach-kaunas-litauen\/#primaryimage"},"image":{"@id":"https:\/\/www.carmelitaniscalzi.com\/de\/2017\/08\/13\/rueckkehr-der-unbeschuhten-karmeliten-nach-kaunas-litauen\/#primaryimage"},"thumbnailUrl":"https:\/\/www.carmelitaniscalzi.com\/wp-content\/uploads\/2017\/08\/Kaunas.jpg","datePublished":"2017-08-13T09:17:15+00:00","breadcrumb":{"@id":"https:\/\/www.carmelitaniscalzi.com\/de\/2017\/08\/13\/rueckkehr-der-unbeschuhten-karmeliten-nach-kaunas-litauen\/#breadcrumb"},"inLanguage":"de","potentialAction":[{"@type":"ReadAction","target":["https:\/\/www.carmelitaniscalzi.com\/de\/2017\/08\/13\/rueckkehr-der-unbeschuhten-karmeliten-nach-kaunas-litauen\/"]}]},{"@type":"ImageObject","inLanguage":"de","@id":"https:\/\/www.carmelitaniscalzi.com\/de\/2017\/08\/13\/rueckkehr-der-unbeschuhten-karmeliten-nach-kaunas-litauen\/#primaryimage","url":"https:\/\/www.carmelitaniscalzi.com\/wp-content\/uploads\/2017\/08\/Kaunas.jpg","contentUrl":"https:\/\/www.carmelitaniscalzi.com\/wp-content\/uploads\/2017\/08\/Kaunas.jpg","width":1620,"height":1080},{"@type":"BreadcrumbList","@id":"https:\/\/www.carmelitaniscalzi.com\/de\/2017\/08\/13\/rueckkehr-der-unbeschuhten-karmeliten-nach-kaunas-litauen\/#breadcrumb","itemListElement":[{"@type":"ListItem","position":1,"name":"Home","item":"https:\/\/www.carmelitaniscalzi.com\/de\/"},{"@type":"ListItem","position":2,"name":"R\u00fcckkehr der Unbeschuhten Karmeliten nach Kaunas (Litauen)"}]},{"@type":"WebSite","@id":"https:\/\/www.carmelitaniscalzi.com\/#website","url":"https:\/\/www.carmelitaniscalzi.com\/","name":"CARMELITANI SCALZI - Curia Generale del Carmelo Teresiano","description":"Generalkurie des Teresianischen Karmel","publisher":{"@id":"https:\/\/www.carmelitaniscalzi.com\/#organization"},"alternateName":"CARMELITANI SCALZI","potentialAction":[{"@type":"SearchAction","target":{"@type":"EntryPoint","urlTemplate":"https:\/\/www.carmelitaniscalzi.com\/?s={search_term_string}"},"query-input":{"@type":"PropertyValueSpecification","valueRequired":true,"valueName":"search_term_string"}}],"inLanguage":"de"},{"@type":"Organization","@id":"https:\/\/www.carmelitaniscalzi.com\/#organization","name":"CARMELITANI SCALZI - Curia Generale del Carmelo Teresiano","url":"https:\/\/www.carmelitaniscalzi.com\/","logo":{"@type":"ImageObject","inLanguage":"de","@id":"https:\/\/www.carmelitaniscalzi.com\/#\/schema\/logo\/image\/","url":"https:\/\/www.carmelitaniscalzi.com\/wp-content\/uploads\/2025\/11\/login-logo.png","contentUrl":"https:\/\/www.carmelitaniscalzi.com\/wp-content\/uploads\/2025\/11\/login-logo.png","width":256,"height":256,"caption":"CARMELITANI SCALZI - Curia Generale del Carmelo Teresiano"},"image":{"@id":"https:\/\/www.carmelitaniscalzi.com\/#\/schema\/logo\/image\/"},"sameAs":["https:\/\/www.facebook.com\/Curia-Generalizia-Carmelitani-Scalzi-658766940887784\/","https:\/\/x.com\/ocdcuria","https:\/\/www.youtube.com\/channel\/UC2J5ZL0ycOY0qBSTCLX_NGQ\/videos","https:\/\/www.instagram.com\/ocdinform\/"]},{"@type":"Person","@id":"https:\/\/www.carmelitaniscalzi.com\/#\/schema\/person\/6d1c0d9bea7b6625c437246a5d6da409","name":"ocd web master","image":{"@type":"ImageObject","inLanguage":"de","@id":"https:\/\/www.carmelitaniscalzi.com\/#\/schema\/person\/image\/","url":"https:\/\/secure.gravatar.com\/avatar\/41fbc5f82bad909fbaf2984c43fa50d8519ac5853e25b454d022b6868f80d0e7?s=96&d=mm&r=g","contentUrl":"https:\/\/secure.gravatar.com\/avatar\/41fbc5f82bad909fbaf2984c43fa50d8519ac5853e25b454d022b6868f80d0e7?s=96&d=mm&r=g","caption":"ocd web master"},"url":"https:\/\/www.carmelitaniscalzi.com\/de\/author\/ocdwebmaster\/"}]}},"_links":{"self":[{"href":"https:\/\/www.carmelitaniscalzi.com\/de\/wp-json\/wp\/v2\/posts\/14997","targetHints":{"allow":["GET"]}}],"collection":[{"href":"https:\/\/www.carmelitaniscalzi.com\/de\/wp-json\/wp\/v2\/posts"}],"about":[{"href":"https:\/\/www.carmelitaniscalzi.com\/de\/wp-json\/wp\/v2\/types\/post"}],"author":[{"embeddable":true,"href":"https:\/\/www.carmelitaniscalzi.com\/de\/wp-json\/wp\/v2\/users\/7"}],"replies":[{"embeddable":true,"href":"https:\/\/www.carmelitaniscalzi.com\/de\/wp-json\/wp\/v2\/comments?post=14997"}],"version-history":[{"count":0,"href":"https:\/\/www.carmelitaniscalzi.com\/de\/wp-json\/wp\/v2\/posts\/14997\/revisions"}],"wp:featuredmedia":[{"embeddable":true,"href":"https:\/\/www.carmelitaniscalzi.com\/de\/wp-json\/wp\/v2\/media\/14992"}],"wp:attachment":[{"href":"https:\/\/www.carmelitaniscalzi.com\/de\/wp-json\/wp\/v2\/media?parent=14997"}],"wp:term":[{"taxonomy":"category","embeddable":true,"href":"https:\/\/www.carmelitaniscalzi.com\/de\/wp-json\/wp\/v2\/categories?post=14997"},{"taxonomy":"post_tag","embeddable":true,"href":"https:\/\/www.carmelitaniscalzi.com\/de\/wp-json\/wp\/v2\/tags?post=14997"}],"curies":[{"name":"wp","href":"https:\/\/api.w.org\/{rel}","templated":true}]}}