{"id":14602,"date":"2017-06-14T22:06:32","date_gmt":"2017-06-14T20:06:32","guid":{"rendered":"https:\/\/www.carmelitaniscalzi.com\/de\/?p=14602"},"modified":"2017-06-14T22:06:32","modified_gmt":"2017-06-14T20:06:32","slug":"erster-kongress-des-ocds-im-kongo","status":"publish","type":"post","link":"https:\/\/www.carmelitaniscalzi.com\/de\/2017\/06\/14\/erster-kongress-des-ocds-im-kongo\/","title":{"rendered":"Erster Kongress des OCDS im Kongo"},"content":{"rendered":"<p>Vom 16. bis 19. M\u00e4rz 2017 fand, wie in unseren sozialen Netzen ausf\u00fchrlich berichtet, der erste Kongress des OCDS im Kongo statt. Tagungsort war das G\u00e4stehaus unseres Konvents \u201eLes Buissonnets\u201c in Tabacongo, Lubumbashi.<\/p>\n<p>Unter Vorsitz des Generaldelegaten des Kongo, P. Roger Balowe Tshimanga, tagten die Mitglieder des kongolesischen OCDS in Begleitung des OCDS-Assistenten der Delegation und einiger Beir\u00e4te der Gemeinden \u00fcber das Thema: \u201eDer OCDS im Kongo: R\u00fcckblick und Ausblick.\u201c<\/p>\n<p>Unter anderem wurden folgende Beschl\u00fcsse gefasst: St\u00e4rkung der Bande unter den einzelnen Gemeinden; Bereitstellung eines Raumes in jedem Konvent der Br\u00fcder f\u00fcr Ausbildungstreffen und Gebet der Gemeinden des OCDS; Unterst\u00fctzung aller Gemeinden von der Delegationsleitung aus, um deren\u00a0 Gebetspraxis, Gemeinschaft und Ausbildung zu verbessern.<\/p>\n<p>Es wurde auch betont, wie wichtig es sei, den geistlichen Beir\u00e4ten der Gemeinden zu helfen, damit sie ihre Aufgabe besser erf\u00fcllen k\u00f6nnen, sowie die Verbindungen zwischen dem OCDS des Kongo und den benachbarten L\u00e4ndern zu st\u00e4rken.<\/p>\n<p><a href=\"https:\/\/www.carmelitaniscalzi.com\/wp-content\/uploads\/2017\/06\/2.png\"><img loading=\"lazy\" decoding=\"async\" class=\"alignnone size-medium wp-image-14595\" src=\"https:\/\/www.carmelitaniscalzi.com\/wp-content\/uploads\/2017\/06\/2-300x150.png\" alt=\"\" width=\"300\" height=\"150\" srcset=\"https:\/\/www.carmelitaniscalzi.com\/wp-content\/uploads\/2017\/06\/2-300x150.png 300w, https:\/\/www.carmelitaniscalzi.com\/wp-content\/uploads\/2017\/06\/2-768x383.png 768w, https:\/\/www.carmelitaniscalzi.com\/wp-content\/uploads\/2017\/06\/2-110x55.png 110w, https:\/\/www.carmelitaniscalzi.com\/wp-content\/uploads\/2017\/06\/2-580x289.png 580w, https:\/\/www.carmelitaniscalzi.com\/wp-content\/uploads\/2017\/06\/2.png 790w\" sizes=\"auto, (max-width: 300px) 100vw, 300px\" \/><\/a><\/p>\n","protected":false},"excerpt":{"rendered":"<p>Vom 16. bis 19. M\u00e4rz 2017 fand, wie in unseren sozialen Netzen ausf\u00fchrlich berichtet, der erste Kongress des OCDS im Kongo statt. Tagungsort war das G\u00e4stehaus unseres Konvents \u201eLes Buissonnets\u201c in Tabacongo, Lubumbashi. Unter Vorsitz des Generaldelegaten des Kongo, P. Roger Balowe Tshimanga, tagten die Mitglieder des kongolesischen OCDS in Begleitung des OCDS-Assistenten der Delegation [&hellip;]<\/p>\n","protected":false},"author":7,"featured_media":14596,"comment_status":"closed","ping_status":"closed","sticky":false,"template":"","format":"standard","meta":{"_acf_changed":false,"footnotes":""},"categories":[262,371],"tags":[],"class_list":["post-14602","post","type-post","status-publish","format-standard","has-post-thumbnail","hentry","category-nachrichten-ocds","category-nachrichten"],"acf":[],"yoast_head":"<!-- This site is optimized with the Yoast SEO plugin v26.3 - https:\/\/yoast.com\/wordpress\/plugins\/seo\/ -->\n<title>Erster Kongress des OCDS im Kongo - UNBESCHUHTE KARMELITEN<\/title>\n<meta name=\"robots\" content=\"index, follow, max-snippet:-1, max-image-preview:large, max-video-preview:-1\" \/>\n<link rel=\"canonical\" href=\"https:\/\/www.carmelitaniscalzi.com\/de\/2017\/06\/14\/erster-kongress-des-ocds-im-kongo\/\" \/>\n<meta property=\"og:locale\" content=\"de_DE\" \/>\n<meta property=\"og:type\" content=\"article\" \/>\n<meta property=\"og:title\" content=\"Erster Kongress des OCDS im Kongo - UNBESCHUHTE KARMELITEN\" \/>\n<meta property=\"og:description\" content=\"Vom 16. bis 19. M\u00e4rz 2017 fand, wie in unseren sozialen Netzen ausf\u00fchrlich berichtet, der erste Kongress des OCDS im Kongo statt. Tagungsort war das G\u00e4stehaus unseres Konvents \u201eLes Buissonnets\u201c in Tabacongo, Lubumbashi. Unter Vorsitz des Generaldelegaten des Kongo, P. Roger Balowe Tshimanga, tagten die Mitglieder des kongolesischen OCDS in Begleitung des OCDS-Assistenten der Delegation [&hellip;]\" \/>\n<meta property=\"og:url\" content=\"https:\/\/www.carmelitaniscalzi.com\/de\/2017\/06\/14\/erster-kongress-des-ocds-im-kongo\/\" \/>\n<meta property=\"og:site_name\" content=\"UNBESCHUHTE KARMELITEN\" \/>\n<meta property=\"article:publisher\" content=\"https:\/\/www.facebook.com\/Curia-Generalizia-Carmelitani-Scalzi-658766940887784\/\" \/>\n<meta property=\"article:published_time\" content=\"2017-06-14T20:06:32+00:00\" \/>\n<meta property=\"og:image\" content=\"https:\/\/www.carmelitaniscalzi.com\/wp-content\/uploads\/2017\/06\/3.png\" \/>\n\t<meta property=\"og:image:width\" content=\"788\" \/>\n\t<meta property=\"og:image:height\" content=\"368\" \/>\n\t<meta property=\"og:image:type\" content=\"image\/png\" \/>\n<meta name=\"author\" content=\"ocd web master\" \/>\n<meta name=\"twitter:card\" content=\"summary_large_image\" \/>\n<meta name=\"twitter:creator\" content=\"@ocdcuria\" \/>\n<meta name=\"twitter:site\" content=\"@ocdcuria\" \/>\n<meta name=\"twitter:label1\" content=\"Verfasst von\" \/>\n\t<meta name=\"twitter:data1\" content=\"ocd web master\" \/>\n\t<meta name=\"twitter:label2\" content=\"Gesch\u00e4tzte Lesezeit\" \/>\n\t<meta name=\"twitter:data2\" content=\"1\u00a0Minute\" \/>\n<script type=\"application\/ld+json\" class=\"yoast-schema-graph\">{\"@context\":\"https:\/\/schema.org\",\"@graph\":[{\"@type\":\"Article\",\"@id\":\"https:\/\/www.carmelitaniscalzi.com\/de\/2017\/06\/14\/erster-kongress-des-ocds-im-kongo\/#article\",\"isPartOf\":{\"@id\":\"https:\/\/www.carmelitaniscalzi.com\/de\/2017\/06\/14\/erster-kongress-des-ocds-im-kongo\/\"},\"author\":{\"name\":\"ocd web master\",\"@id\":\"https:\/\/www.carmelitaniscalzi.com\/#\/schema\/person\/6d1c0d9bea7b6625c437246a5d6da409\"},\"headline\":\"Erster Kongress des OCDS im Kongo\",\"datePublished\":\"2017-06-14T20:06:32+00:00\",\"mainEntityOfPage\":{\"@id\":\"https:\/\/www.carmelitaniscalzi.com\/de\/2017\/06\/14\/erster-kongress-des-ocds-im-kongo\/\"},\"wordCount\":168,\"publisher\":{\"@id\":\"https:\/\/www.carmelitaniscalzi.com\/#organization\"},\"image\":{\"@id\":\"https:\/\/www.carmelitaniscalzi.com\/de\/2017\/06\/14\/erster-kongress-des-ocds-im-kongo\/#primaryimage\"},\"thumbnailUrl\":\"https:\/\/www.carmelitaniscalzi.com\/wp-content\/uploads\/2017\/06\/3.png\",\"articleSection\":[\"Nachrichten OCDS\",\"Nachrichten\"],\"inLanguage\":\"de\"},{\"@type\":\"WebPage\",\"@id\":\"https:\/\/www.carmelitaniscalzi.com\/de\/2017\/06\/14\/erster-kongress-des-ocds-im-kongo\/\",\"url\":\"https:\/\/www.carmelitaniscalzi.com\/de\/2017\/06\/14\/erster-kongress-des-ocds-im-kongo\/\",\"name\":\"Erster Kongress des OCDS im Kongo - UNBESCHUHTE KARMELITEN\",\"isPartOf\":{\"@id\":\"https:\/\/www.carmelitaniscalzi.com\/#website\"},\"primaryImageOfPage\":{\"@id\":\"https:\/\/www.carmelitaniscalzi.com\/de\/2017\/06\/14\/erster-kongress-des-ocds-im-kongo\/#primaryimage\"},\"image\":{\"@id\":\"https:\/\/www.carmelitaniscalzi.com\/de\/2017\/06\/14\/erster-kongress-des-ocds-im-kongo\/#primaryimage\"},\"thumbnailUrl\":\"https:\/\/www.carmelitaniscalzi.com\/wp-content\/uploads\/2017\/06\/3.png\",\"datePublished\":\"2017-06-14T20:06:32+00:00\",\"breadcrumb\":{\"@id\":\"https:\/\/www.carmelitaniscalzi.com\/de\/2017\/06\/14\/erster-kongress-des-ocds-im-kongo\/#breadcrumb\"},\"inLanguage\":\"de\",\"potentialAction\":[{\"@type\":\"ReadAction\",\"target\":[\"https:\/\/www.carmelitaniscalzi.com\/de\/2017\/06\/14\/erster-kongress-des-ocds-im-kongo\/\"]}]},{\"@type\":\"ImageObject\",\"inLanguage\":\"de\",\"@id\":\"https:\/\/www.carmelitaniscalzi.com\/de\/2017\/06\/14\/erster-kongress-des-ocds-im-kongo\/#primaryimage\",\"url\":\"https:\/\/www.carmelitaniscalzi.com\/wp-content\/uploads\/2017\/06\/3.png\",\"contentUrl\":\"https:\/\/www.carmelitaniscalzi.com\/wp-content\/uploads\/2017\/06\/3.png\",\"width\":788,\"height\":368},{\"@type\":\"BreadcrumbList\",\"@id\":\"https:\/\/www.carmelitaniscalzi.com\/de\/2017\/06\/14\/erster-kongress-des-ocds-im-kongo\/#breadcrumb\",\"itemListElement\":[{\"@type\":\"ListItem\",\"position\":1,\"name\":\"Home\",\"item\":\"https:\/\/www.carmelitaniscalzi.com\/de\/\"},{\"@type\":\"ListItem\",\"position\":2,\"name\":\"Erster Kongress des OCDS im Kongo\"}]},{\"@type\":\"WebSite\",\"@id\":\"https:\/\/www.carmelitaniscalzi.com\/#website\",\"url\":\"https:\/\/www.carmelitaniscalzi.com\/\",\"name\":\"CARMELITANI SCALZI - Curia Generale del Carmelo Teresiano\",\"description\":\"Generalkurie des Teresianischen Karmel\",\"publisher\":{\"@id\":\"https:\/\/www.carmelitaniscalzi.com\/#organization\"},\"alternateName\":\"CARMELITANI SCALZI\",\"potentialAction\":[{\"@type\":\"SearchAction\",\"target\":{\"@type\":\"EntryPoint\",\"urlTemplate\":\"https:\/\/www.carmelitaniscalzi.com\/?s={search_term_string}\"},\"query-input\":{\"@type\":\"PropertyValueSpecification\",\"valueRequired\":true,\"valueName\":\"search_term_string\"}}],\"inLanguage\":\"de\"},{\"@type\":\"Organization\",\"@id\":\"https:\/\/www.carmelitaniscalzi.com\/#organization\",\"name\":\"CARMELITANI SCALZI - Curia Generale del Carmelo Teresiano\",\"url\":\"https:\/\/www.carmelitaniscalzi.com\/\",\"logo\":{\"@type\":\"ImageObject\",\"inLanguage\":\"de\",\"@id\":\"https:\/\/www.carmelitaniscalzi.com\/#\/schema\/logo\/image\/\",\"url\":\"https:\/\/www.carmelitaniscalzi.com\/wp-content\/uploads\/2025\/11\/login-logo.png\",\"contentUrl\":\"https:\/\/www.carmelitaniscalzi.com\/wp-content\/uploads\/2025\/11\/login-logo.png\",\"width\":256,\"height\":256,\"caption\":\"CARMELITANI SCALZI - Curia Generale del Carmelo Teresiano\"},\"image\":{\"@id\":\"https:\/\/www.carmelitaniscalzi.com\/#\/schema\/logo\/image\/\"},\"sameAs\":[\"https:\/\/www.facebook.com\/Curia-Generalizia-Carmelitani-Scalzi-658766940887784\/\",\"https:\/\/x.com\/ocdcuria\",\"https:\/\/www.youtube.com\/channel\/UC2J5ZL0ycOY0qBSTCLX_NGQ\/videos\",\"https:\/\/www.instagram.com\/ocdinform\/\"]},{\"@type\":\"Person\",\"@id\":\"https:\/\/www.carmelitaniscalzi.com\/#\/schema\/person\/6d1c0d9bea7b6625c437246a5d6da409\",\"name\":\"ocd web master\",\"image\":{\"@type\":\"ImageObject\",\"inLanguage\":\"de\",\"@id\":\"https:\/\/www.carmelitaniscalzi.com\/#\/schema\/person\/image\/\",\"url\":\"https:\/\/secure.gravatar.com\/avatar\/41fbc5f82bad909fbaf2984c43fa50d8519ac5853e25b454d022b6868f80d0e7?s=96&d=mm&r=g\",\"contentUrl\":\"https:\/\/secure.gravatar.com\/avatar\/41fbc5f82bad909fbaf2984c43fa50d8519ac5853e25b454d022b6868f80d0e7?s=96&d=mm&r=g\",\"caption\":\"ocd web master\"},\"url\":\"https:\/\/www.carmelitaniscalzi.com\/de\/author\/ocdwebmaster\/\"}]}<\/script>\n<!-- \/ Yoast SEO plugin. -->","yoast_head_json":{"title":"Erster Kongress des OCDS im Kongo - UNBESCHUHTE KARMELITEN","robots":{"index":"index","follow":"follow","max-snippet":"max-snippet:-1","max-image-preview":"max-image-preview:large","max-video-preview":"max-video-preview:-1"},"canonical":"https:\/\/www.carmelitaniscalzi.com\/de\/2017\/06\/14\/erster-kongress-des-ocds-im-kongo\/","og_locale":"de_DE","og_type":"article","og_title":"Erster Kongress des OCDS im Kongo - UNBESCHUHTE KARMELITEN","og_description":"Vom 16. bis 19. M\u00e4rz 2017 fand, wie in unseren sozialen Netzen ausf\u00fchrlich berichtet, der erste Kongress des OCDS im Kongo statt. Tagungsort war das G\u00e4stehaus unseres Konvents \u201eLes Buissonnets\u201c in Tabacongo, Lubumbashi. Unter Vorsitz des Generaldelegaten des Kongo, P. Roger Balowe Tshimanga, tagten die Mitglieder des kongolesischen OCDS in Begleitung des OCDS-Assistenten der Delegation [&hellip;]","og_url":"https:\/\/www.carmelitaniscalzi.com\/de\/2017\/06\/14\/erster-kongress-des-ocds-im-kongo\/","og_site_name":"UNBESCHUHTE KARMELITEN","article_publisher":"https:\/\/www.facebook.com\/Curia-Generalizia-Carmelitani-Scalzi-658766940887784\/","article_published_time":"2017-06-14T20:06:32+00:00","og_image":[{"width":788,"height":368,"url":"https:\/\/www.carmelitaniscalzi.com\/wp-content\/uploads\/2017\/06\/3.png","type":"image\/png"}],"author":"ocd web master","twitter_card":"summary_large_image","twitter_creator":"@ocdcuria","twitter_site":"@ocdcuria","twitter_misc":{"Verfasst von":"ocd web master","Gesch\u00e4tzte Lesezeit":"1\u00a0Minute"},"schema":{"@context":"https:\/\/schema.org","@graph":[{"@type":"Article","@id":"https:\/\/www.carmelitaniscalzi.com\/de\/2017\/06\/14\/erster-kongress-des-ocds-im-kongo\/#article","isPartOf":{"@id":"https:\/\/www.carmelitaniscalzi.com\/de\/2017\/06\/14\/erster-kongress-des-ocds-im-kongo\/"},"author":{"name":"ocd web master","@id":"https:\/\/www.carmelitaniscalzi.com\/#\/schema\/person\/6d1c0d9bea7b6625c437246a5d6da409"},"headline":"Erster Kongress des OCDS im Kongo","datePublished":"2017-06-14T20:06:32+00:00","mainEntityOfPage":{"@id":"https:\/\/www.carmelitaniscalzi.com\/de\/2017\/06\/14\/erster-kongress-des-ocds-im-kongo\/"},"wordCount":168,"publisher":{"@id":"https:\/\/www.carmelitaniscalzi.com\/#organization"},"image":{"@id":"https:\/\/www.carmelitaniscalzi.com\/de\/2017\/06\/14\/erster-kongress-des-ocds-im-kongo\/#primaryimage"},"thumbnailUrl":"https:\/\/www.carmelitaniscalzi.com\/wp-content\/uploads\/2017\/06\/3.png","articleSection":["Nachrichten OCDS","Nachrichten"],"inLanguage":"de"},{"@type":"WebPage","@id":"https:\/\/www.carmelitaniscalzi.com\/de\/2017\/06\/14\/erster-kongress-des-ocds-im-kongo\/","url":"https:\/\/www.carmelitaniscalzi.com\/de\/2017\/06\/14\/erster-kongress-des-ocds-im-kongo\/","name":"Erster Kongress des OCDS im Kongo - UNBESCHUHTE KARMELITEN","isPartOf":{"@id":"https:\/\/www.carmelitaniscalzi.com\/#website"},"primaryImageOfPage":{"@id":"https:\/\/www.carmelitaniscalzi.com\/de\/2017\/06\/14\/erster-kongress-des-ocds-im-kongo\/#primaryimage"},"image":{"@id":"https:\/\/www.carmelitaniscalzi.com\/de\/2017\/06\/14\/erster-kongress-des-ocds-im-kongo\/#primaryimage"},"thumbnailUrl":"https:\/\/www.carmelitaniscalzi.com\/wp-content\/uploads\/2017\/06\/3.png","datePublished":"2017-06-14T20:06:32+00:00","breadcrumb":{"@id":"https:\/\/www.carmelitaniscalzi.com\/de\/2017\/06\/14\/erster-kongress-des-ocds-im-kongo\/#breadcrumb"},"inLanguage":"de","potentialAction":[{"@type":"ReadAction","target":["https:\/\/www.carmelitaniscalzi.com\/de\/2017\/06\/14\/erster-kongress-des-ocds-im-kongo\/"]}]},{"@type":"ImageObject","inLanguage":"de","@id":"https:\/\/www.carmelitaniscalzi.com\/de\/2017\/06\/14\/erster-kongress-des-ocds-im-kongo\/#primaryimage","url":"https:\/\/www.carmelitaniscalzi.com\/wp-content\/uploads\/2017\/06\/3.png","contentUrl":"https:\/\/www.carmelitaniscalzi.com\/wp-content\/uploads\/2017\/06\/3.png","width":788,"height":368},{"@type":"BreadcrumbList","@id":"https:\/\/www.carmelitaniscalzi.com\/de\/2017\/06\/14\/erster-kongress-des-ocds-im-kongo\/#breadcrumb","itemListElement":[{"@type":"ListItem","position":1,"name":"Home","item":"https:\/\/www.carmelitaniscalzi.com\/de\/"},{"@type":"ListItem","position":2,"name":"Erster Kongress des OCDS im Kongo"}]},{"@type":"WebSite","@id":"https:\/\/www.carmelitaniscalzi.com\/#website","url":"https:\/\/www.carmelitaniscalzi.com\/","name":"CARMELITANI SCALZI - Curia Generale del Carmelo Teresiano","description":"Generalkurie des Teresianischen Karmel","publisher":{"@id":"https:\/\/www.carmelitaniscalzi.com\/#organization"},"alternateName":"CARMELITANI SCALZI","potentialAction":[{"@type":"SearchAction","target":{"@type":"EntryPoint","urlTemplate":"https:\/\/www.carmelitaniscalzi.com\/?s={search_term_string}"},"query-input":{"@type":"PropertyValueSpecification","valueRequired":true,"valueName":"search_term_string"}}],"inLanguage":"de"},{"@type":"Organization","@id":"https:\/\/www.carmelitaniscalzi.com\/#organization","name":"CARMELITANI SCALZI - Curia Generale del Carmelo Teresiano","url":"https:\/\/www.carmelitaniscalzi.com\/","logo":{"@type":"ImageObject","inLanguage":"de","@id":"https:\/\/www.carmelitaniscalzi.com\/#\/schema\/logo\/image\/","url":"https:\/\/www.carmelitaniscalzi.com\/wp-content\/uploads\/2025\/11\/login-logo.png","contentUrl":"https:\/\/www.carmelitaniscalzi.com\/wp-content\/uploads\/2025\/11\/login-logo.png","width":256,"height":256,"caption":"CARMELITANI SCALZI - Curia Generale del Carmelo Teresiano"},"image":{"@id":"https:\/\/www.carmelitaniscalzi.com\/#\/schema\/logo\/image\/"},"sameAs":["https:\/\/www.facebook.com\/Curia-Generalizia-Carmelitani-Scalzi-658766940887784\/","https:\/\/x.com\/ocdcuria","https:\/\/www.youtube.com\/channel\/UC2J5ZL0ycOY0qBSTCLX_NGQ\/videos","https:\/\/www.instagram.com\/ocdinform\/"]},{"@type":"Person","@id":"https:\/\/www.carmelitaniscalzi.com\/#\/schema\/person\/6d1c0d9bea7b6625c437246a5d6da409","name":"ocd web master","image":{"@type":"ImageObject","inLanguage":"de","@id":"https:\/\/www.carmelitaniscalzi.com\/#\/schema\/person\/image\/","url":"https:\/\/secure.gravatar.com\/avatar\/41fbc5f82bad909fbaf2984c43fa50d8519ac5853e25b454d022b6868f80d0e7?s=96&d=mm&r=g","contentUrl":"https:\/\/secure.gravatar.com\/avatar\/41fbc5f82bad909fbaf2984c43fa50d8519ac5853e25b454d022b6868f80d0e7?s=96&d=mm&r=g","caption":"ocd web master"},"url":"https:\/\/www.carmelitaniscalzi.com\/de\/author\/ocdwebmaster\/"}]}},"_links":{"self":[{"href":"https:\/\/www.carmelitaniscalzi.com\/de\/wp-json\/wp\/v2\/posts\/14602","targetHints":{"allow":["GET"]}}],"collection":[{"href":"https:\/\/www.carmelitaniscalzi.com\/de\/wp-json\/wp\/v2\/posts"}],"about":[{"href":"https:\/\/www.carmelitaniscalzi.com\/de\/wp-json\/wp\/v2\/types\/post"}],"author":[{"embeddable":true,"href":"https:\/\/www.carmelitaniscalzi.com\/de\/wp-json\/wp\/v2\/users\/7"}],"replies":[{"embeddable":true,"href":"https:\/\/www.carmelitaniscalzi.com\/de\/wp-json\/wp\/v2\/comments?post=14602"}],"version-history":[{"count":0,"href":"https:\/\/www.carmelitaniscalzi.com\/de\/wp-json\/wp\/v2\/posts\/14602\/revisions"}],"wp:featuredmedia":[{"embeddable":true,"href":"https:\/\/www.carmelitaniscalzi.com\/de\/wp-json\/wp\/v2\/media\/14596"}],"wp:attachment":[{"href":"https:\/\/www.carmelitaniscalzi.com\/de\/wp-json\/wp\/v2\/media?parent=14602"}],"wp:term":[{"taxonomy":"category","embeddable":true,"href":"https:\/\/www.carmelitaniscalzi.com\/de\/wp-json\/wp\/v2\/categories?post=14602"},{"taxonomy":"post_tag","embeddable":true,"href":"https:\/\/www.carmelitaniscalzi.com\/de\/wp-json\/wp\/v2\/tags?post=14602"}],"curies":[{"name":"wp","href":"https:\/\/api.w.org\/{rel}","templated":true}]}}