{"id":14587,"date":"2017-06-14T21:57:11","date_gmt":"2017-06-14T19:57:11","guid":{"rendered":"https:\/\/www.carmelitaniscalzi.com\/de\/?p=14587"},"modified":"2017-06-14T21:57:11","modified_gmt":"2017-06-14T19:57:11","slug":"die-ehrwuerdige-maria-felicia-de-jesus-sacramentado-chiquitunga","status":"publish","type":"post","link":"https:\/\/www.carmelitaniscalzi.com\/de\/2017\/06\/14\/die-ehrwuerdige-maria-felicia-de-jesus-sacramentado-chiquitunga\/","title":{"rendered":"Die Ehrw\u00fcrdige Mar\u00eda Felicia de Jes\u00fas Sacramentado (Chiquitunga)"},"content":{"rendered":"<p>Am 1. Juni hat die \u00c4rztekommission der Kongregation f\u00fcr die Selig- und Heiligsprechungen ihre positive Stellungnahme zu einem Heilungswunder abgegeben, das sich angeblich im Jahr 2002 in Paraguay ereignet hat. Es ist dies ein erster wichtiger Schritt zur Anerkennung dieses angeblichen, der F\u00fcrsprache Chiquitungas zugeschriebenen Wunders. Nun bedarf es noch des Gutachtens der Theologen. Mehr Information ist zu finden unter <a href=\"http:\/\/www.postocd.org\">www.postocd.org<\/a>.<\/p>\n","protected":false},"excerpt":{"rendered":"<p>Am 1. Juni hat die \u00c4rztekommission der Kongregation f\u00fcr die Selig- und Heiligsprechungen ihre positive Stellungnahme zu einem Heilungswunder abgegeben, das sich angeblich im Jahr 2002 in Paraguay ereignet hat. Es ist dies ein erster wichtiger Schritt zur Anerkennung dieses angeblichen, der F\u00fcrsprache Chiquitungas zugeschriebenen Wunders. Nun bedarf es noch des Gutachtens der Theologen. Mehr [&hellip;]<\/p>\n","protected":false},"author":7,"featured_media":14581,"comment_status":"closed","ping_status":"closed","sticky":false,"template":"","format":"standard","meta":{"_acf_changed":false,"footnotes":""},"categories":[267,371],"tags":[],"class_list":["post-14587","post","type-post","status-publish","format-standard","has-post-thumbnail","hentry","category-nachrichten-generalpostulation","category-nachrichten"],"acf":[],"yoast_head":"<!-- This site is optimized with the Yoast SEO plugin v26.3 - https:\/\/yoast.com\/wordpress\/plugins\/seo\/ -->\n<title>Die Ehrw\u00fcrdige Mar\u00eda Felicia de Jes\u00fas Sacramentado (Chiquitunga) - UNBESCHUHTE KARMELITEN<\/title>\n<meta name=\"robots\" content=\"index, follow, max-snippet:-1, max-image-preview:large, max-video-preview:-1\" \/>\n<link rel=\"canonical\" href=\"https:\/\/www.carmelitaniscalzi.com\/de\/2017\/06\/14\/die-ehrwuerdige-maria-felicia-de-jesus-sacramentado-chiquitunga\/\" \/>\n<meta property=\"og:locale\" content=\"de_DE\" \/>\n<meta property=\"og:type\" content=\"article\" \/>\n<meta property=\"og:title\" content=\"Die Ehrw\u00fcrdige Mar\u00eda Felicia de Jes\u00fas Sacramentado (Chiquitunga) - UNBESCHUHTE KARMELITEN\" \/>\n<meta property=\"og:description\" content=\"Am 1. Juni hat die \u00c4rztekommission der Kongregation f\u00fcr die Selig- und Heiligsprechungen ihre positive Stellungnahme zu einem Heilungswunder abgegeben, das sich angeblich im Jahr 2002 in Paraguay ereignet hat. Es ist dies ein erster wichtiger Schritt zur Anerkennung dieses angeblichen, der F\u00fcrsprache Chiquitungas zugeschriebenen Wunders. Nun bedarf es noch des Gutachtens der Theologen. Mehr [&hellip;]\" \/>\n<meta property=\"og:url\" content=\"https:\/\/www.carmelitaniscalzi.com\/de\/2017\/06\/14\/die-ehrwuerdige-maria-felicia-de-jesus-sacramentado-chiquitunga\/\" \/>\n<meta property=\"og:site_name\" content=\"UNBESCHUHTE KARMELITEN\" \/>\n<meta property=\"article:publisher\" content=\"https:\/\/www.facebook.com\/Curia-Generalizia-Carmelitani-Scalzi-658766940887784\/\" \/>\n<meta property=\"article:published_time\" content=\"2017-06-14T19:57:11+00:00\" \/>\n<meta property=\"og:image\" content=\"https:\/\/www.carmelitaniscalzi.com\/wp-content\/uploads\/2017\/06\/2.jpeg\" \/>\n\t<meta property=\"og:image:width\" content=\"1000\" \/>\n\t<meta property=\"og:image:height\" content=\"528\" \/>\n\t<meta property=\"og:image:type\" content=\"image\/jpeg\" \/>\n<meta name=\"author\" content=\"ocd web master\" \/>\n<meta name=\"twitter:card\" content=\"summary_large_image\" \/>\n<meta name=\"twitter:creator\" content=\"@ocdcuria\" \/>\n<meta name=\"twitter:site\" content=\"@ocdcuria\" \/>\n<meta name=\"twitter:label1\" content=\"Verfasst von\" \/>\n\t<meta name=\"twitter:data1\" content=\"ocd web master\" \/>\n<script type=\"application\/ld+json\" class=\"yoast-schema-graph\">{\"@context\":\"https:\/\/schema.org\",\"@graph\":[{\"@type\":\"Article\",\"@id\":\"https:\/\/www.carmelitaniscalzi.com\/de\/2017\/06\/14\/die-ehrwuerdige-maria-felicia-de-jesus-sacramentado-chiquitunga\/#article\",\"isPartOf\":{\"@id\":\"https:\/\/www.carmelitaniscalzi.com\/de\/2017\/06\/14\/die-ehrwuerdige-maria-felicia-de-jesus-sacramentado-chiquitunga\/\"},\"author\":{\"name\":\"ocd web master\",\"@id\":\"https:\/\/www.carmelitaniscalzi.com\/#\/schema\/person\/6d1c0d9bea7b6625c437246a5d6da409\"},\"headline\":\"Die Ehrw\u00fcrdige Mar\u00eda Felicia de Jes\u00fas Sacramentado (Chiquitunga)\",\"datePublished\":\"2017-06-14T19:57:11+00:00\",\"mainEntityOfPage\":{\"@id\":\"https:\/\/www.carmelitaniscalzi.com\/de\/2017\/06\/14\/die-ehrwuerdige-maria-felicia-de-jesus-sacramentado-chiquitunga\/\"},\"wordCount\":74,\"publisher\":{\"@id\":\"https:\/\/www.carmelitaniscalzi.com\/#organization\"},\"image\":{\"@id\":\"https:\/\/www.carmelitaniscalzi.com\/de\/2017\/06\/14\/die-ehrwuerdige-maria-felicia-de-jesus-sacramentado-chiquitunga\/#primaryimage\"},\"thumbnailUrl\":\"https:\/\/www.carmelitaniscalzi.com\/wp-content\/uploads\/2017\/06\/2.jpeg\",\"articleSection\":[\"Nachrichten Generalpostulation\",\"Nachrichten\"],\"inLanguage\":\"de\"},{\"@type\":\"WebPage\",\"@id\":\"https:\/\/www.carmelitaniscalzi.com\/de\/2017\/06\/14\/die-ehrwuerdige-maria-felicia-de-jesus-sacramentado-chiquitunga\/\",\"url\":\"https:\/\/www.carmelitaniscalzi.com\/de\/2017\/06\/14\/die-ehrwuerdige-maria-felicia-de-jesus-sacramentado-chiquitunga\/\",\"name\":\"Die Ehrw\u00fcrdige Mar\u00eda Felicia de Jes\u00fas Sacramentado (Chiquitunga) - UNBESCHUHTE KARMELITEN\",\"isPartOf\":{\"@id\":\"https:\/\/www.carmelitaniscalzi.com\/#website\"},\"primaryImageOfPage\":{\"@id\":\"https:\/\/www.carmelitaniscalzi.com\/de\/2017\/06\/14\/die-ehrwuerdige-maria-felicia-de-jesus-sacramentado-chiquitunga\/#primaryimage\"},\"image\":{\"@id\":\"https:\/\/www.carmelitaniscalzi.com\/de\/2017\/06\/14\/die-ehrwuerdige-maria-felicia-de-jesus-sacramentado-chiquitunga\/#primaryimage\"},\"thumbnailUrl\":\"https:\/\/www.carmelitaniscalzi.com\/wp-content\/uploads\/2017\/06\/2.jpeg\",\"datePublished\":\"2017-06-14T19:57:11+00:00\",\"breadcrumb\":{\"@id\":\"https:\/\/www.carmelitaniscalzi.com\/de\/2017\/06\/14\/die-ehrwuerdige-maria-felicia-de-jesus-sacramentado-chiquitunga\/#breadcrumb\"},\"inLanguage\":\"de\",\"potentialAction\":[{\"@type\":\"ReadAction\",\"target\":[\"https:\/\/www.carmelitaniscalzi.com\/de\/2017\/06\/14\/die-ehrwuerdige-maria-felicia-de-jesus-sacramentado-chiquitunga\/\"]}]},{\"@type\":\"ImageObject\",\"inLanguage\":\"de\",\"@id\":\"https:\/\/www.carmelitaniscalzi.com\/de\/2017\/06\/14\/die-ehrwuerdige-maria-felicia-de-jesus-sacramentado-chiquitunga\/#primaryimage\",\"url\":\"https:\/\/www.carmelitaniscalzi.com\/wp-content\/uploads\/2017\/06\/2.jpeg\",\"contentUrl\":\"https:\/\/www.carmelitaniscalzi.com\/wp-content\/uploads\/2017\/06\/2.jpeg\",\"width\":1000,\"height\":528},{\"@type\":\"BreadcrumbList\",\"@id\":\"https:\/\/www.carmelitaniscalzi.com\/de\/2017\/06\/14\/die-ehrwuerdige-maria-felicia-de-jesus-sacramentado-chiquitunga\/#breadcrumb\",\"itemListElement\":[{\"@type\":\"ListItem\",\"position\":1,\"name\":\"Home\",\"item\":\"https:\/\/www.carmelitaniscalzi.com\/de\/\"},{\"@type\":\"ListItem\",\"position\":2,\"name\":\"Die Ehrw\u00fcrdige Mar\u00eda Felicia de Jes\u00fas Sacramentado (Chiquitunga)\"}]},{\"@type\":\"WebSite\",\"@id\":\"https:\/\/www.carmelitaniscalzi.com\/#website\",\"url\":\"https:\/\/www.carmelitaniscalzi.com\/\",\"name\":\"CARMELITANI SCALZI - Curia Generale del Carmelo Teresiano\",\"description\":\"Generalkurie des Teresianischen Karmel\",\"publisher\":{\"@id\":\"https:\/\/www.carmelitaniscalzi.com\/#organization\"},\"alternateName\":\"CARMELITANI SCALZI\",\"potentialAction\":[{\"@type\":\"SearchAction\",\"target\":{\"@type\":\"EntryPoint\",\"urlTemplate\":\"https:\/\/www.carmelitaniscalzi.com\/?s={search_term_string}\"},\"query-input\":{\"@type\":\"PropertyValueSpecification\",\"valueRequired\":true,\"valueName\":\"search_term_string\"}}],\"inLanguage\":\"de\"},{\"@type\":\"Organization\",\"@id\":\"https:\/\/www.carmelitaniscalzi.com\/#organization\",\"name\":\"CARMELITANI SCALZI - Curia Generale del Carmelo Teresiano\",\"url\":\"https:\/\/www.carmelitaniscalzi.com\/\",\"logo\":{\"@type\":\"ImageObject\",\"inLanguage\":\"de\",\"@id\":\"https:\/\/www.carmelitaniscalzi.com\/#\/schema\/logo\/image\/\",\"url\":\"https:\/\/www.carmelitaniscalzi.com\/wp-content\/uploads\/2025\/11\/login-logo.png\",\"contentUrl\":\"https:\/\/www.carmelitaniscalzi.com\/wp-content\/uploads\/2025\/11\/login-logo.png\",\"width\":256,\"height\":256,\"caption\":\"CARMELITANI SCALZI - Curia Generale del Carmelo Teresiano\"},\"image\":{\"@id\":\"https:\/\/www.carmelitaniscalzi.com\/#\/schema\/logo\/image\/\"},\"sameAs\":[\"https:\/\/www.facebook.com\/Curia-Generalizia-Carmelitani-Scalzi-658766940887784\/\",\"https:\/\/x.com\/ocdcuria\",\"https:\/\/www.youtube.com\/channel\/UC2J5ZL0ycOY0qBSTCLX_NGQ\/videos\",\"https:\/\/www.instagram.com\/ocdinform\/\"]},{\"@type\":\"Person\",\"@id\":\"https:\/\/www.carmelitaniscalzi.com\/#\/schema\/person\/6d1c0d9bea7b6625c437246a5d6da409\",\"name\":\"ocd web master\",\"image\":{\"@type\":\"ImageObject\",\"inLanguage\":\"de\",\"@id\":\"https:\/\/www.carmelitaniscalzi.com\/#\/schema\/person\/image\/\",\"url\":\"https:\/\/secure.gravatar.com\/avatar\/41fbc5f82bad909fbaf2984c43fa50d8519ac5853e25b454d022b6868f80d0e7?s=96&d=mm&r=g\",\"contentUrl\":\"https:\/\/secure.gravatar.com\/avatar\/41fbc5f82bad909fbaf2984c43fa50d8519ac5853e25b454d022b6868f80d0e7?s=96&d=mm&r=g\",\"caption\":\"ocd web master\"},\"url\":\"https:\/\/www.carmelitaniscalzi.com\/de\/author\/ocdwebmaster\/\"}]}<\/script>\n<!-- \/ Yoast SEO plugin. -->","yoast_head_json":{"title":"Die Ehrw\u00fcrdige Mar\u00eda Felicia de Jes\u00fas Sacramentado (Chiquitunga) - UNBESCHUHTE KARMELITEN","robots":{"index":"index","follow":"follow","max-snippet":"max-snippet:-1","max-image-preview":"max-image-preview:large","max-video-preview":"max-video-preview:-1"},"canonical":"https:\/\/www.carmelitaniscalzi.com\/de\/2017\/06\/14\/die-ehrwuerdige-maria-felicia-de-jesus-sacramentado-chiquitunga\/","og_locale":"de_DE","og_type":"article","og_title":"Die Ehrw\u00fcrdige Mar\u00eda Felicia de Jes\u00fas Sacramentado (Chiquitunga) - UNBESCHUHTE KARMELITEN","og_description":"Am 1. Juni hat die \u00c4rztekommission der Kongregation f\u00fcr die Selig- und Heiligsprechungen ihre positive Stellungnahme zu einem Heilungswunder abgegeben, das sich angeblich im Jahr 2002 in Paraguay ereignet hat. Es ist dies ein erster wichtiger Schritt zur Anerkennung dieses angeblichen, der F\u00fcrsprache Chiquitungas zugeschriebenen Wunders. Nun bedarf es noch des Gutachtens der Theologen. Mehr [&hellip;]","og_url":"https:\/\/www.carmelitaniscalzi.com\/de\/2017\/06\/14\/die-ehrwuerdige-maria-felicia-de-jesus-sacramentado-chiquitunga\/","og_site_name":"UNBESCHUHTE KARMELITEN","article_publisher":"https:\/\/www.facebook.com\/Curia-Generalizia-Carmelitani-Scalzi-658766940887784\/","article_published_time":"2017-06-14T19:57:11+00:00","og_image":[{"width":1000,"height":528,"url":"https:\/\/www.carmelitaniscalzi.com\/wp-content\/uploads\/2017\/06\/2.jpeg","type":"image\/jpeg"}],"author":"ocd web master","twitter_card":"summary_large_image","twitter_creator":"@ocdcuria","twitter_site":"@ocdcuria","twitter_misc":{"Verfasst von":"ocd web master"},"schema":{"@context":"https:\/\/schema.org","@graph":[{"@type":"Article","@id":"https:\/\/www.carmelitaniscalzi.com\/de\/2017\/06\/14\/die-ehrwuerdige-maria-felicia-de-jesus-sacramentado-chiquitunga\/#article","isPartOf":{"@id":"https:\/\/www.carmelitaniscalzi.com\/de\/2017\/06\/14\/die-ehrwuerdige-maria-felicia-de-jesus-sacramentado-chiquitunga\/"},"author":{"name":"ocd web master","@id":"https:\/\/www.carmelitaniscalzi.com\/#\/schema\/person\/6d1c0d9bea7b6625c437246a5d6da409"},"headline":"Die Ehrw\u00fcrdige Mar\u00eda Felicia de Jes\u00fas Sacramentado (Chiquitunga)","datePublished":"2017-06-14T19:57:11+00:00","mainEntityOfPage":{"@id":"https:\/\/www.carmelitaniscalzi.com\/de\/2017\/06\/14\/die-ehrwuerdige-maria-felicia-de-jesus-sacramentado-chiquitunga\/"},"wordCount":74,"publisher":{"@id":"https:\/\/www.carmelitaniscalzi.com\/#organization"},"image":{"@id":"https:\/\/www.carmelitaniscalzi.com\/de\/2017\/06\/14\/die-ehrwuerdige-maria-felicia-de-jesus-sacramentado-chiquitunga\/#primaryimage"},"thumbnailUrl":"https:\/\/www.carmelitaniscalzi.com\/wp-content\/uploads\/2017\/06\/2.jpeg","articleSection":["Nachrichten Generalpostulation","Nachrichten"],"inLanguage":"de"},{"@type":"WebPage","@id":"https:\/\/www.carmelitaniscalzi.com\/de\/2017\/06\/14\/die-ehrwuerdige-maria-felicia-de-jesus-sacramentado-chiquitunga\/","url":"https:\/\/www.carmelitaniscalzi.com\/de\/2017\/06\/14\/die-ehrwuerdige-maria-felicia-de-jesus-sacramentado-chiquitunga\/","name":"Die Ehrw\u00fcrdige Mar\u00eda Felicia de Jes\u00fas Sacramentado (Chiquitunga) - UNBESCHUHTE KARMELITEN","isPartOf":{"@id":"https:\/\/www.carmelitaniscalzi.com\/#website"},"primaryImageOfPage":{"@id":"https:\/\/www.carmelitaniscalzi.com\/de\/2017\/06\/14\/die-ehrwuerdige-maria-felicia-de-jesus-sacramentado-chiquitunga\/#primaryimage"},"image":{"@id":"https:\/\/www.carmelitaniscalzi.com\/de\/2017\/06\/14\/die-ehrwuerdige-maria-felicia-de-jesus-sacramentado-chiquitunga\/#primaryimage"},"thumbnailUrl":"https:\/\/www.carmelitaniscalzi.com\/wp-content\/uploads\/2017\/06\/2.jpeg","datePublished":"2017-06-14T19:57:11+00:00","breadcrumb":{"@id":"https:\/\/www.carmelitaniscalzi.com\/de\/2017\/06\/14\/die-ehrwuerdige-maria-felicia-de-jesus-sacramentado-chiquitunga\/#breadcrumb"},"inLanguage":"de","potentialAction":[{"@type":"ReadAction","target":["https:\/\/www.carmelitaniscalzi.com\/de\/2017\/06\/14\/die-ehrwuerdige-maria-felicia-de-jesus-sacramentado-chiquitunga\/"]}]},{"@type":"ImageObject","inLanguage":"de","@id":"https:\/\/www.carmelitaniscalzi.com\/de\/2017\/06\/14\/die-ehrwuerdige-maria-felicia-de-jesus-sacramentado-chiquitunga\/#primaryimage","url":"https:\/\/www.carmelitaniscalzi.com\/wp-content\/uploads\/2017\/06\/2.jpeg","contentUrl":"https:\/\/www.carmelitaniscalzi.com\/wp-content\/uploads\/2017\/06\/2.jpeg","width":1000,"height":528},{"@type":"BreadcrumbList","@id":"https:\/\/www.carmelitaniscalzi.com\/de\/2017\/06\/14\/die-ehrwuerdige-maria-felicia-de-jesus-sacramentado-chiquitunga\/#breadcrumb","itemListElement":[{"@type":"ListItem","position":1,"name":"Home","item":"https:\/\/www.carmelitaniscalzi.com\/de\/"},{"@type":"ListItem","position":2,"name":"Die Ehrw\u00fcrdige Mar\u00eda Felicia de Jes\u00fas Sacramentado (Chiquitunga)"}]},{"@type":"WebSite","@id":"https:\/\/www.carmelitaniscalzi.com\/#website","url":"https:\/\/www.carmelitaniscalzi.com\/","name":"CARMELITANI SCALZI - Curia Generale del Carmelo Teresiano","description":"Generalkurie des Teresianischen Karmel","publisher":{"@id":"https:\/\/www.carmelitaniscalzi.com\/#organization"},"alternateName":"CARMELITANI SCALZI","potentialAction":[{"@type":"SearchAction","target":{"@type":"EntryPoint","urlTemplate":"https:\/\/www.carmelitaniscalzi.com\/?s={search_term_string}"},"query-input":{"@type":"PropertyValueSpecification","valueRequired":true,"valueName":"search_term_string"}}],"inLanguage":"de"},{"@type":"Organization","@id":"https:\/\/www.carmelitaniscalzi.com\/#organization","name":"CARMELITANI SCALZI - Curia Generale del Carmelo Teresiano","url":"https:\/\/www.carmelitaniscalzi.com\/","logo":{"@type":"ImageObject","inLanguage":"de","@id":"https:\/\/www.carmelitaniscalzi.com\/#\/schema\/logo\/image\/","url":"https:\/\/www.carmelitaniscalzi.com\/wp-content\/uploads\/2025\/11\/login-logo.png","contentUrl":"https:\/\/www.carmelitaniscalzi.com\/wp-content\/uploads\/2025\/11\/login-logo.png","width":256,"height":256,"caption":"CARMELITANI SCALZI - Curia Generale del Carmelo Teresiano"},"image":{"@id":"https:\/\/www.carmelitaniscalzi.com\/#\/schema\/logo\/image\/"},"sameAs":["https:\/\/www.facebook.com\/Curia-Generalizia-Carmelitani-Scalzi-658766940887784\/","https:\/\/x.com\/ocdcuria","https:\/\/www.youtube.com\/channel\/UC2J5ZL0ycOY0qBSTCLX_NGQ\/videos","https:\/\/www.instagram.com\/ocdinform\/"]},{"@type":"Person","@id":"https:\/\/www.carmelitaniscalzi.com\/#\/schema\/person\/6d1c0d9bea7b6625c437246a5d6da409","name":"ocd web master","image":{"@type":"ImageObject","inLanguage":"de","@id":"https:\/\/www.carmelitaniscalzi.com\/#\/schema\/person\/image\/","url":"https:\/\/secure.gravatar.com\/avatar\/41fbc5f82bad909fbaf2984c43fa50d8519ac5853e25b454d022b6868f80d0e7?s=96&d=mm&r=g","contentUrl":"https:\/\/secure.gravatar.com\/avatar\/41fbc5f82bad909fbaf2984c43fa50d8519ac5853e25b454d022b6868f80d0e7?s=96&d=mm&r=g","caption":"ocd web master"},"url":"https:\/\/www.carmelitaniscalzi.com\/de\/author\/ocdwebmaster\/"}]}},"_links":{"self":[{"href":"https:\/\/www.carmelitaniscalzi.com\/de\/wp-json\/wp\/v2\/posts\/14587","targetHints":{"allow":["GET"]}}],"collection":[{"href":"https:\/\/www.carmelitaniscalzi.com\/de\/wp-json\/wp\/v2\/posts"}],"about":[{"href":"https:\/\/www.carmelitaniscalzi.com\/de\/wp-json\/wp\/v2\/types\/post"}],"author":[{"embeddable":true,"href":"https:\/\/www.carmelitaniscalzi.com\/de\/wp-json\/wp\/v2\/users\/7"}],"replies":[{"embeddable":true,"href":"https:\/\/www.carmelitaniscalzi.com\/de\/wp-json\/wp\/v2\/comments?post=14587"}],"version-history":[{"count":0,"href":"https:\/\/www.carmelitaniscalzi.com\/de\/wp-json\/wp\/v2\/posts\/14587\/revisions"}],"wp:featuredmedia":[{"embeddable":true,"href":"https:\/\/www.carmelitaniscalzi.com\/de\/wp-json\/wp\/v2\/media\/14581"}],"wp:attachment":[{"href":"https:\/\/www.carmelitaniscalzi.com\/de\/wp-json\/wp\/v2\/media?parent=14587"}],"wp:term":[{"taxonomy":"category","embeddable":true,"href":"https:\/\/www.carmelitaniscalzi.com\/de\/wp-json\/wp\/v2\/categories?post=14587"},{"taxonomy":"post_tag","embeddable":true,"href":"https:\/\/www.carmelitaniscalzi.com\/de\/wp-json\/wp\/v2\/tags?post=14587"}],"curies":[{"name":"wp","href":"https:\/\/api.w.org\/{rel}","templated":true}]}}