{"id":14448,"date":"2017-06-01T13:59:48","date_gmt":"2017-06-01T11:59:48","guid":{"rendered":"https:\/\/www.carmelitaniscalzi.com\/de\/?p=14448"},"modified":"2017-06-01T13:59:48","modified_gmt":"2017-06-01T11:59:48","slug":"ein-neuer-kardinal-fuer-unseren-orden","status":"publish","type":"post","link":"https:\/\/www.carmelitaniscalzi.com\/de\/2017\/06\/01\/ein-neuer-kardinal-fuer-unseren-orden\/","title":{"rendered":"Ein neuer Kardinal f\u00fcr unseren Orden"},"content":{"rendered":"<p>Am 21. Mai hat Papst Franziskus bei seiner Ansprache zum Regina Coeli verk\u00fcndet, dass er am kommenden 28. Juni ein Konsistorium einberufen wird, bei dem er f\u00fcnf neue Kardin\u00e4le kreiert. Unter ihnen befindet sich unser Mitbruder Anders Arborelius, seit 1998 Bischof von Stockholm.<\/p>\n<p>Geboren am 24. September 1949 in Sorengo (Schweiz) in einer nichtpraktizierenden lutherischen Familie, kam er nach der Scheidung seiner Eltern mit seiner Mutter nach Lund in Schweden und erwarb dabei die schwedische Staatsangeh\u00f6rigkeit.<\/p>\n<p>Mit 20 Jahren konvertierte er, angeregt durch die Lekt\u00fcre der hl. Therese vom Kinde Jesus, zum Katholizismus und entschloss sich, in der fl\u00e4mischen Provinz in ihren Orden einzutreten. Seine Studien absolvierte er in Br\u00fcgge (Belgien) und am Teresianum in Rom. 1998 wurde er von Johannes Paul II. zum Bischof von Stockholm ernannt und im gleichen Jahr geweiht.<\/p>\n<p>Ab dem 29. Juni, wenn er zum Kardinal ernannt ist, wird er zu einem nahen Berater von Papst Franziskus, und damit berufen, dem Bischof von Rom und Hirten der Gesamtkirche mit Rat und Tat zur Seite zu stehen; als froher Verk\u00fcnder des Evangeliums erf\u00fcllt damit einen Dienst an der Gemeinschaft der Kirche, wie der Papst in seiner Ansprache hervorhob.<\/p>\n<p><a href=\"https:\/\/www.carmelitaniscalzi.com\/wp-content\/uploads\/2017\/06\/1.jpg\"><img loading=\"lazy\" decoding=\"async\" class=\"alignnone size-medium wp-image-14438\" src=\"https:\/\/www.carmelitaniscalzi.com\/wp-content\/uploads\/2017\/06\/1-300x202.jpg\" alt=\"\" width=\"300\" height=\"202\" srcset=\"https:\/\/www.carmelitaniscalzi.com\/wp-content\/uploads\/2017\/06\/1-300x202.jpg 300w, https:\/\/www.carmelitaniscalzi.com\/wp-content\/uploads\/2017\/06\/1-768x518.jpg 768w, https:\/\/www.carmelitaniscalzi.com\/wp-content\/uploads\/2017\/06\/1-1024x691.jpg 1024w, https:\/\/www.carmelitaniscalzi.com\/wp-content\/uploads\/2017\/06\/1-81x55.jpg 81w, https:\/\/www.carmelitaniscalzi.com\/wp-content\/uploads\/2017\/06\/1-800x540.jpg 800w, https:\/\/www.carmelitaniscalzi.com\/wp-content\/uploads\/2017\/06\/1-580x391.jpg 580w, https:\/\/www.carmelitaniscalzi.com\/wp-content\/uploads\/2017\/06\/1.jpg 1138w\" sizes=\"auto, (max-width: 300px) 100vw, 300px\" \/><\/a> <a href=\"https:\/\/www.carmelitaniscalzi.com\/wp-content\/uploads\/2017\/06\/2.jpg\"><img loading=\"lazy\" decoding=\"async\" class=\"alignnone size-medium wp-image-14439\" src=\"https:\/\/www.carmelitaniscalzi.com\/wp-content\/uploads\/2017\/06\/2-300x202.jpg\" alt=\"\" width=\"300\" height=\"202\" srcset=\"https:\/\/www.carmelitaniscalzi.com\/wp-content\/uploads\/2017\/06\/2-300x202.jpg 300w, https:\/\/www.carmelitaniscalzi.com\/wp-content\/uploads\/2017\/06\/2-768x518.jpg 768w, https:\/\/www.carmelitaniscalzi.com\/wp-content\/uploads\/2017\/06\/2-1024x691.jpg 1024w, https:\/\/www.carmelitaniscalzi.com\/wp-content\/uploads\/2017\/06\/2-81x55.jpg 81w, https:\/\/www.carmelitaniscalzi.com\/wp-content\/uploads\/2017\/06\/2-800x540.jpg 800w, https:\/\/www.carmelitaniscalzi.com\/wp-content\/uploads\/2017\/06\/2-580x391.jpg 580w, https:\/\/www.carmelitaniscalzi.com\/wp-content\/uploads\/2017\/06\/2.jpg 1138w\" sizes=\"auto, (max-width: 300px) 100vw, 300px\" \/><\/a><\/p>\n","protected":false},"excerpt":{"rendered":"<p>Am 21. Mai hat Papst Franziskus bei seiner Ansprache zum Regina Coeli verk\u00fcndet, dass er am kommenden 28. Juni ein Konsistorium einberufen wird, bei dem er f\u00fcnf neue Kardin\u00e4le kreiert. Unter ihnen befindet sich unser Mitbruder Anders Arborelius, seit 1998 Bischof von Stockholm. Geboren am 24. September 1949 in Sorengo (Schweiz) in einer nichtpraktizierenden lutherischen [&hellip;]<\/p>\n","protected":false},"author":7,"featured_media":14437,"comment_status":"closed","ping_status":"closed","sticky":false,"template":"","format":"standard","meta":{"_acf_changed":false,"footnotes":""},"categories":[218,371],"tags":[],"class_list":["post-14448","post","type-post","status-publish","format-standard","has-post-thumbnail","hentry","category-nachrichten-ueber-brueder","category-nachrichten"],"acf":[],"yoast_head":"<!-- This site is optimized with the Yoast SEO plugin v26.3 - https:\/\/yoast.com\/wordpress\/plugins\/seo\/ -->\n<title>Ein neuer Kardinal f\u00fcr unseren Orden - UNBESCHUHTE KARMELITEN<\/title>\n<meta name=\"robots\" content=\"index, follow, max-snippet:-1, max-image-preview:large, max-video-preview:-1\" \/>\n<link rel=\"canonical\" href=\"https:\/\/www.carmelitaniscalzi.com\/de\/2017\/06\/01\/ein-neuer-kardinal-fuer-unseren-orden\/\" \/>\n<meta property=\"og:locale\" content=\"de_DE\" \/>\n<meta property=\"og:type\" content=\"article\" \/>\n<meta property=\"og:title\" content=\"Ein neuer Kardinal f\u00fcr unseren Orden - UNBESCHUHTE KARMELITEN\" \/>\n<meta property=\"og:description\" content=\"Am 21. Mai hat Papst Franziskus bei seiner Ansprache zum Regina Coeli verk\u00fcndet, dass er am kommenden 28. Juni ein Konsistorium einberufen wird, bei dem er f\u00fcnf neue Kardin\u00e4le kreiert. Unter ihnen befindet sich unser Mitbruder Anders Arborelius, seit 1998 Bischof von Stockholm. Geboren am 24. September 1949 in Sorengo (Schweiz) in einer nichtpraktizierenden lutherischen [&hellip;]\" \/>\n<meta property=\"og:url\" content=\"https:\/\/www.carmelitaniscalzi.com\/de\/2017\/06\/01\/ein-neuer-kardinal-fuer-unseren-orden\/\" \/>\n<meta property=\"og:site_name\" content=\"UNBESCHUHTE KARMELITEN\" \/>\n<meta property=\"article:publisher\" content=\"https:\/\/www.facebook.com\/Curia-Generalizia-Carmelitani-Scalzi-658766940887784\/\" \/>\n<meta property=\"article:published_time\" content=\"2017-06-01T11:59:48+00:00\" \/>\n<meta property=\"og:image\" content=\"https:\/\/www.carmelitaniscalzi.com\/wp-content\/uploads\/2017\/06\/0.jpg\" \/>\n\t<meta property=\"og:image:width\" content=\"2228\" \/>\n\t<meta property=\"og:image:height\" content=\"2941\" \/>\n\t<meta property=\"og:image:type\" content=\"image\/jpeg\" \/>\n<meta name=\"author\" content=\"ocd web master\" \/>\n<meta name=\"twitter:card\" content=\"summary_large_image\" \/>\n<meta name=\"twitter:creator\" content=\"@ocdcuria\" \/>\n<meta name=\"twitter:site\" content=\"@ocdcuria\" \/>\n<meta name=\"twitter:label1\" content=\"Verfasst von\" \/>\n\t<meta name=\"twitter:data1\" content=\"ocd web master\" \/>\n\t<meta name=\"twitter:label2\" content=\"Gesch\u00e4tzte Lesezeit\" \/>\n\t<meta name=\"twitter:data2\" content=\"1\u00a0Minute\" \/>\n<script type=\"application\/ld+json\" class=\"yoast-schema-graph\">{\"@context\":\"https:\/\/schema.org\",\"@graph\":[{\"@type\":\"Article\",\"@id\":\"https:\/\/www.carmelitaniscalzi.com\/de\/2017\/06\/01\/ein-neuer-kardinal-fuer-unseren-orden\/#article\",\"isPartOf\":{\"@id\":\"https:\/\/www.carmelitaniscalzi.com\/de\/2017\/06\/01\/ein-neuer-kardinal-fuer-unseren-orden\/\"},\"author\":{\"name\":\"ocd web master\",\"@id\":\"https:\/\/www.carmelitaniscalzi.com\/#\/schema\/person\/6d1c0d9bea7b6625c437246a5d6da409\"},\"headline\":\"Ein neuer Kardinal f\u00fcr unseren Orden\",\"datePublished\":\"2017-06-01T11:59:48+00:00\",\"mainEntityOfPage\":{\"@id\":\"https:\/\/www.carmelitaniscalzi.com\/de\/2017\/06\/01\/ein-neuer-kardinal-fuer-unseren-orden\/\"},\"wordCount\":200,\"publisher\":{\"@id\":\"https:\/\/www.carmelitaniscalzi.com\/#organization\"},\"image\":{\"@id\":\"https:\/\/www.carmelitaniscalzi.com\/de\/2017\/06\/01\/ein-neuer-kardinal-fuer-unseren-orden\/#primaryimage\"},\"thumbnailUrl\":\"https:\/\/www.carmelitaniscalzi.com\/wp-content\/uploads\/2017\/06\/0.jpg\",\"articleSection\":[\"Nachrichten \u00fcber Br\u00fcder\",\"Nachrichten\"],\"inLanguage\":\"de\"},{\"@type\":\"WebPage\",\"@id\":\"https:\/\/www.carmelitaniscalzi.com\/de\/2017\/06\/01\/ein-neuer-kardinal-fuer-unseren-orden\/\",\"url\":\"https:\/\/www.carmelitaniscalzi.com\/de\/2017\/06\/01\/ein-neuer-kardinal-fuer-unseren-orden\/\",\"name\":\"Ein neuer Kardinal f\u00fcr unseren Orden - UNBESCHUHTE KARMELITEN\",\"isPartOf\":{\"@id\":\"https:\/\/www.carmelitaniscalzi.com\/#website\"},\"primaryImageOfPage\":{\"@id\":\"https:\/\/www.carmelitaniscalzi.com\/de\/2017\/06\/01\/ein-neuer-kardinal-fuer-unseren-orden\/#primaryimage\"},\"image\":{\"@id\":\"https:\/\/www.carmelitaniscalzi.com\/de\/2017\/06\/01\/ein-neuer-kardinal-fuer-unseren-orden\/#primaryimage\"},\"thumbnailUrl\":\"https:\/\/www.carmelitaniscalzi.com\/wp-content\/uploads\/2017\/06\/0.jpg\",\"datePublished\":\"2017-06-01T11:59:48+00:00\",\"breadcrumb\":{\"@id\":\"https:\/\/www.carmelitaniscalzi.com\/de\/2017\/06\/01\/ein-neuer-kardinal-fuer-unseren-orden\/#breadcrumb\"},\"inLanguage\":\"de\",\"potentialAction\":[{\"@type\":\"ReadAction\",\"target\":[\"https:\/\/www.carmelitaniscalzi.com\/de\/2017\/06\/01\/ein-neuer-kardinal-fuer-unseren-orden\/\"]}]},{\"@type\":\"ImageObject\",\"inLanguage\":\"de\",\"@id\":\"https:\/\/www.carmelitaniscalzi.com\/de\/2017\/06\/01\/ein-neuer-kardinal-fuer-unseren-orden\/#primaryimage\",\"url\":\"https:\/\/www.carmelitaniscalzi.com\/wp-content\/uploads\/2017\/06\/0.jpg\",\"contentUrl\":\"https:\/\/www.carmelitaniscalzi.com\/wp-content\/uploads\/2017\/06\/0.jpg\",\"width\":2228,\"height\":2941},{\"@type\":\"BreadcrumbList\",\"@id\":\"https:\/\/www.carmelitaniscalzi.com\/de\/2017\/06\/01\/ein-neuer-kardinal-fuer-unseren-orden\/#breadcrumb\",\"itemListElement\":[{\"@type\":\"ListItem\",\"position\":1,\"name\":\"Home\",\"item\":\"https:\/\/www.carmelitaniscalzi.com\/de\/\"},{\"@type\":\"ListItem\",\"position\":2,\"name\":\"Ein neuer Kardinal f\u00fcr unseren Orden\"}]},{\"@type\":\"WebSite\",\"@id\":\"https:\/\/www.carmelitaniscalzi.com\/#website\",\"url\":\"https:\/\/www.carmelitaniscalzi.com\/\",\"name\":\"CARMELITANI SCALZI - Curia Generale del Carmelo Teresiano\",\"description\":\"Generalkurie des Teresianischen Karmel\",\"publisher\":{\"@id\":\"https:\/\/www.carmelitaniscalzi.com\/#organization\"},\"alternateName\":\"CARMELITANI SCALZI\",\"potentialAction\":[{\"@type\":\"SearchAction\",\"target\":{\"@type\":\"EntryPoint\",\"urlTemplate\":\"https:\/\/www.carmelitaniscalzi.com\/?s={search_term_string}\"},\"query-input\":{\"@type\":\"PropertyValueSpecification\",\"valueRequired\":true,\"valueName\":\"search_term_string\"}}],\"inLanguage\":\"de\"},{\"@type\":\"Organization\",\"@id\":\"https:\/\/www.carmelitaniscalzi.com\/#organization\",\"name\":\"CARMELITANI SCALZI - Curia Generale del Carmelo Teresiano\",\"url\":\"https:\/\/www.carmelitaniscalzi.com\/\",\"logo\":{\"@type\":\"ImageObject\",\"inLanguage\":\"de\",\"@id\":\"https:\/\/www.carmelitaniscalzi.com\/#\/schema\/logo\/image\/\",\"url\":\"https:\/\/www.carmelitaniscalzi.com\/wp-content\/uploads\/2025\/11\/login-logo.png\",\"contentUrl\":\"https:\/\/www.carmelitaniscalzi.com\/wp-content\/uploads\/2025\/11\/login-logo.png\",\"width\":256,\"height\":256,\"caption\":\"CARMELITANI SCALZI - Curia Generale del Carmelo Teresiano\"},\"image\":{\"@id\":\"https:\/\/www.carmelitaniscalzi.com\/#\/schema\/logo\/image\/\"},\"sameAs\":[\"https:\/\/www.facebook.com\/Curia-Generalizia-Carmelitani-Scalzi-658766940887784\/\",\"https:\/\/x.com\/ocdcuria\",\"https:\/\/www.youtube.com\/channel\/UC2J5ZL0ycOY0qBSTCLX_NGQ\/videos\",\"https:\/\/www.instagram.com\/ocdinform\/\"]},{\"@type\":\"Person\",\"@id\":\"https:\/\/www.carmelitaniscalzi.com\/#\/schema\/person\/6d1c0d9bea7b6625c437246a5d6da409\",\"name\":\"ocd web master\",\"image\":{\"@type\":\"ImageObject\",\"inLanguage\":\"de\",\"@id\":\"https:\/\/www.carmelitaniscalzi.com\/#\/schema\/person\/image\/\",\"url\":\"https:\/\/secure.gravatar.com\/avatar\/41fbc5f82bad909fbaf2984c43fa50d8519ac5853e25b454d022b6868f80d0e7?s=96&d=mm&r=g\",\"contentUrl\":\"https:\/\/secure.gravatar.com\/avatar\/41fbc5f82bad909fbaf2984c43fa50d8519ac5853e25b454d022b6868f80d0e7?s=96&d=mm&r=g\",\"caption\":\"ocd web master\"},\"url\":\"https:\/\/www.carmelitaniscalzi.com\/de\/author\/ocdwebmaster\/\"}]}<\/script>\n<!-- \/ Yoast SEO plugin. -->","yoast_head_json":{"title":"Ein neuer Kardinal f\u00fcr unseren Orden - UNBESCHUHTE KARMELITEN","robots":{"index":"index","follow":"follow","max-snippet":"max-snippet:-1","max-image-preview":"max-image-preview:large","max-video-preview":"max-video-preview:-1"},"canonical":"https:\/\/www.carmelitaniscalzi.com\/de\/2017\/06\/01\/ein-neuer-kardinal-fuer-unseren-orden\/","og_locale":"de_DE","og_type":"article","og_title":"Ein neuer Kardinal f\u00fcr unseren Orden - UNBESCHUHTE KARMELITEN","og_description":"Am 21. Mai hat Papst Franziskus bei seiner Ansprache zum Regina Coeli verk\u00fcndet, dass er am kommenden 28. Juni ein Konsistorium einberufen wird, bei dem er f\u00fcnf neue Kardin\u00e4le kreiert. Unter ihnen befindet sich unser Mitbruder Anders Arborelius, seit 1998 Bischof von Stockholm. Geboren am 24. September 1949 in Sorengo (Schweiz) in einer nichtpraktizierenden lutherischen [&hellip;]","og_url":"https:\/\/www.carmelitaniscalzi.com\/de\/2017\/06\/01\/ein-neuer-kardinal-fuer-unseren-orden\/","og_site_name":"UNBESCHUHTE KARMELITEN","article_publisher":"https:\/\/www.facebook.com\/Curia-Generalizia-Carmelitani-Scalzi-658766940887784\/","article_published_time":"2017-06-01T11:59:48+00:00","og_image":[{"width":2228,"height":2941,"url":"https:\/\/www.carmelitaniscalzi.com\/wp-content\/uploads\/2017\/06\/0.jpg","type":"image\/jpeg"}],"author":"ocd web master","twitter_card":"summary_large_image","twitter_creator":"@ocdcuria","twitter_site":"@ocdcuria","twitter_misc":{"Verfasst von":"ocd web master","Gesch\u00e4tzte Lesezeit":"1\u00a0Minute"},"schema":{"@context":"https:\/\/schema.org","@graph":[{"@type":"Article","@id":"https:\/\/www.carmelitaniscalzi.com\/de\/2017\/06\/01\/ein-neuer-kardinal-fuer-unseren-orden\/#article","isPartOf":{"@id":"https:\/\/www.carmelitaniscalzi.com\/de\/2017\/06\/01\/ein-neuer-kardinal-fuer-unseren-orden\/"},"author":{"name":"ocd web master","@id":"https:\/\/www.carmelitaniscalzi.com\/#\/schema\/person\/6d1c0d9bea7b6625c437246a5d6da409"},"headline":"Ein neuer Kardinal f\u00fcr unseren Orden","datePublished":"2017-06-01T11:59:48+00:00","mainEntityOfPage":{"@id":"https:\/\/www.carmelitaniscalzi.com\/de\/2017\/06\/01\/ein-neuer-kardinal-fuer-unseren-orden\/"},"wordCount":200,"publisher":{"@id":"https:\/\/www.carmelitaniscalzi.com\/#organization"},"image":{"@id":"https:\/\/www.carmelitaniscalzi.com\/de\/2017\/06\/01\/ein-neuer-kardinal-fuer-unseren-orden\/#primaryimage"},"thumbnailUrl":"https:\/\/www.carmelitaniscalzi.com\/wp-content\/uploads\/2017\/06\/0.jpg","articleSection":["Nachrichten \u00fcber Br\u00fcder","Nachrichten"],"inLanguage":"de"},{"@type":"WebPage","@id":"https:\/\/www.carmelitaniscalzi.com\/de\/2017\/06\/01\/ein-neuer-kardinal-fuer-unseren-orden\/","url":"https:\/\/www.carmelitaniscalzi.com\/de\/2017\/06\/01\/ein-neuer-kardinal-fuer-unseren-orden\/","name":"Ein neuer Kardinal f\u00fcr unseren Orden - UNBESCHUHTE KARMELITEN","isPartOf":{"@id":"https:\/\/www.carmelitaniscalzi.com\/#website"},"primaryImageOfPage":{"@id":"https:\/\/www.carmelitaniscalzi.com\/de\/2017\/06\/01\/ein-neuer-kardinal-fuer-unseren-orden\/#primaryimage"},"image":{"@id":"https:\/\/www.carmelitaniscalzi.com\/de\/2017\/06\/01\/ein-neuer-kardinal-fuer-unseren-orden\/#primaryimage"},"thumbnailUrl":"https:\/\/www.carmelitaniscalzi.com\/wp-content\/uploads\/2017\/06\/0.jpg","datePublished":"2017-06-01T11:59:48+00:00","breadcrumb":{"@id":"https:\/\/www.carmelitaniscalzi.com\/de\/2017\/06\/01\/ein-neuer-kardinal-fuer-unseren-orden\/#breadcrumb"},"inLanguage":"de","potentialAction":[{"@type":"ReadAction","target":["https:\/\/www.carmelitaniscalzi.com\/de\/2017\/06\/01\/ein-neuer-kardinal-fuer-unseren-orden\/"]}]},{"@type":"ImageObject","inLanguage":"de","@id":"https:\/\/www.carmelitaniscalzi.com\/de\/2017\/06\/01\/ein-neuer-kardinal-fuer-unseren-orden\/#primaryimage","url":"https:\/\/www.carmelitaniscalzi.com\/wp-content\/uploads\/2017\/06\/0.jpg","contentUrl":"https:\/\/www.carmelitaniscalzi.com\/wp-content\/uploads\/2017\/06\/0.jpg","width":2228,"height":2941},{"@type":"BreadcrumbList","@id":"https:\/\/www.carmelitaniscalzi.com\/de\/2017\/06\/01\/ein-neuer-kardinal-fuer-unseren-orden\/#breadcrumb","itemListElement":[{"@type":"ListItem","position":1,"name":"Home","item":"https:\/\/www.carmelitaniscalzi.com\/de\/"},{"@type":"ListItem","position":2,"name":"Ein neuer Kardinal f\u00fcr unseren Orden"}]},{"@type":"WebSite","@id":"https:\/\/www.carmelitaniscalzi.com\/#website","url":"https:\/\/www.carmelitaniscalzi.com\/","name":"CARMELITANI SCALZI - Curia Generale del Carmelo Teresiano","description":"Generalkurie des Teresianischen Karmel","publisher":{"@id":"https:\/\/www.carmelitaniscalzi.com\/#organization"},"alternateName":"CARMELITANI SCALZI","potentialAction":[{"@type":"SearchAction","target":{"@type":"EntryPoint","urlTemplate":"https:\/\/www.carmelitaniscalzi.com\/?s={search_term_string}"},"query-input":{"@type":"PropertyValueSpecification","valueRequired":true,"valueName":"search_term_string"}}],"inLanguage":"de"},{"@type":"Organization","@id":"https:\/\/www.carmelitaniscalzi.com\/#organization","name":"CARMELITANI SCALZI - Curia Generale del Carmelo Teresiano","url":"https:\/\/www.carmelitaniscalzi.com\/","logo":{"@type":"ImageObject","inLanguage":"de","@id":"https:\/\/www.carmelitaniscalzi.com\/#\/schema\/logo\/image\/","url":"https:\/\/www.carmelitaniscalzi.com\/wp-content\/uploads\/2025\/11\/login-logo.png","contentUrl":"https:\/\/www.carmelitaniscalzi.com\/wp-content\/uploads\/2025\/11\/login-logo.png","width":256,"height":256,"caption":"CARMELITANI SCALZI - Curia Generale del Carmelo Teresiano"},"image":{"@id":"https:\/\/www.carmelitaniscalzi.com\/#\/schema\/logo\/image\/"},"sameAs":["https:\/\/www.facebook.com\/Curia-Generalizia-Carmelitani-Scalzi-658766940887784\/","https:\/\/x.com\/ocdcuria","https:\/\/www.youtube.com\/channel\/UC2J5ZL0ycOY0qBSTCLX_NGQ\/videos","https:\/\/www.instagram.com\/ocdinform\/"]},{"@type":"Person","@id":"https:\/\/www.carmelitaniscalzi.com\/#\/schema\/person\/6d1c0d9bea7b6625c437246a5d6da409","name":"ocd web master","image":{"@type":"ImageObject","inLanguage":"de","@id":"https:\/\/www.carmelitaniscalzi.com\/#\/schema\/person\/image\/","url":"https:\/\/secure.gravatar.com\/avatar\/41fbc5f82bad909fbaf2984c43fa50d8519ac5853e25b454d022b6868f80d0e7?s=96&d=mm&r=g","contentUrl":"https:\/\/secure.gravatar.com\/avatar\/41fbc5f82bad909fbaf2984c43fa50d8519ac5853e25b454d022b6868f80d0e7?s=96&d=mm&r=g","caption":"ocd web master"},"url":"https:\/\/www.carmelitaniscalzi.com\/de\/author\/ocdwebmaster\/"}]}},"_links":{"self":[{"href":"https:\/\/www.carmelitaniscalzi.com\/de\/wp-json\/wp\/v2\/posts\/14448","targetHints":{"allow":["GET"]}}],"collection":[{"href":"https:\/\/www.carmelitaniscalzi.com\/de\/wp-json\/wp\/v2\/posts"}],"about":[{"href":"https:\/\/www.carmelitaniscalzi.com\/de\/wp-json\/wp\/v2\/types\/post"}],"author":[{"embeddable":true,"href":"https:\/\/www.carmelitaniscalzi.com\/de\/wp-json\/wp\/v2\/users\/7"}],"replies":[{"embeddable":true,"href":"https:\/\/www.carmelitaniscalzi.com\/de\/wp-json\/wp\/v2\/comments?post=14448"}],"version-history":[{"count":0,"href":"https:\/\/www.carmelitaniscalzi.com\/de\/wp-json\/wp\/v2\/posts\/14448\/revisions"}],"wp:featuredmedia":[{"embeddable":true,"href":"https:\/\/www.carmelitaniscalzi.com\/de\/wp-json\/wp\/v2\/media\/14437"}],"wp:attachment":[{"href":"https:\/\/www.carmelitaniscalzi.com\/de\/wp-json\/wp\/v2\/media?parent=14448"}],"wp:term":[{"taxonomy":"category","embeddable":true,"href":"https:\/\/www.carmelitaniscalzi.com\/de\/wp-json\/wp\/v2\/categories?post=14448"},{"taxonomy":"post_tag","embeddable":true,"href":"https:\/\/www.carmelitaniscalzi.com\/de\/wp-json\/wp\/v2\/tags?post=14448"}],"curies":[{"name":"wp","href":"https:\/\/api.w.org\/{rel}","templated":true}]}}