{"id":14322,"date":"2017-05-14T22:14:07","date_gmt":"2017-05-14T20:14:07","guid":{"rendered":"https:\/\/www.carmelitaniscalzi.com\/de\/?p=14322"},"modified":"2017-05-14T22:14:07","modified_gmt":"2017-05-14T20:14:07","slug":"24-treffen-des-ocds-von-portugal","status":"publish","type":"post","link":"https:\/\/www.carmelitaniscalzi.com\/de\/2017\/05\/14\/24-treffen-des-ocds-von-portugal\/","title":{"rendered":"24. Treffen des OCDS von Portugal"},"content":{"rendered":"<p><em><strong>Fatima, 28, bis 30. April 2017, <\/strong><\/em><\/p>\n<p><em><strong>Berufsabkl\u00e4rung im OCDS.<\/strong><\/em><\/p>\n<p>80 bis 90 Mitglieder aus verschiedenen Gemeinden des OCDS in Portugal, einschlie\u00dflich der Insel Madeira, hielten im <em>Domus Carmeli<\/em> in Fatima das 24. Treffen des portugiesischen OCDS, an dem auch der Generaldelegierte f\u00fcr den OCDS und die dem Orden aggregierten Institute, P. Alzinir Debastiani, teilnahm.<\/p>\n<p>Es gibt in der portugiesischen Ordensprovinz 16 Gemeinden mit ca. 600 Mitgliedern, die meisten davon, ca. 400, auf Madeira.<\/p>\n<p>Folgende wichtige Punkte wurden verabschiedet:<\/p>\n<p>Aufwertung der Laien in den Gemeinden und den n\u00e4chsten Treffen durch Vertiefung der Laientheologie des Zweiten Vat\u00edkanischen Konzils und ihrer Entfaltung nach dem Konzil.<\/p>\n<p>Mehr Abwechslung in den Leitungsaufgaben in den Gemeinden.<\/p>\n<p>Anpassung der Gemeinden auf Madeira an die aktuellen Konstitutionen des OCDS. Dazu wurde in der Person von P. Alpoim Alves ein eigener Beauftragter f\u00fcr Madeira ernannt, der den Provinzial, P. Joaquim Teixeira, bei dieser Aufgabe unterst\u00fctzen soll.<\/p>\n<p>Au\u00dfer den Beratungen blieb auch noch Zeit f\u00fcr Begegnungen mit den Br\u00fcdern und Schwestern der Kl\u00f6ster in Fatima. Gemeinsam wurde der Kreuzweg gebetet und gegangen, gestaltet mit Texten von Heiligen des Karmel. Drei Mitglieder aus der Gemeinde von Pa\u00e7o d\u2019Arco, Lissabon, machten ihre zeitlichen Versprechen, vier wurden neu in die Gemeinde von Fatima aufgenommen.<\/p>\n<p>Der Abschlussgottesdienst, an dem Vertreter der drei Zweige des Ordens teilnahmen, fand in der Kapelle des Karmel statt, die den am 13. Mai 2017 heiliggesprochenen Hirtenkindern Jacinta und Francisco geweiht ist.<\/p>\n<p><a href=\"https:\/\/www.carmelitaniscalzi.com\/wp-content\/uploads\/2017\/05\/1.png\"><img loading=\"lazy\" decoding=\"async\" class=\"alignnone size-medium wp-image-14305\" src=\"https:\/\/www.carmelitaniscalzi.com\/wp-content\/uploads\/2017\/05\/1-185x300.png\" alt=\"\" width=\"185\" height=\"300\" srcset=\"https:\/\/www.carmelitaniscalzi.com\/wp-content\/uploads\/2017\/05\/1-185x300.png 185w, https:\/\/www.carmelitaniscalzi.com\/wp-content\/uploads\/2017\/05\/1-34x55.png 34w, https:\/\/www.carmelitaniscalzi.com\/wp-content\/uploads\/2017\/05\/1.png 267w\" sizes=\"auto, (max-width: 185px) 100vw, 185px\" \/><\/a> <a href=\"https:\/\/www.carmelitaniscalzi.com\/wp-content\/uploads\/2017\/05\/3.jpg\"><img loading=\"lazy\" decoding=\"async\" class=\"alignnone size-medium wp-image-14307\" src=\"https:\/\/www.carmelitaniscalzi.com\/wp-content\/uploads\/2017\/05\/3-300x200.jpg\" alt=\"\" width=\"300\" height=\"200\" srcset=\"https:\/\/www.carmelitaniscalzi.com\/wp-content\/uploads\/2017\/05\/3-300x200.jpg 300w, https:\/\/www.carmelitaniscalzi.com\/wp-content\/uploads\/2017\/05\/3-82x55.jpg 82w, https:\/\/www.carmelitaniscalzi.com\/wp-content\/uploads\/2017\/05\/3-580x387.jpg 580w, https:\/\/www.carmelitaniscalzi.com\/wp-content\/uploads\/2017\/05\/3.jpg 711w\" sizes=\"auto, (max-width: 300px) 100vw, 300px\" \/><\/a> <a href=\"https:\/\/www.carmelitaniscalzi.com\/wp-content\/uploads\/2017\/05\/4.jpg\"><img loading=\"lazy\" decoding=\"async\" class=\"alignnone size-medium wp-image-14308\" src=\"https:\/\/www.carmelitaniscalzi.com\/wp-content\/uploads\/2017\/05\/4-300x200.jpg\" alt=\"\" width=\"300\" height=\"200\" srcset=\"https:\/\/www.carmelitaniscalzi.com\/wp-content\/uploads\/2017\/05\/4-300x200.jpg 300w, https:\/\/www.carmelitaniscalzi.com\/wp-content\/uploads\/2017\/05\/4-768x513.jpg 768w, https:\/\/www.carmelitaniscalzi.com\/wp-content\/uploads\/2017\/05\/4-82x55.jpg 82w, https:\/\/www.carmelitaniscalzi.com\/wp-content\/uploads\/2017\/05\/4-800x535.jpg 800w, https:\/\/www.carmelitaniscalzi.com\/wp-content\/uploads\/2017\/05\/4-580x388.jpg 580w, https:\/\/www.carmelitaniscalzi.com\/wp-content\/uploads\/2017\/05\/4.jpg 886w\" sizes=\"auto, (max-width: 300px) 100vw, 300px\" \/><\/a> <a href=\"https:\/\/www.carmelitaniscalzi.com\/wp-content\/uploads\/2017\/05\/5.jpg\"><img loading=\"lazy\" decoding=\"async\" class=\"alignnone size-medium wp-image-14309\" src=\"https:\/\/www.carmelitaniscalzi.com\/wp-content\/uploads\/2017\/05\/5-300x200.jpg\" alt=\"\" width=\"300\" height=\"200\" srcset=\"https:\/\/www.carmelitaniscalzi.com\/wp-content\/uploads\/2017\/05\/5-300x200.jpg 300w, https:\/\/www.carmelitaniscalzi.com\/wp-content\/uploads\/2017\/05\/5-82x55.jpg 82w, https:\/\/www.carmelitaniscalzi.com\/wp-content\/uploads\/2017\/05\/5-580x387.jpg 580w, https:\/\/www.carmelitaniscalzi.com\/wp-content\/uploads\/2017\/05\/5.jpg 767w\" sizes=\"auto, (max-width: 300px) 100vw, 300px\" \/><\/a> <a href=\"https:\/\/www.carmelitaniscalzi.com\/wp-content\/uploads\/2017\/05\/6.jpg\"><img loading=\"lazy\" decoding=\"async\" class=\"alignnone size-medium wp-image-14310\" src=\"https:\/\/www.carmelitaniscalzi.com\/wp-content\/uploads\/2017\/05\/6-300x200.jpg\" alt=\"\" width=\"300\" height=\"200\" srcset=\"https:\/\/www.carmelitaniscalzi.com\/wp-content\/uploads\/2017\/05\/6-300x200.jpg 300w, https:\/\/www.carmelitaniscalzi.com\/wp-content\/uploads\/2017\/05\/6-768x512.jpg 768w, https:\/\/www.carmelitaniscalzi.com\/wp-content\/uploads\/2017\/05\/6-82x55.jpg 82w, https:\/\/www.carmelitaniscalzi.com\/wp-content\/uploads\/2017\/05\/6-580x387.jpg 580w, https:\/\/www.carmelitaniscalzi.com\/wp-content\/uploads\/2017\/05\/6.jpg 799w\" sizes=\"auto, (max-width: 300px) 100vw, 300px\" \/><\/a> <a href=\"https:\/\/www.carmelitaniscalzi.com\/wp-content\/uploads\/2017\/05\/7.jpg\"><img loading=\"lazy\" decoding=\"async\" class=\"alignnone size-medium wp-image-14311\" src=\"https:\/\/www.carmelitaniscalzi.com\/wp-content\/uploads\/2017\/05\/7-300x200.jpg\" alt=\"\" width=\"300\" height=\"200\" srcset=\"https:\/\/www.carmelitaniscalzi.com\/wp-content\/uploads\/2017\/05\/7-300x200.jpg 300w, https:\/\/www.carmelitaniscalzi.com\/wp-content\/uploads\/2017\/05\/7-82x55.jpg 82w, https:\/\/www.carmelitaniscalzi.com\/wp-content\/uploads\/2017\/05\/7-580x387.jpg 580w, https:\/\/www.carmelitaniscalzi.com\/wp-content\/uploads\/2017\/05\/7.jpg 710w\" sizes=\"auto, (max-width: 300px) 100vw, 300px\" \/><\/a> <a href=\"https:\/\/www.carmelitaniscalzi.com\/wp-content\/uploads\/2017\/05\/8.jpg\"><img loading=\"lazy\" decoding=\"async\" class=\"alignnone size-medium wp-image-14312\" src=\"https:\/\/www.carmelitaniscalzi.com\/wp-content\/uploads\/2017\/05\/8-300x200.jpg\" alt=\"\" width=\"300\" height=\"200\" srcset=\"https:\/\/www.carmelitaniscalzi.com\/wp-content\/uploads\/2017\/05\/8-300x200.jpg 300w, https:\/\/www.carmelitaniscalzi.com\/wp-content\/uploads\/2017\/05\/8-768x513.jpg 768w, https:\/\/www.carmelitaniscalzi.com\/wp-content\/uploads\/2017\/05\/8-82x55.jpg 82w, https:\/\/www.carmelitaniscalzi.com\/wp-content\/uploads\/2017\/05\/8-800x535.jpg 800w, https:\/\/www.carmelitaniscalzi.com\/wp-content\/uploads\/2017\/05\/8-580x388.jpg 580w, https:\/\/www.carmelitaniscalzi.com\/wp-content\/uploads\/2017\/05\/8.jpg 886w\" sizes=\"auto, (max-width: 300px) 100vw, 300px\" \/><\/a><\/p>\n","protected":false},"excerpt":{"rendered":"<p>Fatima, 28, bis 30. April 2017, Berufsabkl\u00e4rung im OCDS. 80 bis 90 Mitglieder aus verschiedenen Gemeinden des OCDS in Portugal, einschlie\u00dflich der Insel Madeira, hielten im Domus Carmeli in Fatima das 24. Treffen des portugiesischen OCDS, an dem auch der Generaldelegierte f\u00fcr den OCDS und die dem Orden aggregierten Institute, P. Alzinir Debastiani, teilnahm. Es [&hellip;]<\/p>\n","protected":false},"author":7,"featured_media":14306,"comment_status":"closed","ping_status":"closed","sticky":false,"template":"","format":"standard","meta":{"_acf_changed":false,"footnotes":""},"categories":[262,371],"tags":[],"class_list":["post-14322","post","type-post","status-publish","format-standard","has-post-thumbnail","hentry","category-nachrichten-ocds","category-nachrichten"],"acf":[],"yoast_head":"<!-- This site is optimized with the Yoast SEO plugin v26.3 - https:\/\/yoast.com\/wordpress\/plugins\/seo\/ -->\n<title>24. Treffen des OCDS von Portugal - UNBESCHUHTE KARMELITEN<\/title>\n<meta name=\"robots\" content=\"index, follow, max-snippet:-1, max-image-preview:large, max-video-preview:-1\" \/>\n<link rel=\"canonical\" href=\"https:\/\/www.carmelitaniscalzi.com\/de\/2017\/05\/14\/24-treffen-des-ocds-von-portugal\/\" \/>\n<meta property=\"og:locale\" content=\"de_DE\" \/>\n<meta property=\"og:type\" content=\"article\" \/>\n<meta property=\"og:title\" content=\"24. Treffen des OCDS von Portugal - UNBESCHUHTE KARMELITEN\" \/>\n<meta property=\"og:description\" content=\"Fatima, 28, bis 30. April 2017, Berufsabkl\u00e4rung im OCDS. 80 bis 90 Mitglieder aus verschiedenen Gemeinden des OCDS in Portugal, einschlie\u00dflich der Insel Madeira, hielten im Domus Carmeli in Fatima das 24. Treffen des portugiesischen OCDS, an dem auch der Generaldelegierte f\u00fcr den OCDS und die dem Orden aggregierten Institute, P. Alzinir Debastiani, teilnahm. Es [&hellip;]\" \/>\n<meta property=\"og:url\" content=\"https:\/\/www.carmelitaniscalzi.com\/de\/2017\/05\/14\/24-treffen-des-ocds-von-portugal\/\" \/>\n<meta property=\"og:site_name\" content=\"UNBESCHUHTE KARMELITEN\" \/>\n<meta property=\"article:publisher\" content=\"https:\/\/www.facebook.com\/Curia-Generalizia-Carmelitani-Scalzi-658766940887784\/\" \/>\n<meta property=\"article:published_time\" content=\"2017-05-14T20:14:07+00:00\" \/>\n<meta property=\"og:image\" content=\"https:\/\/www.carmelitaniscalzi.com\/wp-content\/uploads\/2017\/05\/0.jpg\" \/>\n\t<meta property=\"og:image:width\" content=\"886\" \/>\n\t<meta property=\"og:image:height\" content=\"592\" \/>\n\t<meta property=\"og:image:type\" content=\"image\/jpeg\" \/>\n<meta name=\"author\" content=\"ocd web master\" \/>\n<meta name=\"twitter:card\" content=\"summary_large_image\" \/>\n<meta name=\"twitter:creator\" content=\"@ocdcuria\" \/>\n<meta name=\"twitter:site\" content=\"@ocdcuria\" \/>\n<meta name=\"twitter:label1\" content=\"Verfasst von\" \/>\n\t<meta name=\"twitter:data1\" content=\"ocd web master\" \/>\n\t<meta name=\"twitter:label2\" content=\"Gesch\u00e4tzte Lesezeit\" \/>\n\t<meta name=\"twitter:data2\" content=\"1\u00a0Minute\" \/>\n<script type=\"application\/ld+json\" class=\"yoast-schema-graph\">{\"@context\":\"https:\/\/schema.org\",\"@graph\":[{\"@type\":\"Article\",\"@id\":\"https:\/\/www.carmelitaniscalzi.com\/de\/2017\/05\/14\/24-treffen-des-ocds-von-portugal\/#article\",\"isPartOf\":{\"@id\":\"https:\/\/www.carmelitaniscalzi.com\/de\/2017\/05\/14\/24-treffen-des-ocds-von-portugal\/\"},\"author\":{\"name\":\"ocd web master\",\"@id\":\"https:\/\/www.carmelitaniscalzi.com\/#\/schema\/person\/6d1c0d9bea7b6625c437246a5d6da409\"},\"headline\":\"24. Treffen des OCDS von Portugal\",\"datePublished\":\"2017-05-14T20:14:07+00:00\",\"mainEntityOfPage\":{\"@id\":\"https:\/\/www.carmelitaniscalzi.com\/de\/2017\/05\/14\/24-treffen-des-ocds-von-portugal\/\"},\"wordCount\":239,\"publisher\":{\"@id\":\"https:\/\/www.carmelitaniscalzi.com\/#organization\"},\"image\":{\"@id\":\"https:\/\/www.carmelitaniscalzi.com\/de\/2017\/05\/14\/24-treffen-des-ocds-von-portugal\/#primaryimage\"},\"thumbnailUrl\":\"https:\/\/www.carmelitaniscalzi.com\/wp-content\/uploads\/2017\/05\/0.jpg\",\"articleSection\":[\"Nachrichten OCDS\",\"Nachrichten\"],\"inLanguage\":\"de\"},{\"@type\":\"WebPage\",\"@id\":\"https:\/\/www.carmelitaniscalzi.com\/de\/2017\/05\/14\/24-treffen-des-ocds-von-portugal\/\",\"url\":\"https:\/\/www.carmelitaniscalzi.com\/de\/2017\/05\/14\/24-treffen-des-ocds-von-portugal\/\",\"name\":\"24. Treffen des OCDS von Portugal - UNBESCHUHTE KARMELITEN\",\"isPartOf\":{\"@id\":\"https:\/\/www.carmelitaniscalzi.com\/#website\"},\"primaryImageOfPage\":{\"@id\":\"https:\/\/www.carmelitaniscalzi.com\/de\/2017\/05\/14\/24-treffen-des-ocds-von-portugal\/#primaryimage\"},\"image\":{\"@id\":\"https:\/\/www.carmelitaniscalzi.com\/de\/2017\/05\/14\/24-treffen-des-ocds-von-portugal\/#primaryimage\"},\"thumbnailUrl\":\"https:\/\/www.carmelitaniscalzi.com\/wp-content\/uploads\/2017\/05\/0.jpg\",\"datePublished\":\"2017-05-14T20:14:07+00:00\",\"breadcrumb\":{\"@id\":\"https:\/\/www.carmelitaniscalzi.com\/de\/2017\/05\/14\/24-treffen-des-ocds-von-portugal\/#breadcrumb\"},\"inLanguage\":\"de\",\"potentialAction\":[{\"@type\":\"ReadAction\",\"target\":[\"https:\/\/www.carmelitaniscalzi.com\/de\/2017\/05\/14\/24-treffen-des-ocds-von-portugal\/\"]}]},{\"@type\":\"ImageObject\",\"inLanguage\":\"de\",\"@id\":\"https:\/\/www.carmelitaniscalzi.com\/de\/2017\/05\/14\/24-treffen-des-ocds-von-portugal\/#primaryimage\",\"url\":\"https:\/\/www.carmelitaniscalzi.com\/wp-content\/uploads\/2017\/05\/0.jpg\",\"contentUrl\":\"https:\/\/www.carmelitaniscalzi.com\/wp-content\/uploads\/2017\/05\/0.jpg\",\"width\":886,\"height\":592},{\"@type\":\"BreadcrumbList\",\"@id\":\"https:\/\/www.carmelitaniscalzi.com\/de\/2017\/05\/14\/24-treffen-des-ocds-von-portugal\/#breadcrumb\",\"itemListElement\":[{\"@type\":\"ListItem\",\"position\":1,\"name\":\"Home\",\"item\":\"https:\/\/www.carmelitaniscalzi.com\/de\/\"},{\"@type\":\"ListItem\",\"position\":2,\"name\":\"24. Treffen des OCDS von Portugal\"}]},{\"@type\":\"WebSite\",\"@id\":\"https:\/\/www.carmelitaniscalzi.com\/#website\",\"url\":\"https:\/\/www.carmelitaniscalzi.com\/\",\"name\":\"CARMELITANI SCALZI - Curia Generale del Carmelo Teresiano\",\"description\":\"Generalkurie des Teresianischen Karmel\",\"publisher\":{\"@id\":\"https:\/\/www.carmelitaniscalzi.com\/#organization\"},\"alternateName\":\"CARMELITANI SCALZI\",\"potentialAction\":[{\"@type\":\"SearchAction\",\"target\":{\"@type\":\"EntryPoint\",\"urlTemplate\":\"https:\/\/www.carmelitaniscalzi.com\/?s={search_term_string}\"},\"query-input\":{\"@type\":\"PropertyValueSpecification\",\"valueRequired\":true,\"valueName\":\"search_term_string\"}}],\"inLanguage\":\"de\"},{\"@type\":\"Organization\",\"@id\":\"https:\/\/www.carmelitaniscalzi.com\/#organization\",\"name\":\"CARMELITANI SCALZI - Curia Generale del Carmelo Teresiano\",\"url\":\"https:\/\/www.carmelitaniscalzi.com\/\",\"logo\":{\"@type\":\"ImageObject\",\"inLanguage\":\"de\",\"@id\":\"https:\/\/www.carmelitaniscalzi.com\/#\/schema\/logo\/image\/\",\"url\":\"https:\/\/www.carmelitaniscalzi.com\/wp-content\/uploads\/2025\/11\/login-logo.png\",\"contentUrl\":\"https:\/\/www.carmelitaniscalzi.com\/wp-content\/uploads\/2025\/11\/login-logo.png\",\"width\":256,\"height\":256,\"caption\":\"CARMELITANI SCALZI - Curia Generale del Carmelo Teresiano\"},\"image\":{\"@id\":\"https:\/\/www.carmelitaniscalzi.com\/#\/schema\/logo\/image\/\"},\"sameAs\":[\"https:\/\/www.facebook.com\/Curia-Generalizia-Carmelitani-Scalzi-658766940887784\/\",\"https:\/\/x.com\/ocdcuria\",\"https:\/\/www.youtube.com\/channel\/UC2J5ZL0ycOY0qBSTCLX_NGQ\/videos\",\"https:\/\/www.instagram.com\/ocdinform\/\"]},{\"@type\":\"Person\",\"@id\":\"https:\/\/www.carmelitaniscalzi.com\/#\/schema\/person\/6d1c0d9bea7b6625c437246a5d6da409\",\"name\":\"ocd web master\",\"image\":{\"@type\":\"ImageObject\",\"inLanguage\":\"de\",\"@id\":\"https:\/\/www.carmelitaniscalzi.com\/#\/schema\/person\/image\/\",\"url\":\"https:\/\/secure.gravatar.com\/avatar\/41fbc5f82bad909fbaf2984c43fa50d8519ac5853e25b454d022b6868f80d0e7?s=96&d=mm&r=g\",\"contentUrl\":\"https:\/\/secure.gravatar.com\/avatar\/41fbc5f82bad909fbaf2984c43fa50d8519ac5853e25b454d022b6868f80d0e7?s=96&d=mm&r=g\",\"caption\":\"ocd web master\"},\"url\":\"https:\/\/www.carmelitaniscalzi.com\/de\/author\/ocdwebmaster\/\"}]}<\/script>\n<!-- \/ Yoast SEO plugin. -->","yoast_head_json":{"title":"24. Treffen des OCDS von Portugal - UNBESCHUHTE KARMELITEN","robots":{"index":"index","follow":"follow","max-snippet":"max-snippet:-1","max-image-preview":"max-image-preview:large","max-video-preview":"max-video-preview:-1"},"canonical":"https:\/\/www.carmelitaniscalzi.com\/de\/2017\/05\/14\/24-treffen-des-ocds-von-portugal\/","og_locale":"de_DE","og_type":"article","og_title":"24. Treffen des OCDS von Portugal - UNBESCHUHTE KARMELITEN","og_description":"Fatima, 28, bis 30. April 2017, Berufsabkl\u00e4rung im OCDS. 80 bis 90 Mitglieder aus verschiedenen Gemeinden des OCDS in Portugal, einschlie\u00dflich der Insel Madeira, hielten im Domus Carmeli in Fatima das 24. Treffen des portugiesischen OCDS, an dem auch der Generaldelegierte f\u00fcr den OCDS und die dem Orden aggregierten Institute, P. Alzinir Debastiani, teilnahm. Es [&hellip;]","og_url":"https:\/\/www.carmelitaniscalzi.com\/de\/2017\/05\/14\/24-treffen-des-ocds-von-portugal\/","og_site_name":"UNBESCHUHTE KARMELITEN","article_publisher":"https:\/\/www.facebook.com\/Curia-Generalizia-Carmelitani-Scalzi-658766940887784\/","article_published_time":"2017-05-14T20:14:07+00:00","og_image":[{"width":886,"height":592,"url":"https:\/\/www.carmelitaniscalzi.com\/wp-content\/uploads\/2017\/05\/0.jpg","type":"image\/jpeg"}],"author":"ocd web master","twitter_card":"summary_large_image","twitter_creator":"@ocdcuria","twitter_site":"@ocdcuria","twitter_misc":{"Verfasst von":"ocd web master","Gesch\u00e4tzte Lesezeit":"1\u00a0Minute"},"schema":{"@context":"https:\/\/schema.org","@graph":[{"@type":"Article","@id":"https:\/\/www.carmelitaniscalzi.com\/de\/2017\/05\/14\/24-treffen-des-ocds-von-portugal\/#article","isPartOf":{"@id":"https:\/\/www.carmelitaniscalzi.com\/de\/2017\/05\/14\/24-treffen-des-ocds-von-portugal\/"},"author":{"name":"ocd web master","@id":"https:\/\/www.carmelitaniscalzi.com\/#\/schema\/person\/6d1c0d9bea7b6625c437246a5d6da409"},"headline":"24. Treffen des OCDS von Portugal","datePublished":"2017-05-14T20:14:07+00:00","mainEntityOfPage":{"@id":"https:\/\/www.carmelitaniscalzi.com\/de\/2017\/05\/14\/24-treffen-des-ocds-von-portugal\/"},"wordCount":239,"publisher":{"@id":"https:\/\/www.carmelitaniscalzi.com\/#organization"},"image":{"@id":"https:\/\/www.carmelitaniscalzi.com\/de\/2017\/05\/14\/24-treffen-des-ocds-von-portugal\/#primaryimage"},"thumbnailUrl":"https:\/\/www.carmelitaniscalzi.com\/wp-content\/uploads\/2017\/05\/0.jpg","articleSection":["Nachrichten OCDS","Nachrichten"],"inLanguage":"de"},{"@type":"WebPage","@id":"https:\/\/www.carmelitaniscalzi.com\/de\/2017\/05\/14\/24-treffen-des-ocds-von-portugal\/","url":"https:\/\/www.carmelitaniscalzi.com\/de\/2017\/05\/14\/24-treffen-des-ocds-von-portugal\/","name":"24. Treffen des OCDS von Portugal - UNBESCHUHTE KARMELITEN","isPartOf":{"@id":"https:\/\/www.carmelitaniscalzi.com\/#website"},"primaryImageOfPage":{"@id":"https:\/\/www.carmelitaniscalzi.com\/de\/2017\/05\/14\/24-treffen-des-ocds-von-portugal\/#primaryimage"},"image":{"@id":"https:\/\/www.carmelitaniscalzi.com\/de\/2017\/05\/14\/24-treffen-des-ocds-von-portugal\/#primaryimage"},"thumbnailUrl":"https:\/\/www.carmelitaniscalzi.com\/wp-content\/uploads\/2017\/05\/0.jpg","datePublished":"2017-05-14T20:14:07+00:00","breadcrumb":{"@id":"https:\/\/www.carmelitaniscalzi.com\/de\/2017\/05\/14\/24-treffen-des-ocds-von-portugal\/#breadcrumb"},"inLanguage":"de","potentialAction":[{"@type":"ReadAction","target":["https:\/\/www.carmelitaniscalzi.com\/de\/2017\/05\/14\/24-treffen-des-ocds-von-portugal\/"]}]},{"@type":"ImageObject","inLanguage":"de","@id":"https:\/\/www.carmelitaniscalzi.com\/de\/2017\/05\/14\/24-treffen-des-ocds-von-portugal\/#primaryimage","url":"https:\/\/www.carmelitaniscalzi.com\/wp-content\/uploads\/2017\/05\/0.jpg","contentUrl":"https:\/\/www.carmelitaniscalzi.com\/wp-content\/uploads\/2017\/05\/0.jpg","width":886,"height":592},{"@type":"BreadcrumbList","@id":"https:\/\/www.carmelitaniscalzi.com\/de\/2017\/05\/14\/24-treffen-des-ocds-von-portugal\/#breadcrumb","itemListElement":[{"@type":"ListItem","position":1,"name":"Home","item":"https:\/\/www.carmelitaniscalzi.com\/de\/"},{"@type":"ListItem","position":2,"name":"24. Treffen des OCDS von Portugal"}]},{"@type":"WebSite","@id":"https:\/\/www.carmelitaniscalzi.com\/#website","url":"https:\/\/www.carmelitaniscalzi.com\/","name":"CARMELITANI SCALZI - Curia Generale del Carmelo Teresiano","description":"Generalkurie des Teresianischen Karmel","publisher":{"@id":"https:\/\/www.carmelitaniscalzi.com\/#organization"},"alternateName":"CARMELITANI SCALZI","potentialAction":[{"@type":"SearchAction","target":{"@type":"EntryPoint","urlTemplate":"https:\/\/www.carmelitaniscalzi.com\/?s={search_term_string}"},"query-input":{"@type":"PropertyValueSpecification","valueRequired":true,"valueName":"search_term_string"}}],"inLanguage":"de"},{"@type":"Organization","@id":"https:\/\/www.carmelitaniscalzi.com\/#organization","name":"CARMELITANI SCALZI - Curia Generale del Carmelo Teresiano","url":"https:\/\/www.carmelitaniscalzi.com\/","logo":{"@type":"ImageObject","inLanguage":"de","@id":"https:\/\/www.carmelitaniscalzi.com\/#\/schema\/logo\/image\/","url":"https:\/\/www.carmelitaniscalzi.com\/wp-content\/uploads\/2025\/11\/login-logo.png","contentUrl":"https:\/\/www.carmelitaniscalzi.com\/wp-content\/uploads\/2025\/11\/login-logo.png","width":256,"height":256,"caption":"CARMELITANI SCALZI - Curia Generale del Carmelo Teresiano"},"image":{"@id":"https:\/\/www.carmelitaniscalzi.com\/#\/schema\/logo\/image\/"},"sameAs":["https:\/\/www.facebook.com\/Curia-Generalizia-Carmelitani-Scalzi-658766940887784\/","https:\/\/x.com\/ocdcuria","https:\/\/www.youtube.com\/channel\/UC2J5ZL0ycOY0qBSTCLX_NGQ\/videos","https:\/\/www.instagram.com\/ocdinform\/"]},{"@type":"Person","@id":"https:\/\/www.carmelitaniscalzi.com\/#\/schema\/person\/6d1c0d9bea7b6625c437246a5d6da409","name":"ocd web master","image":{"@type":"ImageObject","inLanguage":"de","@id":"https:\/\/www.carmelitaniscalzi.com\/#\/schema\/person\/image\/","url":"https:\/\/secure.gravatar.com\/avatar\/41fbc5f82bad909fbaf2984c43fa50d8519ac5853e25b454d022b6868f80d0e7?s=96&d=mm&r=g","contentUrl":"https:\/\/secure.gravatar.com\/avatar\/41fbc5f82bad909fbaf2984c43fa50d8519ac5853e25b454d022b6868f80d0e7?s=96&d=mm&r=g","caption":"ocd web master"},"url":"https:\/\/www.carmelitaniscalzi.com\/de\/author\/ocdwebmaster\/"}]}},"_links":{"self":[{"href":"https:\/\/www.carmelitaniscalzi.com\/de\/wp-json\/wp\/v2\/posts\/14322","targetHints":{"allow":["GET"]}}],"collection":[{"href":"https:\/\/www.carmelitaniscalzi.com\/de\/wp-json\/wp\/v2\/posts"}],"about":[{"href":"https:\/\/www.carmelitaniscalzi.com\/de\/wp-json\/wp\/v2\/types\/post"}],"author":[{"embeddable":true,"href":"https:\/\/www.carmelitaniscalzi.com\/de\/wp-json\/wp\/v2\/users\/7"}],"replies":[{"embeddable":true,"href":"https:\/\/www.carmelitaniscalzi.com\/de\/wp-json\/wp\/v2\/comments?post=14322"}],"version-history":[{"count":0,"href":"https:\/\/www.carmelitaniscalzi.com\/de\/wp-json\/wp\/v2\/posts\/14322\/revisions"}],"wp:featuredmedia":[{"embeddable":true,"href":"https:\/\/www.carmelitaniscalzi.com\/de\/wp-json\/wp\/v2\/media\/14306"}],"wp:attachment":[{"href":"https:\/\/www.carmelitaniscalzi.com\/de\/wp-json\/wp\/v2\/media?parent=14322"}],"wp:term":[{"taxonomy":"category","embeddable":true,"href":"https:\/\/www.carmelitaniscalzi.com\/de\/wp-json\/wp\/v2\/categories?post=14322"},{"taxonomy":"post_tag","embeddable":true,"href":"https:\/\/www.carmelitaniscalzi.com\/de\/wp-json\/wp\/v2\/tags?post=14322"}],"curies":[{"name":"wp","href":"https:\/\/api.w.org\/{rel}","templated":true}]}}