{"id":14295,"date":"2017-05-14T21:36:41","date_gmt":"2017-05-14T19:36:41","guid":{"rendered":"https:\/\/www.carmelitaniscalzi.com\/de\/?p=14295"},"modified":"2017-05-14T22:21:07","modified_gmt":"2017-05-14T20:21:07","slug":"heimgang-von-weihbischof-amacio-escapa","status":"publish","type":"post","link":"https:\/\/www.carmelitaniscalzi.com\/de\/2017\/05\/14\/heimgang-von-weihbischof-amacio-escapa\/","title":{"rendered":"Heimgang von Weihbischof Amacio Escapa"},"content":{"rendered":"<p>Am 5. Mai ist in Santo Domingo, der Hauptstadt der Dominikanischen Republik, der emeritierte Weihbischof dieser Erzdi\u00f6zese, Amancio Escapa Aparicio, verstorben.<\/p>\n<p>Geboren in Cistierna, Le\u00f3n, Spanien, am 30 M\u00e4rz 1938, legte er zusammen mit seinem vor ein paar Jahren verstorbenen Zwillingsbruder am 2. August 1954 in Segovia in der Provinz Kastilien seine Profess ab und wurde am 22. April 1962 zum Priester geweiht. Die Ernennung zum Weihbischof der Erzdi\u00f6zese Santo Domingo erfolgte am 31. Mai 1996, seine Weihe am 6. Juli des gleichen Jahres.<\/p>\n<p>Obwohl er in den Bischofsstand wechselte, brach er die Verbindung mit dem Orden nie ab und wohnte mit Zustimmung der Oberen im Konvent San Judas in Santo Domingo.<\/p>\n<p>Er hat verschiedenen Mitbr\u00fcdern unseres Kommissariats Caribe die Diakon- und Priesterweihe gespendet und in der Heimat oft an Festen des Ordens teilgenommen, wie dem Hochfest Unserer Lieben Frau vom Berge Karmel. In Santo Domingo lebte er seit 1965, wo er verschiedene \u00c4mter wahrgenommen hat, wie Hausoberer und Pfarrer, aber auch in der Erzdi\u00f6zese, bis er am 17. Dezember 1992 zum Generalvikar ernannt wurde. In all diesen Jahren hat er eifrig die Cursillos de Cristiandad begleitet.<\/p>\n<p>Im Alter von 79 Jahren starb er an einem schweren Lungenkrebs. Sowohl in der Kathedrale als auch bei den Cursillos und\u00a0 im Pfarrkonvent zum hl. Judas wurden Trauergottesdienste f\u00fcr ihn gefeiert. Seine letzte Ruhe fand er im Friedhof der Hauptstadt an der Seite seines Bruders.<\/p>\n<p>M\u00f6ge er in Frieden ruhen! Wir danken Gott f\u00fcr das fruchtbare Wirken von Bischof Amancio.<\/p>\n<p><a href=\"https:\/\/www.carmelitaniscalzi.com\/wp-content\/uploads\/2017\/05\/02-2.jpg\"><img loading=\"lazy\" decoding=\"async\" class=\"alignnone size-medium wp-image-14290\" src=\"https:\/\/www.carmelitaniscalzi.com\/wp-content\/uploads\/2017\/05\/02-2-300x225.jpg\" alt=\"\" width=\"300\" height=\"225\" srcset=\"https:\/\/www.carmelitaniscalzi.com\/wp-content\/uploads\/2017\/05\/02-2-300x225.jpg 300w, https:\/\/www.carmelitaniscalzi.com\/wp-content\/uploads\/2017\/05\/02-2-768x576.jpg 768w, https:\/\/www.carmelitaniscalzi.com\/wp-content\/uploads\/2017\/05\/02-2-73x55.jpg 73w, https:\/\/www.carmelitaniscalzi.com\/wp-content\/uploads\/2017\/05\/02-2-800x600.jpg 800w, https:\/\/www.carmelitaniscalzi.com\/wp-content\/uploads\/2017\/05\/02-2-580x435.jpg 580w, https:\/\/www.carmelitaniscalzi.com\/wp-content\/uploads\/2017\/05\/02-2.jpg 960w\" sizes=\"auto, (max-width: 300px) 100vw, 300px\" \/><\/a> <a href=\"https:\/\/www.carmelitaniscalzi.com\/wp-content\/uploads\/2017\/05\/01-1.jpg\"><img loading=\"lazy\" decoding=\"async\" class=\"alignnone size-medium wp-image-14289\" src=\"https:\/\/www.carmelitaniscalzi.com\/wp-content\/uploads\/2017\/05\/01-1-300x225.jpg\" alt=\"\" width=\"300\" height=\"225\" srcset=\"https:\/\/www.carmelitaniscalzi.com\/wp-content\/uploads\/2017\/05\/01-1-300x225.jpg 300w, https:\/\/www.carmelitaniscalzi.com\/wp-content\/uploads\/2017\/05\/01-1-768x576.jpg 768w, https:\/\/www.carmelitaniscalzi.com\/wp-content\/uploads\/2017\/05\/01-1-73x55.jpg 73w, https:\/\/www.carmelitaniscalzi.com\/wp-content\/uploads\/2017\/05\/01-1-800x600.jpg 800w, https:\/\/www.carmelitaniscalzi.com\/wp-content\/uploads\/2017\/05\/01-1-580x435.jpg 580w, https:\/\/www.carmelitaniscalzi.com\/wp-content\/uploads\/2017\/05\/01-1.jpg 960w\" sizes=\"auto, (max-width: 300px) 100vw, 300px\" \/><\/a><\/p>\n","protected":false},"excerpt":{"rendered":"<p>Am 5. Mai ist in Santo Domingo, der Hauptstadt der Dominikanischen Republik, der emeritierte Weihbischof dieser Erzdi\u00f6zese, Amancio Escapa Aparicio, verstorben. Geboren in Cistierna, Le\u00f3n, Spanien, am 30 M\u00e4rz 1938, legte er zusammen mit seinem vor ein paar Jahren verstorbenen Zwillingsbruder am 2. August 1954 in Segovia in der Provinz Kastilien seine Profess ab und [&hellip;]<\/p>\n","protected":false},"author":7,"featured_media":14325,"comment_status":"closed","ping_status":"closed","sticky":false,"template":"","format":"standard","meta":{"_acf_changed":false,"footnotes":""},"categories":[218,371],"tags":[],"class_list":["post-14295","post","type-post","status-publish","format-standard","has-post-thumbnail","hentry","category-nachrichten-ueber-brueder","category-nachrichten"],"acf":[],"yoast_head":"<!-- This site is optimized with the Yoast SEO plugin v26.3 - https:\/\/yoast.com\/wordpress\/plugins\/seo\/ -->\n<title>Heimgang von Weihbischof Amacio Escapa - UNBESCHUHTE KARMELITEN<\/title>\n<meta name=\"robots\" content=\"index, follow, max-snippet:-1, max-image-preview:large, max-video-preview:-1\" \/>\n<link rel=\"canonical\" href=\"https:\/\/www.carmelitaniscalzi.com\/de\/2017\/05\/14\/heimgang-von-weihbischof-amacio-escapa\/\" \/>\n<meta property=\"og:locale\" content=\"de_DE\" \/>\n<meta property=\"og:type\" content=\"article\" \/>\n<meta property=\"og:title\" content=\"Heimgang von Weihbischof Amacio Escapa - UNBESCHUHTE KARMELITEN\" \/>\n<meta property=\"og:description\" content=\"Am 5. Mai ist in Santo Domingo, der Hauptstadt der Dominikanischen Republik, der emeritierte Weihbischof dieser Erzdi\u00f6zese, Amancio Escapa Aparicio, verstorben. Geboren in Cistierna, Le\u00f3n, Spanien, am 30 M\u00e4rz 1938, legte er zusammen mit seinem vor ein paar Jahren verstorbenen Zwillingsbruder am 2. August 1954 in Segovia in der Provinz Kastilien seine Profess ab und [&hellip;]\" \/>\n<meta property=\"og:url\" content=\"https:\/\/www.carmelitaniscalzi.com\/de\/2017\/05\/14\/heimgang-von-weihbischof-amacio-escapa\/\" \/>\n<meta property=\"og:site_name\" content=\"UNBESCHUHTE KARMELITEN\" \/>\n<meta property=\"article:publisher\" content=\"https:\/\/www.facebook.com\/Curia-Generalizia-Carmelitani-Scalzi-658766940887784\/\" \/>\n<meta property=\"article:published_time\" content=\"2017-05-14T19:36:41+00:00\" \/>\n<meta property=\"article:modified_time\" content=\"2017-05-14T20:21:07+00:00\" \/>\n<meta property=\"og:image\" content=\"https:\/\/www.carmelitaniscalzi.com\/wp-content\/uploads\/2017\/05\/Amancio.jpg\" \/>\n\t<meta property=\"og:image:width\" content=\"300\" \/>\n\t<meta property=\"og:image:height\" content=\"216\" \/>\n\t<meta property=\"og:image:type\" content=\"image\/jpeg\" \/>\n<meta name=\"author\" content=\"ocd web master\" \/>\n<meta name=\"twitter:card\" content=\"summary_large_image\" \/>\n<meta name=\"twitter:creator\" content=\"@ocdcuria\" \/>\n<meta name=\"twitter:site\" content=\"@ocdcuria\" \/>\n<meta name=\"twitter:label1\" content=\"Verfasst von\" \/>\n\t<meta name=\"twitter:data1\" content=\"ocd web master\" \/>\n\t<meta name=\"twitter:label2\" content=\"Gesch\u00e4tzte Lesezeit\" \/>\n\t<meta name=\"twitter:data2\" content=\"1\u00a0Minute\" \/>\n<script type=\"application\/ld+json\" class=\"yoast-schema-graph\">{\"@context\":\"https:\/\/schema.org\",\"@graph\":[{\"@type\":\"Article\",\"@id\":\"https:\/\/www.carmelitaniscalzi.com\/de\/2017\/05\/14\/heimgang-von-weihbischof-amacio-escapa\/#article\",\"isPartOf\":{\"@id\":\"https:\/\/www.carmelitaniscalzi.com\/de\/2017\/05\/14\/heimgang-von-weihbischof-amacio-escapa\/\"},\"author\":{\"name\":\"ocd web master\",\"@id\":\"https:\/\/www.carmelitaniscalzi.com\/#\/schema\/person\/6d1c0d9bea7b6625c437246a5d6da409\"},\"headline\":\"Heimgang von Weihbischof Amacio Escapa\",\"datePublished\":\"2017-05-14T19:36:41+00:00\",\"dateModified\":\"2017-05-14T20:21:07+00:00\",\"mainEntityOfPage\":{\"@id\":\"https:\/\/www.carmelitaniscalzi.com\/de\/2017\/05\/14\/heimgang-von-weihbischof-amacio-escapa\/\"},\"wordCount\":247,\"publisher\":{\"@id\":\"https:\/\/www.carmelitaniscalzi.com\/#organization\"},\"image\":{\"@id\":\"https:\/\/www.carmelitaniscalzi.com\/de\/2017\/05\/14\/heimgang-von-weihbischof-amacio-escapa\/#primaryimage\"},\"thumbnailUrl\":\"https:\/\/www.carmelitaniscalzi.com\/wp-content\/uploads\/2017\/05\/Amancio.jpg\",\"articleSection\":[\"Nachrichten \u00fcber Br\u00fcder\",\"Nachrichten\"],\"inLanguage\":\"de\"},{\"@type\":\"WebPage\",\"@id\":\"https:\/\/www.carmelitaniscalzi.com\/de\/2017\/05\/14\/heimgang-von-weihbischof-amacio-escapa\/\",\"url\":\"https:\/\/www.carmelitaniscalzi.com\/de\/2017\/05\/14\/heimgang-von-weihbischof-amacio-escapa\/\",\"name\":\"Heimgang von Weihbischof Amacio Escapa - UNBESCHUHTE KARMELITEN\",\"isPartOf\":{\"@id\":\"https:\/\/www.carmelitaniscalzi.com\/#website\"},\"primaryImageOfPage\":{\"@id\":\"https:\/\/www.carmelitaniscalzi.com\/de\/2017\/05\/14\/heimgang-von-weihbischof-amacio-escapa\/#primaryimage\"},\"image\":{\"@id\":\"https:\/\/www.carmelitaniscalzi.com\/de\/2017\/05\/14\/heimgang-von-weihbischof-amacio-escapa\/#primaryimage\"},\"thumbnailUrl\":\"https:\/\/www.carmelitaniscalzi.com\/wp-content\/uploads\/2017\/05\/Amancio.jpg\",\"datePublished\":\"2017-05-14T19:36:41+00:00\",\"dateModified\":\"2017-05-14T20:21:07+00:00\",\"breadcrumb\":{\"@id\":\"https:\/\/www.carmelitaniscalzi.com\/de\/2017\/05\/14\/heimgang-von-weihbischof-amacio-escapa\/#breadcrumb\"},\"inLanguage\":\"de\",\"potentialAction\":[{\"@type\":\"ReadAction\",\"target\":[\"https:\/\/www.carmelitaniscalzi.com\/de\/2017\/05\/14\/heimgang-von-weihbischof-amacio-escapa\/\"]}]},{\"@type\":\"ImageObject\",\"inLanguage\":\"de\",\"@id\":\"https:\/\/www.carmelitaniscalzi.com\/de\/2017\/05\/14\/heimgang-von-weihbischof-amacio-escapa\/#primaryimage\",\"url\":\"https:\/\/www.carmelitaniscalzi.com\/wp-content\/uploads\/2017\/05\/Amancio.jpg\",\"contentUrl\":\"https:\/\/www.carmelitaniscalzi.com\/wp-content\/uploads\/2017\/05\/Amancio.jpg\",\"width\":300,\"height\":216},{\"@type\":\"BreadcrumbList\",\"@id\":\"https:\/\/www.carmelitaniscalzi.com\/de\/2017\/05\/14\/heimgang-von-weihbischof-amacio-escapa\/#breadcrumb\",\"itemListElement\":[{\"@type\":\"ListItem\",\"position\":1,\"name\":\"Home\",\"item\":\"https:\/\/www.carmelitaniscalzi.com\/de\/\"},{\"@type\":\"ListItem\",\"position\":2,\"name\":\"Heimgang von Weihbischof Amacio Escapa\"}]},{\"@type\":\"WebSite\",\"@id\":\"https:\/\/www.carmelitaniscalzi.com\/#website\",\"url\":\"https:\/\/www.carmelitaniscalzi.com\/\",\"name\":\"CARMELITANI SCALZI - Curia Generale del Carmelo Teresiano\",\"description\":\"Generalkurie des Teresianischen Karmel\",\"publisher\":{\"@id\":\"https:\/\/www.carmelitaniscalzi.com\/#organization\"},\"alternateName\":\"CARMELITANI SCALZI\",\"potentialAction\":[{\"@type\":\"SearchAction\",\"target\":{\"@type\":\"EntryPoint\",\"urlTemplate\":\"https:\/\/www.carmelitaniscalzi.com\/?s={search_term_string}\"},\"query-input\":{\"@type\":\"PropertyValueSpecification\",\"valueRequired\":true,\"valueName\":\"search_term_string\"}}],\"inLanguage\":\"de\"},{\"@type\":\"Organization\",\"@id\":\"https:\/\/www.carmelitaniscalzi.com\/#organization\",\"name\":\"CARMELITANI SCALZI - Curia Generale del Carmelo Teresiano\",\"url\":\"https:\/\/www.carmelitaniscalzi.com\/\",\"logo\":{\"@type\":\"ImageObject\",\"inLanguage\":\"de\",\"@id\":\"https:\/\/www.carmelitaniscalzi.com\/#\/schema\/logo\/image\/\",\"url\":\"https:\/\/www.carmelitaniscalzi.com\/wp-content\/uploads\/2025\/11\/login-logo.png\",\"contentUrl\":\"https:\/\/www.carmelitaniscalzi.com\/wp-content\/uploads\/2025\/11\/login-logo.png\",\"width\":256,\"height\":256,\"caption\":\"CARMELITANI SCALZI - Curia Generale del Carmelo Teresiano\"},\"image\":{\"@id\":\"https:\/\/www.carmelitaniscalzi.com\/#\/schema\/logo\/image\/\"},\"sameAs\":[\"https:\/\/www.facebook.com\/Curia-Generalizia-Carmelitani-Scalzi-658766940887784\/\",\"https:\/\/x.com\/ocdcuria\",\"https:\/\/www.youtube.com\/channel\/UC2J5ZL0ycOY0qBSTCLX_NGQ\/videos\",\"https:\/\/www.instagram.com\/ocdinform\/\"]},{\"@type\":\"Person\",\"@id\":\"https:\/\/www.carmelitaniscalzi.com\/#\/schema\/person\/6d1c0d9bea7b6625c437246a5d6da409\",\"name\":\"ocd web master\",\"image\":{\"@type\":\"ImageObject\",\"inLanguage\":\"de\",\"@id\":\"https:\/\/www.carmelitaniscalzi.com\/#\/schema\/person\/image\/\",\"url\":\"https:\/\/secure.gravatar.com\/avatar\/41fbc5f82bad909fbaf2984c43fa50d8519ac5853e25b454d022b6868f80d0e7?s=96&d=mm&r=g\",\"contentUrl\":\"https:\/\/secure.gravatar.com\/avatar\/41fbc5f82bad909fbaf2984c43fa50d8519ac5853e25b454d022b6868f80d0e7?s=96&d=mm&r=g\",\"caption\":\"ocd web master\"},\"url\":\"https:\/\/www.carmelitaniscalzi.com\/de\/author\/ocdwebmaster\/\"}]}<\/script>\n<!-- \/ Yoast SEO plugin. -->","yoast_head_json":{"title":"Heimgang von Weihbischof Amacio Escapa - UNBESCHUHTE KARMELITEN","robots":{"index":"index","follow":"follow","max-snippet":"max-snippet:-1","max-image-preview":"max-image-preview:large","max-video-preview":"max-video-preview:-1"},"canonical":"https:\/\/www.carmelitaniscalzi.com\/de\/2017\/05\/14\/heimgang-von-weihbischof-amacio-escapa\/","og_locale":"de_DE","og_type":"article","og_title":"Heimgang von Weihbischof Amacio Escapa - UNBESCHUHTE KARMELITEN","og_description":"Am 5. Mai ist in Santo Domingo, der Hauptstadt der Dominikanischen Republik, der emeritierte Weihbischof dieser Erzdi\u00f6zese, Amancio Escapa Aparicio, verstorben. Geboren in Cistierna, Le\u00f3n, Spanien, am 30 M\u00e4rz 1938, legte er zusammen mit seinem vor ein paar Jahren verstorbenen Zwillingsbruder am 2. August 1954 in Segovia in der Provinz Kastilien seine Profess ab und [&hellip;]","og_url":"https:\/\/www.carmelitaniscalzi.com\/de\/2017\/05\/14\/heimgang-von-weihbischof-amacio-escapa\/","og_site_name":"UNBESCHUHTE KARMELITEN","article_publisher":"https:\/\/www.facebook.com\/Curia-Generalizia-Carmelitani-Scalzi-658766940887784\/","article_published_time":"2017-05-14T19:36:41+00:00","article_modified_time":"2017-05-14T20:21:07+00:00","og_image":[{"width":300,"height":216,"url":"https:\/\/www.carmelitaniscalzi.com\/wp-content\/uploads\/2017\/05\/Amancio.jpg","type":"image\/jpeg"}],"author":"ocd web master","twitter_card":"summary_large_image","twitter_creator":"@ocdcuria","twitter_site":"@ocdcuria","twitter_misc":{"Verfasst von":"ocd web master","Gesch\u00e4tzte Lesezeit":"1\u00a0Minute"},"schema":{"@context":"https:\/\/schema.org","@graph":[{"@type":"Article","@id":"https:\/\/www.carmelitaniscalzi.com\/de\/2017\/05\/14\/heimgang-von-weihbischof-amacio-escapa\/#article","isPartOf":{"@id":"https:\/\/www.carmelitaniscalzi.com\/de\/2017\/05\/14\/heimgang-von-weihbischof-amacio-escapa\/"},"author":{"name":"ocd web master","@id":"https:\/\/www.carmelitaniscalzi.com\/#\/schema\/person\/6d1c0d9bea7b6625c437246a5d6da409"},"headline":"Heimgang von Weihbischof Amacio Escapa","datePublished":"2017-05-14T19:36:41+00:00","dateModified":"2017-05-14T20:21:07+00:00","mainEntityOfPage":{"@id":"https:\/\/www.carmelitaniscalzi.com\/de\/2017\/05\/14\/heimgang-von-weihbischof-amacio-escapa\/"},"wordCount":247,"publisher":{"@id":"https:\/\/www.carmelitaniscalzi.com\/#organization"},"image":{"@id":"https:\/\/www.carmelitaniscalzi.com\/de\/2017\/05\/14\/heimgang-von-weihbischof-amacio-escapa\/#primaryimage"},"thumbnailUrl":"https:\/\/www.carmelitaniscalzi.com\/wp-content\/uploads\/2017\/05\/Amancio.jpg","articleSection":["Nachrichten \u00fcber Br\u00fcder","Nachrichten"],"inLanguage":"de"},{"@type":"WebPage","@id":"https:\/\/www.carmelitaniscalzi.com\/de\/2017\/05\/14\/heimgang-von-weihbischof-amacio-escapa\/","url":"https:\/\/www.carmelitaniscalzi.com\/de\/2017\/05\/14\/heimgang-von-weihbischof-amacio-escapa\/","name":"Heimgang von Weihbischof Amacio Escapa - UNBESCHUHTE KARMELITEN","isPartOf":{"@id":"https:\/\/www.carmelitaniscalzi.com\/#website"},"primaryImageOfPage":{"@id":"https:\/\/www.carmelitaniscalzi.com\/de\/2017\/05\/14\/heimgang-von-weihbischof-amacio-escapa\/#primaryimage"},"image":{"@id":"https:\/\/www.carmelitaniscalzi.com\/de\/2017\/05\/14\/heimgang-von-weihbischof-amacio-escapa\/#primaryimage"},"thumbnailUrl":"https:\/\/www.carmelitaniscalzi.com\/wp-content\/uploads\/2017\/05\/Amancio.jpg","datePublished":"2017-05-14T19:36:41+00:00","dateModified":"2017-05-14T20:21:07+00:00","breadcrumb":{"@id":"https:\/\/www.carmelitaniscalzi.com\/de\/2017\/05\/14\/heimgang-von-weihbischof-amacio-escapa\/#breadcrumb"},"inLanguage":"de","potentialAction":[{"@type":"ReadAction","target":["https:\/\/www.carmelitaniscalzi.com\/de\/2017\/05\/14\/heimgang-von-weihbischof-amacio-escapa\/"]}]},{"@type":"ImageObject","inLanguage":"de","@id":"https:\/\/www.carmelitaniscalzi.com\/de\/2017\/05\/14\/heimgang-von-weihbischof-amacio-escapa\/#primaryimage","url":"https:\/\/www.carmelitaniscalzi.com\/wp-content\/uploads\/2017\/05\/Amancio.jpg","contentUrl":"https:\/\/www.carmelitaniscalzi.com\/wp-content\/uploads\/2017\/05\/Amancio.jpg","width":300,"height":216},{"@type":"BreadcrumbList","@id":"https:\/\/www.carmelitaniscalzi.com\/de\/2017\/05\/14\/heimgang-von-weihbischof-amacio-escapa\/#breadcrumb","itemListElement":[{"@type":"ListItem","position":1,"name":"Home","item":"https:\/\/www.carmelitaniscalzi.com\/de\/"},{"@type":"ListItem","position":2,"name":"Heimgang von Weihbischof Amacio Escapa"}]},{"@type":"WebSite","@id":"https:\/\/www.carmelitaniscalzi.com\/#website","url":"https:\/\/www.carmelitaniscalzi.com\/","name":"CARMELITANI SCALZI - Curia Generale del Carmelo Teresiano","description":"Generalkurie des Teresianischen Karmel","publisher":{"@id":"https:\/\/www.carmelitaniscalzi.com\/#organization"},"alternateName":"CARMELITANI SCALZI","potentialAction":[{"@type":"SearchAction","target":{"@type":"EntryPoint","urlTemplate":"https:\/\/www.carmelitaniscalzi.com\/?s={search_term_string}"},"query-input":{"@type":"PropertyValueSpecification","valueRequired":true,"valueName":"search_term_string"}}],"inLanguage":"de"},{"@type":"Organization","@id":"https:\/\/www.carmelitaniscalzi.com\/#organization","name":"CARMELITANI SCALZI - Curia Generale del Carmelo Teresiano","url":"https:\/\/www.carmelitaniscalzi.com\/","logo":{"@type":"ImageObject","inLanguage":"de","@id":"https:\/\/www.carmelitaniscalzi.com\/#\/schema\/logo\/image\/","url":"https:\/\/www.carmelitaniscalzi.com\/wp-content\/uploads\/2025\/11\/login-logo.png","contentUrl":"https:\/\/www.carmelitaniscalzi.com\/wp-content\/uploads\/2025\/11\/login-logo.png","width":256,"height":256,"caption":"CARMELITANI SCALZI - Curia Generale del Carmelo Teresiano"},"image":{"@id":"https:\/\/www.carmelitaniscalzi.com\/#\/schema\/logo\/image\/"},"sameAs":["https:\/\/www.facebook.com\/Curia-Generalizia-Carmelitani-Scalzi-658766940887784\/","https:\/\/x.com\/ocdcuria","https:\/\/www.youtube.com\/channel\/UC2J5ZL0ycOY0qBSTCLX_NGQ\/videos","https:\/\/www.instagram.com\/ocdinform\/"]},{"@type":"Person","@id":"https:\/\/www.carmelitaniscalzi.com\/#\/schema\/person\/6d1c0d9bea7b6625c437246a5d6da409","name":"ocd web master","image":{"@type":"ImageObject","inLanguage":"de","@id":"https:\/\/www.carmelitaniscalzi.com\/#\/schema\/person\/image\/","url":"https:\/\/secure.gravatar.com\/avatar\/41fbc5f82bad909fbaf2984c43fa50d8519ac5853e25b454d022b6868f80d0e7?s=96&d=mm&r=g","contentUrl":"https:\/\/secure.gravatar.com\/avatar\/41fbc5f82bad909fbaf2984c43fa50d8519ac5853e25b454d022b6868f80d0e7?s=96&d=mm&r=g","caption":"ocd web master"},"url":"https:\/\/www.carmelitaniscalzi.com\/de\/author\/ocdwebmaster\/"}]}},"_links":{"self":[{"href":"https:\/\/www.carmelitaniscalzi.com\/de\/wp-json\/wp\/v2\/posts\/14295","targetHints":{"allow":["GET"]}}],"collection":[{"href":"https:\/\/www.carmelitaniscalzi.com\/de\/wp-json\/wp\/v2\/posts"}],"about":[{"href":"https:\/\/www.carmelitaniscalzi.com\/de\/wp-json\/wp\/v2\/types\/post"}],"author":[{"embeddable":true,"href":"https:\/\/www.carmelitaniscalzi.com\/de\/wp-json\/wp\/v2\/users\/7"}],"replies":[{"embeddable":true,"href":"https:\/\/www.carmelitaniscalzi.com\/de\/wp-json\/wp\/v2\/comments?post=14295"}],"version-history":[{"count":0,"href":"https:\/\/www.carmelitaniscalzi.com\/de\/wp-json\/wp\/v2\/posts\/14295\/revisions"}],"wp:featuredmedia":[{"embeddable":true,"href":"https:\/\/www.carmelitaniscalzi.com\/de\/wp-json\/wp\/v2\/media\/14325"}],"wp:attachment":[{"href":"https:\/\/www.carmelitaniscalzi.com\/de\/wp-json\/wp\/v2\/media?parent=14295"}],"wp:term":[{"taxonomy":"category","embeddable":true,"href":"https:\/\/www.carmelitaniscalzi.com\/de\/wp-json\/wp\/v2\/categories?post=14295"},{"taxonomy":"post_tag","embeddable":true,"href":"https:\/\/www.carmelitaniscalzi.com\/de\/wp-json\/wp\/v2\/tags?post=14295"}],"curies":[{"name":"wp","href":"https:\/\/api.w.org\/{rel}","templated":true}]}}