{"id":13956,"date":"2017-04-24T22:35:29","date_gmt":"2017-04-24T20:35:29","guid":{"rendered":"https:\/\/www.carmelitaniscalzi.com\/de\/?p=13956"},"modified":"2017-04-24T22:35:29","modified_gmt":"2017-04-24T20:35:29","slug":"virtueller-rundgang-durchs-teresianum","status":"publish","type":"post","link":"https:\/\/www.carmelitaniscalzi.com\/de\/2017\/04\/24\/virtueller-rundgang-durchs-teresianum\/","title":{"rendered":"Virtueller Rundgang durchs Teresianum"},"content":{"rendered":"<p>Seit dem 5. April ist die P\u00e4pstliche Fakult\u00e4t und das P\u00e4pstliche Institut f\u00fcr Spiritualit\u00e4t im Teresianum zu Rom dank eines virtuellen Rundgangs leichter erreichbar, da so die wichtigsten Einrichtungen besucht werden k\u00f6nnen.<\/p>\n<p>Die Tour mit 360 \u00b0 beginnt im zentralen Innenhof, den man mit Hilfe von Richtungspfeilen am unteren Ende des Fotos auf dem Rechner oder auch durch einfaches Drehen des Bildschirmes und durch Ber\u00fchrung mit dem Finger durchqueren kann. Bei seinem Rundgang trifft der Besucher auf bestimmte Icons mit dem Symbol eines Fotoapparates; durch einen Klick kann er den Eingangsbereich, die Krypta, die H\u00f6rs\u00e4le und das Sekretariat besuchen.<\/p>\n<p>Ein Icon mit einem Pfeil erm\u00f6glicht einen 360-Grad-Rundgang durch die Kapelle, und am oberen Ende der Orgelpfeifen befindet sich ein weiterer Pfeil, der durch Anklicken den Weg in die Bibliothek \u00f6ffnet, wo einige der wichtigsten Sch\u00e4tze besichtigt werden k\u00f6nnen. Ein Icon beim Eingang in die Kapelle gibt dem Besucher den Weg in die Aula Magna frei.<\/p>\n<p>Die Arbeit wurde ehrenamtlich durchgef\u00fchrt vom Fotografen Don Jos\u00e9 \u00c1ngel Barbero und Don Juan Borrego Alonso und die in Salamanca ans\u00e4ssige, im Bereich der Kirche f\u00fchrende Firma f\u00fcr Technoloigie und Kommunikation COMUNICA+ (<a href=\"http:\/\/www.comunicamas.com\">www.comunicamas.com<\/a>).<\/p>\n<p>Der Link f\u00fcr den virtuellen Rundgang ist:<\/p>\n<p><a href=\"http:\/\/www.fotografiaspanoramicas.com\/teresianum\/\">http:\/\/www.fotografiaspanoramicas.com\/teresianum\/<\/a><\/p>\n","protected":false},"excerpt":{"rendered":"<p>Seit dem 5. April ist die P\u00e4pstliche Fakult\u00e4t und das P\u00e4pstliche Institut f\u00fcr Spiritualit\u00e4t im Teresianum zu Rom dank eines virtuellen Rundgangs leichter erreichbar, da so die wichtigsten Einrichtungen besucht werden k\u00f6nnen. Die Tour mit 360 \u00b0 beginnt im zentralen Innenhof, den man mit Hilfe von Richtungspfeilen am unteren Ende des Fotos auf dem Rechner [&hellip;]<\/p>\n","protected":false},"author":7,"featured_media":13948,"comment_status":"closed","ping_status":"closed","sticky":false,"template":"","format":"standard","meta":{"_acf_changed":false,"footnotes":""},"categories":[217,371],"tags":[],"class_list":["post-13956","post","type-post","status-publish","format-standard","has-post-thumbnail","hentry","category-nachrichten-aus-den-missionen","category-nachrichten"],"acf":[],"yoast_head":"<!-- This site is optimized with the Yoast SEO plugin v26.3 - https:\/\/yoast.com\/wordpress\/plugins\/seo\/ -->\n<title>Virtueller Rundgang durchs Teresianum - UNBESCHUHTE KARMELITEN<\/title>\n<meta name=\"robots\" content=\"index, follow, max-snippet:-1, max-image-preview:large, max-video-preview:-1\" \/>\n<link rel=\"canonical\" href=\"https:\/\/www.carmelitaniscalzi.com\/de\/2017\/04\/24\/virtueller-rundgang-durchs-teresianum\/\" \/>\n<meta property=\"og:locale\" content=\"de_DE\" \/>\n<meta property=\"og:type\" content=\"article\" \/>\n<meta property=\"og:title\" content=\"Virtueller Rundgang durchs Teresianum - UNBESCHUHTE KARMELITEN\" \/>\n<meta property=\"og:description\" content=\"Seit dem 5. April ist die P\u00e4pstliche Fakult\u00e4t und das P\u00e4pstliche Institut f\u00fcr Spiritualit\u00e4t im Teresianum zu Rom dank eines virtuellen Rundgangs leichter erreichbar, da so die wichtigsten Einrichtungen besucht werden k\u00f6nnen. Die Tour mit 360 \u00b0 beginnt im zentralen Innenhof, den man mit Hilfe von Richtungspfeilen am unteren Ende des Fotos auf dem Rechner [&hellip;]\" \/>\n<meta property=\"og:url\" content=\"https:\/\/www.carmelitaniscalzi.com\/de\/2017\/04\/24\/virtueller-rundgang-durchs-teresianum\/\" \/>\n<meta property=\"og:site_name\" content=\"UNBESCHUHTE KARMELITEN\" \/>\n<meta property=\"article:publisher\" content=\"https:\/\/www.facebook.com\/Curia-Generalizia-Carmelitani-Scalzi-658766940887784\/\" \/>\n<meta property=\"article:published_time\" content=\"2017-04-24T20:35:29+00:00\" \/>\n<meta property=\"og:image\" content=\"https:\/\/www.carmelitaniscalzi.com\/wp-content\/uploads\/2017\/04\/Visita-virtual.jpeg\" \/>\n\t<meta property=\"og:image:width\" content=\"1600\" \/>\n\t<meta property=\"og:image:height\" content=\"1200\" \/>\n\t<meta property=\"og:image:type\" content=\"image\/jpeg\" \/>\n<meta name=\"author\" content=\"ocd web master\" \/>\n<meta name=\"twitter:card\" content=\"summary_large_image\" \/>\n<meta name=\"twitter:creator\" content=\"@ocdcuria\" \/>\n<meta name=\"twitter:site\" content=\"@ocdcuria\" \/>\n<meta name=\"twitter:label1\" content=\"Verfasst von\" \/>\n\t<meta name=\"twitter:data1\" content=\"ocd web master\" \/>\n\t<meta name=\"twitter:label2\" content=\"Gesch\u00e4tzte Lesezeit\" \/>\n\t<meta name=\"twitter:data2\" content=\"1\u00a0Minute\" \/>\n<script type=\"application\/ld+json\" class=\"yoast-schema-graph\">{\"@context\":\"https:\/\/schema.org\",\"@graph\":[{\"@type\":\"Article\",\"@id\":\"https:\/\/www.carmelitaniscalzi.com\/de\/2017\/04\/24\/virtueller-rundgang-durchs-teresianum\/#article\",\"isPartOf\":{\"@id\":\"https:\/\/www.carmelitaniscalzi.com\/de\/2017\/04\/24\/virtueller-rundgang-durchs-teresianum\/\"},\"author\":{\"name\":\"ocd web master\",\"@id\":\"https:\/\/www.carmelitaniscalzi.com\/#\/schema\/person\/6d1c0d9bea7b6625c437246a5d6da409\"},\"headline\":\"Virtueller Rundgang durchs Teresianum\",\"datePublished\":\"2017-04-24T20:35:29+00:00\",\"mainEntityOfPage\":{\"@id\":\"https:\/\/www.carmelitaniscalzi.com\/de\/2017\/04\/24\/virtueller-rundgang-durchs-teresianum\/\"},\"wordCount\":220,\"publisher\":{\"@id\":\"https:\/\/www.carmelitaniscalzi.com\/#organization\"},\"image\":{\"@id\":\"https:\/\/www.carmelitaniscalzi.com\/de\/2017\/04\/24\/virtueller-rundgang-durchs-teresianum\/#primaryimage\"},\"thumbnailUrl\":\"https:\/\/www.carmelitaniscalzi.com\/wp-content\/uploads\/2017\/04\/Visita-virtual.jpeg\",\"articleSection\":[\"Nachrichten zur Ausbildung\",\"Nachrichten\"],\"inLanguage\":\"de\"},{\"@type\":\"WebPage\",\"@id\":\"https:\/\/www.carmelitaniscalzi.com\/de\/2017\/04\/24\/virtueller-rundgang-durchs-teresianum\/\",\"url\":\"https:\/\/www.carmelitaniscalzi.com\/de\/2017\/04\/24\/virtueller-rundgang-durchs-teresianum\/\",\"name\":\"Virtueller Rundgang durchs Teresianum - UNBESCHUHTE KARMELITEN\",\"isPartOf\":{\"@id\":\"https:\/\/www.carmelitaniscalzi.com\/#website\"},\"primaryImageOfPage\":{\"@id\":\"https:\/\/www.carmelitaniscalzi.com\/de\/2017\/04\/24\/virtueller-rundgang-durchs-teresianum\/#primaryimage\"},\"image\":{\"@id\":\"https:\/\/www.carmelitaniscalzi.com\/de\/2017\/04\/24\/virtueller-rundgang-durchs-teresianum\/#primaryimage\"},\"thumbnailUrl\":\"https:\/\/www.carmelitaniscalzi.com\/wp-content\/uploads\/2017\/04\/Visita-virtual.jpeg\",\"datePublished\":\"2017-04-24T20:35:29+00:00\",\"breadcrumb\":{\"@id\":\"https:\/\/www.carmelitaniscalzi.com\/de\/2017\/04\/24\/virtueller-rundgang-durchs-teresianum\/#breadcrumb\"},\"inLanguage\":\"de\",\"potentialAction\":[{\"@type\":\"ReadAction\",\"target\":[\"https:\/\/www.carmelitaniscalzi.com\/de\/2017\/04\/24\/virtueller-rundgang-durchs-teresianum\/\"]}]},{\"@type\":\"ImageObject\",\"inLanguage\":\"de\",\"@id\":\"https:\/\/www.carmelitaniscalzi.com\/de\/2017\/04\/24\/virtueller-rundgang-durchs-teresianum\/#primaryimage\",\"url\":\"https:\/\/www.carmelitaniscalzi.com\/wp-content\/uploads\/2017\/04\/Visita-virtual.jpeg\",\"contentUrl\":\"https:\/\/www.carmelitaniscalzi.com\/wp-content\/uploads\/2017\/04\/Visita-virtual.jpeg\",\"width\":1600,\"height\":1200},{\"@type\":\"BreadcrumbList\",\"@id\":\"https:\/\/www.carmelitaniscalzi.com\/de\/2017\/04\/24\/virtueller-rundgang-durchs-teresianum\/#breadcrumb\",\"itemListElement\":[{\"@type\":\"ListItem\",\"position\":1,\"name\":\"Home\",\"item\":\"https:\/\/www.carmelitaniscalzi.com\/de\/\"},{\"@type\":\"ListItem\",\"position\":2,\"name\":\"Virtueller Rundgang durchs Teresianum\"}]},{\"@type\":\"WebSite\",\"@id\":\"https:\/\/www.carmelitaniscalzi.com\/#website\",\"url\":\"https:\/\/www.carmelitaniscalzi.com\/\",\"name\":\"CARMELITANI SCALZI - Curia Generale del Carmelo Teresiano\",\"description\":\"Generalkurie des Teresianischen Karmel\",\"publisher\":{\"@id\":\"https:\/\/www.carmelitaniscalzi.com\/#organization\"},\"alternateName\":\"CARMELITANI SCALZI\",\"potentialAction\":[{\"@type\":\"SearchAction\",\"target\":{\"@type\":\"EntryPoint\",\"urlTemplate\":\"https:\/\/www.carmelitaniscalzi.com\/?s={search_term_string}\"},\"query-input\":{\"@type\":\"PropertyValueSpecification\",\"valueRequired\":true,\"valueName\":\"search_term_string\"}}],\"inLanguage\":\"de\"},{\"@type\":\"Organization\",\"@id\":\"https:\/\/www.carmelitaniscalzi.com\/#organization\",\"name\":\"CARMELITANI SCALZI - Curia Generale del Carmelo Teresiano\",\"url\":\"https:\/\/www.carmelitaniscalzi.com\/\",\"logo\":{\"@type\":\"ImageObject\",\"inLanguage\":\"de\",\"@id\":\"https:\/\/www.carmelitaniscalzi.com\/#\/schema\/logo\/image\/\",\"url\":\"https:\/\/www.carmelitaniscalzi.com\/wp-content\/uploads\/2025\/11\/login-logo.png\",\"contentUrl\":\"https:\/\/www.carmelitaniscalzi.com\/wp-content\/uploads\/2025\/11\/login-logo.png\",\"width\":256,\"height\":256,\"caption\":\"CARMELITANI SCALZI - Curia Generale del Carmelo Teresiano\"},\"image\":{\"@id\":\"https:\/\/www.carmelitaniscalzi.com\/#\/schema\/logo\/image\/\"},\"sameAs\":[\"https:\/\/www.facebook.com\/Curia-Generalizia-Carmelitani-Scalzi-658766940887784\/\",\"https:\/\/x.com\/ocdcuria\",\"https:\/\/www.youtube.com\/channel\/UC2J5ZL0ycOY0qBSTCLX_NGQ\/videos\",\"https:\/\/www.instagram.com\/ocdinform\/\"]},{\"@type\":\"Person\",\"@id\":\"https:\/\/www.carmelitaniscalzi.com\/#\/schema\/person\/6d1c0d9bea7b6625c437246a5d6da409\",\"name\":\"ocd web master\",\"image\":{\"@type\":\"ImageObject\",\"inLanguage\":\"de\",\"@id\":\"https:\/\/www.carmelitaniscalzi.com\/#\/schema\/person\/image\/\",\"url\":\"https:\/\/secure.gravatar.com\/avatar\/41fbc5f82bad909fbaf2984c43fa50d8519ac5853e25b454d022b6868f80d0e7?s=96&d=mm&r=g\",\"contentUrl\":\"https:\/\/secure.gravatar.com\/avatar\/41fbc5f82bad909fbaf2984c43fa50d8519ac5853e25b454d022b6868f80d0e7?s=96&d=mm&r=g\",\"caption\":\"ocd web master\"},\"url\":\"https:\/\/www.carmelitaniscalzi.com\/de\/author\/ocdwebmaster\/\"}]}<\/script>\n<!-- \/ Yoast SEO plugin. -->","yoast_head_json":{"title":"Virtueller Rundgang durchs Teresianum - UNBESCHUHTE KARMELITEN","robots":{"index":"index","follow":"follow","max-snippet":"max-snippet:-1","max-image-preview":"max-image-preview:large","max-video-preview":"max-video-preview:-1"},"canonical":"https:\/\/www.carmelitaniscalzi.com\/de\/2017\/04\/24\/virtueller-rundgang-durchs-teresianum\/","og_locale":"de_DE","og_type":"article","og_title":"Virtueller Rundgang durchs Teresianum - UNBESCHUHTE KARMELITEN","og_description":"Seit dem 5. April ist die P\u00e4pstliche Fakult\u00e4t und das P\u00e4pstliche Institut f\u00fcr Spiritualit\u00e4t im Teresianum zu Rom dank eines virtuellen Rundgangs leichter erreichbar, da so die wichtigsten Einrichtungen besucht werden k\u00f6nnen. Die Tour mit 360 \u00b0 beginnt im zentralen Innenhof, den man mit Hilfe von Richtungspfeilen am unteren Ende des Fotos auf dem Rechner [&hellip;]","og_url":"https:\/\/www.carmelitaniscalzi.com\/de\/2017\/04\/24\/virtueller-rundgang-durchs-teresianum\/","og_site_name":"UNBESCHUHTE KARMELITEN","article_publisher":"https:\/\/www.facebook.com\/Curia-Generalizia-Carmelitani-Scalzi-658766940887784\/","article_published_time":"2017-04-24T20:35:29+00:00","og_image":[{"width":1600,"height":1200,"url":"https:\/\/www.carmelitaniscalzi.com\/wp-content\/uploads\/2017\/04\/Visita-virtual.jpeg","type":"image\/jpeg"}],"author":"ocd web master","twitter_card":"summary_large_image","twitter_creator":"@ocdcuria","twitter_site":"@ocdcuria","twitter_misc":{"Verfasst von":"ocd web master","Gesch\u00e4tzte Lesezeit":"1\u00a0Minute"},"schema":{"@context":"https:\/\/schema.org","@graph":[{"@type":"Article","@id":"https:\/\/www.carmelitaniscalzi.com\/de\/2017\/04\/24\/virtueller-rundgang-durchs-teresianum\/#article","isPartOf":{"@id":"https:\/\/www.carmelitaniscalzi.com\/de\/2017\/04\/24\/virtueller-rundgang-durchs-teresianum\/"},"author":{"name":"ocd web master","@id":"https:\/\/www.carmelitaniscalzi.com\/#\/schema\/person\/6d1c0d9bea7b6625c437246a5d6da409"},"headline":"Virtueller Rundgang durchs Teresianum","datePublished":"2017-04-24T20:35:29+00:00","mainEntityOfPage":{"@id":"https:\/\/www.carmelitaniscalzi.com\/de\/2017\/04\/24\/virtueller-rundgang-durchs-teresianum\/"},"wordCount":220,"publisher":{"@id":"https:\/\/www.carmelitaniscalzi.com\/#organization"},"image":{"@id":"https:\/\/www.carmelitaniscalzi.com\/de\/2017\/04\/24\/virtueller-rundgang-durchs-teresianum\/#primaryimage"},"thumbnailUrl":"https:\/\/www.carmelitaniscalzi.com\/wp-content\/uploads\/2017\/04\/Visita-virtual.jpeg","articleSection":["Nachrichten zur Ausbildung","Nachrichten"],"inLanguage":"de"},{"@type":"WebPage","@id":"https:\/\/www.carmelitaniscalzi.com\/de\/2017\/04\/24\/virtueller-rundgang-durchs-teresianum\/","url":"https:\/\/www.carmelitaniscalzi.com\/de\/2017\/04\/24\/virtueller-rundgang-durchs-teresianum\/","name":"Virtueller Rundgang durchs Teresianum - UNBESCHUHTE KARMELITEN","isPartOf":{"@id":"https:\/\/www.carmelitaniscalzi.com\/#website"},"primaryImageOfPage":{"@id":"https:\/\/www.carmelitaniscalzi.com\/de\/2017\/04\/24\/virtueller-rundgang-durchs-teresianum\/#primaryimage"},"image":{"@id":"https:\/\/www.carmelitaniscalzi.com\/de\/2017\/04\/24\/virtueller-rundgang-durchs-teresianum\/#primaryimage"},"thumbnailUrl":"https:\/\/www.carmelitaniscalzi.com\/wp-content\/uploads\/2017\/04\/Visita-virtual.jpeg","datePublished":"2017-04-24T20:35:29+00:00","breadcrumb":{"@id":"https:\/\/www.carmelitaniscalzi.com\/de\/2017\/04\/24\/virtueller-rundgang-durchs-teresianum\/#breadcrumb"},"inLanguage":"de","potentialAction":[{"@type":"ReadAction","target":["https:\/\/www.carmelitaniscalzi.com\/de\/2017\/04\/24\/virtueller-rundgang-durchs-teresianum\/"]}]},{"@type":"ImageObject","inLanguage":"de","@id":"https:\/\/www.carmelitaniscalzi.com\/de\/2017\/04\/24\/virtueller-rundgang-durchs-teresianum\/#primaryimage","url":"https:\/\/www.carmelitaniscalzi.com\/wp-content\/uploads\/2017\/04\/Visita-virtual.jpeg","contentUrl":"https:\/\/www.carmelitaniscalzi.com\/wp-content\/uploads\/2017\/04\/Visita-virtual.jpeg","width":1600,"height":1200},{"@type":"BreadcrumbList","@id":"https:\/\/www.carmelitaniscalzi.com\/de\/2017\/04\/24\/virtueller-rundgang-durchs-teresianum\/#breadcrumb","itemListElement":[{"@type":"ListItem","position":1,"name":"Home","item":"https:\/\/www.carmelitaniscalzi.com\/de\/"},{"@type":"ListItem","position":2,"name":"Virtueller Rundgang durchs Teresianum"}]},{"@type":"WebSite","@id":"https:\/\/www.carmelitaniscalzi.com\/#website","url":"https:\/\/www.carmelitaniscalzi.com\/","name":"CARMELITANI SCALZI - Curia Generale del Carmelo Teresiano","description":"Generalkurie des Teresianischen Karmel","publisher":{"@id":"https:\/\/www.carmelitaniscalzi.com\/#organization"},"alternateName":"CARMELITANI SCALZI","potentialAction":[{"@type":"SearchAction","target":{"@type":"EntryPoint","urlTemplate":"https:\/\/www.carmelitaniscalzi.com\/?s={search_term_string}"},"query-input":{"@type":"PropertyValueSpecification","valueRequired":true,"valueName":"search_term_string"}}],"inLanguage":"de"},{"@type":"Organization","@id":"https:\/\/www.carmelitaniscalzi.com\/#organization","name":"CARMELITANI SCALZI - Curia Generale del Carmelo Teresiano","url":"https:\/\/www.carmelitaniscalzi.com\/","logo":{"@type":"ImageObject","inLanguage":"de","@id":"https:\/\/www.carmelitaniscalzi.com\/#\/schema\/logo\/image\/","url":"https:\/\/www.carmelitaniscalzi.com\/wp-content\/uploads\/2025\/11\/login-logo.png","contentUrl":"https:\/\/www.carmelitaniscalzi.com\/wp-content\/uploads\/2025\/11\/login-logo.png","width":256,"height":256,"caption":"CARMELITANI SCALZI - Curia Generale del Carmelo Teresiano"},"image":{"@id":"https:\/\/www.carmelitaniscalzi.com\/#\/schema\/logo\/image\/"},"sameAs":["https:\/\/www.facebook.com\/Curia-Generalizia-Carmelitani-Scalzi-658766940887784\/","https:\/\/x.com\/ocdcuria","https:\/\/www.youtube.com\/channel\/UC2J5ZL0ycOY0qBSTCLX_NGQ\/videos","https:\/\/www.instagram.com\/ocdinform\/"]},{"@type":"Person","@id":"https:\/\/www.carmelitaniscalzi.com\/#\/schema\/person\/6d1c0d9bea7b6625c437246a5d6da409","name":"ocd web master","image":{"@type":"ImageObject","inLanguage":"de","@id":"https:\/\/www.carmelitaniscalzi.com\/#\/schema\/person\/image\/","url":"https:\/\/secure.gravatar.com\/avatar\/41fbc5f82bad909fbaf2984c43fa50d8519ac5853e25b454d022b6868f80d0e7?s=96&d=mm&r=g","contentUrl":"https:\/\/secure.gravatar.com\/avatar\/41fbc5f82bad909fbaf2984c43fa50d8519ac5853e25b454d022b6868f80d0e7?s=96&d=mm&r=g","caption":"ocd web master"},"url":"https:\/\/www.carmelitaniscalzi.com\/de\/author\/ocdwebmaster\/"}]}},"_links":{"self":[{"href":"https:\/\/www.carmelitaniscalzi.com\/de\/wp-json\/wp\/v2\/posts\/13956","targetHints":{"allow":["GET"]}}],"collection":[{"href":"https:\/\/www.carmelitaniscalzi.com\/de\/wp-json\/wp\/v2\/posts"}],"about":[{"href":"https:\/\/www.carmelitaniscalzi.com\/de\/wp-json\/wp\/v2\/types\/post"}],"author":[{"embeddable":true,"href":"https:\/\/www.carmelitaniscalzi.com\/de\/wp-json\/wp\/v2\/users\/7"}],"replies":[{"embeddable":true,"href":"https:\/\/www.carmelitaniscalzi.com\/de\/wp-json\/wp\/v2\/comments?post=13956"}],"version-history":[{"count":0,"href":"https:\/\/www.carmelitaniscalzi.com\/de\/wp-json\/wp\/v2\/posts\/13956\/revisions"}],"wp:featuredmedia":[{"embeddable":true,"href":"https:\/\/www.carmelitaniscalzi.com\/de\/wp-json\/wp\/v2\/media\/13948"}],"wp:attachment":[{"href":"https:\/\/www.carmelitaniscalzi.com\/de\/wp-json\/wp\/v2\/media?parent=13956"}],"wp:term":[{"taxonomy":"category","embeddable":true,"href":"https:\/\/www.carmelitaniscalzi.com\/de\/wp-json\/wp\/v2\/categories?post=13956"},{"taxonomy":"post_tag","embeddable":true,"href":"https:\/\/www.carmelitaniscalzi.com\/de\/wp-json\/wp\/v2\/tags?post=13956"}],"curies":[{"name":"wp","href":"https:\/\/api.w.org\/{rel}","templated":true}]}}