{"id":13907,"date":"2017-04-17T00:30:05","date_gmt":"2017-04-16T22:30:05","guid":{"rendered":"https:\/\/www.carmelitaniscalzi.com\/de\/?p=13907"},"modified":"2021-05-23T14:05:57","modified_gmt":"2021-05-23T12:05:57","slug":"provinzkapitel-des-ocds-kolumbien","status":"publish","type":"post","link":"https:\/\/www.carmelitaniscalzi.com\/de\/2017\/04\/17\/provinzkapitel-des-ocds-kolumbien\/","title":{"rendered":"Provinzkapitel des OCDS in Kolumbien"},"content":{"rendered":"<p>Vom 24. bis 26. M\u00e4rz fand im Exerzitienhaus \u201cFrancisco Palau\u201d der Missionskarmelitinnen in Medell\u00edn das 5. Provinzkapitel des OCDS in Kolumbien statt. Teilnehmer waren die Delegierten aus den sieben Gemeinden in Kolumbien (Medell\u00edn, Pereira, Villa de Leyva, Cali, Bogot\u00e1, Anz\u00e1 und Bucaramanga) soie die Patres Milton Moulthon und Arcesio Escobar.<\/p>\n<p>Hauptaufgabe war die Wahl des Provinzrastes f\u00fcr die n\u00e4chsten drei Jahre. Er besteht aus folgenden Mitgliedern:<\/p>\n<p>Vorsitzende: Lucy del Carmen Quexada;<\/p>\n<p>Ausbildungdsleiterin: Esther Leonor Galvis;<\/p>\n<p>Verantwortliche f\u00fcr das geistliche Leben: Josefina Espitia;<\/p>\n<p>Verantwortliche f\u00fcr das Apostolat: Gabriela Mar\u00edn;<\/p>\n<p>Verantwortliche f\u00fcr Maienverehrung: Francisco Neira;<\/p>\n<p>Assistentin der Kassenf\u00fchrerin: Rosario Serrano;<\/p>\n<p>Sekretariat: Caroline Gebehart.<\/p>\n<p><a href=\"https:\/\/www.carmelitaniscalzi.com\/wp-content\/uploads\/2017\/04\/04.png\"><img loading=\"lazy\" decoding=\"async\" class=\"alignnone size-medium wp-image-13900\" src=\"https:\/\/www.carmelitaniscalzi.com\/wp-content\/uploads\/2017\/04\/04-300x175.png\" alt=\"\" width=\"300\" height=\"175\" srcset=\"https:\/\/www.carmelitaniscalzi.com\/wp-content\/uploads\/2017\/04\/04-300x175.png 300w, https:\/\/www.carmelitaniscalzi.com\/wp-content\/uploads\/2017\/04\/04-95x55.png 95w, https:\/\/www.carmelitaniscalzi.com\/wp-content\/uploads\/2017\/04\/04.png 557w\" sizes=\"auto, (max-width: 300px) 100vw, 300px\" \/><\/a> <a href=\"https:\/\/www.carmelitaniscalzi.com\/wp-content\/uploads\/2017\/04\/03.png\"><img loading=\"lazy\" decoding=\"async\" class=\"alignnone size-medium wp-image-13899\" src=\"https:\/\/www.carmelitaniscalzi.com\/wp-content\/uploads\/2017\/04\/03-300x160.png\" alt=\"\" width=\"300\" height=\"160\" srcset=\"https:\/\/www.carmelitaniscalzi.com\/wp-content\/uploads\/2017\/04\/03-300x160.png 300w, https:\/\/www.carmelitaniscalzi.com\/wp-content\/uploads\/2017\/04\/03-103x55.png 103w, https:\/\/www.carmelitaniscalzi.com\/wp-content\/uploads\/2017\/04\/03-580x310.png 580w, https:\/\/www.carmelitaniscalzi.com\/wp-content\/uploads\/2017\/04\/03.png 587w\" sizes=\"auto, (max-width: 300px) 100vw, 300px\" \/><\/a> <a href=\"https:\/\/www.carmelitaniscalzi.com\/wp-content\/uploads\/2017\/04\/02.png\"><img loading=\"lazy\" decoding=\"async\" class=\"alignnone size-medium wp-image-13898\" src=\"https:\/\/www.carmelitaniscalzi.com\/wp-content\/uploads\/2017\/04\/02-300x164.png\" alt=\"\" width=\"300\" height=\"164\" srcset=\"https:\/\/www.carmelitaniscalzi.com\/wp-content\/uploads\/2017\/04\/02-300x164.png 300w, https:\/\/www.carmelitaniscalzi.com\/wp-content\/uploads\/2017\/04\/02-100x55.png 100w, https:\/\/www.carmelitaniscalzi.com\/wp-content\/uploads\/2017\/04\/02-580x318.png 580w, https:\/\/www.carmelitaniscalzi.com\/wp-content\/uploads\/2017\/04\/02.png 611w\" sizes=\"auto, (max-width: 300px) 100vw, 300px\" \/><\/a><\/p>\n","protected":false},"excerpt":{"rendered":"<p>Vom 24. bis 26. M\u00e4rz fand im Exerzitienhaus \u201cFrancisco Palau\u201d der Missionskarmelitinnen in Medell\u00edn das 5. Provinzkapitel des OCDS in Kolumbien statt. Teilnehmer waren die Delegierten aus den sieben Gemeinden in Kolumbien (Medell\u00edn, Pereira, Villa de Leyva, Cali, Bogot\u00e1, Anz\u00e1 und Bucaramanga) soie die Patres Milton Moulthon und Arcesio Escobar. Hauptaufgabe war die Wahl des [&hellip;]<\/p>\n","protected":false},"author":7,"featured_media":13897,"comment_status":"closed","ping_status":"closed","sticky":false,"template":"","format":"standard","meta":{"_acf_changed":false,"footnotes":""},"categories":[262,371],"tags":[],"class_list":["post-13907","post","type-post","status-publish","format-standard","has-post-thumbnail","hentry","category-nachrichten-ocds","category-nachrichten"],"acf":[],"yoast_head":"<!-- This site is optimized with the Yoast SEO plugin v26.3 - https:\/\/yoast.com\/wordpress\/plugins\/seo\/ -->\n<title>Provinzkapitel des OCDS in Kolumbien - UNBESCHUHTE KARMELITEN<\/title>\n<meta name=\"robots\" content=\"index, follow, max-snippet:-1, max-image-preview:large, max-video-preview:-1\" \/>\n<link rel=\"canonical\" href=\"https:\/\/www.carmelitaniscalzi.com\/de\/2017\/04\/17\/provinzkapitel-des-ocds-kolumbien\/\" \/>\n<meta property=\"og:locale\" content=\"de_DE\" \/>\n<meta property=\"og:type\" content=\"article\" \/>\n<meta property=\"og:title\" content=\"Provinzkapitel des OCDS in Kolumbien - UNBESCHUHTE KARMELITEN\" \/>\n<meta property=\"og:description\" content=\"Vom 24. bis 26. M\u00e4rz fand im Exerzitienhaus \u201cFrancisco Palau\u201d der Missionskarmelitinnen in Medell\u00edn das 5. Provinzkapitel des OCDS in Kolumbien statt. Teilnehmer waren die Delegierten aus den sieben Gemeinden in Kolumbien (Medell\u00edn, Pereira, Villa de Leyva, Cali, Bogot\u00e1, Anz\u00e1 und Bucaramanga) soie die Patres Milton Moulthon und Arcesio Escobar. Hauptaufgabe war die Wahl des [&hellip;]\" \/>\n<meta property=\"og:url\" content=\"https:\/\/www.carmelitaniscalzi.com\/de\/2017\/04\/17\/provinzkapitel-des-ocds-kolumbien\/\" \/>\n<meta property=\"og:site_name\" content=\"UNBESCHUHTE KARMELITEN\" \/>\n<meta property=\"article:publisher\" content=\"https:\/\/www.facebook.com\/Curia-Generalizia-Carmelitani-Scalzi-658766940887784\/\" \/>\n<meta property=\"article:published_time\" content=\"2017-04-16T22:30:05+00:00\" \/>\n<meta property=\"article:modified_time\" content=\"2021-05-23T12:05:57+00:00\" \/>\n<meta property=\"og:image\" content=\"https:\/\/www.carmelitaniscalzi.com\/wp-content\/uploads\/2017\/04\/01.png\" \/>\n\t<meta property=\"og:image:width\" content=\"574\" \/>\n\t<meta property=\"og:image:height\" content=\"354\" \/>\n\t<meta property=\"og:image:type\" content=\"image\/png\" \/>\n<meta name=\"author\" content=\"ocd web master\" \/>\n<meta name=\"twitter:card\" content=\"summary_large_image\" \/>\n<meta name=\"twitter:creator\" content=\"@ocdcuria\" \/>\n<meta name=\"twitter:site\" content=\"@ocdcuria\" \/>\n<meta name=\"twitter:label1\" content=\"Verfasst von\" \/>\n\t<meta name=\"twitter:data1\" content=\"ocd web master\" \/>\n\t<meta name=\"twitter:label2\" content=\"Gesch\u00e4tzte Lesezeit\" \/>\n\t<meta name=\"twitter:data2\" content=\"1\u00a0Minute\" \/>\n<script type=\"application\/ld+json\" class=\"yoast-schema-graph\">{\"@context\":\"https:\/\/schema.org\",\"@graph\":[{\"@type\":\"Article\",\"@id\":\"https:\/\/www.carmelitaniscalzi.com\/de\/2017\/04\/17\/provinzkapitel-des-ocds-kolumbien\/#article\",\"isPartOf\":{\"@id\":\"https:\/\/www.carmelitaniscalzi.com\/de\/2017\/04\/17\/provinzkapitel-des-ocds-kolumbien\/\"},\"author\":{\"name\":\"ocd web master\",\"@id\":\"https:\/\/www.carmelitaniscalzi.com\/#\/schema\/person\/6d1c0d9bea7b6625c437246a5d6da409\"},\"headline\":\"Provinzkapitel des OCDS in Kolumbien\",\"datePublished\":\"2017-04-16T22:30:05+00:00\",\"dateModified\":\"2021-05-23T12:05:57+00:00\",\"mainEntityOfPage\":{\"@id\":\"https:\/\/www.carmelitaniscalzi.com\/de\/2017\/04\/17\/provinzkapitel-des-ocds-kolumbien\/\"},\"wordCount\":113,\"publisher\":{\"@id\":\"https:\/\/www.carmelitaniscalzi.com\/#organization\"},\"image\":{\"@id\":\"https:\/\/www.carmelitaniscalzi.com\/de\/2017\/04\/17\/provinzkapitel-des-ocds-kolumbien\/#primaryimage\"},\"thumbnailUrl\":\"https:\/\/www.carmelitaniscalzi.com\/wp-content\/uploads\/2017\/04\/01.png\",\"articleSection\":[\"Nachrichten OCDS\",\"Nachrichten\"],\"inLanguage\":\"de\"},{\"@type\":\"WebPage\",\"@id\":\"https:\/\/www.carmelitaniscalzi.com\/de\/2017\/04\/17\/provinzkapitel-des-ocds-kolumbien\/\",\"url\":\"https:\/\/www.carmelitaniscalzi.com\/de\/2017\/04\/17\/provinzkapitel-des-ocds-kolumbien\/\",\"name\":\"Provinzkapitel des OCDS in Kolumbien - UNBESCHUHTE KARMELITEN\",\"isPartOf\":{\"@id\":\"https:\/\/www.carmelitaniscalzi.com\/#website\"},\"primaryImageOfPage\":{\"@id\":\"https:\/\/www.carmelitaniscalzi.com\/de\/2017\/04\/17\/provinzkapitel-des-ocds-kolumbien\/#primaryimage\"},\"image\":{\"@id\":\"https:\/\/www.carmelitaniscalzi.com\/de\/2017\/04\/17\/provinzkapitel-des-ocds-kolumbien\/#primaryimage\"},\"thumbnailUrl\":\"https:\/\/www.carmelitaniscalzi.com\/wp-content\/uploads\/2017\/04\/01.png\",\"datePublished\":\"2017-04-16T22:30:05+00:00\",\"dateModified\":\"2021-05-23T12:05:57+00:00\",\"breadcrumb\":{\"@id\":\"https:\/\/www.carmelitaniscalzi.com\/de\/2017\/04\/17\/provinzkapitel-des-ocds-kolumbien\/#breadcrumb\"},\"inLanguage\":\"de\",\"potentialAction\":[{\"@type\":\"ReadAction\",\"target\":[\"https:\/\/www.carmelitaniscalzi.com\/de\/2017\/04\/17\/provinzkapitel-des-ocds-kolumbien\/\"]}]},{\"@type\":\"ImageObject\",\"inLanguage\":\"de\",\"@id\":\"https:\/\/www.carmelitaniscalzi.com\/de\/2017\/04\/17\/provinzkapitel-des-ocds-kolumbien\/#primaryimage\",\"url\":\"https:\/\/www.carmelitaniscalzi.com\/wp-content\/uploads\/2017\/04\/01.png\",\"contentUrl\":\"https:\/\/www.carmelitaniscalzi.com\/wp-content\/uploads\/2017\/04\/01.png\",\"width\":574,\"height\":354},{\"@type\":\"BreadcrumbList\",\"@id\":\"https:\/\/www.carmelitaniscalzi.com\/de\/2017\/04\/17\/provinzkapitel-des-ocds-kolumbien\/#breadcrumb\",\"itemListElement\":[{\"@type\":\"ListItem\",\"position\":1,\"name\":\"Home\",\"item\":\"https:\/\/www.carmelitaniscalzi.com\/de\/\"},{\"@type\":\"ListItem\",\"position\":2,\"name\":\"Provinzkapitel des OCDS in Kolumbien\"}]},{\"@type\":\"WebSite\",\"@id\":\"https:\/\/www.carmelitaniscalzi.com\/#website\",\"url\":\"https:\/\/www.carmelitaniscalzi.com\/\",\"name\":\"CARMELITANI SCALZI - Curia Generale del Carmelo Teresiano\",\"description\":\"Generalkurie des Teresianischen Karmel\",\"publisher\":{\"@id\":\"https:\/\/www.carmelitaniscalzi.com\/#organization\"},\"alternateName\":\"CARMELITANI SCALZI\",\"potentialAction\":[{\"@type\":\"SearchAction\",\"target\":{\"@type\":\"EntryPoint\",\"urlTemplate\":\"https:\/\/www.carmelitaniscalzi.com\/?s={search_term_string}\"},\"query-input\":{\"@type\":\"PropertyValueSpecification\",\"valueRequired\":true,\"valueName\":\"search_term_string\"}}],\"inLanguage\":\"de\"},{\"@type\":\"Organization\",\"@id\":\"https:\/\/www.carmelitaniscalzi.com\/#organization\",\"name\":\"CARMELITANI SCALZI - Curia Generale del Carmelo Teresiano\",\"url\":\"https:\/\/www.carmelitaniscalzi.com\/\",\"logo\":{\"@type\":\"ImageObject\",\"inLanguage\":\"de\",\"@id\":\"https:\/\/www.carmelitaniscalzi.com\/#\/schema\/logo\/image\/\",\"url\":\"https:\/\/www.carmelitaniscalzi.com\/wp-content\/uploads\/2025\/11\/login-logo.png\",\"contentUrl\":\"https:\/\/www.carmelitaniscalzi.com\/wp-content\/uploads\/2025\/11\/login-logo.png\",\"width\":256,\"height\":256,\"caption\":\"CARMELITANI SCALZI - Curia Generale del Carmelo Teresiano\"},\"image\":{\"@id\":\"https:\/\/www.carmelitaniscalzi.com\/#\/schema\/logo\/image\/\"},\"sameAs\":[\"https:\/\/www.facebook.com\/Curia-Generalizia-Carmelitani-Scalzi-658766940887784\/\",\"https:\/\/x.com\/ocdcuria\",\"https:\/\/www.youtube.com\/channel\/UC2J5ZL0ycOY0qBSTCLX_NGQ\/videos\",\"https:\/\/www.instagram.com\/ocdinform\/\"]},{\"@type\":\"Person\",\"@id\":\"https:\/\/www.carmelitaniscalzi.com\/#\/schema\/person\/6d1c0d9bea7b6625c437246a5d6da409\",\"name\":\"ocd web master\",\"image\":{\"@type\":\"ImageObject\",\"inLanguage\":\"de\",\"@id\":\"https:\/\/www.carmelitaniscalzi.com\/#\/schema\/person\/image\/\",\"url\":\"https:\/\/secure.gravatar.com\/avatar\/41fbc5f82bad909fbaf2984c43fa50d8519ac5853e25b454d022b6868f80d0e7?s=96&d=mm&r=g\",\"contentUrl\":\"https:\/\/secure.gravatar.com\/avatar\/41fbc5f82bad909fbaf2984c43fa50d8519ac5853e25b454d022b6868f80d0e7?s=96&d=mm&r=g\",\"caption\":\"ocd web master\"},\"url\":\"https:\/\/www.carmelitaniscalzi.com\/de\/author\/ocdwebmaster\/\"}]}<\/script>\n<!-- \/ Yoast SEO plugin. -->","yoast_head_json":{"title":"Provinzkapitel des OCDS in Kolumbien - UNBESCHUHTE KARMELITEN","robots":{"index":"index","follow":"follow","max-snippet":"max-snippet:-1","max-image-preview":"max-image-preview:large","max-video-preview":"max-video-preview:-1"},"canonical":"https:\/\/www.carmelitaniscalzi.com\/de\/2017\/04\/17\/provinzkapitel-des-ocds-kolumbien\/","og_locale":"de_DE","og_type":"article","og_title":"Provinzkapitel des OCDS in Kolumbien - UNBESCHUHTE KARMELITEN","og_description":"Vom 24. bis 26. M\u00e4rz fand im Exerzitienhaus \u201cFrancisco Palau\u201d der Missionskarmelitinnen in Medell\u00edn das 5. Provinzkapitel des OCDS in Kolumbien statt. Teilnehmer waren die Delegierten aus den sieben Gemeinden in Kolumbien (Medell\u00edn, Pereira, Villa de Leyva, Cali, Bogot\u00e1, Anz\u00e1 und Bucaramanga) soie die Patres Milton Moulthon und Arcesio Escobar. Hauptaufgabe war die Wahl des [&hellip;]","og_url":"https:\/\/www.carmelitaniscalzi.com\/de\/2017\/04\/17\/provinzkapitel-des-ocds-kolumbien\/","og_site_name":"UNBESCHUHTE KARMELITEN","article_publisher":"https:\/\/www.facebook.com\/Curia-Generalizia-Carmelitani-Scalzi-658766940887784\/","article_published_time":"2017-04-16T22:30:05+00:00","article_modified_time":"2021-05-23T12:05:57+00:00","og_image":[{"width":574,"height":354,"url":"https:\/\/www.carmelitaniscalzi.com\/wp-content\/uploads\/2017\/04\/01.png","type":"image\/png"}],"author":"ocd web master","twitter_card":"summary_large_image","twitter_creator":"@ocdcuria","twitter_site":"@ocdcuria","twitter_misc":{"Verfasst von":"ocd web master","Gesch\u00e4tzte Lesezeit":"1\u00a0Minute"},"schema":{"@context":"https:\/\/schema.org","@graph":[{"@type":"Article","@id":"https:\/\/www.carmelitaniscalzi.com\/de\/2017\/04\/17\/provinzkapitel-des-ocds-kolumbien\/#article","isPartOf":{"@id":"https:\/\/www.carmelitaniscalzi.com\/de\/2017\/04\/17\/provinzkapitel-des-ocds-kolumbien\/"},"author":{"name":"ocd web master","@id":"https:\/\/www.carmelitaniscalzi.com\/#\/schema\/person\/6d1c0d9bea7b6625c437246a5d6da409"},"headline":"Provinzkapitel des OCDS in Kolumbien","datePublished":"2017-04-16T22:30:05+00:00","dateModified":"2021-05-23T12:05:57+00:00","mainEntityOfPage":{"@id":"https:\/\/www.carmelitaniscalzi.com\/de\/2017\/04\/17\/provinzkapitel-des-ocds-kolumbien\/"},"wordCount":113,"publisher":{"@id":"https:\/\/www.carmelitaniscalzi.com\/#organization"},"image":{"@id":"https:\/\/www.carmelitaniscalzi.com\/de\/2017\/04\/17\/provinzkapitel-des-ocds-kolumbien\/#primaryimage"},"thumbnailUrl":"https:\/\/www.carmelitaniscalzi.com\/wp-content\/uploads\/2017\/04\/01.png","articleSection":["Nachrichten OCDS","Nachrichten"],"inLanguage":"de"},{"@type":"WebPage","@id":"https:\/\/www.carmelitaniscalzi.com\/de\/2017\/04\/17\/provinzkapitel-des-ocds-kolumbien\/","url":"https:\/\/www.carmelitaniscalzi.com\/de\/2017\/04\/17\/provinzkapitel-des-ocds-kolumbien\/","name":"Provinzkapitel des OCDS in Kolumbien - UNBESCHUHTE KARMELITEN","isPartOf":{"@id":"https:\/\/www.carmelitaniscalzi.com\/#website"},"primaryImageOfPage":{"@id":"https:\/\/www.carmelitaniscalzi.com\/de\/2017\/04\/17\/provinzkapitel-des-ocds-kolumbien\/#primaryimage"},"image":{"@id":"https:\/\/www.carmelitaniscalzi.com\/de\/2017\/04\/17\/provinzkapitel-des-ocds-kolumbien\/#primaryimage"},"thumbnailUrl":"https:\/\/www.carmelitaniscalzi.com\/wp-content\/uploads\/2017\/04\/01.png","datePublished":"2017-04-16T22:30:05+00:00","dateModified":"2021-05-23T12:05:57+00:00","breadcrumb":{"@id":"https:\/\/www.carmelitaniscalzi.com\/de\/2017\/04\/17\/provinzkapitel-des-ocds-kolumbien\/#breadcrumb"},"inLanguage":"de","potentialAction":[{"@type":"ReadAction","target":["https:\/\/www.carmelitaniscalzi.com\/de\/2017\/04\/17\/provinzkapitel-des-ocds-kolumbien\/"]}]},{"@type":"ImageObject","inLanguage":"de","@id":"https:\/\/www.carmelitaniscalzi.com\/de\/2017\/04\/17\/provinzkapitel-des-ocds-kolumbien\/#primaryimage","url":"https:\/\/www.carmelitaniscalzi.com\/wp-content\/uploads\/2017\/04\/01.png","contentUrl":"https:\/\/www.carmelitaniscalzi.com\/wp-content\/uploads\/2017\/04\/01.png","width":574,"height":354},{"@type":"BreadcrumbList","@id":"https:\/\/www.carmelitaniscalzi.com\/de\/2017\/04\/17\/provinzkapitel-des-ocds-kolumbien\/#breadcrumb","itemListElement":[{"@type":"ListItem","position":1,"name":"Home","item":"https:\/\/www.carmelitaniscalzi.com\/de\/"},{"@type":"ListItem","position":2,"name":"Provinzkapitel des OCDS in Kolumbien"}]},{"@type":"WebSite","@id":"https:\/\/www.carmelitaniscalzi.com\/#website","url":"https:\/\/www.carmelitaniscalzi.com\/","name":"CARMELITANI SCALZI - Curia Generale del Carmelo Teresiano","description":"Generalkurie des Teresianischen Karmel","publisher":{"@id":"https:\/\/www.carmelitaniscalzi.com\/#organization"},"alternateName":"CARMELITANI SCALZI","potentialAction":[{"@type":"SearchAction","target":{"@type":"EntryPoint","urlTemplate":"https:\/\/www.carmelitaniscalzi.com\/?s={search_term_string}"},"query-input":{"@type":"PropertyValueSpecification","valueRequired":true,"valueName":"search_term_string"}}],"inLanguage":"de"},{"@type":"Organization","@id":"https:\/\/www.carmelitaniscalzi.com\/#organization","name":"CARMELITANI SCALZI - Curia Generale del Carmelo Teresiano","url":"https:\/\/www.carmelitaniscalzi.com\/","logo":{"@type":"ImageObject","inLanguage":"de","@id":"https:\/\/www.carmelitaniscalzi.com\/#\/schema\/logo\/image\/","url":"https:\/\/www.carmelitaniscalzi.com\/wp-content\/uploads\/2025\/11\/login-logo.png","contentUrl":"https:\/\/www.carmelitaniscalzi.com\/wp-content\/uploads\/2025\/11\/login-logo.png","width":256,"height":256,"caption":"CARMELITANI SCALZI - Curia Generale del Carmelo Teresiano"},"image":{"@id":"https:\/\/www.carmelitaniscalzi.com\/#\/schema\/logo\/image\/"},"sameAs":["https:\/\/www.facebook.com\/Curia-Generalizia-Carmelitani-Scalzi-658766940887784\/","https:\/\/x.com\/ocdcuria","https:\/\/www.youtube.com\/channel\/UC2J5ZL0ycOY0qBSTCLX_NGQ\/videos","https:\/\/www.instagram.com\/ocdinform\/"]},{"@type":"Person","@id":"https:\/\/www.carmelitaniscalzi.com\/#\/schema\/person\/6d1c0d9bea7b6625c437246a5d6da409","name":"ocd web master","image":{"@type":"ImageObject","inLanguage":"de","@id":"https:\/\/www.carmelitaniscalzi.com\/#\/schema\/person\/image\/","url":"https:\/\/secure.gravatar.com\/avatar\/41fbc5f82bad909fbaf2984c43fa50d8519ac5853e25b454d022b6868f80d0e7?s=96&d=mm&r=g","contentUrl":"https:\/\/secure.gravatar.com\/avatar\/41fbc5f82bad909fbaf2984c43fa50d8519ac5853e25b454d022b6868f80d0e7?s=96&d=mm&r=g","caption":"ocd web master"},"url":"https:\/\/www.carmelitaniscalzi.com\/de\/author\/ocdwebmaster\/"}]}},"_links":{"self":[{"href":"https:\/\/www.carmelitaniscalzi.com\/de\/wp-json\/wp\/v2\/posts\/13907","targetHints":{"allow":["GET"]}}],"collection":[{"href":"https:\/\/www.carmelitaniscalzi.com\/de\/wp-json\/wp\/v2\/posts"}],"about":[{"href":"https:\/\/www.carmelitaniscalzi.com\/de\/wp-json\/wp\/v2\/types\/post"}],"author":[{"embeddable":true,"href":"https:\/\/www.carmelitaniscalzi.com\/de\/wp-json\/wp\/v2\/users\/7"}],"replies":[{"embeddable":true,"href":"https:\/\/www.carmelitaniscalzi.com\/de\/wp-json\/wp\/v2\/comments?post=13907"}],"version-history":[{"count":0,"href":"https:\/\/www.carmelitaniscalzi.com\/de\/wp-json\/wp\/v2\/posts\/13907\/revisions"}],"wp:featuredmedia":[{"embeddable":true,"href":"https:\/\/www.carmelitaniscalzi.com\/de\/wp-json\/wp\/v2\/media\/13897"}],"wp:attachment":[{"href":"https:\/\/www.carmelitaniscalzi.com\/de\/wp-json\/wp\/v2\/media?parent=13907"}],"wp:term":[{"taxonomy":"category","embeddable":true,"href":"https:\/\/www.carmelitaniscalzi.com\/de\/wp-json\/wp\/v2\/categories?post=13907"},{"taxonomy":"post_tag","embeddable":true,"href":"https:\/\/www.carmelitaniscalzi.com\/de\/wp-json\/wp\/v2\/tags?post=13907"}],"curies":[{"name":"wp","href":"https:\/\/api.w.org\/{rel}","templated":true}]}}