{"id":13595,"date":"2017-03-21T14:37:12","date_gmt":"2017-03-21T13:37:12","guid":{"rendered":"https:\/\/www.carmelitaniscalzi.com\/de\/?p=13595"},"modified":"2017-03-21T14:37:12","modified_gmt":"2017-03-21T13:37:12","slug":"die-karmelitinnen-von-tanger-marokko","status":"publish","type":"post","link":"https:\/\/www.carmelitaniscalzi.com\/de\/2017\/03\/21\/die-karmelitinnen-von-tanger-marokko\/","title":{"rendered":"Die Karmelitinnen von Tanger (Marokko)"},"content":{"rendered":"<p>Mit Gottes Hilfe ist der Teresiansiche Karmel in Marokko in Form des Karmelitinnenkloster in Tanger weiterhin sichtbar.<\/p>\n<p>Im Jahr 2016 fanden im Zusammenhang mit dem Jubil\u00e4umsjahr der Barmherzigkeit verschiedene, von der Erzdi\u00f6zese gef\u00f6rderte Aktivit\u00e4ten statt, denn der Karmel ist f\u00fcr alle Christen, die nach Tanger kommen, zu einem Bezugspunkt geworden.<\/p>\n<p>Verschiedene Mitbr\u00fcder, allen voran P. Miguel M\u00e1rquez, der Provinzial der Iberischen Provinz, zu dem der Karmel geh\u00f6rt, haben die Schwestern begleitet und ihnen Kurse und Exerzitien gehalten; sie nahmen auch an verschiedenen Angeboten und Versammlungen der F\u00f6deration teil. Au\u00dfer ihrer Verbindung zur F\u00f6deration Andalusien, zu der der Karmel geh\u00f6rt, pflegen die Schwestern einen engen Kontakt zu den Karmelitinnen im Hl. Land, und als die Karmelitinnen auf Einladung des Papstes nach Rom kamen, haben die Pr\u00e4sidentin der Assoziation vom Heiligen Land und die Priorin des Karmels von Haifa einen Abstecher nach Tanger gemacht.<\/p>\n<p>Unsere Schwestern bem\u00fchen sich, die Sprachen, die in Tanger gesprochen werden, zu lernen\u00b4, da das Spanische unter der Bev\u00f6lkerung immer weniger gesprochen wird; so erhalten sie Sprachunterricht in Franz\u00f6sisch und Arabisch. Seit 10 Jahren gibt es eine Schwester aus Polen dort, dieses Jahr kam eine Schwester aus Brasilien dazu, sodass unser Orden dank dieser Schwestern dort verst\u00e4rkt worden ist.<\/p>\n<p>Lassen wir zum Schluss unsere Schwestern aus Tanger zu Wort kommen: \u201eWir danken Gott f\u00fcr alles, was wir von unseren Wohlt\u00e4tern erhalten haben, dank derer wir an unserem Haus dringende Sanierungsarbeiten haben ausf\u00fchren k\u00f6nnen. Mit ihrer Hilfe haben wir auch im Kloster eine kleine Kapelle einrichten k\u00f6nnen, die am 22. Dezember von unserem Erzbischof benediziert worden ist; sie hat den sch\u00f6nen Namen <em>Begegnungszelt<\/em>. Der Glaube, dass ein Wesen, das den Namen Liebe hat, jeden Augenblick des Tages und der Nacht in uns wohnt, und uns bittet, in seiner Gesellschaft zu leben, das hat, ich bekenne es euch, aus meinem Leben einen vorweggenommen Himmel gemacht\u201c (Elisabeth von der Dreifaltigkeit).<\/p>\n<p>M\u00f6ge uns diese <em>immerw\u00e4hrende Begegnung<\/em> mit Jesus, der in uns lebt, helfen, immer ein Ort f\u00fcr Gemeinschaft und Begegnung zu sein.\u201c<\/p>\n<p><a href=\"https:\/\/www.carmelitaniscalzi.com\/wp-content\/uploads\/2017\/03\/Tangeri-3.png\"><img loading=\"lazy\" decoding=\"async\" class=\"alignnone size-medium wp-image-13589\" src=\"https:\/\/www.carmelitaniscalzi.com\/wp-content\/uploads\/2017\/03\/Tangeri-3-251x300.png\" alt=\"\" width=\"251\" height=\"300\" srcset=\"https:\/\/www.carmelitaniscalzi.com\/wp-content\/uploads\/2017\/03\/Tangeri-3-251x300.png 251w, https:\/\/www.carmelitaniscalzi.com\/wp-content\/uploads\/2017\/03\/Tangeri-3-46x55.png 46w, https:\/\/www.carmelitaniscalzi.com\/wp-content\/uploads\/2017\/03\/Tangeri-3.png 271w\" sizes=\"auto, (max-width: 251px) 100vw, 251px\" \/><\/a> <a href=\"https:\/\/www.carmelitaniscalzi.com\/wp-content\/uploads\/2017\/03\/Tangeri-2.png\"><img loading=\"lazy\" decoding=\"async\" class=\"alignnone size-full wp-image-13588\" src=\"https:\/\/www.carmelitaniscalzi.com\/wp-content\/uploads\/2017\/03\/Tangeri-2.png\" alt=\"\" width=\"280\" height=\"211\" srcset=\"https:\/\/www.carmelitaniscalzi.com\/wp-content\/uploads\/2017\/03\/Tangeri-2.png 280w, https:\/\/www.carmelitaniscalzi.com\/wp-content\/uploads\/2017\/03\/Tangeri-2-73x55.png 73w\" sizes=\"auto, (max-width: 280px) 100vw, 280px\" \/><\/a><\/p>\n","protected":false},"excerpt":{"rendered":"<p>Mit Gottes Hilfe ist der Teresiansiche Karmel in Marokko in Form des Karmelitinnenkloster in Tanger weiterhin sichtbar. Im Jahr 2016 fanden im Zusammenhang mit dem Jubil\u00e4umsjahr der Barmherzigkeit verschiedene, von der Erzdi\u00f6zese gef\u00f6rderte Aktivit\u00e4ten statt, denn der Karmel ist f\u00fcr alle Christen, die nach Tanger kommen, zu einem Bezugspunkt geworden. Verschiedene Mitbr\u00fcder, allen voran P. [&hellip;]<\/p>\n","protected":false},"author":7,"featured_media":13587,"comment_status":"closed","ping_status":"closed","sticky":false,"template":"","format":"standard","meta":{"_acf_changed":false,"footnotes":""},"categories":[214,371],"tags":[],"class_list":["post-13595","post","type-post","status-publish","format-standard","has-post-thumbnail","hentry","category-nachrichten-ueber-schwestern","category-nachrichten"],"acf":[],"yoast_head":"<!-- This site is optimized with the Yoast SEO plugin v26.3 - https:\/\/yoast.com\/wordpress\/plugins\/seo\/ -->\n<title>Die Karmelitinnen von Tanger (Marokko) - UNBESCHUHTE KARMELITEN<\/title>\n<meta name=\"robots\" content=\"index, follow, max-snippet:-1, max-image-preview:large, max-video-preview:-1\" \/>\n<link rel=\"canonical\" href=\"https:\/\/www.carmelitaniscalzi.com\/de\/2017\/03\/21\/die-karmelitinnen-von-tanger-marokko\/\" \/>\n<meta property=\"og:locale\" content=\"de_DE\" \/>\n<meta property=\"og:type\" content=\"article\" \/>\n<meta property=\"og:title\" content=\"Die Karmelitinnen von Tanger (Marokko) - UNBESCHUHTE KARMELITEN\" \/>\n<meta property=\"og:description\" content=\"Mit Gottes Hilfe ist der Teresiansiche Karmel in Marokko in Form des Karmelitinnenkloster in Tanger weiterhin sichtbar. Im Jahr 2016 fanden im Zusammenhang mit dem Jubil\u00e4umsjahr der Barmherzigkeit verschiedene, von der Erzdi\u00f6zese gef\u00f6rderte Aktivit\u00e4ten statt, denn der Karmel ist f\u00fcr alle Christen, die nach Tanger kommen, zu einem Bezugspunkt geworden. Verschiedene Mitbr\u00fcder, allen voran P. [&hellip;]\" \/>\n<meta property=\"og:url\" content=\"https:\/\/www.carmelitaniscalzi.com\/de\/2017\/03\/21\/die-karmelitinnen-von-tanger-marokko\/\" \/>\n<meta property=\"og:site_name\" content=\"UNBESCHUHTE KARMELITEN\" \/>\n<meta property=\"article:publisher\" content=\"https:\/\/www.facebook.com\/Curia-Generalizia-Carmelitani-Scalzi-658766940887784\/\" \/>\n<meta property=\"article:published_time\" content=\"2017-03-21T13:37:12+00:00\" \/>\n<meta property=\"og:image\" content=\"https:\/\/www.carmelitaniscalzi.com\/wp-content\/uploads\/2017\/03\/Tangeri-1.png\" \/>\n\t<meta property=\"og:image:width\" content=\"330\" \/>\n\t<meta property=\"og:image:height\" content=\"265\" \/>\n\t<meta property=\"og:image:type\" content=\"image\/png\" \/>\n<meta name=\"author\" content=\"ocd web master\" \/>\n<meta name=\"twitter:card\" content=\"summary_large_image\" \/>\n<meta name=\"twitter:creator\" content=\"@ocdcuria\" \/>\n<meta name=\"twitter:site\" content=\"@ocdcuria\" \/>\n<meta name=\"twitter:label1\" content=\"Verfasst von\" \/>\n\t<meta name=\"twitter:data1\" content=\"ocd web master\" \/>\n\t<meta name=\"twitter:label2\" content=\"Gesch\u00e4tzte Lesezeit\" \/>\n\t<meta name=\"twitter:data2\" content=\"2\u00a0Minuten\" \/>\n<script type=\"application\/ld+json\" class=\"yoast-schema-graph\">{\"@context\":\"https:\/\/schema.org\",\"@graph\":[{\"@type\":\"Article\",\"@id\":\"https:\/\/www.carmelitaniscalzi.com\/de\/2017\/03\/21\/die-karmelitinnen-von-tanger-marokko\/#article\",\"isPartOf\":{\"@id\":\"https:\/\/www.carmelitaniscalzi.com\/de\/2017\/03\/21\/die-karmelitinnen-von-tanger-marokko\/\"},\"author\":{\"name\":\"ocd web master\",\"@id\":\"https:\/\/www.carmelitaniscalzi.com\/#\/schema\/person\/6d1c0d9bea7b6625c437246a5d6da409\"},\"headline\":\"Die Karmelitinnen von Tanger (Marokko)\",\"datePublished\":\"2017-03-21T13:37:12+00:00\",\"mainEntityOfPage\":{\"@id\":\"https:\/\/www.carmelitaniscalzi.com\/de\/2017\/03\/21\/die-karmelitinnen-von-tanger-marokko\/\"},\"wordCount\":358,\"publisher\":{\"@id\":\"https:\/\/www.carmelitaniscalzi.com\/#organization\"},\"image\":{\"@id\":\"https:\/\/www.carmelitaniscalzi.com\/de\/2017\/03\/21\/die-karmelitinnen-von-tanger-marokko\/#primaryimage\"},\"thumbnailUrl\":\"https:\/\/www.carmelitaniscalzi.com\/wp-content\/uploads\/2017\/03\/Tangeri-1.png\",\"articleSection\":[\"Nachrichten \u00fcber Schwestern\",\"Nachrichten\"],\"inLanguage\":\"de\"},{\"@type\":\"WebPage\",\"@id\":\"https:\/\/www.carmelitaniscalzi.com\/de\/2017\/03\/21\/die-karmelitinnen-von-tanger-marokko\/\",\"url\":\"https:\/\/www.carmelitaniscalzi.com\/de\/2017\/03\/21\/die-karmelitinnen-von-tanger-marokko\/\",\"name\":\"Die Karmelitinnen von Tanger (Marokko) - UNBESCHUHTE KARMELITEN\",\"isPartOf\":{\"@id\":\"https:\/\/www.carmelitaniscalzi.com\/#website\"},\"primaryImageOfPage\":{\"@id\":\"https:\/\/www.carmelitaniscalzi.com\/de\/2017\/03\/21\/die-karmelitinnen-von-tanger-marokko\/#primaryimage\"},\"image\":{\"@id\":\"https:\/\/www.carmelitaniscalzi.com\/de\/2017\/03\/21\/die-karmelitinnen-von-tanger-marokko\/#primaryimage\"},\"thumbnailUrl\":\"https:\/\/www.carmelitaniscalzi.com\/wp-content\/uploads\/2017\/03\/Tangeri-1.png\",\"datePublished\":\"2017-03-21T13:37:12+00:00\",\"breadcrumb\":{\"@id\":\"https:\/\/www.carmelitaniscalzi.com\/de\/2017\/03\/21\/die-karmelitinnen-von-tanger-marokko\/#breadcrumb\"},\"inLanguage\":\"de\",\"potentialAction\":[{\"@type\":\"ReadAction\",\"target\":[\"https:\/\/www.carmelitaniscalzi.com\/de\/2017\/03\/21\/die-karmelitinnen-von-tanger-marokko\/\"]}]},{\"@type\":\"ImageObject\",\"inLanguage\":\"de\",\"@id\":\"https:\/\/www.carmelitaniscalzi.com\/de\/2017\/03\/21\/die-karmelitinnen-von-tanger-marokko\/#primaryimage\",\"url\":\"https:\/\/www.carmelitaniscalzi.com\/wp-content\/uploads\/2017\/03\/Tangeri-1.png\",\"contentUrl\":\"https:\/\/www.carmelitaniscalzi.com\/wp-content\/uploads\/2017\/03\/Tangeri-1.png\",\"width\":330,\"height\":265},{\"@type\":\"BreadcrumbList\",\"@id\":\"https:\/\/www.carmelitaniscalzi.com\/de\/2017\/03\/21\/die-karmelitinnen-von-tanger-marokko\/#breadcrumb\",\"itemListElement\":[{\"@type\":\"ListItem\",\"position\":1,\"name\":\"Home\",\"item\":\"https:\/\/www.carmelitaniscalzi.com\/de\/\"},{\"@type\":\"ListItem\",\"position\":2,\"name\":\"Die Karmelitinnen von Tanger (Marokko)\"}]},{\"@type\":\"WebSite\",\"@id\":\"https:\/\/www.carmelitaniscalzi.com\/#website\",\"url\":\"https:\/\/www.carmelitaniscalzi.com\/\",\"name\":\"CARMELITANI SCALZI - Curia Generale del Carmelo Teresiano\",\"description\":\"Generalkurie des Teresianischen Karmel\",\"publisher\":{\"@id\":\"https:\/\/www.carmelitaniscalzi.com\/#organization\"},\"alternateName\":\"CARMELITANI SCALZI\",\"potentialAction\":[{\"@type\":\"SearchAction\",\"target\":{\"@type\":\"EntryPoint\",\"urlTemplate\":\"https:\/\/www.carmelitaniscalzi.com\/?s={search_term_string}\"},\"query-input\":{\"@type\":\"PropertyValueSpecification\",\"valueRequired\":true,\"valueName\":\"search_term_string\"}}],\"inLanguage\":\"de\"},{\"@type\":\"Organization\",\"@id\":\"https:\/\/www.carmelitaniscalzi.com\/#organization\",\"name\":\"CARMELITANI SCALZI - Curia Generale del Carmelo Teresiano\",\"url\":\"https:\/\/www.carmelitaniscalzi.com\/\",\"logo\":{\"@type\":\"ImageObject\",\"inLanguage\":\"de\",\"@id\":\"https:\/\/www.carmelitaniscalzi.com\/#\/schema\/logo\/image\/\",\"url\":\"https:\/\/www.carmelitaniscalzi.com\/wp-content\/uploads\/2025\/11\/login-logo.png\",\"contentUrl\":\"https:\/\/www.carmelitaniscalzi.com\/wp-content\/uploads\/2025\/11\/login-logo.png\",\"width\":256,\"height\":256,\"caption\":\"CARMELITANI SCALZI - Curia Generale del Carmelo Teresiano\"},\"image\":{\"@id\":\"https:\/\/www.carmelitaniscalzi.com\/#\/schema\/logo\/image\/\"},\"sameAs\":[\"https:\/\/www.facebook.com\/Curia-Generalizia-Carmelitani-Scalzi-658766940887784\/\",\"https:\/\/x.com\/ocdcuria\",\"https:\/\/www.youtube.com\/channel\/UC2J5ZL0ycOY0qBSTCLX_NGQ\/videos\",\"https:\/\/www.instagram.com\/ocdinform\/\"]},{\"@type\":\"Person\",\"@id\":\"https:\/\/www.carmelitaniscalzi.com\/#\/schema\/person\/6d1c0d9bea7b6625c437246a5d6da409\",\"name\":\"ocd web master\",\"image\":{\"@type\":\"ImageObject\",\"inLanguage\":\"de\",\"@id\":\"https:\/\/www.carmelitaniscalzi.com\/#\/schema\/person\/image\/\",\"url\":\"https:\/\/secure.gravatar.com\/avatar\/41fbc5f82bad909fbaf2984c43fa50d8519ac5853e25b454d022b6868f80d0e7?s=96&d=mm&r=g\",\"contentUrl\":\"https:\/\/secure.gravatar.com\/avatar\/41fbc5f82bad909fbaf2984c43fa50d8519ac5853e25b454d022b6868f80d0e7?s=96&d=mm&r=g\",\"caption\":\"ocd web master\"},\"url\":\"https:\/\/www.carmelitaniscalzi.com\/de\/author\/ocdwebmaster\/\"}]}<\/script>\n<!-- \/ Yoast SEO plugin. -->","yoast_head_json":{"title":"Die Karmelitinnen von Tanger (Marokko) - UNBESCHUHTE KARMELITEN","robots":{"index":"index","follow":"follow","max-snippet":"max-snippet:-1","max-image-preview":"max-image-preview:large","max-video-preview":"max-video-preview:-1"},"canonical":"https:\/\/www.carmelitaniscalzi.com\/de\/2017\/03\/21\/die-karmelitinnen-von-tanger-marokko\/","og_locale":"de_DE","og_type":"article","og_title":"Die Karmelitinnen von Tanger (Marokko) - UNBESCHUHTE KARMELITEN","og_description":"Mit Gottes Hilfe ist der Teresiansiche Karmel in Marokko in Form des Karmelitinnenkloster in Tanger weiterhin sichtbar. Im Jahr 2016 fanden im Zusammenhang mit dem Jubil\u00e4umsjahr der Barmherzigkeit verschiedene, von der Erzdi\u00f6zese gef\u00f6rderte Aktivit\u00e4ten statt, denn der Karmel ist f\u00fcr alle Christen, die nach Tanger kommen, zu einem Bezugspunkt geworden. Verschiedene Mitbr\u00fcder, allen voran P. [&hellip;]","og_url":"https:\/\/www.carmelitaniscalzi.com\/de\/2017\/03\/21\/die-karmelitinnen-von-tanger-marokko\/","og_site_name":"UNBESCHUHTE KARMELITEN","article_publisher":"https:\/\/www.facebook.com\/Curia-Generalizia-Carmelitani-Scalzi-658766940887784\/","article_published_time":"2017-03-21T13:37:12+00:00","og_image":[{"width":330,"height":265,"url":"https:\/\/www.carmelitaniscalzi.com\/wp-content\/uploads\/2017\/03\/Tangeri-1.png","type":"image\/png"}],"author":"ocd web master","twitter_card":"summary_large_image","twitter_creator":"@ocdcuria","twitter_site":"@ocdcuria","twitter_misc":{"Verfasst von":"ocd web master","Gesch\u00e4tzte Lesezeit":"2\u00a0Minuten"},"schema":{"@context":"https:\/\/schema.org","@graph":[{"@type":"Article","@id":"https:\/\/www.carmelitaniscalzi.com\/de\/2017\/03\/21\/die-karmelitinnen-von-tanger-marokko\/#article","isPartOf":{"@id":"https:\/\/www.carmelitaniscalzi.com\/de\/2017\/03\/21\/die-karmelitinnen-von-tanger-marokko\/"},"author":{"name":"ocd web master","@id":"https:\/\/www.carmelitaniscalzi.com\/#\/schema\/person\/6d1c0d9bea7b6625c437246a5d6da409"},"headline":"Die Karmelitinnen von Tanger (Marokko)","datePublished":"2017-03-21T13:37:12+00:00","mainEntityOfPage":{"@id":"https:\/\/www.carmelitaniscalzi.com\/de\/2017\/03\/21\/die-karmelitinnen-von-tanger-marokko\/"},"wordCount":358,"publisher":{"@id":"https:\/\/www.carmelitaniscalzi.com\/#organization"},"image":{"@id":"https:\/\/www.carmelitaniscalzi.com\/de\/2017\/03\/21\/die-karmelitinnen-von-tanger-marokko\/#primaryimage"},"thumbnailUrl":"https:\/\/www.carmelitaniscalzi.com\/wp-content\/uploads\/2017\/03\/Tangeri-1.png","articleSection":["Nachrichten \u00fcber Schwestern","Nachrichten"],"inLanguage":"de"},{"@type":"WebPage","@id":"https:\/\/www.carmelitaniscalzi.com\/de\/2017\/03\/21\/die-karmelitinnen-von-tanger-marokko\/","url":"https:\/\/www.carmelitaniscalzi.com\/de\/2017\/03\/21\/die-karmelitinnen-von-tanger-marokko\/","name":"Die Karmelitinnen von Tanger (Marokko) - UNBESCHUHTE KARMELITEN","isPartOf":{"@id":"https:\/\/www.carmelitaniscalzi.com\/#website"},"primaryImageOfPage":{"@id":"https:\/\/www.carmelitaniscalzi.com\/de\/2017\/03\/21\/die-karmelitinnen-von-tanger-marokko\/#primaryimage"},"image":{"@id":"https:\/\/www.carmelitaniscalzi.com\/de\/2017\/03\/21\/die-karmelitinnen-von-tanger-marokko\/#primaryimage"},"thumbnailUrl":"https:\/\/www.carmelitaniscalzi.com\/wp-content\/uploads\/2017\/03\/Tangeri-1.png","datePublished":"2017-03-21T13:37:12+00:00","breadcrumb":{"@id":"https:\/\/www.carmelitaniscalzi.com\/de\/2017\/03\/21\/die-karmelitinnen-von-tanger-marokko\/#breadcrumb"},"inLanguage":"de","potentialAction":[{"@type":"ReadAction","target":["https:\/\/www.carmelitaniscalzi.com\/de\/2017\/03\/21\/die-karmelitinnen-von-tanger-marokko\/"]}]},{"@type":"ImageObject","inLanguage":"de","@id":"https:\/\/www.carmelitaniscalzi.com\/de\/2017\/03\/21\/die-karmelitinnen-von-tanger-marokko\/#primaryimage","url":"https:\/\/www.carmelitaniscalzi.com\/wp-content\/uploads\/2017\/03\/Tangeri-1.png","contentUrl":"https:\/\/www.carmelitaniscalzi.com\/wp-content\/uploads\/2017\/03\/Tangeri-1.png","width":330,"height":265},{"@type":"BreadcrumbList","@id":"https:\/\/www.carmelitaniscalzi.com\/de\/2017\/03\/21\/die-karmelitinnen-von-tanger-marokko\/#breadcrumb","itemListElement":[{"@type":"ListItem","position":1,"name":"Home","item":"https:\/\/www.carmelitaniscalzi.com\/de\/"},{"@type":"ListItem","position":2,"name":"Die Karmelitinnen von Tanger (Marokko)"}]},{"@type":"WebSite","@id":"https:\/\/www.carmelitaniscalzi.com\/#website","url":"https:\/\/www.carmelitaniscalzi.com\/","name":"CARMELITANI SCALZI - Curia Generale del Carmelo Teresiano","description":"Generalkurie des Teresianischen Karmel","publisher":{"@id":"https:\/\/www.carmelitaniscalzi.com\/#organization"},"alternateName":"CARMELITANI SCALZI","potentialAction":[{"@type":"SearchAction","target":{"@type":"EntryPoint","urlTemplate":"https:\/\/www.carmelitaniscalzi.com\/?s={search_term_string}"},"query-input":{"@type":"PropertyValueSpecification","valueRequired":true,"valueName":"search_term_string"}}],"inLanguage":"de"},{"@type":"Organization","@id":"https:\/\/www.carmelitaniscalzi.com\/#organization","name":"CARMELITANI SCALZI - Curia Generale del Carmelo Teresiano","url":"https:\/\/www.carmelitaniscalzi.com\/","logo":{"@type":"ImageObject","inLanguage":"de","@id":"https:\/\/www.carmelitaniscalzi.com\/#\/schema\/logo\/image\/","url":"https:\/\/www.carmelitaniscalzi.com\/wp-content\/uploads\/2025\/11\/login-logo.png","contentUrl":"https:\/\/www.carmelitaniscalzi.com\/wp-content\/uploads\/2025\/11\/login-logo.png","width":256,"height":256,"caption":"CARMELITANI SCALZI - Curia Generale del Carmelo Teresiano"},"image":{"@id":"https:\/\/www.carmelitaniscalzi.com\/#\/schema\/logo\/image\/"},"sameAs":["https:\/\/www.facebook.com\/Curia-Generalizia-Carmelitani-Scalzi-658766940887784\/","https:\/\/x.com\/ocdcuria","https:\/\/www.youtube.com\/channel\/UC2J5ZL0ycOY0qBSTCLX_NGQ\/videos","https:\/\/www.instagram.com\/ocdinform\/"]},{"@type":"Person","@id":"https:\/\/www.carmelitaniscalzi.com\/#\/schema\/person\/6d1c0d9bea7b6625c437246a5d6da409","name":"ocd web master","image":{"@type":"ImageObject","inLanguage":"de","@id":"https:\/\/www.carmelitaniscalzi.com\/#\/schema\/person\/image\/","url":"https:\/\/secure.gravatar.com\/avatar\/41fbc5f82bad909fbaf2984c43fa50d8519ac5853e25b454d022b6868f80d0e7?s=96&d=mm&r=g","contentUrl":"https:\/\/secure.gravatar.com\/avatar\/41fbc5f82bad909fbaf2984c43fa50d8519ac5853e25b454d022b6868f80d0e7?s=96&d=mm&r=g","caption":"ocd web master"},"url":"https:\/\/www.carmelitaniscalzi.com\/de\/author\/ocdwebmaster\/"}]}},"_links":{"self":[{"href":"https:\/\/www.carmelitaniscalzi.com\/de\/wp-json\/wp\/v2\/posts\/13595","targetHints":{"allow":["GET"]}}],"collection":[{"href":"https:\/\/www.carmelitaniscalzi.com\/de\/wp-json\/wp\/v2\/posts"}],"about":[{"href":"https:\/\/www.carmelitaniscalzi.com\/de\/wp-json\/wp\/v2\/types\/post"}],"author":[{"embeddable":true,"href":"https:\/\/www.carmelitaniscalzi.com\/de\/wp-json\/wp\/v2\/users\/7"}],"replies":[{"embeddable":true,"href":"https:\/\/www.carmelitaniscalzi.com\/de\/wp-json\/wp\/v2\/comments?post=13595"}],"version-history":[{"count":0,"href":"https:\/\/www.carmelitaniscalzi.com\/de\/wp-json\/wp\/v2\/posts\/13595\/revisions"}],"wp:featuredmedia":[{"embeddable":true,"href":"https:\/\/www.carmelitaniscalzi.com\/de\/wp-json\/wp\/v2\/media\/13587"}],"wp:attachment":[{"href":"https:\/\/www.carmelitaniscalzi.com\/de\/wp-json\/wp\/v2\/media?parent=13595"}],"wp:term":[{"taxonomy":"category","embeddable":true,"href":"https:\/\/www.carmelitaniscalzi.com\/de\/wp-json\/wp\/v2\/categories?post=13595"},{"taxonomy":"post_tag","embeddable":true,"href":"https:\/\/www.carmelitaniscalzi.com\/de\/wp-json\/wp\/v2\/tags?post=13595"}],"curies":[{"name":"wp","href":"https:\/\/api.w.org\/{rel}","templated":true}]}}