{"id":13299,"date":"2017-02-14T09:21:03","date_gmt":"2017-02-14T08:21:03","guid":{"rendered":"https:\/\/www.carmelitaniscalzi.com\/de\/?p=13299"},"modified":"2021-05-23T14:05:57","modified_gmt":"2021-05-23T12:05:57","slug":"heiligsprechungsprozess-fuer-schwester-luzia-von-fatima","status":"publish","type":"post","link":"https:\/\/www.carmelitaniscalzi.com\/de\/2017\/02\/14\/heiligsprechungsprozess-fuer-schwester-luzia-von-fatima\/","title":{"rendered":"Heiligsprechungsprozess f\u00fcr Schwester Luzia von Fatima"},"content":{"rendered":"<p>Am 13. Februar wird die Di\u00f6zese Coimbra in Portugal den Di\u00f6zesanprozess f\u00fcr Schwester Luzia Dos Santos, eines der drei Seherkinder von Fatima, abschlie\u00dfen. Von da an wird der Prozess in Rom von der Kongregation f\u00fcr die Selig- und Heiligsprechungen weitergef\u00fchrt.<\/p>\n<p>Anl\u00e4sslich dieser Zeremonie wird im Karmel von Coimbra ein Dankgottesdienst gefeiert, anschlie\u00dfend findet in der Kathedrale der Stadt ein Konzert statt.<\/p>\n<p>Schwester Luzia war 57 Jahre Karmelitin und wurde nach ihrem Tod 2005 in der Basilika Unserer Lieben Frau vom Rosenkranz in Fatima beigesetzt.<\/p>\n<p><a href=\"https:\/\/www.carmelitaniscalzi.com\/wp-content\/uploads\/2017\/02\/2.jpg\"><img loading=\"lazy\" decoding=\"async\" class=\"alignnone size-medium wp-image-13291\" src=\"https:\/\/www.carmelitaniscalzi.com\/wp-content\/uploads\/2017\/02\/2-300x300.jpg\" alt=\"2\" width=\"300\" height=\"300\" srcset=\"https:\/\/www.carmelitaniscalzi.com\/wp-content\/uploads\/2017\/02\/2-300x300.jpg 300w, https:\/\/www.carmelitaniscalzi.com\/wp-content\/uploads\/2017\/02\/2-150x150.jpg 150w, https:\/\/www.carmelitaniscalzi.com\/wp-content\/uploads\/2017\/02\/2-55x55.jpg 55w, https:\/\/www.carmelitaniscalzi.com\/wp-content\/uploads\/2017\/02\/2-800x800.jpg 800w, https:\/\/www.carmelitaniscalzi.com\/wp-content\/uploads\/2017\/02\/2-580x580.jpg 580w, https:\/\/www.carmelitaniscalzi.com\/wp-content\/uploads\/2017\/02\/2.jpg 900w\" sizes=\"auto, (max-width: 300px) 100vw, 300px\" \/><\/a><\/p>\n","protected":false},"excerpt":{"rendered":"<p>Am 13. Februar wird die Di\u00f6zese Coimbra in Portugal den Di\u00f6zesanprozess f\u00fcr Schwester Luzia Dos Santos, eines der drei Seherkinder von Fatima, abschlie\u00dfen. Von da an wird der Prozess in Rom von der Kongregation f\u00fcr die Selig- und Heiligsprechungen weitergef\u00fchrt. Anl\u00e4sslich dieser Zeremonie wird im Karmel von Coimbra ein Dankgottesdienst gefeiert, anschlie\u00dfend findet in der [&hellip;]<\/p>\n","protected":false},"author":7,"featured_media":13290,"comment_status":"closed","ping_status":"closed","sticky":false,"template":"","format":"standard","meta":{"_acf_changed":false,"footnotes":""},"categories":[267,371],"tags":[],"class_list":["post-13299","post","type-post","status-publish","format-standard","has-post-thumbnail","hentry","category-nachrichten-generalpostulation","category-nachrichten"],"acf":[],"yoast_head":"<!-- This site is optimized with the Yoast SEO plugin v26.3 - https:\/\/yoast.com\/wordpress\/plugins\/seo\/ -->\n<title>Heiligsprechungsprozess f\u00fcr Schwester Luzia von Fatima - UNBESCHUHTE KARMELITEN<\/title>\n<meta name=\"robots\" content=\"index, follow, max-snippet:-1, max-image-preview:large, max-video-preview:-1\" \/>\n<link rel=\"canonical\" href=\"https:\/\/www.carmelitaniscalzi.com\/de\/2017\/02\/14\/heiligsprechungsprozess-fuer-schwester-luzia-von-fatima\/\" \/>\n<meta property=\"og:locale\" content=\"de_DE\" \/>\n<meta property=\"og:type\" content=\"article\" \/>\n<meta property=\"og:title\" content=\"Heiligsprechungsprozess f\u00fcr Schwester Luzia von Fatima - UNBESCHUHTE KARMELITEN\" \/>\n<meta property=\"og:description\" content=\"Am 13. Februar wird die Di\u00f6zese Coimbra in Portugal den Di\u00f6zesanprozess f\u00fcr Schwester Luzia Dos Santos, eines der drei Seherkinder von Fatima, abschlie\u00dfen. Von da an wird der Prozess in Rom von der Kongregation f\u00fcr die Selig- und Heiligsprechungen weitergef\u00fchrt. Anl\u00e4sslich dieser Zeremonie wird im Karmel von Coimbra ein Dankgottesdienst gefeiert, anschlie\u00dfend findet in der [&hellip;]\" \/>\n<meta property=\"og:url\" content=\"https:\/\/www.carmelitaniscalzi.com\/de\/2017\/02\/14\/heiligsprechungsprozess-fuer-schwester-luzia-von-fatima\/\" \/>\n<meta property=\"og:site_name\" content=\"UNBESCHUHTE KARMELITEN\" \/>\n<meta property=\"article:publisher\" content=\"https:\/\/www.facebook.com\/Curia-Generalizia-Carmelitani-Scalzi-658766940887784\/\" \/>\n<meta property=\"article:published_time\" content=\"2017-02-14T08:21:03+00:00\" \/>\n<meta property=\"article:modified_time\" content=\"2021-05-23T12:05:57+00:00\" \/>\n<meta property=\"og:image\" content=\"https:\/\/www.carmelitaniscalzi.com\/wp-content\/uploads\/2017\/02\/1.png\" \/>\n\t<meta property=\"og:image:width\" content=\"334\" \/>\n\t<meta property=\"og:image:height\" content=\"268\" \/>\n\t<meta property=\"og:image:type\" content=\"image\/png\" \/>\n<meta name=\"author\" content=\"ocd web master\" \/>\n<meta name=\"twitter:card\" content=\"summary_large_image\" \/>\n<meta name=\"twitter:creator\" content=\"@ocdcuria\" \/>\n<meta name=\"twitter:site\" content=\"@ocdcuria\" \/>\n<meta name=\"twitter:label1\" content=\"Verfasst von\" \/>\n\t<meta name=\"twitter:data1\" content=\"ocd web master\" \/>\n<script type=\"application\/ld+json\" class=\"yoast-schema-graph\">{\"@context\":\"https:\/\/schema.org\",\"@graph\":[{\"@type\":\"Article\",\"@id\":\"https:\/\/www.carmelitaniscalzi.com\/de\/2017\/02\/14\/heiligsprechungsprozess-fuer-schwester-luzia-von-fatima\/#article\",\"isPartOf\":{\"@id\":\"https:\/\/www.carmelitaniscalzi.com\/de\/2017\/02\/14\/heiligsprechungsprozess-fuer-schwester-luzia-von-fatima\/\"},\"author\":{\"name\":\"ocd web master\",\"@id\":\"https:\/\/www.carmelitaniscalzi.com\/#\/schema\/person\/6d1c0d9bea7b6625c437246a5d6da409\"},\"headline\":\"Heiligsprechungsprozess f\u00fcr Schwester Luzia von Fatima\",\"datePublished\":\"2017-02-14T08:21:03+00:00\",\"dateModified\":\"2021-05-23T12:05:57+00:00\",\"mainEntityOfPage\":{\"@id\":\"https:\/\/www.carmelitaniscalzi.com\/de\/2017\/02\/14\/heiligsprechungsprozess-fuer-schwester-luzia-von-fatima\/\"},\"wordCount\":96,\"publisher\":{\"@id\":\"https:\/\/www.carmelitaniscalzi.com\/#organization\"},\"image\":{\"@id\":\"https:\/\/www.carmelitaniscalzi.com\/de\/2017\/02\/14\/heiligsprechungsprozess-fuer-schwester-luzia-von-fatima\/#primaryimage\"},\"thumbnailUrl\":\"https:\/\/www.carmelitaniscalzi.com\/wp-content\/uploads\/2017\/02\/1.png\",\"articleSection\":[\"Nachrichten Generalpostulation\",\"Nachrichten\"],\"inLanguage\":\"de\"},{\"@type\":\"WebPage\",\"@id\":\"https:\/\/www.carmelitaniscalzi.com\/de\/2017\/02\/14\/heiligsprechungsprozess-fuer-schwester-luzia-von-fatima\/\",\"url\":\"https:\/\/www.carmelitaniscalzi.com\/de\/2017\/02\/14\/heiligsprechungsprozess-fuer-schwester-luzia-von-fatima\/\",\"name\":\"Heiligsprechungsprozess f\u00fcr Schwester Luzia von Fatima - UNBESCHUHTE KARMELITEN\",\"isPartOf\":{\"@id\":\"https:\/\/www.carmelitaniscalzi.com\/#website\"},\"primaryImageOfPage\":{\"@id\":\"https:\/\/www.carmelitaniscalzi.com\/de\/2017\/02\/14\/heiligsprechungsprozess-fuer-schwester-luzia-von-fatima\/#primaryimage\"},\"image\":{\"@id\":\"https:\/\/www.carmelitaniscalzi.com\/de\/2017\/02\/14\/heiligsprechungsprozess-fuer-schwester-luzia-von-fatima\/#primaryimage\"},\"thumbnailUrl\":\"https:\/\/www.carmelitaniscalzi.com\/wp-content\/uploads\/2017\/02\/1.png\",\"datePublished\":\"2017-02-14T08:21:03+00:00\",\"dateModified\":\"2021-05-23T12:05:57+00:00\",\"breadcrumb\":{\"@id\":\"https:\/\/www.carmelitaniscalzi.com\/de\/2017\/02\/14\/heiligsprechungsprozess-fuer-schwester-luzia-von-fatima\/#breadcrumb\"},\"inLanguage\":\"de\",\"potentialAction\":[{\"@type\":\"ReadAction\",\"target\":[\"https:\/\/www.carmelitaniscalzi.com\/de\/2017\/02\/14\/heiligsprechungsprozess-fuer-schwester-luzia-von-fatima\/\"]}]},{\"@type\":\"ImageObject\",\"inLanguage\":\"de\",\"@id\":\"https:\/\/www.carmelitaniscalzi.com\/de\/2017\/02\/14\/heiligsprechungsprozess-fuer-schwester-luzia-von-fatima\/#primaryimage\",\"url\":\"https:\/\/www.carmelitaniscalzi.com\/wp-content\/uploads\/2017\/02\/1.png\",\"contentUrl\":\"https:\/\/www.carmelitaniscalzi.com\/wp-content\/uploads\/2017\/02\/1.png\",\"width\":334,\"height\":268},{\"@type\":\"BreadcrumbList\",\"@id\":\"https:\/\/www.carmelitaniscalzi.com\/de\/2017\/02\/14\/heiligsprechungsprozess-fuer-schwester-luzia-von-fatima\/#breadcrumb\",\"itemListElement\":[{\"@type\":\"ListItem\",\"position\":1,\"name\":\"Home\",\"item\":\"https:\/\/www.carmelitaniscalzi.com\/de\/\"},{\"@type\":\"ListItem\",\"position\":2,\"name\":\"Heiligsprechungsprozess f\u00fcr Schwester Luzia von Fatima\"}]},{\"@type\":\"WebSite\",\"@id\":\"https:\/\/www.carmelitaniscalzi.com\/#website\",\"url\":\"https:\/\/www.carmelitaniscalzi.com\/\",\"name\":\"CARMELITANI SCALZI - Curia Generale del Carmelo Teresiano\",\"description\":\"Generalkurie des Teresianischen Karmel\",\"publisher\":{\"@id\":\"https:\/\/www.carmelitaniscalzi.com\/#organization\"},\"alternateName\":\"CARMELITANI SCALZI\",\"potentialAction\":[{\"@type\":\"SearchAction\",\"target\":{\"@type\":\"EntryPoint\",\"urlTemplate\":\"https:\/\/www.carmelitaniscalzi.com\/?s={search_term_string}\"},\"query-input\":{\"@type\":\"PropertyValueSpecification\",\"valueRequired\":true,\"valueName\":\"search_term_string\"}}],\"inLanguage\":\"de\"},{\"@type\":\"Organization\",\"@id\":\"https:\/\/www.carmelitaniscalzi.com\/#organization\",\"name\":\"CARMELITANI SCALZI - Curia Generale del Carmelo Teresiano\",\"url\":\"https:\/\/www.carmelitaniscalzi.com\/\",\"logo\":{\"@type\":\"ImageObject\",\"inLanguage\":\"de\",\"@id\":\"https:\/\/www.carmelitaniscalzi.com\/#\/schema\/logo\/image\/\",\"url\":\"https:\/\/www.carmelitaniscalzi.com\/wp-content\/uploads\/2025\/11\/login-logo.png\",\"contentUrl\":\"https:\/\/www.carmelitaniscalzi.com\/wp-content\/uploads\/2025\/11\/login-logo.png\",\"width\":256,\"height\":256,\"caption\":\"CARMELITANI SCALZI - Curia Generale del Carmelo Teresiano\"},\"image\":{\"@id\":\"https:\/\/www.carmelitaniscalzi.com\/#\/schema\/logo\/image\/\"},\"sameAs\":[\"https:\/\/www.facebook.com\/Curia-Generalizia-Carmelitani-Scalzi-658766940887784\/\",\"https:\/\/x.com\/ocdcuria\",\"https:\/\/www.youtube.com\/channel\/UC2J5ZL0ycOY0qBSTCLX_NGQ\/videos\",\"https:\/\/www.instagram.com\/ocdinform\/\"]},{\"@type\":\"Person\",\"@id\":\"https:\/\/www.carmelitaniscalzi.com\/#\/schema\/person\/6d1c0d9bea7b6625c437246a5d6da409\",\"name\":\"ocd web master\",\"image\":{\"@type\":\"ImageObject\",\"inLanguage\":\"de\",\"@id\":\"https:\/\/www.carmelitaniscalzi.com\/#\/schema\/person\/image\/\",\"url\":\"https:\/\/secure.gravatar.com\/avatar\/41fbc5f82bad909fbaf2984c43fa50d8519ac5853e25b454d022b6868f80d0e7?s=96&d=mm&r=g\",\"contentUrl\":\"https:\/\/secure.gravatar.com\/avatar\/41fbc5f82bad909fbaf2984c43fa50d8519ac5853e25b454d022b6868f80d0e7?s=96&d=mm&r=g\",\"caption\":\"ocd web master\"},\"url\":\"https:\/\/www.carmelitaniscalzi.com\/de\/author\/ocdwebmaster\/\"}]}<\/script>\n<!-- \/ Yoast SEO plugin. -->","yoast_head_json":{"title":"Heiligsprechungsprozess f\u00fcr Schwester Luzia von Fatima - UNBESCHUHTE KARMELITEN","robots":{"index":"index","follow":"follow","max-snippet":"max-snippet:-1","max-image-preview":"max-image-preview:large","max-video-preview":"max-video-preview:-1"},"canonical":"https:\/\/www.carmelitaniscalzi.com\/de\/2017\/02\/14\/heiligsprechungsprozess-fuer-schwester-luzia-von-fatima\/","og_locale":"de_DE","og_type":"article","og_title":"Heiligsprechungsprozess f\u00fcr Schwester Luzia von Fatima - UNBESCHUHTE KARMELITEN","og_description":"Am 13. Februar wird die Di\u00f6zese Coimbra in Portugal den Di\u00f6zesanprozess f\u00fcr Schwester Luzia Dos Santos, eines der drei Seherkinder von Fatima, abschlie\u00dfen. Von da an wird der Prozess in Rom von der Kongregation f\u00fcr die Selig- und Heiligsprechungen weitergef\u00fchrt. Anl\u00e4sslich dieser Zeremonie wird im Karmel von Coimbra ein Dankgottesdienst gefeiert, anschlie\u00dfend findet in der [&hellip;]","og_url":"https:\/\/www.carmelitaniscalzi.com\/de\/2017\/02\/14\/heiligsprechungsprozess-fuer-schwester-luzia-von-fatima\/","og_site_name":"UNBESCHUHTE KARMELITEN","article_publisher":"https:\/\/www.facebook.com\/Curia-Generalizia-Carmelitani-Scalzi-658766940887784\/","article_published_time":"2017-02-14T08:21:03+00:00","article_modified_time":"2021-05-23T12:05:57+00:00","og_image":[{"width":334,"height":268,"url":"https:\/\/www.carmelitaniscalzi.com\/wp-content\/uploads\/2017\/02\/1.png","type":"image\/png"}],"author":"ocd web master","twitter_card":"summary_large_image","twitter_creator":"@ocdcuria","twitter_site":"@ocdcuria","twitter_misc":{"Verfasst von":"ocd web master"},"schema":{"@context":"https:\/\/schema.org","@graph":[{"@type":"Article","@id":"https:\/\/www.carmelitaniscalzi.com\/de\/2017\/02\/14\/heiligsprechungsprozess-fuer-schwester-luzia-von-fatima\/#article","isPartOf":{"@id":"https:\/\/www.carmelitaniscalzi.com\/de\/2017\/02\/14\/heiligsprechungsprozess-fuer-schwester-luzia-von-fatima\/"},"author":{"name":"ocd web master","@id":"https:\/\/www.carmelitaniscalzi.com\/#\/schema\/person\/6d1c0d9bea7b6625c437246a5d6da409"},"headline":"Heiligsprechungsprozess f\u00fcr Schwester Luzia von Fatima","datePublished":"2017-02-14T08:21:03+00:00","dateModified":"2021-05-23T12:05:57+00:00","mainEntityOfPage":{"@id":"https:\/\/www.carmelitaniscalzi.com\/de\/2017\/02\/14\/heiligsprechungsprozess-fuer-schwester-luzia-von-fatima\/"},"wordCount":96,"publisher":{"@id":"https:\/\/www.carmelitaniscalzi.com\/#organization"},"image":{"@id":"https:\/\/www.carmelitaniscalzi.com\/de\/2017\/02\/14\/heiligsprechungsprozess-fuer-schwester-luzia-von-fatima\/#primaryimage"},"thumbnailUrl":"https:\/\/www.carmelitaniscalzi.com\/wp-content\/uploads\/2017\/02\/1.png","articleSection":["Nachrichten Generalpostulation","Nachrichten"],"inLanguage":"de"},{"@type":"WebPage","@id":"https:\/\/www.carmelitaniscalzi.com\/de\/2017\/02\/14\/heiligsprechungsprozess-fuer-schwester-luzia-von-fatima\/","url":"https:\/\/www.carmelitaniscalzi.com\/de\/2017\/02\/14\/heiligsprechungsprozess-fuer-schwester-luzia-von-fatima\/","name":"Heiligsprechungsprozess f\u00fcr Schwester Luzia von Fatima - UNBESCHUHTE KARMELITEN","isPartOf":{"@id":"https:\/\/www.carmelitaniscalzi.com\/#website"},"primaryImageOfPage":{"@id":"https:\/\/www.carmelitaniscalzi.com\/de\/2017\/02\/14\/heiligsprechungsprozess-fuer-schwester-luzia-von-fatima\/#primaryimage"},"image":{"@id":"https:\/\/www.carmelitaniscalzi.com\/de\/2017\/02\/14\/heiligsprechungsprozess-fuer-schwester-luzia-von-fatima\/#primaryimage"},"thumbnailUrl":"https:\/\/www.carmelitaniscalzi.com\/wp-content\/uploads\/2017\/02\/1.png","datePublished":"2017-02-14T08:21:03+00:00","dateModified":"2021-05-23T12:05:57+00:00","breadcrumb":{"@id":"https:\/\/www.carmelitaniscalzi.com\/de\/2017\/02\/14\/heiligsprechungsprozess-fuer-schwester-luzia-von-fatima\/#breadcrumb"},"inLanguage":"de","potentialAction":[{"@type":"ReadAction","target":["https:\/\/www.carmelitaniscalzi.com\/de\/2017\/02\/14\/heiligsprechungsprozess-fuer-schwester-luzia-von-fatima\/"]}]},{"@type":"ImageObject","inLanguage":"de","@id":"https:\/\/www.carmelitaniscalzi.com\/de\/2017\/02\/14\/heiligsprechungsprozess-fuer-schwester-luzia-von-fatima\/#primaryimage","url":"https:\/\/www.carmelitaniscalzi.com\/wp-content\/uploads\/2017\/02\/1.png","contentUrl":"https:\/\/www.carmelitaniscalzi.com\/wp-content\/uploads\/2017\/02\/1.png","width":334,"height":268},{"@type":"BreadcrumbList","@id":"https:\/\/www.carmelitaniscalzi.com\/de\/2017\/02\/14\/heiligsprechungsprozess-fuer-schwester-luzia-von-fatima\/#breadcrumb","itemListElement":[{"@type":"ListItem","position":1,"name":"Home","item":"https:\/\/www.carmelitaniscalzi.com\/de\/"},{"@type":"ListItem","position":2,"name":"Heiligsprechungsprozess f\u00fcr Schwester Luzia von Fatima"}]},{"@type":"WebSite","@id":"https:\/\/www.carmelitaniscalzi.com\/#website","url":"https:\/\/www.carmelitaniscalzi.com\/","name":"CARMELITANI SCALZI - Curia Generale del Carmelo Teresiano","description":"Generalkurie des Teresianischen Karmel","publisher":{"@id":"https:\/\/www.carmelitaniscalzi.com\/#organization"},"alternateName":"CARMELITANI SCALZI","potentialAction":[{"@type":"SearchAction","target":{"@type":"EntryPoint","urlTemplate":"https:\/\/www.carmelitaniscalzi.com\/?s={search_term_string}"},"query-input":{"@type":"PropertyValueSpecification","valueRequired":true,"valueName":"search_term_string"}}],"inLanguage":"de"},{"@type":"Organization","@id":"https:\/\/www.carmelitaniscalzi.com\/#organization","name":"CARMELITANI SCALZI - Curia Generale del Carmelo Teresiano","url":"https:\/\/www.carmelitaniscalzi.com\/","logo":{"@type":"ImageObject","inLanguage":"de","@id":"https:\/\/www.carmelitaniscalzi.com\/#\/schema\/logo\/image\/","url":"https:\/\/www.carmelitaniscalzi.com\/wp-content\/uploads\/2025\/11\/login-logo.png","contentUrl":"https:\/\/www.carmelitaniscalzi.com\/wp-content\/uploads\/2025\/11\/login-logo.png","width":256,"height":256,"caption":"CARMELITANI SCALZI - Curia Generale del Carmelo Teresiano"},"image":{"@id":"https:\/\/www.carmelitaniscalzi.com\/#\/schema\/logo\/image\/"},"sameAs":["https:\/\/www.facebook.com\/Curia-Generalizia-Carmelitani-Scalzi-658766940887784\/","https:\/\/x.com\/ocdcuria","https:\/\/www.youtube.com\/channel\/UC2J5ZL0ycOY0qBSTCLX_NGQ\/videos","https:\/\/www.instagram.com\/ocdinform\/"]},{"@type":"Person","@id":"https:\/\/www.carmelitaniscalzi.com\/#\/schema\/person\/6d1c0d9bea7b6625c437246a5d6da409","name":"ocd web master","image":{"@type":"ImageObject","inLanguage":"de","@id":"https:\/\/www.carmelitaniscalzi.com\/#\/schema\/person\/image\/","url":"https:\/\/secure.gravatar.com\/avatar\/41fbc5f82bad909fbaf2984c43fa50d8519ac5853e25b454d022b6868f80d0e7?s=96&d=mm&r=g","contentUrl":"https:\/\/secure.gravatar.com\/avatar\/41fbc5f82bad909fbaf2984c43fa50d8519ac5853e25b454d022b6868f80d0e7?s=96&d=mm&r=g","caption":"ocd web master"},"url":"https:\/\/www.carmelitaniscalzi.com\/de\/author\/ocdwebmaster\/"}]}},"_links":{"self":[{"href":"https:\/\/www.carmelitaniscalzi.com\/de\/wp-json\/wp\/v2\/posts\/13299","targetHints":{"allow":["GET"]}}],"collection":[{"href":"https:\/\/www.carmelitaniscalzi.com\/de\/wp-json\/wp\/v2\/posts"}],"about":[{"href":"https:\/\/www.carmelitaniscalzi.com\/de\/wp-json\/wp\/v2\/types\/post"}],"author":[{"embeddable":true,"href":"https:\/\/www.carmelitaniscalzi.com\/de\/wp-json\/wp\/v2\/users\/7"}],"replies":[{"embeddable":true,"href":"https:\/\/www.carmelitaniscalzi.com\/de\/wp-json\/wp\/v2\/comments?post=13299"}],"version-history":[{"count":0,"href":"https:\/\/www.carmelitaniscalzi.com\/de\/wp-json\/wp\/v2\/posts\/13299\/revisions"}],"wp:featuredmedia":[{"embeddable":true,"href":"https:\/\/www.carmelitaniscalzi.com\/de\/wp-json\/wp\/v2\/media\/13290"}],"wp:attachment":[{"href":"https:\/\/www.carmelitaniscalzi.com\/de\/wp-json\/wp\/v2\/media?parent=13299"}],"wp:term":[{"taxonomy":"category","embeddable":true,"href":"https:\/\/www.carmelitaniscalzi.com\/de\/wp-json\/wp\/v2\/categories?post=13299"},{"taxonomy":"post_tag","embeddable":true,"href":"https:\/\/www.carmelitaniscalzi.com\/de\/wp-json\/wp\/v2\/tags?post=13299"}],"curies":[{"name":"wp","href":"https:\/\/api.w.org\/{rel}","templated":true}]}}